{"id":182001,"date":"2021-09-20T20:59:38","date_gmt":"2021-09-20T23:59:38","guid":{"rendered":"https:\/\/aconteceunovale.com.br\/portal\/?p=182001"},"modified":"2021-09-20T21:01:03","modified_gmt":"2021-09-21T00:01:03","slug":"suspeito-de-homicidio-e-preso-em-flagrante-no-municipio-de-coroaci-no-leste-de-minas","status":"publish","type":"post","link":"https:\/\/aconteceunovale.com.br\/portal\/?p=182001","title":{"rendered":"Suspeito de homic\u00eddio \u00e9 preso em flagrante no munic\u00edpio de Coroaci, no Leste de Minas"},"content":{"rendered":"\n<p>Um homem de 57 anos foi preso em flagrante delito durante uma opera\u00e7\u00e3o conjunta das pol\u00edcias Civil e Militar no munic\u00edpio de Coroaci, na regi\u00e3o Leste de Minas Gerais, nesta segunda-feira (20\/9\/2021). Ele \u00e9 suspeito de matar a tiros outro homem, de 39 anos, no C\u00f3rrego do Rochedo, na regi\u00e3o do distrito de Concei\u00e7\u00e3o de Tronqueiras.<\/p>\n\n\n\n<figure class=\"wp-block-gallery columns-1 is-cropped wp-block-gallery-1 is-layout-flex wp-block-gallery-is-layout-flex\"><ul class=\"blocks-gallery-grid\"><li class=\"blocks-gallery-item\"><figure><img loading=\"lazy\" decoding=\"async\" width=\"678\" height=\"450\" src=\"https:\/\/aconteceunovale.com.br\/portal\/wp-content\/uploads\/2021\/09\/homicidio_coroaci.jpeg\" alt=\"\" data-id=\"182002\" data-full-url=\"https:\/\/aconteceunovale.com.br\/portal\/wp-content\/uploads\/2021\/09\/homicidio_coroaci.jpeg\" data-link=\"https:\/\/aconteceunovale.com.br\/portal\/?attachment_id=182002\" class=\"wp-image-182002\" srcset=\"https:\/\/aconteceunovale.com.br\/portal\/wp-content\/uploads\/2021\/09\/homicidio_coroaci.jpeg 678w, https:\/\/aconteceunovale.com.br\/portal\/wp-content\/uploads\/2021\/09\/homicidio_coroaci-300x199.jpeg 300w, https:\/\/aconteceunovale.com.br\/portal\/wp-content\/uploads\/2021\/09\/homicidio_coroaci-633x420.jpeg 633w\" sizes=\"auto, (max-width: 678px) 100vw, 678px\" \/><figcaption class=\"blocks-gallery-item__caption\"><em>Material apreendido &#8211; Foto: Divulga\u00e7\u00e3o\/PCMG<\/em><\/figcaption><\/figure><\/li><\/ul><\/figure>\n\n\n\n<p>Informa\u00e7\u00f5es preliminares davam conta de que, por volta das 7h30 de hoje, a v\u00edtima estaria trabalhando quando foi surpreendida pelo suspeito, que atirou por, pelo menos, duas vezes contra ela, que n\u00e3o resistiu aos ferimentos e faleceu. Sendo assim, equipes das pol\u00edcias Civil e Militar foram chamadas e isolaram o local at\u00e9 a chegada da per\u00edcia t\u00e9cnica-criminal, sendo realizados os primeiros levantamentos.<\/p>\n\n\n\n<p>Iniciadas as dilig\u00eancias, as equipes policiais conseguiram localizar e prender o suspeito, j\u00e1 no in\u00edcio da tarde, no C\u00f3rrego Escadinha, tamb\u00e9m no distrito de Concei\u00e7\u00e3o de Tronqueiras. Ele estava portando uma espingarda calibre 28 municiada, a qual teria sido a mesma utilizada no crime. Tamb\u00e9m foram apreendidos um fac\u00e3o, muni\u00e7\u00f5es de arma de fogo e celulares.<\/p>\n\n\n\n<p>De acordo com o delegado Rodrigo Nalon, foi verificado, inclusive, que o suspeito \u00e9 foragido da Justi\u00e7a do Estado de S\u00e3o Paulo pelo crime de extors\u00e3o mediante sequestro. Sobre a motiva\u00e7\u00e3o do homic\u00eddio, Nalon salientou que a v\u00edtima estaria sendo amea\u00e7ada. <em>\u201cA v\u00edtima era uma pessoa trabalhadora e estaria recebendo amea\u00e7as do suspeito, desde a semana passada. As investiga\u00e7\u00f5es continuar\u00e3o a fim de identificar as circunst\u00e2ncias e a real motiva\u00e7\u00e3o desse crime b\u00e1rbaro\u201d,<\/em> disse.<\/p>\n\n\n\n<p>O suspeito foi conduzido at\u00e9 a Delegacia em Coroaci, onde prestou depoimento e negou a autoria do crime. Ele foi autuado em flagrante por homic\u00eddio e, logo ap\u00f3s, entregue ao sistema prisional.<\/p>\n\n\n\n<p>&#8212;&#8212;&#8212;&#8212;&#8212;&#8212;<br><em>Quer receber as not\u00edcias do <strong>Aconteceu no Vale<\/strong> em primeira m\u00e3o? Siga-nos no Facebook <a rel=\"noreferrer noopener\" href=\"http:\/\/facebook.com\/aconteceunovale\" target=\"_blank\">@aconteceunovale<\/a>, Twitter <a rel=\"noreferrer noopener\" href=\"https:\/\/twitter.com\/noticiadosvales\" target=\"_blank\">@noticiadosvales<\/a> e Instagram <a rel=\"noreferrer noopener\" href=\"https:\/\/www.instagram.com\/aconteceunovale\" target=\"_blank\">@aconteceunovale<\/a>.<\/em><\/p>\n","protected":false},"excerpt":{"rendered":"<p>Um homem de 57 anos foi preso em flagrante delito durante uma opera\u00e7\u00e3o conjunta das pol\u00edcias Civil e Militar no munic\u00edpio de Coroaci, na regi\u00e3o Leste de Minas Gerais, nesta segunda-feira (20\/9\/2021). Ele \u00e9 suspeito de matar a tiros outro homem, de 39 anos, no C\u00f3rrego do Rochedo, na regi\u00e3o do distrito de Concei\u00e7\u00e3o de [&hellip;]<\/p>\n","protected":false},"author":4,"featured_media":182002,"comment_status":"open","ping_status":"closed","sticky":false,"template":"","format":"standard","meta":{"amp_status":"","footnotes":""},"categories":[121],"tags":[214224,140542,283,251565,251566,251567,247982,128289,251564,251562,214219,251563,251561],"class_list":["post-182001","post","type-post","status-publish","format-standard","has-post-thumbnail","hentry","category-leste","tag-assassinato-em-coroaci","tag-conceicao-de-tronqueiras","tag-coroaci","tag-corrego-do-rochedo","tag-corrego-escadinha","tag-delegacia-em-coroaci","tag-delegado-rodrigo-nalon","tag-foragido-da-justica-de-sao-paulo","tag-homem-assassinado-em-coroaci","tag-homem-morto-em-coroaci","tag-homicidio-em-coroaci","tag-preso-por-homicidio-em-coroaci","tag-suspeito-de-homicidio-e-preso-em-flagrante-no-municipio-de-coroaci"],"_links":{"self":[{"href":"https:\/\/aconteceunovale.com.br\/portal\/index.php?rest_route=\/wp\/v2\/posts\/182001","targetHints":{"allow":["GET"]}}],"collection":[{"href":"https:\/\/aconteceunovale.com.br\/portal\/index.php?rest_route=\/wp\/v2\/posts"}],"about":[{"href":"https:\/\/aconteceunovale.com.br\/portal\/index.php?rest_route=\/wp\/v2\/types\/post"}],"author":[{"embeddable":true,"href":"https:\/\/aconteceunovale.com.br\/portal\/index.php?rest_route=\/wp\/v2\/users\/4"}],"replies":[{"embeddable":true,"href":"https:\/\/aconteceunovale.com.br\/portal\/index.php?rest_route=%2Fwp%2Fv2%2Fcomments&post=182001"}],"version-history":[{"count":1,"href":"https:\/\/aconteceunovale.com.br\/portal\/index.php?rest_route=\/wp\/v2\/posts\/182001\/revisions"}],"predecessor-version":[{"id":182003,"href":"https:\/\/aconteceunovale.com.br\/portal\/index.php?rest_route=\/wp\/v2\/posts\/182001\/revisions\/182003"}],"wp:featuredmedia":[{"embeddable":true,"href":"https:\/\/aconteceunovale.com.br\/portal\/index.php?rest_route=\/wp\/v2\/media\/182002"}],"wp:attachment":[{"href":"https:\/\/aconteceunovale.com.br\/portal\/index.php?rest_route=%2Fwp%2Fv2%2Fmedia&parent=182001"}],"wp:term":[{"taxonomy":"category","embeddable":true,"href":"https:\/\/aconteceunovale.com.br\/portal\/index.php?rest_route=%2Fwp%2Fv2%2Fcategories&post=182001"},{"taxonomy":"post_tag","embeddable":true,"href":"https:\/\/aconteceunovale.com.br\/portal\/index.php?rest_route=%2Fwp%2Fv2%2Ftags&post=182001"}],"curies":[{"name":"wp","href":"https:\/\/api.w.org\/{rel}","templated":true}]}}