{"id":181998,"date":"2021-09-20T20:48:07","date_gmt":"2021-09-20T23:48:07","guid":{"rendered":"https:\/\/aconteceunovale.com.br\/portal\/?p=181998"},"modified":"2021-09-20T20:49:40","modified_gmt":"2021-09-20T23:49:40","slug":"policia-civil-indicia-pais-que-abandonaram-recem-nascido-em-salinas","status":"publish","type":"post","link":"https:\/\/aconteceunovale.com.br\/portal\/?p=181998","title":{"rendered":"Pol\u00edcia Civil indicia pais que abandonaram rec\u00e9m-nascido em Salinas"},"content":{"rendered":"\n<p>A Pol\u00edcia Civil de Minas Gerais (PCMG) concluiu as investiga\u00e7\u00f5es relacionadas com o abandono de uma crian\u00e7a rec\u00e9m-nascida em Salinas. Uma fam\u00edlia encontrou a beb\u00ea em situa\u00e7\u00e3o de abandono no in\u00edcio da manh\u00e3 de 27 de janeiro deste ano. A menina, que estava enrolada em uma manta, foi deixada na cal\u00e7ada de um com\u00e9rcio.<\/p>\n\n\n\n<figure class=\"wp-block-gallery columns-1 is-cropped wp-block-gallery-1 is-layout-flex wp-block-gallery-is-layout-flex\"><ul class=\"blocks-gallery-grid\"><li class=\"blocks-gallery-item\"><figure><img loading=\"lazy\" decoding=\"async\" width=\"678\" height=\"442\" src=\"https:\/\/aconteceunovale.com.br\/portal\/wp-content\/uploads\/2021\/09\/pcmg_salinas-1.jpg\" alt=\"\" data-id=\"181999\" data-full-url=\"https:\/\/aconteceunovale.com.br\/portal\/wp-content\/uploads\/2021\/09\/pcmg_salinas-1.jpg\" data-link=\"https:\/\/aconteceunovale.com.br\/portal\/?attachment_id=181999\" class=\"wp-image-181999\" srcset=\"https:\/\/aconteceunovale.com.br\/portal\/wp-content\/uploads\/2021\/09\/pcmg_salinas-1.jpg 678w, https:\/\/aconteceunovale.com.br\/portal\/wp-content\/uploads\/2021\/09\/pcmg_salinas-1-300x196.jpg 300w, https:\/\/aconteceunovale.com.br\/portal\/wp-content\/uploads\/2021\/09\/pcmg_salinas-1-644x420.jpg 644w\" sizes=\"auto, (max-width: 678px) 100vw, 678px\" \/><figcaption class=\"blocks-gallery-item__caption\"><em>Foto: Divulga\u00e7\u00e3o\/PCMG<\/em><\/figcaption><\/figure><\/li><\/ul><\/figure>\n\n\n\n<p>Na ocasi\u00e3o, a PCMG iniciou as apura\u00e7\u00f5es sobre os fatos e, preliminarmente, investigou uma adolescente. Por\u00e9m, diante das provas t\u00e9cnicas, descartou que a jovem seria a m\u00e3e da crian\u00e7a. Ela cometeu suic\u00eddio dias ap\u00f3s a beb\u00ea ser localizada. A partir de ent\u00e3o, a equipe passou a analisar outras vertentes e compareceu a todos os hospitais da regi\u00e3o para verificar se em algum deles havia ocorrido parto semelhante, com nascimento de uma menina, entretanto, nada de concreto foi apurado.<\/p>\n\n\n\n<p>Diante da repercuss\u00e3o acerca dos fatos e da gravidade do caso, um casal, residente em Montes Claros, distante 410 quil\u00f4metros, se apresentou na Delegacia de Pol\u00edcia e confessou o abandono da crian\u00e7a. De acordo com o delegado Jos\u00e9 Eduardo dos Santos, todas as provas reunidas no inqu\u00e9rito policial indicam que a pr\u00e1tica cometida pelos suspeitos encontra-se amparada no crime de homic\u00eddio qualificado na forma tentada.<\/p>\n\n\n\n<h2 class=\"wp-block-heading\"><strong>An\u00e1lises t\u00e9cnicas<\/strong><\/h2>\n\n\n\n<p>Um dos pontos analisados pela autoridade \u00e9 a dist\u00e2ncia percorrida pelo casal para que, de forma volunt\u00e1ria, abandonasse a beb\u00ea. Outro fator, \u00e9 o hor\u00e1rio em que isso foi feito, por volta das 3 horas da madrugada &#8211; hor\u00e1rio de baixa vigil\u00e2ncia, no centro da cidade, lugar escasso de resid\u00eancias. <em>\u201cA crian\u00e7a poderia n\u00e3o sobreviver devido ao frio extremo que fazia na noite dos fatos, e, ainda, poderia sofrer com ataque de animais e picadas de insetos venenosos, entre outros\u201d,<\/em> observa o delegado.<\/p>\n\n\n\n<p>A an\u00e1lise tamb\u00e9m ressalta que os suspeitos optaram por uma via em que n\u00e3o havia c\u00e2meras de seguran\u00e7a, tudo isso para dificultar as investiga\u00e7\u00f5es e assegurar que n\u00e3o fossem identificados pela PCMG.<\/p>\n\n\n\n<p>Segundo Santos, a comprova\u00e7\u00e3o de que o crime foi premeditado passa pelos documentos recebidos do hospital onde o parto foi realizado \u2013 n\u00e3o havia exame pr\u00e9vio, nem mesmo o pr\u00e9-natal foi preparado. <em>\u201cIsso demonstra o planejamento dos envolvidos para em executar o crime\u201d<\/em>, afirma o delegado, acrescentando que <em>\u201cos trabalhos realizados pela per\u00edcia e pela medicina legal foram preponderantes para uma an\u00e1lise t\u00e9cnica do crime, culminando com o indiciamento proposto\u201d.<\/em><\/p>\n\n\n\n<h2 class=\"wp-block-heading\"><strong>Indiciamento<\/strong><\/h2>\n\n\n\n<p>Os suspeitos justificaram a conduta referindo-se a problemas de ordem psicol\u00f3gica da m\u00e3e da crian\u00e7a. Contudo, n\u00e3o provaram essa condi\u00e7\u00e3o, pois nenhum relat\u00f3rio que comprovasse a doen\u00e7a ps\u00edquica foi apresentado na delegacia.<\/p>\n\n\n\n<p>No indiciamento, o delegado concluiu que o casal agiu com dolo espec\u00edfico de homic\u00eddio quando abandonou a crian\u00e7a \u00e0 pr\u00f3pria sorte, haja vista que poderiam t\u00ea-la deixado pr\u00f3ximo a um local em que fosse encontrada com maior brevidade. A qualificadora considera o meio insidioso ou cruel pelos desfechos que poderiam ocorrer e provocar a morte da beb\u00ea. Em rela\u00e7\u00e3o \u00e0 tentativa, vale esclarecer que transeuntes encontraram a crian\u00e7a e lhe deram abrigo em tempo de salvar sua vida, logo, a consuma\u00e7\u00e3o n\u00e3o se deu por fatos alheios \u00e0 vontade dos agentes.<\/p>\n\n\n\n<p><em>\u201cAssim, as investiga\u00e7\u00f5es est\u00e3o conclu\u00eddas e o inqu\u00e9rito encontra-se \u00e0 disposi\u00e7<\/em>\u00e3o da Justi\u00e7a\u201d, informou a PCMG.<\/p>\n\n\n\n<p>&#8212;&#8212;&#8212;&#8212;&#8212;&#8212;<br><em>Quer receber as not\u00edcias do <strong>Aconteceu no Vale<\/strong> em primeira m\u00e3o? Siga-nos no Facebook <a rel=\"noreferrer noopener\" href=\"http:\/\/facebook.com\/aconteceunovale\" target=\"_blank\">@aconteceunovale<\/a>, Twitter <a rel=\"noreferrer noopener\" href=\"https:\/\/twitter.com\/noticiadosvales\" target=\"_blank\">@noticiadosvales<\/a> e Instagram <a rel=\"noreferrer noopener\" href=\"https:\/\/www.instagram.com\/aconteceunovale\" target=\"_blank\">@aconteceunovale<\/a>.<\/em><\/p>\n","protected":false},"excerpt":{"rendered":"<p>A Pol\u00edcia Civil de Minas Gerais (PCMG) concluiu as investiga\u00e7\u00f5es relacionadas com o abandono de uma crian\u00e7a rec\u00e9m-nascida em Salinas. Uma fam\u00edlia encontrou a beb\u00ea em situa\u00e7\u00e3o de abandono no in\u00edcio da manh\u00e3 de 27 de janeiro deste ano. A menina, que estava enrolada em uma manta, foi deixada na cal\u00e7ada de um com\u00e9rcio. Na [&hellip;]<\/p>\n","protected":false},"author":4,"featured_media":181999,"comment_status":"open","ping_status":"closed","sticky":false,"template":"","format":"standard","meta":{"amp_status":"","footnotes":""},"categories":[1236],"tags":[251560,251558,248031,225527,88770,210,604,249400,31680,251557,251559,190],"class_list":["post-181998","post","type-post","status-publish","format-standard","has-post-thumbnail","hentry","category-norte_de_minas","tag-bebe-abandonado-em-salinas","tag-crianca-abandonada-em-salinas","tag-delegacia-de-salinas","tag-delegado-de-salinas","tag-delegado-jose-eduardo-dos-santos","tag-montes-claros","tag-pcmg","tag-pcmg-em-salinas","tag-policia-civil-de-salinas","tag-policia-civil-indicia-pais-que-abandonaram-recem-nascido-em-salinas","tag-recem-nascida-abandonada-em-salinas","tag-salinas"],"_links":{"self":[{"href":"https:\/\/aconteceunovale.com.br\/portal\/index.php?rest_route=\/wp\/v2\/posts\/181998","targetHints":{"allow":["GET"]}}],"collection":[{"href":"https:\/\/aconteceunovale.com.br\/portal\/index.php?rest_route=\/wp\/v2\/posts"}],"about":[{"href":"https:\/\/aconteceunovale.com.br\/portal\/index.php?rest_route=\/wp\/v2\/types\/post"}],"author":[{"embeddable":true,"href":"https:\/\/aconteceunovale.com.br\/portal\/index.php?rest_route=\/wp\/v2\/users\/4"}],"replies":[{"embeddable":true,"href":"https:\/\/aconteceunovale.com.br\/portal\/index.php?rest_route=%2Fwp%2Fv2%2Fcomments&post=181998"}],"version-history":[{"count":1,"href":"https:\/\/aconteceunovale.com.br\/portal\/index.php?rest_route=\/wp\/v2\/posts\/181998\/revisions"}],"predecessor-version":[{"id":182000,"href":"https:\/\/aconteceunovale.com.br\/portal\/index.php?rest_route=\/wp\/v2\/posts\/181998\/revisions\/182000"}],"wp:featuredmedia":[{"embeddable":true,"href":"https:\/\/aconteceunovale.com.br\/portal\/index.php?rest_route=\/wp\/v2\/media\/181999"}],"wp:attachment":[{"href":"https:\/\/aconteceunovale.com.br\/portal\/index.php?rest_route=%2Fwp%2Fv2%2Fmedia&parent=181998"}],"wp:term":[{"taxonomy":"category","embeddable":true,"href":"https:\/\/aconteceunovale.com.br\/portal\/index.php?rest_route=%2Fwp%2Fv2%2Fcategories&post=181998"},{"taxonomy":"post_tag","embeddable":true,"href":"https:\/\/aconteceunovale.com.br\/portal\/index.php?rest_route=%2Fwp%2Fv2%2Ftags&post=181998"}],"curies":[{"name":"wp","href":"https:\/\/api.w.org\/{rel}","templated":true}]}}