{"id":181551,"date":"2021-09-07T13:52:35","date_gmt":"2021-09-07T16:52:35","guid":{"rendered":"https:\/\/aconteceunovale.com.br\/portal\/?p=181551"},"modified":"2026-09-02T13:02:39","modified_gmt":"2026-09-02T16:02:39","slug":"pai-e-filho-morrem-em-acidente-no-municipio-de-gouveia","status":"publish","type":"post","link":"https:\/\/aconteceunovale.com.br\/portal\/?p=181551","title":{"rendered":"Pai e filho morrem em acidente no munic\u00edpio de Gouveia"},"content":{"rendered":"\n<p class=\"wp-block-paragraph\">Duas pessoas morreram ap\u00f3s um grav\u00edssimo acidente no munic\u00edpio de Gouveia, no Vale do Jequitinhonha, na noite dessa segunda-feira (6\/9\/2021). Segundo informa\u00e7\u00f5es do Corpo de Bombeiros de Diamantina, o condutor de um Fiat Uno perdeu o controle direcional e colidiu violentamente contra um barranco na altura do quil\u00f4metro 499 da MGC-259, pr\u00f3ximo ao distrito de Alexandre Mascarenhas.<\/p>\n\n\n\n<figure class=\"wp-block-gallery columns-1 is-cropped wp-block-gallery-1 is-layout-flex wp-block-gallery-is-layout-flex\"><ul class=\"blocks-gallery-grid\"><li class=\"blocks-gallery-item\"><figure><img loading=\"lazy\" decoding=\"async\" width=\"678\" height=\"440\" src=\"https:\/\/aconteceunovale.com.br\/portal\/wp-content\/uploads\/2021\/09\/acidente_gouveia_10.jpg\" alt=\"\" data-id=\"181552\" data-full-url=\"https:\/\/aconteceunovale.com.br\/portal\/wp-content\/uploads\/2021\/09\/acidente_gouveia_10.jpg\" data-link=\"https:\/\/aconteceunovale.com.br\/portal\/?attachment_id=181552\" class=\"wp-image-181552\" srcset=\"https:\/\/aconteceunovale.com.br\/portal\/wp-content\/uploads\/2021\/09\/acidente_gouveia_10.jpg 678w, https:\/\/aconteceunovale.com.br\/portal\/wp-content\/uploads\/2021\/09\/acidente_gouveia_10-300x195.jpg 300w, https:\/\/aconteceunovale.com.br\/portal\/wp-content\/uploads\/2021\/09\/acidente_gouveia_10-647x420.jpg 647w\" sizes=\"auto, (max-width: 678px) 100vw, 678px\" \/><figcaption class=\"blocks-gallery-item__caption\"><em>Foto: Divulga\u00e7\u00e3o \/ Corpo de Bombeiros de Diamantina<\/em><\/figcaption><\/figure><\/li><\/ul><\/figure>\n\n\n\n<p class=\"wp-block-paragraph\">O motorista do autom\u00f3vel, identificado como Jos\u00e9 Leonardo Alves (Tim Pedreiro), que completaria 52 anos no dia 6 de novembro, ficou preso \u00e0s ferragens e veio a \u00f3bito no local. O filho dele, Kaik Leonardo Alves, de 16, que estava no banco traseiro e foi ejetado ap\u00f3s a colis\u00e3o, caiu em um buraco de aproximadamente quatro metros de profundidade e tamb\u00e9m faleceu. A companheira do condutor, e m\u00e3e do adolescente, foi encaminhada para atendimento m\u00e9dico com escoria\u00e7\u00f5es generalizadas.<\/p>\n\n\n\n<p class=\"wp-block-paragraph\">A Per\u00edcia T\u00e9cnica da Pol\u00edcia Civil foi acionada e, ap\u00f3s os trabalhos de praxe, os corpos foram liberados para o Instituto M\u00e9dico Legal (IML). A Pol\u00edcia Rodovi\u00e1ria Estadual tamb\u00e9m esteve no local para controle do tr\u00e2nsito e registro da ocorr\u00eancia.<\/p>\n\n\n\n<figure class=\"wp-block-gallery columns-1 is-cropped wp-block-gallery-2 is-layout-flex wp-block-gallery-is-layout-flex\"><ul class=\"blocks-gallery-grid\"><li class=\"blocks-gallery-item\"><figure><img loading=\"lazy\" decoding=\"async\" width=\"668\" height=\"450\" src=\"https:\/\/aconteceunovale.com.br\/portal\/wp-content\/uploads\/2021\/09\/acidente_gouveia_9.jpg\" alt=\"\" data-id=\"181553\" data-full-url=\"https:\/\/aconteceunovale.com.br\/portal\/wp-content\/uploads\/2021\/09\/acidente_gouveia_9.jpg\" data-link=\"https:\/\/aconteceunovale.com.br\/portal\/?attachment_id=181553\" class=\"wp-image-181553\" srcset=\"https:\/\/aconteceunovale.com.br\/portal\/wp-content\/uploads\/2021\/09\/acidente_gouveia_9.jpg 668w, https:\/\/aconteceunovale.com.br\/portal\/wp-content\/uploads\/2021\/09\/acidente_gouveia_9-300x202.jpg 300w, https:\/\/aconteceunovale.com.br\/portal\/wp-content\/uploads\/2021\/09\/acidente_gouveia_9-623x420.jpg 623w\" sizes=\"auto, (max-width: 668px) 100vw, 668px\" \/><figcaption class=\"blocks-gallery-item__caption\"> <em>Foto: Divulga\u00e7\u00e3o \/ Corpo de Bombeiros de Diamantina<\/em> <\/figcaption><\/figure><\/li><\/ul><\/figure>\n\n\n\n<h2 class=\"wp-block-heading\">Volta do feriado<\/h2>\n\n\n\n<p class=\"wp-block-paragraph\">&#8220;O retorno de feriado sempre \u00e9 uma data de aten\u00e7\u00e3o para o Corpo de Bombeiros Militar devido ao incremento de ve\u00edculos em rodovias e ao maior risco de acidentes devido o desrespeito \u00e0s normas de tr\u00e2nsito. Esteja seguro, cuide de sua fam\u00edlia e dos outros, respeitando os limites de velocidade e usando sempre o cinto de seguran\u00e7a.&#8221;, alertou o Corpo de Bombeiros de Diamantina.<\/p>\n\n\n\n<h2 class=\"wp-block-heading\">Como\u00e7\u00e3o<\/h2>\n\n\n\n<p class=\"wp-block-paragraph\">O falecimento de pai e filho causou grande como\u00e7\u00e3o entre os moradores de Gouveia. Muitos utilizaram as redes sociais para manifestarem pesar pela trag\u00e9dia registrada na MGC-259.<\/p>\n\n\n\n<p class=\"wp-block-paragraph\"><em>\u201cN\u00f3s pedreiros de Gouveia estamos muito tristes pelas mortes inesperada do nosso amigo e companheiro &#8220;Tim pedreiro&#8221; e seu filho. Tim foi um companheiro de profiss\u00e3o, humilde, alegre, grande profissional, n\u00e3o fazia pouco caso em ningu\u00e9m, no que ele pudesse sempre ajudava. Deus d\u00ea a ele um bom lugar e conforte a sua esposa!\u201d, <\/em>diz uma das publica\u00e7\u00f5es.<\/p>\n\n\n\n<p class=\"wp-block-paragraph\">&#8212;&#8212;&#8212;&#8212;&#8212;&#8212;<br><em>Quer receber as not\u00edcias do <strong>Aconteceu no Vale<\/strong> em primeira m\u00e3o? Siga-nos no Facebook <a rel=\"noreferrer noopener\" href=\"http:\/\/facebook.com\/aconteceunovale\" target=\"_blank\">@aconteceunovale<\/a>, Twitter <a rel=\"noreferrer noopener\" href=\"https:\/\/twitter.com\/noticiadosvales\" target=\"_blank\">@noticiadosvales<\/a> e Instagram <a rel=\"noreferrer noopener\" href=\"https:\/\/www.instagram.com\/aconteceunovale\" target=\"_blank\">@aconteceunovale<\/a>.<\/em><\/p>\n","protected":false},"excerpt":{"rendered":"<p>Duas pessoas morreram ap\u00f3s um grav\u00edssimo acidente no munic\u00edpio de Gouveia, no Vale do Jequitinhonha, na noite dessa segunda-feira (6\/9\/2021). Segundo informa\u00e7\u00f5es do Corpo de Bombeiros de Diamantina, o condutor de um Fiat Uno perdeu o controle direcional e colidiu violentamente contra um barranco na altura do quil\u00f4metro 499 da MGC-259, pr\u00f3ximo ao distrito de [&hellip;]<\/p>\n","protected":false},"author":4,"featured_media":181552,"comment_status":"open","ping_status":"closed","sticky":false,"template":"","format":"standard","meta":{"amp_status":"","footnotes":""},"categories":[272548,120],"tags":[250753,250761,217292,217290,250756,183635,250757,90426,1018,198,2998,250758,250760,107905,250755,250754,250752,105086,250759],"class_list":["post-181551","post","type-post","status-publish","format-standard","has-post-thumbnail","hentry","category-gouveia","category-jequi","tag-acidente-com-carro-em-gouveia","tag-acidente-com-tim-pedreiro","tag-acidente-em-gouveia","tag-acidente-na-mgc-259-em-gouveia","tag-acidente-perto-de-alexandre-mascarenhas","tag-acidente-perto-de-diamantina","tag-alexandre-mascarenhas","tag-corpo-de-bombeiros-de-diamantina","tag-destaque","tag-diamantina","tag-gouveia","tag-jose-leonardo-alves","tag-kaik-leonardo-alves","tag-mgc-259","tag-pai-e-filho-morrem-em-acidente-em-gouveia","tag-pai-e-filho-morrem-em-acidente-na-mgc-259","tag-pai-e-filho-morrem-em-acidente-no-municipio-de-gouveia","tag-pai-e-filho-morrem-em-acidente-no-vale-do-jequitinhonha","tag-tim-pedreiro"],"yoast_head":"<!-- This site is optimized with the Yoast SEO plugin v28.3 - https:\/\/yoast.com\/product\/yoast-seo-wordpress\/ -->\n<title>Pai e filho morrem em acidente no munic\u00edpio de Gouveia - Aconteceu no Vale<\/title>\n<meta name=\"robots\" content=\"index, follow, max-snippet:-1, max-image-preview:large, max-video-preview:-1\" \/>\n<link rel=\"canonical\" href=\"https:\/\/aconteceunovale.com.br\/portal\/?p=181551\" \/>\n<meta property=\"og:locale\" content=\"pt_BR\" \/>\n<meta property=\"og:type\" content=\"article\" \/>\n<meta property=\"og:title\" content=\"Pai e filho morrem em acidente no munic\u00edpio de Gouveia - Aconteceu no Vale\" \/>\n<meta property=\"og:description\" content=\"Duas pessoas morreram ap\u00f3s um grav\u00edssimo acidente no munic\u00edpio de Gouveia, no Vale do Jequitinhonha, na noite dessa segunda-feira (6\/9\/2021). Segundo informa\u00e7\u00f5es do Corpo de Bombeiros de Diamantina, o condutor de um Fiat Uno perdeu o controle direcional e colidiu violentamente contra um barranco na altura do quil\u00f4metro 499 da MGC-259, pr\u00f3ximo ao distrito de [&hellip;]\" \/>\n<meta property=\"og:url\" content=\"https:\/\/aconteceunovale.com.br\/portal\/?p=181551\" \/>\n<meta property=\"og:site_name\" content=\"Aconteceu no Vale\" \/>\n<meta property=\"article:publisher\" content=\"https:\/\/www.facebook.com\/aconteceunovale\/\" \/>\n<meta property=\"article:published_time\" content=\"2021-09-07T16:52:35+00:00\" \/>\n<meta property=\"article:modified_time\" content=\"2026-09-02T16:02:39+00:00\" \/>\n<meta property=\"og:image\" content=\"https:\/\/aconteceunovale.com.br\/portal\/wp-content\/uploads\/2021\/09\/acidente_gouveia_10.jpg\" \/>\n\t<meta property=\"og:image:width\" content=\"678\" \/>\n\t<meta property=\"og:image:height\" content=\"440\" \/>\n\t<meta property=\"og:image:type\" content=\"image\/jpeg\" \/>\n<meta name=\"author\" content=\"Reda\u00e7\u00e3o Aconteceu no Vale\" \/>\n<meta name=\"twitter:card\" content=\"summary_large_image\" \/>\n<meta name=\"twitter:creator\" content=\"@noticiadosvales\" \/>\n<meta name=\"twitter:site\" content=\"@noticiadosvales\" \/>\n<meta name=\"twitter:label1\" content=\"Escrito por\" \/>\n\t<meta name=\"twitter:data1\" content=\"Reda\u00e7\u00e3o Aconteceu no Vale\" \/>\n\t<meta name=\"twitter:label2\" content=\"Est. tempo de leitura\" \/>\n\t<meta name=\"twitter:data2\" content=\"2 minutos\" \/>\n<script type=\"application\/ld+json\" class=\"yoast-schema-graph\">{\"@context\":\"https:\\\/\\\/schema.org\",\"@graph\":[{\"@type\":\"Article\",\"@id\":\"https:\\\/\\\/aconteceunovale.com.br\\\/portal\\\/?p=181551#article\",\"isPartOf\":{\"@id\":\"https:\\\/\\\/aconteceunovale.com.br\\\/portal\\\/?p=181551\"},\"author\":{\"name\":\"Reda\u00e7\u00e3o Aconteceu no Vale\",\"@id\":\"https:\\\/\\\/aconteceunovale.com.br\\\/portal\\\/#\\\/schema\\\/person\\\/7d2f26d1483f8a63de73da1ee0754d35\"},\"headline\":\"Pai e filho morrem em acidente no munic\u00edpio de Gouveia\",\"datePublished\":\"2021-09-07T16:52:35+00:00\",\"dateModified\":\"2026-09-02T16:02:39+00:00\",\"mainEntityOfPage\":{\"@id\":\"https:\\\/\\\/aconteceunovale.com.br\\\/portal\\\/?p=181551\"},\"wordCount\":408,\"commentCount\":1,\"image\":{\"@id\":\"https:\\\/\\\/aconteceunovale.com.br\\\/portal\\\/?p=181551#primaryimage\"},\"thumbnailUrl\":\"https:\\\/\\\/aconteceunovale.com.br\\\/portal\\\/wp-content\\\/uploads\\\/2021\\\/09\\\/acidente_gouveia_10.jpg\",\"keywords\":[\"Acidente com carro em Gouveia\",\"Acidente com Tim Pedreiro\",\"Acidente em Gouveia\",\"Acidente na MGC-259 em Gouveia\",\"Acidente perto de Alexandre Mascarenhas\",\"Acidente perto de Diamantina\",\"Alexandre Mascarenhas\",\"Corpo de Bombeiros de Diamantina\",\"destaque\",\"Diamantina\",\"Gouveia\",\"Jos\u00e9 Leonardo Alves\",\"Kaik Leonardo Alves\",\"MGC-259\",\"Pai e filho morrem em acidente em Gouveia\",\"Pai e filho morrem em acidente na MGC-259\",\"Pai e filho morrem em acidente no munic\u00edpio de Gouveia\",\"Pai e filho morrem em acidente no Vale do Jequitinhonha\",\"Tim Pedreiro\"],\"articleSection\":[\"Gouveia\",\"Vale do Jequitinhonha\"],\"inLanguage\":\"pt-BR\",\"potentialAction\":[{\"@type\":\"CommentAction\",\"name\":\"Comment\",\"target\":[\"https:\\\/\\\/aconteceunovale.com.br\\\/portal\\\/?p=181551#respond\"]}]},{\"@type\":\"WebPage\",\"@id\":\"https:\\\/\\\/aconteceunovale.com.br\\\/portal\\\/?p=181551\",\"url\":\"https:\\\/\\\/aconteceunovale.com.br\\\/portal\\\/?p=181551\",\"name\":\"Pai e filho morrem em acidente no munic\u00edpio de Gouveia - Aconteceu no Vale\",\"isPartOf\":{\"@id\":\"https:\\\/\\\/aconteceunovale.com.br\\\/portal\\\/#website\"},\"primaryImageOfPage\":{\"@id\":\"https:\\\/\\\/aconteceunovale.com.br\\\/portal\\\/?p=181551#primaryimage\"},\"image\":{\"@id\":\"https:\\\/\\\/aconteceunovale.com.br\\\/portal\\\/?p=181551#primaryimage\"},\"thumbnailUrl\":\"https:\\\/\\\/aconteceunovale.com.br\\\/portal\\\/wp-content\\\/uploads\\\/2021\\\/09\\\/acidente_gouveia_10.jpg\",\"datePublished\":\"2021-09-07T16:52:35+00:00\",\"dateModified\":\"2026-09-02T16:02:39+00:00\",\"author\":{\"@id\":\"https:\\\/\\\/aconteceunovale.com.br\\\/portal\\\/#\\\/schema\\\/person\\\/7d2f26d1483f8a63de73da1ee0754d35\"},\"breadcrumb\":{\"@id\":\"https:\\\/\\\/aconteceunovale.com.br\\\/portal\\\/?p=181551#breadcrumb\"},\"inLanguage\":\"pt-BR\",\"potentialAction\":[{\"@type\":\"ReadAction\",\"target\":[\"https:\\\/\\\/aconteceunovale.com.br\\\/portal\\\/?p=181551\"]}]},{\"@type\":\"ImageObject\",\"inLanguage\":\"pt-BR\",\"@id\":\"https:\\\/\\\/aconteceunovale.com.br\\\/portal\\\/?p=181551#primaryimage\",\"url\":\"https:\\\/\\\/aconteceunovale.com.br\\\/portal\\\/wp-content\\\/uploads\\\/2021\\\/09\\\/acidente_gouveia_10.jpg\",\"contentUrl\":\"https:\\\/\\\/aconteceunovale.com.br\\\/portal\\\/wp-content\\\/uploads\\\/2021\\\/09\\\/acidente_gouveia_10.jpg\",\"width\":678,\"height\":440},{\"@type\":\"BreadcrumbList\",\"@id\":\"https:\\\/\\\/aconteceunovale.com.br\\\/portal\\\/?p=181551#breadcrumb\",\"itemListElement\":[{\"@type\":\"ListItem\",\"position\":1,\"name\":\"In\u00edcio\",\"item\":\"https:\\\/\\\/aconteceunovale.com.br\\\/portal\\\/\"},{\"@type\":\"ListItem\",\"position\":2,\"name\":\"Pai e filho morrem em acidente no munic\u00edpio de Gouveia\"}]},{\"@type\":\"WebSite\",\"@id\":\"https:\\\/\\\/aconteceunovale.com.br\\\/portal\\\/#website\",\"url\":\"https:\\\/\\\/aconteceunovale.com.br\\\/portal\\\/\",\"name\":\"Aconteceu no Vale\",\"description\":\"Portal de Not\u00edcias\",\"potentialAction\":[{\"@type\":\"SearchAction\",\"target\":{\"@type\":\"EntryPoint\",\"urlTemplate\":\"https:\\\/\\\/aconteceunovale.com.br\\\/portal\\\/?s={search_term_string}\"},\"query-input\":{\"@type\":\"PropertyValueSpecification\",\"valueRequired\":true,\"valueName\":\"search_term_string\"}}],\"inLanguage\":\"pt-BR\"},{\"@type\":\"Person\",\"@id\":\"https:\\\/\\\/aconteceunovale.com.br\\\/portal\\\/#\\\/schema\\\/person\\\/7d2f26d1483f8a63de73da1ee0754d35\",\"name\":\"Reda\u00e7\u00e3o Aconteceu no Vale\",\"description\":\"Equipe de reportagem do Aconteceu no Vale, portal de not\u00edcias do Vale do Jequitinhonha, em Minas Gerais. Cobrimos as 51 cidades do Vale desde 2013. Sugest\u00f5es de pauta e pedidos de corre\u00e7\u00e3o: contato@aconteceunovale.com.br\",\"url\":\"https:\\\/\\\/aconteceunovale.com.br\\\/portal\\\/?author=4\"}]}<\/script>\n<!-- \/ Yoast SEO plugin. -->","yoast_head_json":{"title":"Pai e filho morrem em acidente no munic\u00edpio de Gouveia - Aconteceu no Vale","robots":{"index":"index","follow":"follow","max-snippet":"max-snippet:-1","max-image-preview":"max-image-preview:large","max-video-preview":"max-video-preview:-1"},"canonical":"https:\/\/aconteceunovale.com.br\/portal\/?p=181551","og_locale":"pt_BR","og_type":"article","og_title":"Pai e filho morrem em acidente no munic\u00edpio de Gouveia - Aconteceu no Vale","og_description":"Duas pessoas morreram ap\u00f3s um grav\u00edssimo acidente no munic\u00edpio de Gouveia, no Vale do Jequitinhonha, na noite dessa segunda-feira (6\/9\/2021). Segundo informa\u00e7\u00f5es do Corpo de Bombeiros de Diamantina, o condutor de um Fiat Uno perdeu o controle direcional e colidiu violentamente contra um barranco na altura do quil\u00f4metro 499 da MGC-259, pr\u00f3ximo ao distrito de [&hellip;]","og_url":"https:\/\/aconteceunovale.com.br\/portal\/?p=181551","og_site_name":"Aconteceu no Vale","article_publisher":"https:\/\/www.facebook.com\/aconteceunovale\/","article_published_time":"2021-09-07T16:52:35+00:00","article_modified_time":"2026-09-02T16:02:39+00:00","og_image":[{"width":678,"height":440,"url":"https:\/\/aconteceunovale.com.br\/portal\/wp-content\/uploads\/2021\/09\/acidente_gouveia_10.jpg","type":"image\/jpeg"}],"author":"Reda\u00e7\u00e3o Aconteceu no Vale","twitter_card":"summary_large_image","twitter_creator":"@noticiadosvales","twitter_site":"@noticiadosvales","twitter_misc":{"Escrito por":"Reda\u00e7\u00e3o Aconteceu no Vale","Est. tempo de leitura":"2 minutos"},"schema":{"@context":"https:\/\/schema.org","@graph":[{"@type":"Article","@id":"https:\/\/aconteceunovale.com.br\/portal\/?p=181551#article","isPartOf":{"@id":"https:\/\/aconteceunovale.com.br\/portal\/?p=181551"},"author":{"name":"Reda\u00e7\u00e3o Aconteceu no Vale","@id":"https:\/\/aconteceunovale.com.br\/portal\/#\/schema\/person\/7d2f26d1483f8a63de73da1ee0754d35"},"headline":"Pai e filho morrem em acidente no munic\u00edpio de Gouveia","datePublished":"2021-09-07T16:52:35+00:00","dateModified":"2026-09-02T16:02:39+00:00","mainEntityOfPage":{"@id":"https:\/\/aconteceunovale.com.br\/portal\/?p=181551"},"wordCount":408,"commentCount":1,"image":{"@id":"https:\/\/aconteceunovale.com.br\/portal\/?p=181551#primaryimage"},"thumbnailUrl":"https:\/\/aconteceunovale.com.br\/portal\/wp-content\/uploads\/2021\/09\/acidente_gouveia_10.jpg","keywords":["Acidente com carro em Gouveia","Acidente com Tim Pedreiro","Acidente em Gouveia","Acidente na MGC-259 em Gouveia","Acidente perto de Alexandre Mascarenhas","Acidente perto de Diamantina","Alexandre Mascarenhas","Corpo de Bombeiros de Diamantina","destaque","Diamantina","Gouveia","Jos\u00e9 Leonardo Alves","Kaik Leonardo Alves","MGC-259","Pai e filho morrem em acidente em Gouveia","Pai e filho morrem em acidente na MGC-259","Pai e filho morrem em acidente no munic\u00edpio de Gouveia","Pai e filho morrem em acidente no Vale do Jequitinhonha","Tim Pedreiro"],"articleSection":["Gouveia","Vale do Jequitinhonha"],"inLanguage":"pt-BR","potentialAction":[{"@type":"CommentAction","name":"Comment","target":["https:\/\/aconteceunovale.com.br\/portal\/?p=181551#respond"]}]},{"@type":"WebPage","@id":"https:\/\/aconteceunovale.com.br\/portal\/?p=181551","url":"https:\/\/aconteceunovale.com.br\/portal\/?p=181551","name":"Pai e filho morrem em acidente no munic\u00edpio de Gouveia - Aconteceu no Vale","isPartOf":{"@id":"https:\/\/aconteceunovale.com.br\/portal\/#website"},"primaryImageOfPage":{"@id":"https:\/\/aconteceunovale.com.br\/portal\/?p=181551#primaryimage"},"image":{"@id":"https:\/\/aconteceunovale.com.br\/portal\/?p=181551#primaryimage"},"thumbnailUrl":"https:\/\/aconteceunovale.com.br\/portal\/wp-content\/uploads\/2021\/09\/acidente_gouveia_10.jpg","datePublished":"2021-09-07T16:52:35+00:00","dateModified":"2026-09-02T16:02:39+00:00","author":{"@id":"https:\/\/aconteceunovale.com.br\/portal\/#\/schema\/person\/7d2f26d1483f8a63de73da1ee0754d35"},"breadcrumb":{"@id":"https:\/\/aconteceunovale.com.br\/portal\/?p=181551#breadcrumb"},"inLanguage":"pt-BR","potentialAction":[{"@type":"ReadAction","target":["https:\/\/aconteceunovale.com.br\/portal\/?p=181551"]}]},{"@type":"ImageObject","inLanguage":"pt-BR","@id":"https:\/\/aconteceunovale.com.br\/portal\/?p=181551#primaryimage","url":"https:\/\/aconteceunovale.com.br\/portal\/wp-content\/uploads\/2021\/09\/acidente_gouveia_10.jpg","contentUrl":"https:\/\/aconteceunovale.com.br\/portal\/wp-content\/uploads\/2021\/09\/acidente_gouveia_10.jpg","width":678,"height":440},{"@type":"BreadcrumbList","@id":"https:\/\/aconteceunovale.com.br\/portal\/?p=181551#breadcrumb","itemListElement":[{"@type":"ListItem","position":1,"name":"In\u00edcio","item":"https:\/\/aconteceunovale.com.br\/portal\/"},{"@type":"ListItem","position":2,"name":"Pai e filho morrem em acidente no munic\u00edpio de Gouveia"}]},{"@type":"WebSite","@id":"https:\/\/aconteceunovale.com.br\/portal\/#website","url":"https:\/\/aconteceunovale.com.br\/portal\/","name":"Aconteceu no Vale","description":"Portal de Not\u00edcias","potentialAction":[{"@type":"SearchAction","target":{"@type":"EntryPoint","urlTemplate":"https:\/\/aconteceunovale.com.br\/portal\/?s={search_term_string}"},"query-input":{"@type":"PropertyValueSpecification","valueRequired":true,"valueName":"search_term_string"}}],"inLanguage":"pt-BR"},{"@type":"Person","@id":"https:\/\/aconteceunovale.com.br\/portal\/#\/schema\/person\/7d2f26d1483f8a63de73da1ee0754d35","name":"Reda\u00e7\u00e3o Aconteceu no Vale","description":"Equipe de reportagem do Aconteceu no Vale, portal de not\u00edcias do Vale do Jequitinhonha, em Minas Gerais. Cobrimos as 51 cidades do Vale desde 2013. Sugest\u00f5es de pauta e pedidos de corre\u00e7\u00e3o: contato@aconteceunovale.com.br","url":"https:\/\/aconteceunovale.com.br\/portal\/?author=4"}]}},"_links":{"self":[{"href":"https:\/\/aconteceunovale.com.br\/portal\/index.php?rest_route=\/wp\/v2\/posts\/181551","targetHints":{"allow":["GET"]}}],"collection":[{"href":"https:\/\/aconteceunovale.com.br\/portal\/index.php?rest_route=\/wp\/v2\/posts"}],"about":[{"href":"https:\/\/aconteceunovale.com.br\/portal\/index.php?rest_route=\/wp\/v2\/types\/post"}],"author":[{"embeddable":true,"href":"https:\/\/aconteceunovale.com.br\/portal\/index.php?rest_route=\/wp\/v2\/users\/4"}],"replies":[{"embeddable":true,"href":"https:\/\/aconteceunovale.com.br\/portal\/index.php?rest_route=%2Fwp%2Fv2%2Fcomments&post=181551"}],"version-history":[{"count":1,"href":"https:\/\/aconteceunovale.com.br\/portal\/index.php?rest_route=\/wp\/v2\/posts\/181551\/revisions"}],"predecessor-version":[{"id":181554,"href":"https:\/\/aconteceunovale.com.br\/portal\/index.php?rest_route=\/wp\/v2\/posts\/181551\/revisions\/181554"}],"wp:featuredmedia":[{"embeddable":true,"href":"https:\/\/aconteceunovale.com.br\/portal\/index.php?rest_route=\/wp\/v2\/media\/181552"}],"wp:attachment":[{"href":"https:\/\/aconteceunovale.com.br\/portal\/index.php?rest_route=%2Fwp%2Fv2%2Fmedia&parent=181551"}],"wp:term":[{"taxonomy":"category","embeddable":true,"href":"https:\/\/aconteceunovale.com.br\/portal\/index.php?rest_route=%2Fwp%2Fv2%2Fcategories&post=181551"},{"taxonomy":"post_tag","embeddable":true,"href":"https:\/\/aconteceunovale.com.br\/portal\/index.php?rest_route=%2Fwp%2Fv2%2Ftags&post=181551"}],"curies":[{"name":"wp","href":"https:\/\/api.w.org\/{rel}","templated":true}]}}