{"id":181544,"date":"2021-09-06T22:20:26","date_gmt":"2021-09-07T01:20:26","guid":{"rendered":"https:\/\/aconteceunovale.com.br\/portal\/?p=181544"},"modified":"2021-09-06T22:22:18","modified_gmt":"2021-09-07T01:22:18","slug":"acordos-do-brasil-com-argentina-e-uruguai-nao-serao-renovados","status":"publish","type":"post","link":"https:\/\/aconteceunovale.com.br\/portal\/?p=181544","title":{"rendered":"Brasil n\u00e3o renovar\u00e1 acordos com Argentina e Uruguai"},"content":{"rendered":"\n<p class=\"wp-block-paragraph\">O presidente da Rep\u00fablica, Jair Bolsonaro, editou um decreto, que ser\u00e1 publicado na edi\u00e7\u00e3o de quarta-feira (8) do&nbsp;<em>Di\u00e1rio Oficial da Uni\u00e3o<\/em>, &nbsp;que torna p\u00fablica a decis\u00e3o do Brasil de n\u00e3o renovar, a partir de 7 de outubro de 2021, a vig\u00eancia do Conv\u00eanio sobre Transporte Mar\u00edtimo entre a Rep\u00fablica Federativa do Brasil e a Rep\u00fablica Oriental do Uruguai, celebrado em 12 de junho de 1975, e, a partir de 5 de fevereiro de 2022, a vig\u00eancia do Acordo sobre Transportes Mar\u00edtimos entre a Rep\u00fablica Federativa do Brasil e a Rep\u00fablica Argentina, celebrado em 15 de agosto de 1985.<img decoding=\"async\" src=\"https:\/\/agenciabrasil.ebc.com.br\/ebc.png?id=1420861&amp;o=node\"><img decoding=\"async\" src=\"https:\/\/agenciabrasil.ebc.com.br\/ebc.gif?id=1420861&amp;o=node\"><\/p>\n\n\n\n<p class=\"wp-block-paragraph\">Segundo nota da Secretaria-Geral da presid\u00eancia da Rep\u00fablica, \u201ca medida contribui para o processo de acess\u00e3o do Brasil \u00e0 OCDE [Organiza\u00e7\u00e3o para a Coopera\u00e7\u00e3o e Desenvolvimento Econ\u00f4mico], que \u00e9 uma das prioridades da pol\u00edtica externa brasileira, al\u00e9m de incentivar a concorr\u00eancia e a competitividade na presta\u00e7\u00e3o de servi\u00e7os do setor.\u201d<\/p>\n\n\n\n<p class=\"wp-block-paragraph\">A decis\u00e3o foi tomada na 2\u00aa Reuni\u00e3o Ordin\u00e1ria do Conselho de Estrat\u00e9gia Comercial da C\u00e2mara de Com\u00e9rcio Exterior (Camex), realizada em 9 de dezembro de 2020, tendo sido comunicada ao governo do Uruguai em 9 de fevereiro de 2021 e ao governo da Argentina em 3 de fevereiro de 2021, segundo informou a secretaria-geral.<\/p>\n\n\n\n<p class=\"wp-block-paragraph\">De acordo com o governo, a possibilidade de n\u00e3o renova\u00e7\u00e3o est\u00e1 prevista expressamente nos pr\u00f3prios tratados, bem como na Conven\u00e7\u00e3o de Viena de 1969 que, por sua vez, remete \u00e0s disposi\u00e7\u00f5es dos respectivos tratados.<\/p>\n\n\n\n<p class=\"wp-block-paragraph\">&#8212;&#8212;&#8212;&#8212;&#8212;&#8212;<br><em>Quer receber as not\u00edcias do <strong>Aconteceu no Vale<\/strong> em primeira m\u00e3o? Siga-nos no Facebook <a rel=\"noreferrer noopener\" href=\"http:\/\/facebook.com\/aconteceunovale\" target=\"_blank\">@aconteceunovale<\/a>, Twitter <a rel=\"noreferrer noopener\" href=\"https:\/\/twitter.com\/noticiadosvales\" target=\"_blank\">@noticiadosvales<\/a> e Instagram <a rel=\"noreferrer noopener\" href=\"https:\/\/www.instagram.com\/aconteceunovale\" target=\"_blank\">@aconteceunovale<\/a>.<\/em><\/p>\n","protected":false},"excerpt":{"rendered":"<p>O presidente da Rep\u00fablica, Jair Bolsonaro, editou um decreto, que ser\u00e1 publicado na edi\u00e7\u00e3o de quarta-feira (8) do&nbsp;Di\u00e1rio Oficial da Uni\u00e3o, &nbsp;que torna p\u00fablica a decis\u00e3o do Brasil de n\u00e3o renovar, a partir de 7 de outubro de 2021, a vig\u00eancia do Conv\u00eanio sobre Transporte Mar\u00edtimo entre a Rep\u00fablica Federativa do Brasil e a Rep\u00fablica [&hellip;]<\/p>\n","protected":false},"author":4,"featured_media":181545,"comment_status":"open","ping_status":"closed","sticky":false,"template":"","format":"standard","meta":{"amp_status":"","footnotes":""},"categories":[6,28848],"tags":[250748,250746,250747,10950,100375,4785,250745,184405,26436,129492,19714],"class_list":["post-181544","post","type-post","status-publish","format-standard","has-post-thumbnail","hentry","category-br","category-mundo","tag-acordo-para-transporte-maritimo-com-a-argentina","tag-acordos-do-brasil-com-a-argentina","tag-acordos-do-brasil-com-o-uruguai","tag-argentina","tag-bolsonaro","tag-brasil","tag-brasil-nao-renovara-acordos-com-argentina-e-uruguai","tag-governo-bolsonaro","tag-jair-bolsonaro","tag-ocde","tag-uruguai"],"yoast_head":"<!-- This site is optimized with the Yoast SEO plugin v28.3 - https:\/\/yoast.com\/product\/yoast-seo-wordpress\/ -->\n<title>Brasil n\u00e3o renovar\u00e1 acordos com Argentina e Uruguai - Aconteceu no Vale<\/title>\n<meta name=\"robots\" content=\"index, follow, max-snippet:-1, max-image-preview:large, max-video-preview:-1\" \/>\n<link rel=\"canonical\" href=\"https:\/\/aconteceunovale.com.br\/portal\/?p=181544\" \/>\n<meta property=\"og:locale\" content=\"pt_BR\" \/>\n<meta property=\"og:type\" content=\"article\" \/>\n<meta property=\"og:title\" content=\"Brasil n\u00e3o renovar\u00e1 acordos com Argentina e Uruguai - Aconteceu no Vale\" \/>\n<meta property=\"og:description\" content=\"O presidente da Rep\u00fablica, Jair Bolsonaro, editou um decreto, que ser\u00e1 publicado na edi\u00e7\u00e3o de quarta-feira (8) do&nbsp;Di\u00e1rio Oficial da Uni\u00e3o, &nbsp;que torna p\u00fablica a decis\u00e3o do Brasil de n\u00e3o renovar, a partir de 7 de outubro de 2021, a vig\u00eancia do Conv\u00eanio sobre Transporte Mar\u00edtimo entre a Rep\u00fablica Federativa do Brasil e a Rep\u00fablica [&hellip;]\" \/>\n<meta property=\"og:url\" content=\"https:\/\/aconteceunovale.com.br\/portal\/?p=181544\" \/>\n<meta property=\"og:site_name\" content=\"Aconteceu no Vale\" \/>\n<meta property=\"article:publisher\" content=\"https:\/\/www.facebook.com\/aconteceunovale\/\" \/>\n<meta property=\"article:published_time\" content=\"2021-09-07T01:20:26+00:00\" \/>\n<meta property=\"article:modified_time\" content=\"2021-09-07T01:22:18+00:00\" \/>\n<meta property=\"og:image\" content=\"https:\/\/aconteceunovale.com.br\/portal\/wp-content\/uploads\/2021\/09\/porto_santos.jpeg\" \/>\n\t<meta property=\"og:image:width\" content=\"601\" \/>\n\t<meta property=\"og:image:height\" content=\"450\" \/>\n\t<meta property=\"og:image:type\" content=\"image\/jpeg\" \/>\n<meta name=\"author\" content=\"Reda\u00e7\u00e3o Aconteceu no Vale\" \/>\n<meta name=\"twitter:card\" content=\"summary_large_image\" \/>\n<meta name=\"twitter:creator\" content=\"@noticiadosvales\" \/>\n<meta name=\"twitter:site\" content=\"@noticiadosvales\" \/>\n<meta name=\"twitter:label1\" content=\"Escrito por\" \/>\n\t<meta name=\"twitter:data1\" content=\"Reda\u00e7\u00e3o Aconteceu no Vale\" \/>\n\t<meta name=\"twitter:label2\" content=\"Est. tempo de leitura\" \/>\n\t<meta name=\"twitter:data2\" content=\"1 minuto\" \/>\n<script type=\"application\/ld+json\" class=\"yoast-schema-graph\">{\"@context\":\"https:\\\/\\\/schema.org\",\"@graph\":[{\"@type\":\"Article\",\"@id\":\"https:\\\/\\\/aconteceunovale.com.br\\\/portal\\\/?p=181544#article\",\"isPartOf\":{\"@id\":\"https:\\\/\\\/aconteceunovale.com.br\\\/portal\\\/?p=181544\"},\"author\":{\"name\":\"Reda\u00e7\u00e3o Aconteceu no Vale\",\"@id\":\"https:\\\/\\\/aconteceunovale.com.br\\\/portal\\\/#\\\/schema\\\/person\\\/7d2f26d1483f8a63de73da1ee0754d35\"},\"headline\":\"Brasil n\u00e3o renovar\u00e1 acordos com Argentina e Uruguai\",\"datePublished\":\"2021-09-07T01:20:26+00:00\",\"dateModified\":\"2021-09-07T01:22:18+00:00\",\"mainEntityOfPage\":{\"@id\":\"https:\\\/\\\/aconteceunovale.com.br\\\/portal\\\/?p=181544\"},\"wordCount\":290,\"commentCount\":0,\"image\":{\"@id\":\"https:\\\/\\\/aconteceunovale.com.br\\\/portal\\\/?p=181544#primaryimage\"},\"thumbnailUrl\":\"https:\\\/\\\/aconteceunovale.com.br\\\/portal\\\/wp-content\\\/uploads\\\/2021\\\/09\\\/porto_santos.jpeg\",\"keywords\":[\"Acordo para transporte mar\u00edtimo com a Argentina\",\"Acordos do Brasil com a Argentina\",\"Acordos do Brasil com o Uruguai\",\"Argentina\",\"Bolsonaro\",\"brasil\",\"Brasil n\u00e3o renovar\u00e1 acordos com Argentina e Uruguai\",\"Governo Bolsonaro\",\"Jair Bolsonaro\",\"OCDE\",\"Uruguai\"],\"articleSection\":[\"Brasil\",\"Mundo\"],\"inLanguage\":\"pt-BR\",\"potentialAction\":[{\"@type\":\"CommentAction\",\"name\":\"Comment\",\"target\":[\"https:\\\/\\\/aconteceunovale.com.br\\\/portal\\\/?p=181544#respond\"]}]},{\"@type\":\"WebPage\",\"@id\":\"https:\\\/\\\/aconteceunovale.com.br\\\/portal\\\/?p=181544\",\"url\":\"https:\\\/\\\/aconteceunovale.com.br\\\/portal\\\/?p=181544\",\"name\":\"Brasil n\u00e3o renovar\u00e1 acordos com Argentina e Uruguai - Aconteceu no Vale\",\"isPartOf\":{\"@id\":\"https:\\\/\\\/aconteceunovale.com.br\\\/portal\\\/#website\"},\"primaryImageOfPage\":{\"@id\":\"https:\\\/\\\/aconteceunovale.com.br\\\/portal\\\/?p=181544#primaryimage\"},\"image\":{\"@id\":\"https:\\\/\\\/aconteceunovale.com.br\\\/portal\\\/?p=181544#primaryimage\"},\"thumbnailUrl\":\"https:\\\/\\\/aconteceunovale.com.br\\\/portal\\\/wp-content\\\/uploads\\\/2021\\\/09\\\/porto_santos.jpeg\",\"datePublished\":\"2021-09-07T01:20:26+00:00\",\"dateModified\":\"2021-09-07T01:22:18+00:00\",\"author\":{\"@id\":\"https:\\\/\\\/aconteceunovale.com.br\\\/portal\\\/#\\\/schema\\\/person\\\/7d2f26d1483f8a63de73da1ee0754d35\"},\"breadcrumb\":{\"@id\":\"https:\\\/\\\/aconteceunovale.com.br\\\/portal\\\/?p=181544#breadcrumb\"},\"inLanguage\":\"pt-BR\",\"potentialAction\":[{\"@type\":\"ReadAction\",\"target\":[\"https:\\\/\\\/aconteceunovale.com.br\\\/portal\\\/?p=181544\"]}]},{\"@type\":\"ImageObject\",\"inLanguage\":\"pt-BR\",\"@id\":\"https:\\\/\\\/aconteceunovale.com.br\\\/portal\\\/?p=181544#primaryimage\",\"url\":\"https:\\\/\\\/aconteceunovale.com.br\\\/portal\\\/wp-content\\\/uploads\\\/2021\\\/09\\\/porto_santos.jpeg\",\"contentUrl\":\"https:\\\/\\\/aconteceunovale.com.br\\\/portal\\\/wp-content\\\/uploads\\\/2021\\\/09\\\/porto_santos.jpeg\",\"width\":601,\"height\":450},{\"@type\":\"BreadcrumbList\",\"@id\":\"https:\\\/\\\/aconteceunovale.com.br\\\/portal\\\/?p=181544#breadcrumb\",\"itemListElement\":[{\"@type\":\"ListItem\",\"position\":1,\"name\":\"In\u00edcio\",\"item\":\"https:\\\/\\\/aconteceunovale.com.br\\\/portal\\\/\"},{\"@type\":\"ListItem\",\"position\":2,\"name\":\"Brasil n\u00e3o renovar\u00e1 acordos com Argentina e Uruguai\"}]},{\"@type\":\"WebSite\",\"@id\":\"https:\\\/\\\/aconteceunovale.com.br\\\/portal\\\/#website\",\"url\":\"https:\\\/\\\/aconteceunovale.com.br\\\/portal\\\/\",\"name\":\"Aconteceu no Vale\",\"description\":\"Portal de Not\u00edcias\",\"potentialAction\":[{\"@type\":\"SearchAction\",\"target\":{\"@type\":\"EntryPoint\",\"urlTemplate\":\"https:\\\/\\\/aconteceunovale.com.br\\\/portal\\\/?s={search_term_string}\"},\"query-input\":{\"@type\":\"PropertyValueSpecification\",\"valueRequired\":true,\"valueName\":\"search_term_string\"}}],\"inLanguage\":\"pt-BR\"},{\"@type\":\"Person\",\"@id\":\"https:\\\/\\\/aconteceunovale.com.br\\\/portal\\\/#\\\/schema\\\/person\\\/7d2f26d1483f8a63de73da1ee0754d35\",\"name\":\"Reda\u00e7\u00e3o Aconteceu no Vale\",\"description\":\"Equipe de reportagem do Aconteceu no Vale, portal de not\u00edcias do Vale do Jequitinhonha, em Minas Gerais. Cobrimos as 51 cidades do Vale desde 2013. Sugest\u00f5es de pauta e pedidos de corre\u00e7\u00e3o: contato@aconteceunovale.com.br\",\"url\":\"https:\\\/\\\/aconteceunovale.com.br\\\/portal\\\/?author=4\"}]}<\/script>\n<!-- \/ Yoast SEO plugin. -->","yoast_head_json":{"title":"Brasil n\u00e3o renovar\u00e1 acordos com Argentina e Uruguai - Aconteceu no Vale","robots":{"index":"index","follow":"follow","max-snippet":"max-snippet:-1","max-image-preview":"max-image-preview:large","max-video-preview":"max-video-preview:-1"},"canonical":"https:\/\/aconteceunovale.com.br\/portal\/?p=181544","og_locale":"pt_BR","og_type":"article","og_title":"Brasil n\u00e3o renovar\u00e1 acordos com Argentina e Uruguai - Aconteceu no Vale","og_description":"O presidente da Rep\u00fablica, Jair Bolsonaro, editou um decreto, que ser\u00e1 publicado na edi\u00e7\u00e3o de quarta-feira (8) do&nbsp;Di\u00e1rio Oficial da Uni\u00e3o, &nbsp;que torna p\u00fablica a decis\u00e3o do Brasil de n\u00e3o renovar, a partir de 7 de outubro de 2021, a vig\u00eancia do Conv\u00eanio sobre Transporte Mar\u00edtimo entre a Rep\u00fablica Federativa do Brasil e a Rep\u00fablica [&hellip;]","og_url":"https:\/\/aconteceunovale.com.br\/portal\/?p=181544","og_site_name":"Aconteceu no Vale","article_publisher":"https:\/\/www.facebook.com\/aconteceunovale\/","article_published_time":"2021-09-07T01:20:26+00:00","article_modified_time":"2021-09-07T01:22:18+00:00","og_image":[{"width":601,"height":450,"url":"https:\/\/aconteceunovale.com.br\/portal\/wp-content\/uploads\/2021\/09\/porto_santos.jpeg","type":"image\/jpeg"}],"author":"Reda\u00e7\u00e3o Aconteceu no Vale","twitter_card":"summary_large_image","twitter_creator":"@noticiadosvales","twitter_site":"@noticiadosvales","twitter_misc":{"Escrito por":"Reda\u00e7\u00e3o Aconteceu no Vale","Est. tempo de leitura":"1 minuto"},"schema":{"@context":"https:\/\/schema.org","@graph":[{"@type":"Article","@id":"https:\/\/aconteceunovale.com.br\/portal\/?p=181544#article","isPartOf":{"@id":"https:\/\/aconteceunovale.com.br\/portal\/?p=181544"},"author":{"name":"Reda\u00e7\u00e3o Aconteceu no Vale","@id":"https:\/\/aconteceunovale.com.br\/portal\/#\/schema\/person\/7d2f26d1483f8a63de73da1ee0754d35"},"headline":"Brasil n\u00e3o renovar\u00e1 acordos com Argentina e Uruguai","datePublished":"2021-09-07T01:20:26+00:00","dateModified":"2021-09-07T01:22:18+00:00","mainEntityOfPage":{"@id":"https:\/\/aconteceunovale.com.br\/portal\/?p=181544"},"wordCount":290,"commentCount":0,"image":{"@id":"https:\/\/aconteceunovale.com.br\/portal\/?p=181544#primaryimage"},"thumbnailUrl":"https:\/\/aconteceunovale.com.br\/portal\/wp-content\/uploads\/2021\/09\/porto_santos.jpeg","keywords":["Acordo para transporte mar\u00edtimo com a Argentina","Acordos do Brasil com a Argentina","Acordos do Brasil com o Uruguai","Argentina","Bolsonaro","brasil","Brasil n\u00e3o renovar\u00e1 acordos com Argentina e Uruguai","Governo Bolsonaro","Jair Bolsonaro","OCDE","Uruguai"],"articleSection":["Brasil","Mundo"],"inLanguage":"pt-BR","potentialAction":[{"@type":"CommentAction","name":"Comment","target":["https:\/\/aconteceunovale.com.br\/portal\/?p=181544#respond"]}]},{"@type":"WebPage","@id":"https:\/\/aconteceunovale.com.br\/portal\/?p=181544","url":"https:\/\/aconteceunovale.com.br\/portal\/?p=181544","name":"Brasil n\u00e3o renovar\u00e1 acordos com Argentina e Uruguai - Aconteceu no Vale","isPartOf":{"@id":"https:\/\/aconteceunovale.com.br\/portal\/#website"},"primaryImageOfPage":{"@id":"https:\/\/aconteceunovale.com.br\/portal\/?p=181544#primaryimage"},"image":{"@id":"https:\/\/aconteceunovale.com.br\/portal\/?p=181544#primaryimage"},"thumbnailUrl":"https:\/\/aconteceunovale.com.br\/portal\/wp-content\/uploads\/2021\/09\/porto_santos.jpeg","datePublished":"2021-09-07T01:20:26+00:00","dateModified":"2021-09-07T01:22:18+00:00","author":{"@id":"https:\/\/aconteceunovale.com.br\/portal\/#\/schema\/person\/7d2f26d1483f8a63de73da1ee0754d35"},"breadcrumb":{"@id":"https:\/\/aconteceunovale.com.br\/portal\/?p=181544#breadcrumb"},"inLanguage":"pt-BR","potentialAction":[{"@type":"ReadAction","target":["https:\/\/aconteceunovale.com.br\/portal\/?p=181544"]}]},{"@type":"ImageObject","inLanguage":"pt-BR","@id":"https:\/\/aconteceunovale.com.br\/portal\/?p=181544#primaryimage","url":"https:\/\/aconteceunovale.com.br\/portal\/wp-content\/uploads\/2021\/09\/porto_santos.jpeg","contentUrl":"https:\/\/aconteceunovale.com.br\/portal\/wp-content\/uploads\/2021\/09\/porto_santos.jpeg","width":601,"height":450},{"@type":"BreadcrumbList","@id":"https:\/\/aconteceunovale.com.br\/portal\/?p=181544#breadcrumb","itemListElement":[{"@type":"ListItem","position":1,"name":"In\u00edcio","item":"https:\/\/aconteceunovale.com.br\/portal\/"},{"@type":"ListItem","position":2,"name":"Brasil n\u00e3o renovar\u00e1 acordos com Argentina e Uruguai"}]},{"@type":"WebSite","@id":"https:\/\/aconteceunovale.com.br\/portal\/#website","url":"https:\/\/aconteceunovale.com.br\/portal\/","name":"Aconteceu no Vale","description":"Portal de Not\u00edcias","potentialAction":[{"@type":"SearchAction","target":{"@type":"EntryPoint","urlTemplate":"https:\/\/aconteceunovale.com.br\/portal\/?s={search_term_string}"},"query-input":{"@type":"PropertyValueSpecification","valueRequired":true,"valueName":"search_term_string"}}],"inLanguage":"pt-BR"},{"@type":"Person","@id":"https:\/\/aconteceunovale.com.br\/portal\/#\/schema\/person\/7d2f26d1483f8a63de73da1ee0754d35","name":"Reda\u00e7\u00e3o Aconteceu no Vale","description":"Equipe de reportagem do Aconteceu no Vale, portal de not\u00edcias do Vale do Jequitinhonha, em Minas Gerais. Cobrimos as 51 cidades do Vale desde 2013. Sugest\u00f5es de pauta e pedidos de corre\u00e7\u00e3o: contato@aconteceunovale.com.br","url":"https:\/\/aconteceunovale.com.br\/portal\/?author=4"}]}},"_links":{"self":[{"href":"https:\/\/aconteceunovale.com.br\/portal\/index.php?rest_route=\/wp\/v2\/posts\/181544","targetHints":{"allow":["GET"]}}],"collection":[{"href":"https:\/\/aconteceunovale.com.br\/portal\/index.php?rest_route=\/wp\/v2\/posts"}],"about":[{"href":"https:\/\/aconteceunovale.com.br\/portal\/index.php?rest_route=\/wp\/v2\/types\/post"}],"author":[{"embeddable":true,"href":"https:\/\/aconteceunovale.com.br\/portal\/index.php?rest_route=\/wp\/v2\/users\/4"}],"replies":[{"embeddable":true,"href":"https:\/\/aconteceunovale.com.br\/portal\/index.php?rest_route=%2Fwp%2Fv2%2Fcomments&post=181544"}],"version-history":[{"count":2,"href":"https:\/\/aconteceunovale.com.br\/portal\/index.php?rest_route=\/wp\/v2\/posts\/181544\/revisions"}],"predecessor-version":[{"id":181547,"href":"https:\/\/aconteceunovale.com.br\/portal\/index.php?rest_route=\/wp\/v2\/posts\/181544\/revisions\/181547"}],"wp:featuredmedia":[{"embeddable":true,"href":"https:\/\/aconteceunovale.com.br\/portal\/index.php?rest_route=\/wp\/v2\/media\/181545"}],"wp:attachment":[{"href":"https:\/\/aconteceunovale.com.br\/portal\/index.php?rest_route=%2Fwp%2Fv2%2Fmedia&parent=181544"}],"wp:term":[{"taxonomy":"category","embeddable":true,"href":"https:\/\/aconteceunovale.com.br\/portal\/index.php?rest_route=%2Fwp%2Fv2%2Fcategories&post=181544"},{"taxonomy":"post_tag","embeddable":true,"href":"https:\/\/aconteceunovale.com.br\/portal\/index.php?rest_route=%2Fwp%2Fv2%2Ftags&post=181544"}],"curies":[{"name":"wp","href":"https:\/\/api.w.org\/{rel}","templated":true}]}}