{"id":181542,"date":"2021-09-06T21:20:30","date_gmt":"2021-09-07T00:20:30","guid":{"rendered":"https:\/\/aconteceunovale.com.br\/portal\/?p=181542"},"modified":"2021-09-06T21:21:13","modified_gmt":"2021-09-07T00:21:13","slug":"governo-reduz-porcentagem-de-biodiesel-no-oleo-diesel","status":"publish","type":"post","link":"https:\/\/aconteceunovale.com.br\/portal\/?p=181542","title":{"rendered":"Governo reduz porcentagem de biodiesel no \u00f3leo diesel"},"content":{"rendered":"\n<p class=\"wp-block-paragraph\">O Conselho Nacional de Pol\u00edtica Energ\u00e9tica (CNPE), do Minist\u00e9rio de Minas e Energia (MME), aprovou hoje (6\/9\/2021), por unanimidade, a redu\u00e7\u00e3o do teor de mistura obrigat\u00f3ria do biodiesel no \u00f3leo diesel de 13% para 10%. A mudan\u00e7a vale para o 82\u00ba Leil\u00e3o de Biodiesel, destinado ao suprimento dos meses de novembro e dezembro de 2021.<img decoding=\"async\" src=\"https:\/\/agenciabrasil.ebc.com.br\/ebc.png?id=1420850&amp;o=node\"><img decoding=\"async\" src=\"https:\/\/agenciabrasil.ebc.com.br\/ebc.gif?id=1420850&amp;o=node\"><\/p>\n\n\n\n<p class=\"wp-block-paragraph\">Segundo o minist\u00e9rio, a redu\u00e7\u00e3o \u00e9 necess\u00e1ria para evitar poss\u00edveis impactos para o consumidor e reflexos em setores como o de transporte p\u00fablico e de mercadorias, al\u00e9m de atividades agr\u00edcolas e gera\u00e7\u00e3o de energia, por exemplo.<\/p>\n\n\n\n<p class=\"wp-block-paragraph\">Em sua justificativa, o minist\u00e9rio explica que o biodiesel brasileiro tem no \u00f3leo de soja sua maior parcela de mat\u00e9ria-prima, com cerca de 71%, sendo o restante oriundo de sebo bovino e outros \u00f3leos. Por isso, o minist\u00e9rio entendeu ser necess\u00e1ria a medida.<\/p>\n\n\n\n<p class=\"wp-block-paragraph\">De acordo com a pasta, a decis\u00e3o do CNPE de redu\u00e7\u00e3o do teor de biodiesel na mistura \u00e9 moment\u00e2nea e temporal. A pasta espera \u201cem breve, com as condi\u00e7\u00f5es adequadas\u201d, o aumento da produ\u00e7\u00e3o e uso dos biocombust\u00edveis no Brasil.<\/p>\n\n\n\n<p class=\"wp-block-paragraph\">&#8212;&#8212;&#8212;&#8212;&#8212;&#8212;<br><em>Quer receber as not\u00edcias do <strong>Aconteceu no Vale<\/strong> em primeira m\u00e3o? Siga-nos no Facebook <a rel=\"noreferrer noopener\" href=\"http:\/\/facebook.com\/aconteceunovale\" target=\"_blank\">@aconteceunovale<\/a>, Twitter <a rel=\"noreferrer noopener\" href=\"https:\/\/twitter.com\/noticiadosvales\" target=\"_blank\">@noticiadosvales<\/a> e Instagram <a rel=\"noreferrer noopener\" href=\"https:\/\/www.instagram.com\/aconteceunovale\" target=\"_blank\">@aconteceunovale<\/a>.<\/em><\/p>\n","protected":false},"excerpt":{"rendered":"<p>O Conselho Nacional de Pol\u00edtica Energ\u00e9tica (CNPE), do Minist\u00e9rio de Minas e Energia (MME), aprovou hoje (6\/9\/2021), por unanimidade, a redu\u00e7\u00e3o do teor de mistura obrigat\u00f3ria do biodiesel no \u00f3leo diesel de 13% para 10%. A mudan\u00e7a vale para o 82\u00ba Leil\u00e3o de Biodiesel, destinado ao suprimento dos meses de novembro e dezembro de 2021. [&hellip;]<\/p>\n","protected":false},"author":4,"featured_media":98925,"comment_status":"open","ping_status":"closed","sticky":false,"template":"","format":"standard","meta":{"amp_status":"","footnotes":""},"categories":[6],"tags":[31372,206132,247921,19419,61381,250743,250744],"class_list":["post-181542","post","type-post","status-publish","format-standard","has-post-thumbnail","hentry","category-br","tag-biodiesel","tag-cnpe","tag-mistura-de-biodiesel-com-oleo-diesel","tag-mme","tag-oleo-diesel","tag-porcentagem-de-biodiesel-no-oleo-diesel","tag-quantidade-de-biodiesel-no-oleo-diesel"],"yoast_head":"<!-- This site is optimized with the Yoast SEO plugin v28.3 - https:\/\/yoast.com\/product\/yoast-seo-wordpress\/ -->\n<title>Governo reduz porcentagem de biodiesel no \u00f3leo diesel - Aconteceu no Vale<\/title>\n<meta name=\"robots\" content=\"index, follow, max-snippet:-1, max-image-preview:large, max-video-preview:-1\" \/>\n<link rel=\"canonical\" href=\"https:\/\/aconteceunovale.com.br\/portal\/?p=181542\" \/>\n<meta property=\"og:locale\" content=\"pt_BR\" \/>\n<meta property=\"og:type\" content=\"article\" \/>\n<meta property=\"og:title\" content=\"Governo reduz porcentagem de biodiesel no \u00f3leo diesel - Aconteceu no Vale\" \/>\n<meta property=\"og:description\" content=\"O Conselho Nacional de Pol\u00edtica Energ\u00e9tica (CNPE), do Minist\u00e9rio de Minas e Energia (MME), aprovou hoje (6\/9\/2021), por unanimidade, a redu\u00e7\u00e3o do teor de mistura obrigat\u00f3ria do biodiesel no \u00f3leo diesel de 13% para 10%. A mudan\u00e7a vale para o 82\u00ba Leil\u00e3o de Biodiesel, destinado ao suprimento dos meses de novembro e dezembro de 2021. [&hellip;]\" \/>\n<meta property=\"og:url\" content=\"https:\/\/aconteceunovale.com.br\/portal\/?p=181542\" \/>\n<meta property=\"og:site_name\" content=\"Aconteceu no Vale\" \/>\n<meta property=\"article:publisher\" content=\"https:\/\/www.facebook.com\/aconteceunovale\/\" \/>\n<meta property=\"article:published_time\" content=\"2021-09-07T00:20:30+00:00\" \/>\n<meta property=\"article:modified_time\" content=\"2021-09-07T00:21:13+00:00\" \/>\n<meta property=\"og:image\" content=\"https:\/\/aconteceunovale.com.br\/portal\/wp-content\/uploads\/2016\/10\/biodiesel_moc.jpg\" \/>\n\t<meta property=\"og:image:width\" content=\"620\" \/>\n\t<meta property=\"og:image:height\" content=\"420\" \/>\n\t<meta property=\"og:image:type\" content=\"image\/jpeg\" \/>\n<meta name=\"author\" content=\"Reda\u00e7\u00e3o Aconteceu no Vale\" \/>\n<meta name=\"twitter:card\" content=\"summary_large_image\" \/>\n<meta name=\"twitter:creator\" content=\"@noticiadosvales\" \/>\n<meta name=\"twitter:site\" content=\"@noticiadosvales\" \/>\n<meta name=\"twitter:label1\" content=\"Escrito por\" \/>\n\t<meta name=\"twitter:data1\" content=\"Reda\u00e7\u00e3o Aconteceu no Vale\" \/>\n\t<meta name=\"twitter:label2\" content=\"Est. tempo de leitura\" \/>\n\t<meta name=\"twitter:data2\" content=\"1 minuto\" \/>\n<script type=\"application\/ld+json\" class=\"yoast-schema-graph\">{\"@context\":\"https:\\\/\\\/schema.org\",\"@graph\":[{\"@type\":\"Article\",\"@id\":\"https:\\\/\\\/aconteceunovale.com.br\\\/portal\\\/?p=181542#article\",\"isPartOf\":{\"@id\":\"https:\\\/\\\/aconteceunovale.com.br\\\/portal\\\/?p=181542\"},\"author\":{\"name\":\"Reda\u00e7\u00e3o Aconteceu no Vale\",\"@id\":\"https:\\\/\\\/aconteceunovale.com.br\\\/portal\\\/#\\\/schema\\\/person\\\/7d2f26d1483f8a63de73da1ee0754d35\"},\"headline\":\"Governo reduz porcentagem de biodiesel no \u00f3leo diesel\",\"datePublished\":\"2021-09-07T00:20:30+00:00\",\"dateModified\":\"2021-09-07T00:21:13+00:00\",\"mainEntityOfPage\":{\"@id\":\"https:\\\/\\\/aconteceunovale.com.br\\\/portal\\\/?p=181542\"},\"wordCount\":222,\"commentCount\":0,\"image\":{\"@id\":\"https:\\\/\\\/aconteceunovale.com.br\\\/portal\\\/?p=181542#primaryimage\"},\"thumbnailUrl\":\"https:\\\/\\\/aconteceunovale.com.br\\\/portal\\\/wp-content\\\/uploads\\\/2016\\\/10\\\/biodiesel_moc.jpg\",\"keywords\":[\"biodiesel\",\"CNPE\",\"Mistura de biodiesel com \u00f3leo diesel\",\"MME\",\"\u00f3leo diesel\",\"Porcentagem de biodiesel no \u00f3leo diesel\",\"Quantidade de biodiesel no \u00f3leo diesel\"],\"articleSection\":[\"Brasil\"],\"inLanguage\":\"pt-BR\",\"potentialAction\":[{\"@type\":\"CommentAction\",\"name\":\"Comment\",\"target\":[\"https:\\\/\\\/aconteceunovale.com.br\\\/portal\\\/?p=181542#respond\"]}]},{\"@type\":\"WebPage\",\"@id\":\"https:\\\/\\\/aconteceunovale.com.br\\\/portal\\\/?p=181542\",\"url\":\"https:\\\/\\\/aconteceunovale.com.br\\\/portal\\\/?p=181542\",\"name\":\"Governo reduz porcentagem de biodiesel no \u00f3leo diesel - Aconteceu no Vale\",\"isPartOf\":{\"@id\":\"https:\\\/\\\/aconteceunovale.com.br\\\/portal\\\/#website\"},\"primaryImageOfPage\":{\"@id\":\"https:\\\/\\\/aconteceunovale.com.br\\\/portal\\\/?p=181542#primaryimage\"},\"image\":{\"@id\":\"https:\\\/\\\/aconteceunovale.com.br\\\/portal\\\/?p=181542#primaryimage\"},\"thumbnailUrl\":\"https:\\\/\\\/aconteceunovale.com.br\\\/portal\\\/wp-content\\\/uploads\\\/2016\\\/10\\\/biodiesel_moc.jpg\",\"datePublished\":\"2021-09-07T00:20:30+00:00\",\"dateModified\":\"2021-09-07T00:21:13+00:00\",\"author\":{\"@id\":\"https:\\\/\\\/aconteceunovale.com.br\\\/portal\\\/#\\\/schema\\\/person\\\/7d2f26d1483f8a63de73da1ee0754d35\"},\"breadcrumb\":{\"@id\":\"https:\\\/\\\/aconteceunovale.com.br\\\/portal\\\/?p=181542#breadcrumb\"},\"inLanguage\":\"pt-BR\",\"potentialAction\":[{\"@type\":\"ReadAction\",\"target\":[\"https:\\\/\\\/aconteceunovale.com.br\\\/portal\\\/?p=181542\"]}]},{\"@type\":\"ImageObject\",\"inLanguage\":\"pt-BR\",\"@id\":\"https:\\\/\\\/aconteceunovale.com.br\\\/portal\\\/?p=181542#primaryimage\",\"url\":\"https:\\\/\\\/aconteceunovale.com.br\\\/portal\\\/wp-content\\\/uploads\\\/2016\\\/10\\\/biodiesel_moc.jpg\",\"contentUrl\":\"https:\\\/\\\/aconteceunovale.com.br\\\/portal\\\/wp-content\\\/uploads\\\/2016\\\/10\\\/biodiesel_moc.jpg\",\"width\":620,\"height\":420},{\"@type\":\"BreadcrumbList\",\"@id\":\"https:\\\/\\\/aconteceunovale.com.br\\\/portal\\\/?p=181542#breadcrumb\",\"itemListElement\":[{\"@type\":\"ListItem\",\"position\":1,\"name\":\"In\u00edcio\",\"item\":\"https:\\\/\\\/aconteceunovale.com.br\\\/portal\\\/\"},{\"@type\":\"ListItem\",\"position\":2,\"name\":\"Governo reduz porcentagem de biodiesel no \u00f3leo diesel\"}]},{\"@type\":\"WebSite\",\"@id\":\"https:\\\/\\\/aconteceunovale.com.br\\\/portal\\\/#website\",\"url\":\"https:\\\/\\\/aconteceunovale.com.br\\\/portal\\\/\",\"name\":\"Aconteceu no Vale\",\"description\":\"Portal de Not\u00edcias\",\"potentialAction\":[{\"@type\":\"SearchAction\",\"target\":{\"@type\":\"EntryPoint\",\"urlTemplate\":\"https:\\\/\\\/aconteceunovale.com.br\\\/portal\\\/?s={search_term_string}\"},\"query-input\":{\"@type\":\"PropertyValueSpecification\",\"valueRequired\":true,\"valueName\":\"search_term_string\"}}],\"inLanguage\":\"pt-BR\"},{\"@type\":\"Person\",\"@id\":\"https:\\\/\\\/aconteceunovale.com.br\\\/portal\\\/#\\\/schema\\\/person\\\/7d2f26d1483f8a63de73da1ee0754d35\",\"name\":\"Reda\u00e7\u00e3o Aconteceu no Vale\",\"description\":\"Equipe de reportagem do Aconteceu no Vale, portal de not\u00edcias do Vale do Jequitinhonha, em Minas Gerais. Cobrimos as 51 cidades do Vale desde 2013. Sugest\u00f5es de pauta e pedidos de corre\u00e7\u00e3o: contato@aconteceunovale.com.br\",\"url\":\"https:\\\/\\\/aconteceunovale.com.br\\\/portal\\\/?author=4\"}]}<\/script>\n<!-- \/ Yoast SEO plugin. -->","yoast_head_json":{"title":"Governo reduz porcentagem de biodiesel no \u00f3leo diesel - Aconteceu no Vale","robots":{"index":"index","follow":"follow","max-snippet":"max-snippet:-1","max-image-preview":"max-image-preview:large","max-video-preview":"max-video-preview:-1"},"canonical":"https:\/\/aconteceunovale.com.br\/portal\/?p=181542","og_locale":"pt_BR","og_type":"article","og_title":"Governo reduz porcentagem de biodiesel no \u00f3leo diesel - Aconteceu no Vale","og_description":"O Conselho Nacional de Pol\u00edtica Energ\u00e9tica (CNPE), do Minist\u00e9rio de Minas e Energia (MME), aprovou hoje (6\/9\/2021), por unanimidade, a redu\u00e7\u00e3o do teor de mistura obrigat\u00f3ria do biodiesel no \u00f3leo diesel de 13% para 10%. A mudan\u00e7a vale para o 82\u00ba Leil\u00e3o de Biodiesel, destinado ao suprimento dos meses de novembro e dezembro de 2021. [&hellip;]","og_url":"https:\/\/aconteceunovale.com.br\/portal\/?p=181542","og_site_name":"Aconteceu no Vale","article_publisher":"https:\/\/www.facebook.com\/aconteceunovale\/","article_published_time":"2021-09-07T00:20:30+00:00","article_modified_time":"2021-09-07T00:21:13+00:00","og_image":[{"width":620,"height":420,"url":"https:\/\/aconteceunovale.com.br\/portal\/wp-content\/uploads\/2016\/10\/biodiesel_moc.jpg","type":"image\/jpeg"}],"author":"Reda\u00e7\u00e3o Aconteceu no Vale","twitter_card":"summary_large_image","twitter_creator":"@noticiadosvales","twitter_site":"@noticiadosvales","twitter_misc":{"Escrito por":"Reda\u00e7\u00e3o Aconteceu no Vale","Est. tempo de leitura":"1 minuto"},"schema":{"@context":"https:\/\/schema.org","@graph":[{"@type":"Article","@id":"https:\/\/aconteceunovale.com.br\/portal\/?p=181542#article","isPartOf":{"@id":"https:\/\/aconteceunovale.com.br\/portal\/?p=181542"},"author":{"name":"Reda\u00e7\u00e3o Aconteceu no Vale","@id":"https:\/\/aconteceunovale.com.br\/portal\/#\/schema\/person\/7d2f26d1483f8a63de73da1ee0754d35"},"headline":"Governo reduz porcentagem de biodiesel no \u00f3leo diesel","datePublished":"2021-09-07T00:20:30+00:00","dateModified":"2021-09-07T00:21:13+00:00","mainEntityOfPage":{"@id":"https:\/\/aconteceunovale.com.br\/portal\/?p=181542"},"wordCount":222,"commentCount":0,"image":{"@id":"https:\/\/aconteceunovale.com.br\/portal\/?p=181542#primaryimage"},"thumbnailUrl":"https:\/\/aconteceunovale.com.br\/portal\/wp-content\/uploads\/2016\/10\/biodiesel_moc.jpg","keywords":["biodiesel","CNPE","Mistura de biodiesel com \u00f3leo diesel","MME","\u00f3leo diesel","Porcentagem de biodiesel no \u00f3leo diesel","Quantidade de biodiesel no \u00f3leo diesel"],"articleSection":["Brasil"],"inLanguage":"pt-BR","potentialAction":[{"@type":"CommentAction","name":"Comment","target":["https:\/\/aconteceunovale.com.br\/portal\/?p=181542#respond"]}]},{"@type":"WebPage","@id":"https:\/\/aconteceunovale.com.br\/portal\/?p=181542","url":"https:\/\/aconteceunovale.com.br\/portal\/?p=181542","name":"Governo reduz porcentagem de biodiesel no \u00f3leo diesel - Aconteceu no Vale","isPartOf":{"@id":"https:\/\/aconteceunovale.com.br\/portal\/#website"},"primaryImageOfPage":{"@id":"https:\/\/aconteceunovale.com.br\/portal\/?p=181542#primaryimage"},"image":{"@id":"https:\/\/aconteceunovale.com.br\/portal\/?p=181542#primaryimage"},"thumbnailUrl":"https:\/\/aconteceunovale.com.br\/portal\/wp-content\/uploads\/2016\/10\/biodiesel_moc.jpg","datePublished":"2021-09-07T00:20:30+00:00","dateModified":"2021-09-07T00:21:13+00:00","author":{"@id":"https:\/\/aconteceunovale.com.br\/portal\/#\/schema\/person\/7d2f26d1483f8a63de73da1ee0754d35"},"breadcrumb":{"@id":"https:\/\/aconteceunovale.com.br\/portal\/?p=181542#breadcrumb"},"inLanguage":"pt-BR","potentialAction":[{"@type":"ReadAction","target":["https:\/\/aconteceunovale.com.br\/portal\/?p=181542"]}]},{"@type":"ImageObject","inLanguage":"pt-BR","@id":"https:\/\/aconteceunovale.com.br\/portal\/?p=181542#primaryimage","url":"https:\/\/aconteceunovale.com.br\/portal\/wp-content\/uploads\/2016\/10\/biodiesel_moc.jpg","contentUrl":"https:\/\/aconteceunovale.com.br\/portal\/wp-content\/uploads\/2016\/10\/biodiesel_moc.jpg","width":620,"height":420},{"@type":"BreadcrumbList","@id":"https:\/\/aconteceunovale.com.br\/portal\/?p=181542#breadcrumb","itemListElement":[{"@type":"ListItem","position":1,"name":"In\u00edcio","item":"https:\/\/aconteceunovale.com.br\/portal\/"},{"@type":"ListItem","position":2,"name":"Governo reduz porcentagem de biodiesel no \u00f3leo diesel"}]},{"@type":"WebSite","@id":"https:\/\/aconteceunovale.com.br\/portal\/#website","url":"https:\/\/aconteceunovale.com.br\/portal\/","name":"Aconteceu no Vale","description":"Portal de Not\u00edcias","potentialAction":[{"@type":"SearchAction","target":{"@type":"EntryPoint","urlTemplate":"https:\/\/aconteceunovale.com.br\/portal\/?s={search_term_string}"},"query-input":{"@type":"PropertyValueSpecification","valueRequired":true,"valueName":"search_term_string"}}],"inLanguage":"pt-BR"},{"@type":"Person","@id":"https:\/\/aconteceunovale.com.br\/portal\/#\/schema\/person\/7d2f26d1483f8a63de73da1ee0754d35","name":"Reda\u00e7\u00e3o Aconteceu no Vale","description":"Equipe de reportagem do Aconteceu no Vale, portal de not\u00edcias do Vale do Jequitinhonha, em Minas Gerais. Cobrimos as 51 cidades do Vale desde 2013. Sugest\u00f5es de pauta e pedidos de corre\u00e7\u00e3o: contato@aconteceunovale.com.br","url":"https:\/\/aconteceunovale.com.br\/portal\/?author=4"}]}},"_links":{"self":[{"href":"https:\/\/aconteceunovale.com.br\/portal\/index.php?rest_route=\/wp\/v2\/posts\/181542","targetHints":{"allow":["GET"]}}],"collection":[{"href":"https:\/\/aconteceunovale.com.br\/portal\/index.php?rest_route=\/wp\/v2\/posts"}],"about":[{"href":"https:\/\/aconteceunovale.com.br\/portal\/index.php?rest_route=\/wp\/v2\/types\/post"}],"author":[{"embeddable":true,"href":"https:\/\/aconteceunovale.com.br\/portal\/index.php?rest_route=\/wp\/v2\/users\/4"}],"replies":[{"embeddable":true,"href":"https:\/\/aconteceunovale.com.br\/portal\/index.php?rest_route=%2Fwp%2Fv2%2Fcomments&post=181542"}],"version-history":[{"count":1,"href":"https:\/\/aconteceunovale.com.br\/portal\/index.php?rest_route=\/wp\/v2\/posts\/181542\/revisions"}],"predecessor-version":[{"id":181543,"href":"https:\/\/aconteceunovale.com.br\/portal\/index.php?rest_route=\/wp\/v2\/posts\/181542\/revisions\/181543"}],"wp:featuredmedia":[{"embeddable":true,"href":"https:\/\/aconteceunovale.com.br\/portal\/index.php?rest_route=\/wp\/v2\/media\/98925"}],"wp:attachment":[{"href":"https:\/\/aconteceunovale.com.br\/portal\/index.php?rest_route=%2Fwp%2Fv2%2Fmedia&parent=181542"}],"wp:term":[{"taxonomy":"category","embeddable":true,"href":"https:\/\/aconteceunovale.com.br\/portal\/index.php?rest_route=%2Fwp%2Fv2%2Fcategories&post=181542"},{"taxonomy":"post_tag","embeddable":true,"href":"https:\/\/aconteceunovale.com.br\/portal\/index.php?rest_route=%2Fwp%2Fv2%2Ftags&post=181542"}],"curies":[{"name":"wp","href":"https:\/\/api.w.org\/{rel}","templated":true}]}}