{"id":181540,"date":"2021-09-06T21:17:55","date_gmt":"2021-09-07T00:17:55","guid":{"rendered":"https:\/\/aconteceunovale.com.br\/portal\/?p=181540"},"modified":"2021-09-06T21:18:06","modified_gmt":"2021-09-07T00:18:06","slug":"casos-de-mal-da-vaca-louca-no-brasil-nao-representam-risco-para-a-cadeia-de-producao-bovina-diz-oie","status":"publish","type":"post","link":"https:\/\/aconteceunovale.com.br\/portal\/?p=181540","title":{"rendered":"Casos de mal da vaca louca no Brasil n\u00e3o representam risco para a cadeia de produ\u00e7\u00e3o bovina, diz OIE"},"content":{"rendered":"\n<p class=\"wp-block-paragraph\">A Organiza\u00e7\u00e3o Mundial de Sa\u00fade Animal (OIE) concluiu nesta segunda-feira (6\/9\/2021) que os dois casos de encefalopatia espongiforme bovina (EEB), conhecida como o mal da vaca louca, detectados em frigor\u00edficos de Minas Gerais e de Mato Grosso, n\u00e3o representam risco para a cadeia de produ\u00e7\u00e3o bovina.<img decoding=\"async\" src=\"https:\/\/agenciabrasil.ebc.com.br\/ebc.png?id=1420852&amp;o=node\"><img decoding=\"async\" src=\"https:\/\/agenciabrasil.ebc.com.br\/ebc.gif?id=1420852&amp;o=node\"><\/p>\n\n\n\n<p class=\"wp-block-paragraph\">Segundo o Minist\u00e9rio da Agricultura, Pecu\u00e1ria e Abastecimento, os informes foram apresentados pelo Servi\u00e7o Veterin\u00e1rio Oficial do Brasil. Os casos ocorreram de forma independente e isolada e foram confirmados pelo laborat\u00f3rio de refer\u00eancia internacional da OIE, localizado no Canad\u00e1, na \u00faltima sexta-feira (3).<\/p>\n\n\n\n<p class=\"wp-block-paragraph\">De acordo com o minist\u00e9rio, &#8220;o Brasil mant\u00e9m sua classifica\u00e7\u00e3o como pa\u00eds de risco insignificante para a doen\u00e7a, n\u00e3o justificando qualquer impacto no com\u00e9rcio de animais e seus produtos e subprodutos&#8221;.<\/p>\n\n\n\n<h2 class=\"wp-block-heading\">Entenda o caso<\/h2>\n\n\n\n<p class=\"wp-block-paragraph\">Dois casos at\u00edpicos de mal da vaca louca\u00a0<a href=\"https:\/\/aconteceunovale.com.br\/portal\/?p=181430\" target=\"_blank\" rel=\"noreferrer noopener\">foram identificados\u00a0<\/a>em frigor\u00edficos de Nova Cana\u00e3 do Norte (MT) e de Belo Horizonte. A confirma\u00e7\u00e3o foi pelo laborat\u00f3rio de refer\u00eancia da OIE, em Alberta, no Canad\u00e1.<\/p>\n\n\n\n<p class=\"wp-block-paragraph\">Os dois casos at\u00edpicos, um em cada estabelecimento, foram detectados durante a inspe\u00e7\u00e3o realizada antes do abate dos animais. \u201cTrata-se de vacas de descarte que apresentavam idade avan\u00e7ada e que estavam em dec\u00fabito [deitadas] nos currais\u201d, explicou o Minist\u00e9rio da Agricultura, por meio de nota.<\/p>\n\n\n\n<p class=\"wp-block-paragraph\">No s\u00e1bado (4), a pasta confirmou que os casos estavam sendo investigados e, por protocolo, anunciou que as exporta\u00e7\u00f5es de carne bovina para a China estavam suspensas. A medida ficar\u00e1 em vigor at\u00e9 que as autoridades chinesas concluam a avalia\u00e7\u00e3o das informa\u00e7\u00f5es j\u00e1 repassadas sobre os casos.<\/p>\n\n\n\n<p class=\"wp-block-paragraph\">O pa\u00eds asi\u00e1tico \u00e9 o principal destino da carne brasileira, segundo a Associa\u00e7\u00e3o Brasileira das Ind\u00fastrias Exportadoras de Carnes (Abiec). No m\u00eas de julho foram exportadas 91.144 toneladas do produto, crescimento de 11,2% em rela\u00e7\u00e3o ao mesmo m\u00eas de 2020, com alta de 19,1% nas receitas, somando US$ 525,5 milh\u00f5es. No acumulado\u00a0de janeiro a julho de 2021, os embarques para a China j\u00e1 somam 490 mil toneladas e receitas de US$ 2,493 bilh\u00f5es, crescimento de 8,6% e 13,8%, respectivamente, no comparativo com o mesmo per\u00edodo de 2020.<\/p>\n\n\n\n<p class=\"wp-block-paragraph\">&#8212;&#8212;&#8212;&#8212;&#8212;&#8212;<br><em>Quer receber as not\u00edcias do <strong>Aconteceu no Vale<\/strong> em primeira m\u00e3o? Siga-nos no Facebook <a rel=\"noreferrer noopener\" href=\"http:\/\/facebook.com\/aconteceunovale\" target=\"_blank\">@aconteceunovale<\/a>, Twitter <a rel=\"noreferrer noopener\" href=\"https:\/\/twitter.com\/noticiadosvales\" target=\"_blank\">@noticiadosvales<\/a> e Instagram <a rel=\"noreferrer noopener\" href=\"https:\/\/www.instagram.com\/aconteceunovale\" target=\"_blank\">@aconteceunovale<\/a>.<\/em><\/p>\n","protected":false},"excerpt":{"rendered":"<p>A Organiza\u00e7\u00e3o Mundial de Sa\u00fade Animal (OIE) concluiu nesta segunda-feira (6\/9\/2021) que os dois casos de encefalopatia espongiforme bovina (EEB), conhecida como o mal da vaca louca, detectados em frigor\u00edficos de Minas Gerais e de Mato Grosso, n\u00e3o representam risco para a cadeia de produ\u00e7\u00e3o bovina. Segundo o Minist\u00e9rio da Agricultura, Pecu\u00e1ria e Abastecimento, os [&hellip;]<\/p>\n","protected":false},"author":4,"featured_media":140291,"comment_status":"open","ping_status":"closed","sticky":false,"template":"","format":"standard","meta":{"amp_status":"","footnotes":""},"categories":[6,123,28848,40242],"tags":[216828,28494,250562,194,1017,21604,250565,250566,250563,250567,250564,250556,250557,250555,1018,250560,23235,59830,40917,131,40918,25288,78225,78224,250587,250561,250559,250558],"class_list":["post-181540","post","type-post","status-publish","format-standard","has-post-thumbnail","hentry","category-br","category-gerais","category-mundo","category-saude-2","tag-abiec","tag-alberta","tag-associacao-brasileira-das-industrias-exportadoras-de-carnes","tag-belo-horizonte","tag-bh","tag-canada","tag-caso-de-encefalopatia-espongiforme-bovina-em-belo-horizonte","tag-caso-de-encefalopatia-espongiforme-bovina-em-bh","tag-caso-de-encefalopatia-espongiforme-bovina-em-minas-gerais","tag-caso-de-encefalopatia-espongiforme-bovina-em-nova-canaa-do-norte","tag-caso-de-encefalopatia-espongiforme-bovina-no-mato-grosso","tag-caso-de-vaca-louca-em-minas-gerais","tag-caso-de-vaca-louca-no-mato-grosso","tag-casos-de-vaca-louca-sao-confirmados-em-mato-grosso-e-minas-gerais","tag-destaque","tag-exportacao-de-carne-bovina-suspensa","tag-mapa","tag-mato-grosso","tag-mg","tag-minas-gerais","tag-mt","tag-nova-canaa-do-norte","tag-oie","tag-organizacao-mundial-de-saude-animal","tag-saiba-o-que-e-o-mal-da-vaca-louca","tag-suspensao-da-exportacao-de-carne-bovina","tag-vaca-louca-em-mato-grosso","tag-vaca-louca-em-minas-gerais"],"yoast_head":"<!-- This site is optimized with the Yoast SEO plugin v28.3 - https:\/\/yoast.com\/product\/yoast-seo-wordpress\/ -->\n<title>Casos de mal da vaca louca no Brasil n\u00e3o representam risco para a cadeia de produ\u00e7\u00e3o bovina, diz OIE - Aconteceu no Vale<\/title>\n<meta name=\"robots\" content=\"index, follow, max-snippet:-1, max-image-preview:large, max-video-preview:-1\" \/>\n<link rel=\"canonical\" href=\"https:\/\/aconteceunovale.com.br\/portal\/?p=181540\" \/>\n<meta property=\"og:locale\" content=\"pt_BR\" \/>\n<meta property=\"og:type\" content=\"article\" \/>\n<meta property=\"og:title\" content=\"Casos de mal da vaca louca no Brasil n\u00e3o representam risco para a cadeia de produ\u00e7\u00e3o bovina, diz OIE - Aconteceu no Vale\" \/>\n<meta property=\"og:description\" content=\"A Organiza\u00e7\u00e3o Mundial de Sa\u00fade Animal (OIE) concluiu nesta segunda-feira (6\/9\/2021) que os dois casos de encefalopatia espongiforme bovina (EEB), conhecida como o mal da vaca louca, detectados em frigor\u00edficos de Minas Gerais e de Mato Grosso, n\u00e3o representam risco para a cadeia de produ\u00e7\u00e3o bovina. Segundo o Minist\u00e9rio da Agricultura, Pecu\u00e1ria e Abastecimento, os [&hellip;]\" \/>\n<meta property=\"og:url\" content=\"https:\/\/aconteceunovale.com.br\/portal\/?p=181540\" \/>\n<meta property=\"og:site_name\" content=\"Aconteceu no Vale\" \/>\n<meta property=\"article:publisher\" content=\"https:\/\/www.facebook.com\/aconteceunovale\/\" \/>\n<meta property=\"article:published_time\" content=\"2021-09-07T00:17:55+00:00\" \/>\n<meta property=\"article:modified_time\" content=\"2021-09-07T00:18:06+00:00\" \/>\n<meta property=\"og:image\" content=\"https:\/\/aconteceunovale.com.br\/portal\/wp-content\/uploads\/2018\/12\/vacas_carne.jpg\" \/>\n\t<meta property=\"og:image:width\" content=\"630\" \/>\n\t<meta property=\"og:image:height\" content=\"450\" \/>\n\t<meta property=\"og:image:type\" content=\"image\/jpeg\" \/>\n<meta name=\"author\" content=\"Reda\u00e7\u00e3o Aconteceu no Vale\" \/>\n<meta name=\"twitter:card\" content=\"summary_large_image\" \/>\n<meta name=\"twitter:creator\" content=\"@noticiadosvales\" \/>\n<meta name=\"twitter:site\" content=\"@noticiadosvales\" \/>\n<meta name=\"twitter:label1\" content=\"Escrito por\" \/>\n\t<meta name=\"twitter:data1\" content=\"Reda\u00e7\u00e3o Aconteceu no Vale\" \/>\n\t<meta name=\"twitter:label2\" content=\"Est. tempo de leitura\" \/>\n\t<meta name=\"twitter:data2\" content=\"2 minutos\" \/>\n<script type=\"application\/ld+json\" class=\"yoast-schema-graph\">{\"@context\":\"https:\\\/\\\/schema.org\",\"@graph\":[{\"@type\":\"Article\",\"@id\":\"https:\\\/\\\/aconteceunovale.com.br\\\/portal\\\/?p=181540#article\",\"isPartOf\":{\"@id\":\"https:\\\/\\\/aconteceunovale.com.br\\\/portal\\\/?p=181540\"},\"author\":{\"name\":\"Reda\u00e7\u00e3o Aconteceu no Vale\",\"@id\":\"https:\\\/\\\/aconteceunovale.com.br\\\/portal\\\/#\\\/schema\\\/person\\\/7d2f26d1483f8a63de73da1ee0754d35\"},\"headline\":\"Casos de mal da vaca louca no Brasil n\u00e3o representam risco para a cadeia de produ\u00e7\u00e3o bovina, diz OIE\",\"datePublished\":\"2021-09-07T00:17:55+00:00\",\"dateModified\":\"2021-09-07T00:18:06+00:00\",\"mainEntityOfPage\":{\"@id\":\"https:\\\/\\\/aconteceunovale.com.br\\\/portal\\\/?p=181540\"},\"wordCount\":409,\"commentCount\":0,\"image\":{\"@id\":\"https:\\\/\\\/aconteceunovale.com.br\\\/portal\\\/?p=181540#primaryimage\"},\"thumbnailUrl\":\"https:\\\/\\\/aconteceunovale.com.br\\\/portal\\\/wp-content\\\/uploads\\\/2018\\\/12\\\/vacas_carne.jpg\",\"keywords\":[\"Abiec\",\"Alberta\",\"Associa\u00e7\u00e3o Brasileira das Ind\u00fastrias Exportadoras de Carnes\",\"Belo Horizonte\",\"bh\",\"Canad\u00e1\",\"Caso de encefalopatia espongiforme bovina em Belo Horizonte\",\"Caso de encefalopatia espongiforme bovina em BH\",\"Caso de encefalopatia espongiforme bovina em Minas Gerais\",\"Caso de encefalopatia espongiforme bovina em Nova Cana\u00e3 do Norte\",\"Caso de encefalopatia espongiforme bovina no Mato Grosso\",\"Caso de vaca louca em Minas Gerais\",\"Caso de vaca louca no Mato Grosso\",\"Casos de vaca louca s\u00e3o confirmados em Mato Grosso e Minas Gerais\",\"destaque\",\"Exporta\u00e7\u00e3o de carne bovina suspensa\",\"Mapa\",\"Mato Grosso\",\"MG\",\"Minas Gerais\",\"MT\",\"Nova Cana\u00e3 do Norte\",\"OIE\",\"Organiza\u00e7\u00e3o Mundial de Sa\u00fade Animal\",\"Saiba o que \u00e9 o mal da vaca louca\",\"Suspens\u00e3o da exporta\u00e7\u00e3o de carne bovina\",\"Vaca louca em Mato Grosso\",\"Vaca louca em Minas Gerais\"],\"articleSection\":[\"Brasil\",\"Minas Gerais\",\"Mundo\",\"Sa\u00fade\"],\"inLanguage\":\"pt-BR\",\"potentialAction\":[{\"@type\":\"CommentAction\",\"name\":\"Comment\",\"target\":[\"https:\\\/\\\/aconteceunovale.com.br\\\/portal\\\/?p=181540#respond\"]}]},{\"@type\":\"WebPage\",\"@id\":\"https:\\\/\\\/aconteceunovale.com.br\\\/portal\\\/?p=181540\",\"url\":\"https:\\\/\\\/aconteceunovale.com.br\\\/portal\\\/?p=181540\",\"name\":\"Casos de mal da vaca louca no Brasil n\u00e3o representam risco para a cadeia de produ\u00e7\u00e3o bovina, diz OIE - Aconteceu no Vale\",\"isPartOf\":{\"@id\":\"https:\\\/\\\/aconteceunovale.com.br\\\/portal\\\/#website\"},\"primaryImageOfPage\":{\"@id\":\"https:\\\/\\\/aconteceunovale.com.br\\\/portal\\\/?p=181540#primaryimage\"},\"image\":{\"@id\":\"https:\\\/\\\/aconteceunovale.com.br\\\/portal\\\/?p=181540#primaryimage\"},\"thumbnailUrl\":\"https:\\\/\\\/aconteceunovale.com.br\\\/portal\\\/wp-content\\\/uploads\\\/2018\\\/12\\\/vacas_carne.jpg\",\"datePublished\":\"2021-09-07T00:17:55+00:00\",\"dateModified\":\"2021-09-07T00:18:06+00:00\",\"author\":{\"@id\":\"https:\\\/\\\/aconteceunovale.com.br\\\/portal\\\/#\\\/schema\\\/person\\\/7d2f26d1483f8a63de73da1ee0754d35\"},\"breadcrumb\":{\"@id\":\"https:\\\/\\\/aconteceunovale.com.br\\\/portal\\\/?p=181540#breadcrumb\"},\"inLanguage\":\"pt-BR\",\"potentialAction\":[{\"@type\":\"ReadAction\",\"target\":[\"https:\\\/\\\/aconteceunovale.com.br\\\/portal\\\/?p=181540\"]}]},{\"@type\":\"ImageObject\",\"inLanguage\":\"pt-BR\",\"@id\":\"https:\\\/\\\/aconteceunovale.com.br\\\/portal\\\/?p=181540#primaryimage\",\"url\":\"https:\\\/\\\/aconteceunovale.com.br\\\/portal\\\/wp-content\\\/uploads\\\/2018\\\/12\\\/vacas_carne.jpg\",\"contentUrl\":\"https:\\\/\\\/aconteceunovale.com.br\\\/portal\\\/wp-content\\\/uploads\\\/2018\\\/12\\\/vacas_carne.jpg\",\"width\":630,\"height\":450},{\"@type\":\"BreadcrumbList\",\"@id\":\"https:\\\/\\\/aconteceunovale.com.br\\\/portal\\\/?p=181540#breadcrumb\",\"itemListElement\":[{\"@type\":\"ListItem\",\"position\":1,\"name\":\"In\u00edcio\",\"item\":\"https:\\\/\\\/aconteceunovale.com.br\\\/portal\\\/\"},{\"@type\":\"ListItem\",\"position\":2,\"name\":\"Casos de mal da vaca louca no Brasil n\u00e3o representam risco para a cadeia de produ\u00e7\u00e3o bovina, diz OIE\"}]},{\"@type\":\"WebSite\",\"@id\":\"https:\\\/\\\/aconteceunovale.com.br\\\/portal\\\/#website\",\"url\":\"https:\\\/\\\/aconteceunovale.com.br\\\/portal\\\/\",\"name\":\"Aconteceu no Vale\",\"description\":\"Portal de Not\u00edcias\",\"potentialAction\":[{\"@type\":\"SearchAction\",\"target\":{\"@type\":\"EntryPoint\",\"urlTemplate\":\"https:\\\/\\\/aconteceunovale.com.br\\\/portal\\\/?s={search_term_string}\"},\"query-input\":{\"@type\":\"PropertyValueSpecification\",\"valueRequired\":true,\"valueName\":\"search_term_string\"}}],\"inLanguage\":\"pt-BR\"},{\"@type\":\"Person\",\"@id\":\"https:\\\/\\\/aconteceunovale.com.br\\\/portal\\\/#\\\/schema\\\/person\\\/7d2f26d1483f8a63de73da1ee0754d35\",\"name\":\"Reda\u00e7\u00e3o Aconteceu no Vale\",\"description\":\"Equipe de reportagem do Aconteceu no Vale, portal de not\u00edcias do Vale do Jequitinhonha, em Minas Gerais. Cobrimos as 51 cidades do Vale desde 2013. Sugest\u00f5es de pauta e pedidos de corre\u00e7\u00e3o: contato@aconteceunovale.com.br\",\"url\":\"https:\\\/\\\/aconteceunovale.com.br\\\/portal\\\/?author=4\"}]}<\/script>\n<!-- \/ Yoast SEO plugin. -->","yoast_head_json":{"title":"Casos de mal da vaca louca no Brasil n\u00e3o representam risco para a cadeia de produ\u00e7\u00e3o bovina, diz OIE - Aconteceu no Vale","robots":{"index":"index","follow":"follow","max-snippet":"max-snippet:-1","max-image-preview":"max-image-preview:large","max-video-preview":"max-video-preview:-1"},"canonical":"https:\/\/aconteceunovale.com.br\/portal\/?p=181540","og_locale":"pt_BR","og_type":"article","og_title":"Casos de mal da vaca louca no Brasil n\u00e3o representam risco para a cadeia de produ\u00e7\u00e3o bovina, diz OIE - Aconteceu no Vale","og_description":"A Organiza\u00e7\u00e3o Mundial de Sa\u00fade Animal (OIE) concluiu nesta segunda-feira (6\/9\/2021) que os dois casos de encefalopatia espongiforme bovina (EEB), conhecida como o mal da vaca louca, detectados em frigor\u00edficos de Minas Gerais e de Mato Grosso, n\u00e3o representam risco para a cadeia de produ\u00e7\u00e3o bovina. Segundo o Minist\u00e9rio da Agricultura, Pecu\u00e1ria e Abastecimento, os [&hellip;]","og_url":"https:\/\/aconteceunovale.com.br\/portal\/?p=181540","og_site_name":"Aconteceu no Vale","article_publisher":"https:\/\/www.facebook.com\/aconteceunovale\/","article_published_time":"2021-09-07T00:17:55+00:00","article_modified_time":"2021-09-07T00:18:06+00:00","og_image":[{"width":630,"height":450,"url":"https:\/\/aconteceunovale.com.br\/portal\/wp-content\/uploads\/2018\/12\/vacas_carne.jpg","type":"image\/jpeg"}],"author":"Reda\u00e7\u00e3o Aconteceu no Vale","twitter_card":"summary_large_image","twitter_creator":"@noticiadosvales","twitter_site":"@noticiadosvales","twitter_misc":{"Escrito por":"Reda\u00e7\u00e3o Aconteceu no Vale","Est. tempo de leitura":"2 minutos"},"schema":{"@context":"https:\/\/schema.org","@graph":[{"@type":"Article","@id":"https:\/\/aconteceunovale.com.br\/portal\/?p=181540#article","isPartOf":{"@id":"https:\/\/aconteceunovale.com.br\/portal\/?p=181540"},"author":{"name":"Reda\u00e7\u00e3o Aconteceu no Vale","@id":"https:\/\/aconteceunovale.com.br\/portal\/#\/schema\/person\/7d2f26d1483f8a63de73da1ee0754d35"},"headline":"Casos de mal da vaca louca no Brasil n\u00e3o representam risco para a cadeia de produ\u00e7\u00e3o bovina, diz OIE","datePublished":"2021-09-07T00:17:55+00:00","dateModified":"2021-09-07T00:18:06+00:00","mainEntityOfPage":{"@id":"https:\/\/aconteceunovale.com.br\/portal\/?p=181540"},"wordCount":409,"commentCount":0,"image":{"@id":"https:\/\/aconteceunovale.com.br\/portal\/?p=181540#primaryimage"},"thumbnailUrl":"https:\/\/aconteceunovale.com.br\/portal\/wp-content\/uploads\/2018\/12\/vacas_carne.jpg","keywords":["Abiec","Alberta","Associa\u00e7\u00e3o Brasileira das Ind\u00fastrias Exportadoras de Carnes","Belo Horizonte","bh","Canad\u00e1","Caso de encefalopatia espongiforme bovina em Belo Horizonte","Caso de encefalopatia espongiforme bovina em BH","Caso de encefalopatia espongiforme bovina em Minas Gerais","Caso de encefalopatia espongiforme bovina em Nova Cana\u00e3 do Norte","Caso de encefalopatia espongiforme bovina no Mato Grosso","Caso de vaca louca em Minas Gerais","Caso de vaca louca no Mato Grosso","Casos de vaca louca s\u00e3o confirmados em Mato Grosso e Minas Gerais","destaque","Exporta\u00e7\u00e3o de carne bovina suspensa","Mapa","Mato Grosso","MG","Minas Gerais","MT","Nova Cana\u00e3 do Norte","OIE","Organiza\u00e7\u00e3o Mundial de Sa\u00fade Animal","Saiba o que \u00e9 o mal da vaca louca","Suspens\u00e3o da exporta\u00e7\u00e3o de carne bovina","Vaca louca em Mato Grosso","Vaca louca em Minas Gerais"],"articleSection":["Brasil","Minas Gerais","Mundo","Sa\u00fade"],"inLanguage":"pt-BR","potentialAction":[{"@type":"CommentAction","name":"Comment","target":["https:\/\/aconteceunovale.com.br\/portal\/?p=181540#respond"]}]},{"@type":"WebPage","@id":"https:\/\/aconteceunovale.com.br\/portal\/?p=181540","url":"https:\/\/aconteceunovale.com.br\/portal\/?p=181540","name":"Casos de mal da vaca louca no Brasil n\u00e3o representam risco para a cadeia de produ\u00e7\u00e3o bovina, diz OIE - Aconteceu no Vale","isPartOf":{"@id":"https:\/\/aconteceunovale.com.br\/portal\/#website"},"primaryImageOfPage":{"@id":"https:\/\/aconteceunovale.com.br\/portal\/?p=181540#primaryimage"},"image":{"@id":"https:\/\/aconteceunovale.com.br\/portal\/?p=181540#primaryimage"},"thumbnailUrl":"https:\/\/aconteceunovale.com.br\/portal\/wp-content\/uploads\/2018\/12\/vacas_carne.jpg","datePublished":"2021-09-07T00:17:55+00:00","dateModified":"2021-09-07T00:18:06+00:00","author":{"@id":"https:\/\/aconteceunovale.com.br\/portal\/#\/schema\/person\/7d2f26d1483f8a63de73da1ee0754d35"},"breadcrumb":{"@id":"https:\/\/aconteceunovale.com.br\/portal\/?p=181540#breadcrumb"},"inLanguage":"pt-BR","potentialAction":[{"@type":"ReadAction","target":["https:\/\/aconteceunovale.com.br\/portal\/?p=181540"]}]},{"@type":"ImageObject","inLanguage":"pt-BR","@id":"https:\/\/aconteceunovale.com.br\/portal\/?p=181540#primaryimage","url":"https:\/\/aconteceunovale.com.br\/portal\/wp-content\/uploads\/2018\/12\/vacas_carne.jpg","contentUrl":"https:\/\/aconteceunovale.com.br\/portal\/wp-content\/uploads\/2018\/12\/vacas_carne.jpg","width":630,"height":450},{"@type":"BreadcrumbList","@id":"https:\/\/aconteceunovale.com.br\/portal\/?p=181540#breadcrumb","itemListElement":[{"@type":"ListItem","position":1,"name":"In\u00edcio","item":"https:\/\/aconteceunovale.com.br\/portal\/"},{"@type":"ListItem","position":2,"name":"Casos de mal da vaca louca no Brasil n\u00e3o representam risco para a cadeia de produ\u00e7\u00e3o bovina, diz OIE"}]},{"@type":"WebSite","@id":"https:\/\/aconteceunovale.com.br\/portal\/#website","url":"https:\/\/aconteceunovale.com.br\/portal\/","name":"Aconteceu no Vale","description":"Portal de Not\u00edcias","potentialAction":[{"@type":"SearchAction","target":{"@type":"EntryPoint","urlTemplate":"https:\/\/aconteceunovale.com.br\/portal\/?s={search_term_string}"},"query-input":{"@type":"PropertyValueSpecification","valueRequired":true,"valueName":"search_term_string"}}],"inLanguage":"pt-BR"},{"@type":"Person","@id":"https:\/\/aconteceunovale.com.br\/portal\/#\/schema\/person\/7d2f26d1483f8a63de73da1ee0754d35","name":"Reda\u00e7\u00e3o Aconteceu no Vale","description":"Equipe de reportagem do Aconteceu no Vale, portal de not\u00edcias do Vale do Jequitinhonha, em Minas Gerais. Cobrimos as 51 cidades do Vale desde 2013. Sugest\u00f5es de pauta e pedidos de corre\u00e7\u00e3o: contato@aconteceunovale.com.br","url":"https:\/\/aconteceunovale.com.br\/portal\/?author=4"}]}},"_links":{"self":[{"href":"https:\/\/aconteceunovale.com.br\/portal\/index.php?rest_route=\/wp\/v2\/posts\/181540","targetHints":{"allow":["GET"]}}],"collection":[{"href":"https:\/\/aconteceunovale.com.br\/portal\/index.php?rest_route=\/wp\/v2\/posts"}],"about":[{"href":"https:\/\/aconteceunovale.com.br\/portal\/index.php?rest_route=\/wp\/v2\/types\/post"}],"author":[{"embeddable":true,"href":"https:\/\/aconteceunovale.com.br\/portal\/index.php?rest_route=\/wp\/v2\/users\/4"}],"replies":[{"embeddable":true,"href":"https:\/\/aconteceunovale.com.br\/portal\/index.php?rest_route=%2Fwp%2Fv2%2Fcomments&post=181540"}],"version-history":[{"count":1,"href":"https:\/\/aconteceunovale.com.br\/portal\/index.php?rest_route=\/wp\/v2\/posts\/181540\/revisions"}],"predecessor-version":[{"id":181541,"href":"https:\/\/aconteceunovale.com.br\/portal\/index.php?rest_route=\/wp\/v2\/posts\/181540\/revisions\/181541"}],"wp:featuredmedia":[{"embeddable":true,"href":"https:\/\/aconteceunovale.com.br\/portal\/index.php?rest_route=\/wp\/v2\/media\/140291"}],"wp:attachment":[{"href":"https:\/\/aconteceunovale.com.br\/portal\/index.php?rest_route=%2Fwp%2Fv2%2Fmedia&parent=181540"}],"wp:term":[{"taxonomy":"category","embeddable":true,"href":"https:\/\/aconteceunovale.com.br\/portal\/index.php?rest_route=%2Fwp%2Fv2%2Fcategories&post=181540"},{"taxonomy":"post_tag","embeddable":true,"href":"https:\/\/aconteceunovale.com.br\/portal\/index.php?rest_route=%2Fwp%2Fv2%2Ftags&post=181540"}],"curies":[{"name":"wp","href":"https:\/\/api.w.org\/{rel}","templated":true}]}}