{"id":181518,"date":"2021-09-06T19:22:28","date_gmt":"2021-09-06T22:22:28","guid":{"rendered":"https:\/\/aconteceunovale.com.br\/portal\/?p=181518"},"modified":"2021-09-06T19:24:53","modified_gmt":"2021-09-06T22:24:53","slug":"partidos-e-organizacoes-divulgam-carta-contra-ameacas-a-democracia","status":"publish","type":"post","link":"https:\/\/aconteceunovale.com.br\/portal\/?p=181518","title":{"rendered":"Partidos e organiza\u00e7\u00f5es divulgam carta contra amea\u00e7as \u00e0 democracia"},"content":{"rendered":"\n<p class=\"wp-block-paragraph\">Lideran\u00e7as de 16 partidos pol\u00edticos e de organiza\u00e7\u00f5es sociais criticaram hoje (6\/9\/2021) o que chamaram de supostas \u201camea\u00e7as do Poder Executivo \u00e0 democracia e \u00e0 Constitui\u00e7\u00e3o Brasileira\u201d. Intitulado Direitos J\u00e1! F\u00f3rum pela Democracia, o grupo \u00e9 uma iniciativa da sociedade civil que re\u00fane, desde 2019, lideran\u00e7as de partidos pol\u00edticos, organiza\u00e7\u00f5es da sociedade civil e cidad\u00e3os mobilizados. Os partidos que integram o grupo s\u00e3o: PDT, MDB, PSB, PCdoB, PSOL, PSL, PT, PSDB, PV, Rede, Podemos, Solidariedade, Cidadania, PL, DEM e PSD.<img decoding=\"async\" src=\"https:\/\/agenciabrasil.ebc.com.br\/ebc.png?id=1420831&amp;o=node\"><img decoding=\"async\" src=\"https:\/\/agenciabrasil.ebc.com.br\/ebc.gif?id=1420831&amp;o=node\"><\/p>\n\n\n\n<p class=\"wp-block-paragraph\">A organiza\u00e7\u00e3o divulgou carta contra o posicionamento do presidente Jair Bolsonaro e a possibilidade de questionamento de decis\u00f5es do Poder Judici\u00e1rio, o que poderia acirrar apoiadores contra os ministros da Corte. Nesta segunda-feira, Bolsonaro fez uma\u00a0publica\u00e7\u00e3o nas redes sociais, convidando a popula\u00e7\u00e3o a ir \u00e0s ruas amanh\u00e3 (7), \u201cem paz e harmonia\u201d, em comemora\u00e7\u00e3o ao 199\u00b0 anivers\u00e1rio da independ\u00eancia do Brasil.<\/p>\n\n\n\n<p class=\"wp-block-paragraph\">O grupo pede uma manifesta\u00e7\u00e3o ordeira \u00e0queles que queiram protestar em favor do presidente no 7 de Setembro. \u201cNo entanto, que qualquer atitude atentat\u00f3ria \u00e0 independ\u00eancia dos poderes, ao primado da lei e \u00e0 liberdade dos cidad\u00e3os seja duramente reprimida e debelada pela autoridade da Constitui\u00e7\u00e3o, na defesa da ordem democr\u00e1tica\u201d, completaram as organiza\u00e7\u00f5es.<\/p>\n\n\n\n<h2 class=\"wp-block-heading\">Carta de ex-presidentes<\/h2>\n\n\n\n<p class=\"wp-block-paragraph\">Tamb\u00e9m nesta segunda-feira, mais de 150 parlamentares, ministros e ex-presidentes de 26 pa\u00edses divulgaram carta em que alertam para os riscos de atos em apoio ao presidente se configurarem &nbsp;\u201cintimida\u00e7\u00e3o das institui\u00e7\u00f5es democr\u00e1ticas do pa\u00eds\u201d. A carta foi coordenada pela rede global Progressive International.<\/p>\n\n\n\n<p class=\"wp-block-paragraph\">O documento cita a\u00e7\u00f5es anteriores, como a\u00a0apresenta\u00e7\u00e3o de carros blindados\u00a0da Marinha na Esplanada dos Minist\u00e9rios, no m\u00eas passado, e declara\u00e7\u00f5es sobre a n\u00e3o realiza\u00e7\u00e3o das\u00a0elei\u00e7\u00f5es\u00a0no ano que vem, caso o voto impresso n\u00e3o fosse aprovado.<\/p>\n\n\n\n<p class=\"wp-block-paragraph\">Entre os signat\u00e1rios da carta est\u00e3o os ex-presidentes Fernando Lugo (Paraguai),\u00a0Ernesto Samper (da Col\u00f4mbia)\u00a0e Rafael Correa (Equador), al\u00e9m do ex-primeiro-ministro da Espanha\u00a0Jos\u00e9 Luis Rodr\u00edguez Zapatero\u00a0e o presidente do Parlamento do Mercosul, Oscar Laborde. Os professores Noam Chomsky e Cornel West, o ganhador do Pr\u00eamio Nobel da Paz, Adolfo P\u00e9rez Esquivel, e o ex-ministro das Rela\u00e7\u00f5es Exteriores do Brasil Celso Amorim tamb\u00e9m assinam o documento.<\/p>\n\n\n\n<p class=\"wp-block-paragraph\">&#8212;&#8212;&#8212;&#8212;&#8212;&#8212;<br><em>Quer receber as not\u00edcias do <strong>Aconteceu no Vale<\/strong> em primeira m\u00e3o? Siga-nos no Facebook <a rel=\"noreferrer noopener\" href=\"http:\/\/facebook.com\/aconteceunovale\" target=\"_blank\">@aconteceunovale<\/a>, Twitter <a rel=\"noreferrer noopener\" href=\"https:\/\/twitter.com\/noticiadosvales\" target=\"_blank\">@noticiadosvales<\/a> e Instagram <a rel=\"noreferrer noopener\" href=\"https:\/\/www.instagram.com\/aconteceunovale\" target=\"_blank\">@aconteceunovale<\/a>.<\/em><\/p>\n","protected":false},"excerpt":{"rendered":"<p>Lideran\u00e7as de 16 partidos pol\u00edticos e de organiza\u00e7\u00f5es sociais criticaram hoje (6\/9\/2021) o que chamaram de supostas \u201camea\u00e7as do Poder Executivo \u00e0 democracia e \u00e0 Constitui\u00e7\u00e3o Brasileira\u201d. Intitulado Direitos J\u00e1! F\u00f3rum pela Democracia, o grupo \u00e9 uma iniciativa da sociedade civil que re\u00fane, desde 2019, lideran\u00e7as de partidos pol\u00edticos, organiza\u00e7\u00f5es da sociedade civil e cidad\u00e3os [&hellip;]<\/p>\n","protected":false},"author":4,"featured_media":156717,"comment_status":"open","ping_status":"closed","sticky":false,"template":"","format":"standard","meta":{"amp_status":"","footnotes":""},"categories":[6,40240],"tags":[250646,113652,250718,100375,4785,250707,250709,27832,250647,7872,41288,250648,250717,134568,228964,250710,94401,250712,250711,113654,26436,250714,250644,250708,250645,177500,250716,250715,26438,114476,243467,171342,184222,174222,13894,119338,7882,153200,13969,758,101754,250713,59640,122679],"class_list":["post-181518","post","type-post","status-publish","format-standard","has-post-thumbnail","hentry","category-br","category-politica","tag-199o-aniversario-da-independencia-do-brasil","tag-7-de-setembro","tag-adolfo-perez-esquivel","tag-bolsonaro","tag-brasil","tag-carta-contra-ameacas-a-democracia","tag-carta-de-partidos-contra-ameacas-a-democracia","tag-celso-amorim","tag-cf","tag-cidadania","tag-constituicao-brasileira","tag-constituicao-federal","tag-cornel-west","tag-dem","tag-dia-da-independencia","tag-direitos-ja","tag-ernesto-samper","tag-fernando-lugo","tag-forum-pela-democracia","tag-independencia-do-brasil","tag-jair-bolsonaro","tag-jose-luis-rodriguez-zapatero","tag-manifestacoes-de-7-de-setembro","tag-manifestacoes-no-brasil","tag-manifestacoes-no-dia-da-independencia","tag-mdb","tag-noam-chomsky","tag-oscar-laborde","tag-pcdob","tag-pdt","tag-pl","tag-podemos","tag-presidente-bolsonaro","tag-presidente-jair-bolsonaro","tag-psb","tag-psd","tag-psdb","tag-psl","tag-psol","tag-pt","tag-pv","tag-rafael-correa","tag-rede","tag-solidariedade"],"yoast_head":"<!-- This site is optimized with the Yoast SEO plugin v28.3 - https:\/\/yoast.com\/product\/yoast-seo-wordpress\/ -->\n<title>Partidos e organiza\u00e7\u00f5es divulgam carta contra amea\u00e7as \u00e0 democracia - Aconteceu no Vale<\/title>\n<meta name=\"robots\" content=\"index, follow, max-snippet:-1, max-image-preview:large, max-video-preview:-1\" \/>\n<link rel=\"canonical\" href=\"https:\/\/aconteceunovale.com.br\/portal\/?p=181518\" \/>\n<meta property=\"og:locale\" content=\"pt_BR\" \/>\n<meta property=\"og:type\" content=\"article\" \/>\n<meta property=\"og:title\" content=\"Partidos e organiza\u00e7\u00f5es divulgam carta contra amea\u00e7as \u00e0 democracia - Aconteceu no Vale\" \/>\n<meta property=\"og:description\" content=\"Lideran\u00e7as de 16 partidos pol\u00edticos e de organiza\u00e7\u00f5es sociais criticaram hoje (6\/9\/2021) o que chamaram de supostas \u201camea\u00e7as do Poder Executivo \u00e0 democracia e \u00e0 Constitui\u00e7\u00e3o Brasileira\u201d. Intitulado Direitos J\u00e1! F\u00f3rum pela Democracia, o grupo \u00e9 uma iniciativa da sociedade civil que re\u00fane, desde 2019, lideran\u00e7as de partidos pol\u00edticos, organiza\u00e7\u00f5es da sociedade civil e cidad\u00e3os [&hellip;]\" \/>\n<meta property=\"og:url\" content=\"https:\/\/aconteceunovale.com.br\/portal\/?p=181518\" \/>\n<meta property=\"og:site_name\" content=\"Aconteceu no Vale\" \/>\n<meta property=\"article:publisher\" content=\"https:\/\/www.facebook.com\/aconteceunovale\/\" \/>\n<meta property=\"article:published_time\" content=\"2021-09-06T22:22:28+00:00\" \/>\n<meta property=\"article:modified_time\" content=\"2021-09-06T22:24:53+00:00\" \/>\n<meta property=\"og:image\" content=\"https:\/\/aconteceunovale.com.br\/portal\/wp-content\/uploads\/2020\/01\/bandeira_brasil.jpg\" \/>\n\t<meta property=\"og:image:width\" content=\"675\" \/>\n\t<meta property=\"og:image:height\" content=\"450\" \/>\n\t<meta property=\"og:image:type\" content=\"image\/jpeg\" \/>\n<meta name=\"author\" content=\"Reda\u00e7\u00e3o Aconteceu no Vale\" \/>\n<meta name=\"twitter:card\" content=\"summary_large_image\" \/>\n<meta name=\"twitter:creator\" content=\"@noticiadosvales\" \/>\n<meta name=\"twitter:site\" content=\"@noticiadosvales\" \/>\n<meta name=\"twitter:label1\" content=\"Escrito por\" \/>\n\t<meta name=\"twitter:data1\" content=\"Reda\u00e7\u00e3o Aconteceu no Vale\" \/>\n\t<meta name=\"twitter:label2\" content=\"Est. tempo de leitura\" \/>\n\t<meta name=\"twitter:data2\" content=\"2 minutos\" \/>\n<script type=\"application\/ld+json\" class=\"yoast-schema-graph\">{\"@context\":\"https:\\\/\\\/schema.org\",\"@graph\":[{\"@type\":\"Article\",\"@id\":\"https:\\\/\\\/aconteceunovale.com.br\\\/portal\\\/?p=181518#article\",\"isPartOf\":{\"@id\":\"https:\\\/\\\/aconteceunovale.com.br\\\/portal\\\/?p=181518\"},\"author\":{\"name\":\"Reda\u00e7\u00e3o Aconteceu no Vale\",\"@id\":\"https:\\\/\\\/aconteceunovale.com.br\\\/portal\\\/#\\\/schema\\\/person\\\/7d2f26d1483f8a63de73da1ee0754d35\"},\"headline\":\"Partidos e organiza\u00e7\u00f5es divulgam carta contra amea\u00e7as \u00e0 democracia\",\"datePublished\":\"2021-09-06T22:22:28+00:00\",\"dateModified\":\"2021-09-06T22:24:53+00:00\",\"mainEntityOfPage\":{\"@id\":\"https:\\\/\\\/aconteceunovale.com.br\\\/portal\\\/?p=181518\"},\"wordCount\":422,\"commentCount\":0,\"image\":{\"@id\":\"https:\\\/\\\/aconteceunovale.com.br\\\/portal\\\/?p=181518#primaryimage\"},\"thumbnailUrl\":\"https:\\\/\\\/aconteceunovale.com.br\\\/portal\\\/wp-content\\\/uploads\\\/2020\\\/01\\\/bandeira_brasil.jpg\",\"keywords\":[\"199\u00ba anivers\u00e1rio da Independ\u00eancia do Brasil\",\"7 de setembro\",\"Adolfo P\u00e9rez Esquivel\",\"Bolsonaro\",\"brasil\",\"Carta contra amea\u00e7as \u00e0 democracia\",\"Carta de partidos contra amea\u00e7as \u00e0 democracia\",\"Celso Amorim\",\"CF\",\"cidadania\",\"constitui\u00e7\u00e3o brasileira\",\"Constitui\u00e7\u00e3o Federal\",\"Cornel West\",\"DEM\",\"Dia da Independ\u00eancia\",\"Direitos J\u00e1\",\"Ernesto Samper\",\"Fernando Lugo\",\"F\u00f3rum pela Democracia\",\"Independ\u00eancia do Brasil\",\"Jair Bolsonaro\",\"Jos\u00e9 Luis Rodr\u00edguez Zapatero\",\"Manifesta\u00e7\u00f5es de 7 de setembro\",\"Manifesta\u00e7\u00f5es no Brasil\",\"Manifesta\u00e7\u00f5es no Dia da Independ\u00eancia\",\"MDB\",\"Noam Chomsky\",\"Oscar Laborde\",\"PCdoB\",\"PDT\",\"PL\",\"Podemos\",\"Presidente Bolsonaro\",\"Presidente Jair Bolsonaro\",\"PSB\",\"PSD\",\"psdb\",\"PSL\",\"PSOL\",\"PT\",\"PV\",\"Rafael Correa\",\"rede\",\"Solidariedade\"],\"articleSection\":[\"Brasil\",\"Pol\u00edtica\"],\"inLanguage\":\"pt-BR\",\"potentialAction\":[{\"@type\":\"CommentAction\",\"name\":\"Comment\",\"target\":[\"https:\\\/\\\/aconteceunovale.com.br\\\/portal\\\/?p=181518#respond\"]}]},{\"@type\":\"WebPage\",\"@id\":\"https:\\\/\\\/aconteceunovale.com.br\\\/portal\\\/?p=181518\",\"url\":\"https:\\\/\\\/aconteceunovale.com.br\\\/portal\\\/?p=181518\",\"name\":\"Partidos e organiza\u00e7\u00f5es divulgam carta contra amea\u00e7as \u00e0 democracia - Aconteceu no Vale\",\"isPartOf\":{\"@id\":\"https:\\\/\\\/aconteceunovale.com.br\\\/portal\\\/#website\"},\"primaryImageOfPage\":{\"@id\":\"https:\\\/\\\/aconteceunovale.com.br\\\/portal\\\/?p=181518#primaryimage\"},\"image\":{\"@id\":\"https:\\\/\\\/aconteceunovale.com.br\\\/portal\\\/?p=181518#primaryimage\"},\"thumbnailUrl\":\"https:\\\/\\\/aconteceunovale.com.br\\\/portal\\\/wp-content\\\/uploads\\\/2020\\\/01\\\/bandeira_brasil.jpg\",\"datePublished\":\"2021-09-06T22:22:28+00:00\",\"dateModified\":\"2021-09-06T22:24:53+00:00\",\"author\":{\"@id\":\"https:\\\/\\\/aconteceunovale.com.br\\\/portal\\\/#\\\/schema\\\/person\\\/7d2f26d1483f8a63de73da1ee0754d35\"},\"breadcrumb\":{\"@id\":\"https:\\\/\\\/aconteceunovale.com.br\\\/portal\\\/?p=181518#breadcrumb\"},\"inLanguage\":\"pt-BR\",\"potentialAction\":[{\"@type\":\"ReadAction\",\"target\":[\"https:\\\/\\\/aconteceunovale.com.br\\\/portal\\\/?p=181518\"]}]},{\"@type\":\"ImageObject\",\"inLanguage\":\"pt-BR\",\"@id\":\"https:\\\/\\\/aconteceunovale.com.br\\\/portal\\\/?p=181518#primaryimage\",\"url\":\"https:\\\/\\\/aconteceunovale.com.br\\\/portal\\\/wp-content\\\/uploads\\\/2020\\\/01\\\/bandeira_brasil.jpg\",\"contentUrl\":\"https:\\\/\\\/aconteceunovale.com.br\\\/portal\\\/wp-content\\\/uploads\\\/2020\\\/01\\\/bandeira_brasil.jpg\",\"width\":675,\"height\":450},{\"@type\":\"BreadcrumbList\",\"@id\":\"https:\\\/\\\/aconteceunovale.com.br\\\/portal\\\/?p=181518#breadcrumb\",\"itemListElement\":[{\"@type\":\"ListItem\",\"position\":1,\"name\":\"In\u00edcio\",\"item\":\"https:\\\/\\\/aconteceunovale.com.br\\\/portal\\\/\"},{\"@type\":\"ListItem\",\"position\":2,\"name\":\"Partidos e organiza\u00e7\u00f5es divulgam carta contra amea\u00e7as \u00e0 democracia\"}]},{\"@type\":\"WebSite\",\"@id\":\"https:\\\/\\\/aconteceunovale.com.br\\\/portal\\\/#website\",\"url\":\"https:\\\/\\\/aconteceunovale.com.br\\\/portal\\\/\",\"name\":\"Aconteceu no Vale\",\"description\":\"Portal de Not\u00edcias\",\"potentialAction\":[{\"@type\":\"SearchAction\",\"target\":{\"@type\":\"EntryPoint\",\"urlTemplate\":\"https:\\\/\\\/aconteceunovale.com.br\\\/portal\\\/?s={search_term_string}\"},\"query-input\":{\"@type\":\"PropertyValueSpecification\",\"valueRequired\":true,\"valueName\":\"search_term_string\"}}],\"inLanguage\":\"pt-BR\"},{\"@type\":\"Person\",\"@id\":\"https:\\\/\\\/aconteceunovale.com.br\\\/portal\\\/#\\\/schema\\\/person\\\/7d2f26d1483f8a63de73da1ee0754d35\",\"name\":\"Reda\u00e7\u00e3o Aconteceu no Vale\",\"description\":\"Equipe de reportagem do Aconteceu no Vale, portal de not\u00edcias do Vale do Jequitinhonha, em Minas Gerais. Cobrimos as 51 cidades do Vale desde 2013. Sugest\u00f5es de pauta e pedidos de corre\u00e7\u00e3o: contato@aconteceunovale.com.br\",\"url\":\"https:\\\/\\\/aconteceunovale.com.br\\\/portal\\\/?author=4\"}]}<\/script>\n<!-- \/ Yoast SEO plugin. -->","yoast_head_json":{"title":"Partidos e organiza\u00e7\u00f5es divulgam carta contra amea\u00e7as \u00e0 democracia - Aconteceu no Vale","robots":{"index":"index","follow":"follow","max-snippet":"max-snippet:-1","max-image-preview":"max-image-preview:large","max-video-preview":"max-video-preview:-1"},"canonical":"https:\/\/aconteceunovale.com.br\/portal\/?p=181518","og_locale":"pt_BR","og_type":"article","og_title":"Partidos e organiza\u00e7\u00f5es divulgam carta contra amea\u00e7as \u00e0 democracia - Aconteceu no Vale","og_description":"Lideran\u00e7as de 16 partidos pol\u00edticos e de organiza\u00e7\u00f5es sociais criticaram hoje (6\/9\/2021) o que chamaram de supostas \u201camea\u00e7as do Poder Executivo \u00e0 democracia e \u00e0 Constitui\u00e7\u00e3o Brasileira\u201d. Intitulado Direitos J\u00e1! F\u00f3rum pela Democracia, o grupo \u00e9 uma iniciativa da sociedade civil que re\u00fane, desde 2019, lideran\u00e7as de partidos pol\u00edticos, organiza\u00e7\u00f5es da sociedade civil e cidad\u00e3os [&hellip;]","og_url":"https:\/\/aconteceunovale.com.br\/portal\/?p=181518","og_site_name":"Aconteceu no Vale","article_publisher":"https:\/\/www.facebook.com\/aconteceunovale\/","article_published_time":"2021-09-06T22:22:28+00:00","article_modified_time":"2021-09-06T22:24:53+00:00","og_image":[{"width":675,"height":450,"url":"https:\/\/aconteceunovale.com.br\/portal\/wp-content\/uploads\/2020\/01\/bandeira_brasil.jpg","type":"image\/jpeg"}],"author":"Reda\u00e7\u00e3o Aconteceu no Vale","twitter_card":"summary_large_image","twitter_creator":"@noticiadosvales","twitter_site":"@noticiadosvales","twitter_misc":{"Escrito por":"Reda\u00e7\u00e3o Aconteceu no Vale","Est. tempo de leitura":"2 minutos"},"schema":{"@context":"https:\/\/schema.org","@graph":[{"@type":"Article","@id":"https:\/\/aconteceunovale.com.br\/portal\/?p=181518#article","isPartOf":{"@id":"https:\/\/aconteceunovale.com.br\/portal\/?p=181518"},"author":{"name":"Reda\u00e7\u00e3o Aconteceu no Vale","@id":"https:\/\/aconteceunovale.com.br\/portal\/#\/schema\/person\/7d2f26d1483f8a63de73da1ee0754d35"},"headline":"Partidos e organiza\u00e7\u00f5es divulgam carta contra amea\u00e7as \u00e0 democracia","datePublished":"2021-09-06T22:22:28+00:00","dateModified":"2021-09-06T22:24:53+00:00","mainEntityOfPage":{"@id":"https:\/\/aconteceunovale.com.br\/portal\/?p=181518"},"wordCount":422,"commentCount":0,"image":{"@id":"https:\/\/aconteceunovale.com.br\/portal\/?p=181518#primaryimage"},"thumbnailUrl":"https:\/\/aconteceunovale.com.br\/portal\/wp-content\/uploads\/2020\/01\/bandeira_brasil.jpg","keywords":["199\u00ba anivers\u00e1rio da Independ\u00eancia do Brasil","7 de setembro","Adolfo P\u00e9rez Esquivel","Bolsonaro","brasil","Carta contra amea\u00e7as \u00e0 democracia","Carta de partidos contra amea\u00e7as \u00e0 democracia","Celso Amorim","CF","cidadania","constitui\u00e7\u00e3o brasileira","Constitui\u00e7\u00e3o Federal","Cornel West","DEM","Dia da Independ\u00eancia","Direitos J\u00e1","Ernesto Samper","Fernando Lugo","F\u00f3rum pela Democracia","Independ\u00eancia do Brasil","Jair Bolsonaro","Jos\u00e9 Luis Rodr\u00edguez Zapatero","Manifesta\u00e7\u00f5es de 7 de setembro","Manifesta\u00e7\u00f5es no Brasil","Manifesta\u00e7\u00f5es no Dia da Independ\u00eancia","MDB","Noam Chomsky","Oscar Laborde","PCdoB","PDT","PL","Podemos","Presidente Bolsonaro","Presidente Jair Bolsonaro","PSB","PSD","psdb","PSL","PSOL","PT","PV","Rafael Correa","rede","Solidariedade"],"articleSection":["Brasil","Pol\u00edtica"],"inLanguage":"pt-BR","potentialAction":[{"@type":"CommentAction","name":"Comment","target":["https:\/\/aconteceunovale.com.br\/portal\/?p=181518#respond"]}]},{"@type":"WebPage","@id":"https:\/\/aconteceunovale.com.br\/portal\/?p=181518","url":"https:\/\/aconteceunovale.com.br\/portal\/?p=181518","name":"Partidos e organiza\u00e7\u00f5es divulgam carta contra amea\u00e7as \u00e0 democracia - Aconteceu no Vale","isPartOf":{"@id":"https:\/\/aconteceunovale.com.br\/portal\/#website"},"primaryImageOfPage":{"@id":"https:\/\/aconteceunovale.com.br\/portal\/?p=181518#primaryimage"},"image":{"@id":"https:\/\/aconteceunovale.com.br\/portal\/?p=181518#primaryimage"},"thumbnailUrl":"https:\/\/aconteceunovale.com.br\/portal\/wp-content\/uploads\/2020\/01\/bandeira_brasil.jpg","datePublished":"2021-09-06T22:22:28+00:00","dateModified":"2021-09-06T22:24:53+00:00","author":{"@id":"https:\/\/aconteceunovale.com.br\/portal\/#\/schema\/person\/7d2f26d1483f8a63de73da1ee0754d35"},"breadcrumb":{"@id":"https:\/\/aconteceunovale.com.br\/portal\/?p=181518#breadcrumb"},"inLanguage":"pt-BR","potentialAction":[{"@type":"ReadAction","target":["https:\/\/aconteceunovale.com.br\/portal\/?p=181518"]}]},{"@type":"ImageObject","inLanguage":"pt-BR","@id":"https:\/\/aconteceunovale.com.br\/portal\/?p=181518#primaryimage","url":"https:\/\/aconteceunovale.com.br\/portal\/wp-content\/uploads\/2020\/01\/bandeira_brasil.jpg","contentUrl":"https:\/\/aconteceunovale.com.br\/portal\/wp-content\/uploads\/2020\/01\/bandeira_brasil.jpg","width":675,"height":450},{"@type":"BreadcrumbList","@id":"https:\/\/aconteceunovale.com.br\/portal\/?p=181518#breadcrumb","itemListElement":[{"@type":"ListItem","position":1,"name":"In\u00edcio","item":"https:\/\/aconteceunovale.com.br\/portal\/"},{"@type":"ListItem","position":2,"name":"Partidos e organiza\u00e7\u00f5es divulgam carta contra amea\u00e7as \u00e0 democracia"}]},{"@type":"WebSite","@id":"https:\/\/aconteceunovale.com.br\/portal\/#website","url":"https:\/\/aconteceunovale.com.br\/portal\/","name":"Aconteceu no Vale","description":"Portal de Not\u00edcias","potentialAction":[{"@type":"SearchAction","target":{"@type":"EntryPoint","urlTemplate":"https:\/\/aconteceunovale.com.br\/portal\/?s={search_term_string}"},"query-input":{"@type":"PropertyValueSpecification","valueRequired":true,"valueName":"search_term_string"}}],"inLanguage":"pt-BR"},{"@type":"Person","@id":"https:\/\/aconteceunovale.com.br\/portal\/#\/schema\/person\/7d2f26d1483f8a63de73da1ee0754d35","name":"Reda\u00e7\u00e3o Aconteceu no Vale","description":"Equipe de reportagem do Aconteceu no Vale, portal de not\u00edcias do Vale do Jequitinhonha, em Minas Gerais. Cobrimos as 51 cidades do Vale desde 2013. Sugest\u00f5es de pauta e pedidos de corre\u00e7\u00e3o: contato@aconteceunovale.com.br","url":"https:\/\/aconteceunovale.com.br\/portal\/?author=4"}]}},"_links":{"self":[{"href":"https:\/\/aconteceunovale.com.br\/portal\/index.php?rest_route=\/wp\/v2\/posts\/181518","targetHints":{"allow":["GET"]}}],"collection":[{"href":"https:\/\/aconteceunovale.com.br\/portal\/index.php?rest_route=\/wp\/v2\/posts"}],"about":[{"href":"https:\/\/aconteceunovale.com.br\/portal\/index.php?rest_route=\/wp\/v2\/types\/post"}],"author":[{"embeddable":true,"href":"https:\/\/aconteceunovale.com.br\/portal\/index.php?rest_route=\/wp\/v2\/users\/4"}],"replies":[{"embeddable":true,"href":"https:\/\/aconteceunovale.com.br\/portal\/index.php?rest_route=%2Fwp%2Fv2%2Fcomments&post=181518"}],"version-history":[{"count":1,"href":"https:\/\/aconteceunovale.com.br\/portal\/index.php?rest_route=\/wp\/v2\/posts\/181518\/revisions"}],"predecessor-version":[{"id":181519,"href":"https:\/\/aconteceunovale.com.br\/portal\/index.php?rest_route=\/wp\/v2\/posts\/181518\/revisions\/181519"}],"wp:featuredmedia":[{"embeddable":true,"href":"https:\/\/aconteceunovale.com.br\/portal\/index.php?rest_route=\/wp\/v2\/media\/156717"}],"wp:attachment":[{"href":"https:\/\/aconteceunovale.com.br\/portal\/index.php?rest_route=%2Fwp%2Fv2%2Fmedia&parent=181518"}],"wp:term":[{"taxonomy":"category","embeddable":true,"href":"https:\/\/aconteceunovale.com.br\/portal\/index.php?rest_route=%2Fwp%2Fv2%2Fcategories&post=181518"},{"taxonomy":"post_tag","embeddable":true,"href":"https:\/\/aconteceunovale.com.br\/portal\/index.php?rest_route=%2Fwp%2Fv2%2Ftags&post=181518"}],"curies":[{"name":"wp","href":"https:\/\/api.w.org\/{rel}","templated":true}]}}