{"id":18151,"date":"2014-01-10T12:01:34","date_gmt":"2014-01-10T14:01:34","guid":{"rendered":"http:\/\/aconteceunovale.com.br\/portal\/?p=18151"},"modified":"2014-01-10T12:01:34","modified_gmt":"2014-01-10T14:01:34","slug":"museu-regional-do-norte-de-minas-recebe-recursos-para-custear-obras-da-segunda-etapa","status":"publish","type":"post","link":"https:\/\/aconteceunovale.com.br\/portal\/?p=18151","title":{"rendered":"Museu Regional do Norte de Minas recebe recursos para custear obras da segunda etapa"},"content":{"rendered":"<p><em><strong>Grupo Rima, l\u00edder nacional na produ\u00e7\u00e3o de sil\u00edcio e presente em v\u00e1rias cidades do norte-mineiro, destina quantia para o espa\u00e7o, pertencente \u00e0 Unimontes<\/strong><\/em><\/p>\n<p><img decoding=\"async\" src=\"http:\/\/aconteceunovale.com.br\/portal\/wp-content\/uploads\/2014\/01\/museu-regional-do-norte-de-minas-recebe-recursos-para-custear-obras-da-segunda-etapa.jpg\" alt=\"\" \/><br \/>\n<em><strong>Pr\u00e9dio foi reformado em 2009 pelo Governo de Minas &#8211; Foto: Alex Sezko<\/strong><\/em><\/p>\n<p>O projeto de implanta\u00e7\u00e3o do Museu Regional do Norte de Minas, que funcionar\u00e1 no Casar\u00e3o da Fafil, da Universidade Estadual de Montes Claros (Unimontes), receber\u00e1 recursos da ordem de R$ 150 mil. O investimento foi viabilizado pelo Grupo Rima, que possui v\u00e1rias empresas no Norte de Minas, por interm\u00e9dio da Lei 8.313\/91 (Lei Rouanet).<\/p>\n<p>O pr\u00e9dio em estilo colonial, datado de 1889 e localizado no centro hist\u00f3rico de Montes Claros, foi reformado pelo Governo de Minas em 2009, como parte da primeira etapa de cria\u00e7\u00e3o do Museu Regional. Na oportunidade, os recursos aplicados tamb\u00e9m foram viabilizados pelas empresas Cemig Cultural e Telemar (Oi Futuro), por interm\u00e9dio da Lei Estadual de Incentivo \u00e0 Cultura.<\/p>\n<p>Atualmente, o projeto de implanta\u00e7\u00e3o do Museu Regional est\u00e1 na fase de capta\u00e7\u00e3o de recursos para a segunda etapa: aquisi\u00e7\u00e3o de equipamentos e instala\u00e7\u00e3o de obras de acessibilidade. Elas est\u00e3o or\u00e7adas em R$ 1.041,576,74, conforme o projeto inicial e os recursos destinados pelo Grupo Rima ser\u00e3o investidos nesses dois setores.<\/p>\n<p>O reitor da Unimontes, professor Jo\u00e3o dos Reis Canela, ressalta a relev\u00e2ncia da obra para a preserva\u00e7\u00e3o da cultura norte-mineira, que reunir\u00e1 galerias representativas das tradi\u00e7\u00f5es dos munic\u00edpios do Norte de Minas. Salienta, ainda, que \u201cesse aporte de recursos \u00e9 de suma import\u00e2ncia para a consolida\u00e7\u00e3o do Museu Regional\u201d e que a iniciativa deve sensibilizar outras empresas locais \u00e0s a\u00e7\u00f5es que visam a preserva\u00e7\u00e3o do patrim\u00f4nio hist\u00f3rico-cultural da regi\u00e3o.<\/p>\n<p><strong>Aquisi\u00e7\u00f5es<\/strong><\/p>\n<p>J\u00e1 a pr\u00f3-reitora de Extens\u00e3o, professora Marina Ribeiro Queiroz, salienta que o \u201cMuseu Regional do Norte de Minas oferecer\u00e1 ao p\u00fablico, especialmente \u00e0 comunidade estudantil, um espa\u00e7o cultural de maior relev\u00e2ncia\u201d. \u201cOs recursos do Grupo Rima permitir\u00e3o o in\u00edcio da segunda etapa do Museu Regional, com prioridade para as obras de acessibilidade e do projeto luminot\u00e9cnico (aspectos de ilumina\u00e7\u00e3o do local), al\u00e9m de aquisi\u00e7\u00e3o de mobili\u00e1rio e equipamentos\u201d, acrescenta.<\/p>\n<p>Em comunicado, o Grupo Rima destacou a import\u00e2ncia do investimento, uma vez que o Museu Regional ir\u00e1 contribuir para o resgate da hist\u00f3ria e da cultura da regi\u00e3o norte-mineira: \u201co gerenciamento da Unimontes \u00e9 de grande relev\u00e2ncia. O gesto demonstra o carinho que a empresa dedica \u00e0 regi\u00e3o, onde est\u00e1 presente desde a d\u00e9cada de 70 do s\u00e9culo passado\u201d.<\/p>\n<p>O Grupo Rima \u00e9 l\u00edder na produ\u00e7\u00e3o e comercializa\u00e7\u00e3o de ligas \u00e0 base de sil\u00edcio no Brasil, com empresas na regi\u00e3o Norte de Minas. \u00c9 o \u00fanico produtor de magn\u00e9sio prim\u00e1rio do Hemisf\u00e9rio Sul. Os produtos s\u00e3o fabricados a partir de reservas pr\u00f3prias de dolomita e quartzo de alta pureza, em processos certificados pela norma ISO 9001\/2000. A produ\u00e7\u00e3o \u00e9 sustent\u00e1vel, com o grupo contando com florestas, que produzem biocombust\u00edvel s\u00f3lido. Na regi\u00e3o norte-mineira, possui unidades nos munic\u00edpios de Bocai\u00fava, Capit\u00e3o En\u00e9as e V\u00e1rzea da Palma.<\/p>\n","protected":false},"excerpt":{"rendered":"<p>Grupo Rima, l\u00edder nacional na produ\u00e7\u00e3o de sil\u00edcio e presente em v\u00e1rias cidades do norte-mineiro, destina quantia para o espa\u00e7o, pertencente \u00e0 Unimontes Pr\u00e9dio foi reformado em 2009 pelo Governo de Minas &#8211; Foto: Alex Sezko O projeto de implanta\u00e7\u00e3o do Museu Regional do Norte de Minas, que funcionar\u00e1 no Casar\u00e3o da Fafil, da Universidade [&hellip;]<\/p>\n","protected":false},"author":1,"featured_media":0,"comment_status":"open","ping_status":"closed","sticky":false,"template":"","format":"standard","meta":{"amp_status":"","footnotes":""},"categories":[1236],"tags":[210,2768,2767],"class_list":["post-18151","post","type-post","status-publish","format-standard","hentry","category-norte_de_minas","tag-montes-claros","tag-museu-regional-do-norte-de-minas","tag-museu-regional-do-norte-de-minas-recebe-recursos-para-custear-obras-da-segunda-etapa"],"_links":{"self":[{"href":"https:\/\/aconteceunovale.com.br\/portal\/index.php?rest_route=\/wp\/v2\/posts\/18151","targetHints":{"allow":["GET"]}}],"collection":[{"href":"https:\/\/aconteceunovale.com.br\/portal\/index.php?rest_route=\/wp\/v2\/posts"}],"about":[{"href":"https:\/\/aconteceunovale.com.br\/portal\/index.php?rest_route=\/wp\/v2\/types\/post"}],"author":[{"embeddable":true,"href":"https:\/\/aconteceunovale.com.br\/portal\/index.php?rest_route=\/wp\/v2\/users\/1"}],"replies":[{"embeddable":true,"href":"https:\/\/aconteceunovale.com.br\/portal\/index.php?rest_route=%2Fwp%2Fv2%2Fcomments&post=18151"}],"version-history":[{"count":0,"href":"https:\/\/aconteceunovale.com.br\/portal\/index.php?rest_route=\/wp\/v2\/posts\/18151\/revisions"}],"wp:attachment":[{"href":"https:\/\/aconteceunovale.com.br\/portal\/index.php?rest_route=%2Fwp%2Fv2%2Fmedia&parent=18151"}],"wp:term":[{"taxonomy":"category","embeddable":true,"href":"https:\/\/aconteceunovale.com.br\/portal\/index.php?rest_route=%2Fwp%2Fv2%2Fcategories&post=18151"},{"taxonomy":"post_tag","embeddable":true,"href":"https:\/\/aconteceunovale.com.br\/portal\/index.php?rest_route=%2Fwp%2Fv2%2Ftags&post=18151"}],"curies":[{"name":"wp","href":"https:\/\/api.w.org\/{rel}","templated":true}]}}