{"id":181506,"date":"2021-09-06T16:10:15","date_gmt":"2021-09-06T19:10:15","guid":{"rendered":"https:\/\/aconteceunovale.com.br\/portal\/?p=181506"},"modified":"2021-09-06T16:12:35","modified_gmt":"2021-09-06T19:12:35","slug":"musico-joao-carlos-assis-brasil-morre-aos-76-anos","status":"publish","type":"post","link":"https:\/\/aconteceunovale.com.br\/portal\/?p=181506","title":{"rendered":"M\u00fasico Jo\u00e3o Carlos Assis Brasil morre aos 76 anos"},"content":{"rendered":"\n<p class=\"wp-block-paragraph\">O pianista Jo\u00e3o Carlos Assis Brasil, nome de peso na hist\u00f3ria da m\u00fasica brasileira, morreu na manh\u00e3 desta segunda-feira (6\/9\/2021) aos 76 anos. Segundo postagem publicada nas redes sociais pela assessoria de imprensa do artista, ele sofreu um infarto na \u00faltima sexta-feira (3) e acabou n\u00e3o resistindo.<\/p>\n\n\n\n<figure class=\"wp-block-gallery columns-1 is-cropped wp-block-gallery-1 is-layout-flex wp-block-gallery-is-layout-flex\"><ul class=\"blocks-gallery-grid\"><li class=\"blocks-gallery-item\"><figure><img loading=\"lazy\" decoding=\"async\" width=\"678\" height=\"398\" src=\"https:\/\/aconteceunovale.com.br\/portal\/wp-content\/uploads\/2021\/09\/pianista_joao_carlos.jpg\" alt=\"\" data-id=\"181507\" data-full-url=\"https:\/\/aconteceunovale.com.br\/portal\/wp-content\/uploads\/2021\/09\/pianista_joao_carlos.jpg\" data-link=\"https:\/\/aconteceunovale.com.br\/portal\/?attachment_id=181507\" class=\"wp-image-181507\" srcset=\"https:\/\/aconteceunovale.com.br\/portal\/wp-content\/uploads\/2021\/09\/pianista_joao_carlos.jpg 678w, https:\/\/aconteceunovale.com.br\/portal\/wp-content\/uploads\/2021\/09\/pianista_joao_carlos-300x176.jpg 300w\" sizes=\"auto, (max-width: 678px) 100vw, 678px\" \/><figcaption class=\"blocks-gallery-item__caption\"><em>Foto: Partituras \/ TV Brasil<\/em><\/figcaption><\/figure><\/li><\/ul><\/figure>\n\n\n\n<p class=\"wp-block-paragraph\">&#8220;Ele cumpriu sua miss\u00e3o por aqui, e agora sua obra se eterniza&#8221;, diz a postagem. Desde a ocorr\u00eancia do infarto, o pianista estava internado em um hospital de Niter\u00f3i (RJ), cidade onde passou a morar no ano passado, quando se mudou do Rio de Janeiro.<\/p>\n\n\n\n<p class=\"wp-block-paragraph\">Jo\u00e3o Carlos Assis Brasil nasceu na capital fluminense, em 28 de agosto de 1945. Ainda crian\u00e7a,&nbsp;iniciou estudos no Conservat\u00f3rio Brasileiro de M\u00fasica e, na adolesc\u00eancia j\u00e1 integrava orquestras. O pianista tamb\u00e9m estudou no exterior, em diferentes pa\u00edses. Transitando entre a m\u00fasica cl\u00e1ssica e a popular, conquistou diversos pr\u00eamios e gravou com&nbsp;v\u00e1rios artistas como Ney Matogrosso, Maria Beth\u00e2nia, Zizi Possi, Ala\u00edde Costa e Wagner Tiso.<\/p>\n\n\n\n<p class=\"wp-block-paragraph\">Era irm\u00e3o g\u00eameo do saxofonista Victor Assis Brasil, apontado como um dos principais instrumentistas da hist\u00f3ria do&nbsp;<em>jazz&nbsp;<\/em>brasileiro, que morreu prematuramente em 1981, aos 35 anos.<\/p>\n\n\n\n<p class=\"wp-block-paragraph\">Jo\u00e3o Carlos Assis Brasil ministrava aulas no Conservat\u00f3rio Brasileiro de M\u00fasica e no Conservat\u00f3rio de Niter\u00f3i. Era tamb\u00e9m professor da Escola de M\u00fasica Villa-Lobos, no centro do Rio de Janeiro. A institui\u00e7\u00e3o o homenageou por meio de uma mensagem nas redes sociais. &#8220;Era considerado uma lenda viva do piano brasileiro. Aprimorou-se na m\u00fasica popular americana, como nas trilhas de cl\u00e1ssicos do cinema e do jazz, e retornou ao Brasil como um fen\u00f4meno do piano&#8221;, diz o texto.<\/p>\n\n\n\n<p class=\"wp-block-paragraph\">&#8212;&#8212;&#8212;&#8212;&#8212;&#8212;<br><em>Quer receber as not\u00edcias do <strong>Aconteceu no Vale<\/strong> em primeira m\u00e3o? Siga-nos no Facebook <a rel=\"noreferrer noopener\" href=\"http:\/\/facebook.com\/aconteceunovale\" target=\"_blank\">@aconteceunovale<\/a>, Twitter <a rel=\"noreferrer noopener\" href=\"https:\/\/twitter.com\/noticiadosvales\" target=\"_blank\">@noticiadosvales<\/a> e Instagram <a rel=\"noreferrer noopener\" href=\"https:\/\/www.instagram.com\/aconteceunovale\" target=\"_blank\">@aconteceunovale<\/a>.<\/em><\/p>\n","protected":false},"excerpt":{"rendered":"<p>O pianista Jo\u00e3o Carlos Assis Brasil, nome de peso na hist\u00f3ria da m\u00fasica brasileira, morreu na manh\u00e3 desta segunda-feira (6\/9\/2021) aos 76 anos. Segundo postagem publicada nas redes sociais pela assessoria de imprensa do artista, ele sofreu um infarto na \u00faltima sexta-feira (3) e acabou n\u00e3o resistindo. &#8220;Ele cumpriu sua miss\u00e3o por aqui, e agora [&hellip;]<\/p>\n","protected":false},"author":4,"featured_media":181507,"comment_status":"open","ping_status":"closed","sticky":false,"template":"","format":"standard","meta":{"amp_status":"","footnotes":""},"categories":[6],"tags":[250675,250678,250668,250673,250669,250670,250679,250680,250667,250672,250671,1104,250677,250676,250674],"class_list":["post-181506","post","type-post","status-publish","format-standard","has-post-thumbnail","hentry","category-br","tag-alaide-costa","tag-jazz-brasileiro","tag-joao-carlos-assis-brasil","tag-maria-bethania","tag-morre-joao-carlos-assis-brasil","tag-morte-de-joao-carlos-assis-brasil","tag-musica-brasileira","tag-musica-do-brasil","tag-musico-joao-carlos-assis-brasil","tag-ney-matogrosso","tag-pianista-joao-carlos-assis-brasil","tag-rio-de-janeiro","tag-victor-assis-brasil","tag-wagner-piso","tag-zizi-possi"],"yoast_head":"<!-- This site is optimized with the Yoast SEO plugin v28.3 - https:\/\/yoast.com\/product\/yoast-seo-wordpress\/ -->\n<title>M\u00fasico Jo\u00e3o Carlos Assis Brasil morre aos 76 anos - Aconteceu no Vale<\/title>\n<meta name=\"robots\" content=\"index, follow, max-snippet:-1, max-image-preview:large, max-video-preview:-1\" \/>\n<link rel=\"canonical\" href=\"https:\/\/aconteceunovale.com.br\/portal\/?p=181506\" \/>\n<meta property=\"og:locale\" content=\"pt_BR\" \/>\n<meta property=\"og:type\" content=\"article\" \/>\n<meta property=\"og:title\" content=\"M\u00fasico Jo\u00e3o Carlos Assis Brasil morre aos 76 anos - Aconteceu no Vale\" \/>\n<meta property=\"og:description\" content=\"O pianista Jo\u00e3o Carlos Assis Brasil, nome de peso na hist\u00f3ria da m\u00fasica brasileira, morreu na manh\u00e3 desta segunda-feira (6\/9\/2021) aos 76 anos. Segundo postagem publicada nas redes sociais pela assessoria de imprensa do artista, ele sofreu um infarto na \u00faltima sexta-feira (3) e acabou n\u00e3o resistindo. &#8220;Ele cumpriu sua miss\u00e3o por aqui, e agora [&hellip;]\" \/>\n<meta property=\"og:url\" content=\"https:\/\/aconteceunovale.com.br\/portal\/?p=181506\" \/>\n<meta property=\"og:site_name\" content=\"Aconteceu no Vale\" \/>\n<meta property=\"article:publisher\" content=\"https:\/\/www.facebook.com\/aconteceunovale\/\" \/>\n<meta property=\"article:published_time\" content=\"2021-09-06T19:10:15+00:00\" \/>\n<meta property=\"article:modified_time\" content=\"2021-09-06T19:12:35+00:00\" \/>\n<meta property=\"og:image\" content=\"https:\/\/aconteceunovale.com.br\/portal\/wp-content\/uploads\/2021\/09\/pianista_joao_carlos.jpg\" \/>\n\t<meta property=\"og:image:width\" content=\"678\" \/>\n\t<meta property=\"og:image:height\" content=\"398\" \/>\n\t<meta property=\"og:image:type\" content=\"image\/jpeg\" \/>\n<meta name=\"author\" content=\"Reda\u00e7\u00e3o Aconteceu no Vale\" \/>\n<meta name=\"twitter:card\" content=\"summary_large_image\" \/>\n<meta name=\"twitter:creator\" content=\"@noticiadosvales\" \/>\n<meta name=\"twitter:site\" content=\"@noticiadosvales\" \/>\n<meta name=\"twitter:label1\" content=\"Escrito por\" \/>\n\t<meta name=\"twitter:data1\" content=\"Reda\u00e7\u00e3o Aconteceu no Vale\" \/>\n\t<meta name=\"twitter:label2\" content=\"Est. tempo de leitura\" \/>\n\t<meta name=\"twitter:data2\" content=\"2 minutos\" \/>\n<script type=\"application\/ld+json\" class=\"yoast-schema-graph\">{\"@context\":\"https:\\\/\\\/schema.org\",\"@graph\":[{\"@type\":\"Article\",\"@id\":\"https:\\\/\\\/aconteceunovale.com.br\\\/portal\\\/?p=181506#article\",\"isPartOf\":{\"@id\":\"https:\\\/\\\/aconteceunovale.com.br\\\/portal\\\/?p=181506\"},\"author\":{\"name\":\"Reda\u00e7\u00e3o Aconteceu no Vale\",\"@id\":\"https:\\\/\\\/aconteceunovale.com.br\\\/portal\\\/#\\\/schema\\\/person\\\/7d2f26d1483f8a63de73da1ee0754d35\"},\"headline\":\"M\u00fasico Jo\u00e3o Carlos Assis Brasil morre aos 76 anos\",\"datePublished\":\"2021-09-06T19:10:15+00:00\",\"dateModified\":\"2021-09-06T19:12:35+00:00\",\"mainEntityOfPage\":{\"@id\":\"https:\\\/\\\/aconteceunovale.com.br\\\/portal\\\/?p=181506\"},\"wordCount\":330,\"commentCount\":0,\"image\":{\"@id\":\"https:\\\/\\\/aconteceunovale.com.br\\\/portal\\\/?p=181506#primaryimage\"},\"thumbnailUrl\":\"https:\\\/\\\/aconteceunovale.com.br\\\/portal\\\/wp-content\\\/uploads\\\/2021\\\/09\\\/pianista_joao_carlos.jpg\",\"keywords\":[\"Ala\u00edde Costa\",\"Jazz brasileiro\",\"Jo\u00e3o Carlos Assis Brasil\",\"Maria Beth\u00e2nia\",\"Morre Jo\u00e3o Carlos Assis Brasil\",\"Morte de Jo\u00e3o Carlos Assis Brasil\",\"M\u00fasica brasileira\",\"M\u00fasica do Brasil\",\"M\u00fasico Jo\u00e3o Carlos Assis Brasil\",\"Ney Matogrosso\",\"Pianista Jo\u00e3o Carlos Assis Brasil\",\"Rio de Janeiro\",\"Victor Assis Brasil\",\"Wagner Piso\",\"Zizi Possi\"],\"articleSection\":[\"Brasil\"],\"inLanguage\":\"pt-BR\",\"potentialAction\":[{\"@type\":\"CommentAction\",\"name\":\"Comment\",\"target\":[\"https:\\\/\\\/aconteceunovale.com.br\\\/portal\\\/?p=181506#respond\"]}]},{\"@type\":\"WebPage\",\"@id\":\"https:\\\/\\\/aconteceunovale.com.br\\\/portal\\\/?p=181506\",\"url\":\"https:\\\/\\\/aconteceunovale.com.br\\\/portal\\\/?p=181506\",\"name\":\"M\u00fasico Jo\u00e3o Carlos Assis Brasil morre aos 76 anos - Aconteceu no Vale\",\"isPartOf\":{\"@id\":\"https:\\\/\\\/aconteceunovale.com.br\\\/portal\\\/#website\"},\"primaryImageOfPage\":{\"@id\":\"https:\\\/\\\/aconteceunovale.com.br\\\/portal\\\/?p=181506#primaryimage\"},\"image\":{\"@id\":\"https:\\\/\\\/aconteceunovale.com.br\\\/portal\\\/?p=181506#primaryimage\"},\"thumbnailUrl\":\"https:\\\/\\\/aconteceunovale.com.br\\\/portal\\\/wp-content\\\/uploads\\\/2021\\\/09\\\/pianista_joao_carlos.jpg\",\"datePublished\":\"2021-09-06T19:10:15+00:00\",\"dateModified\":\"2021-09-06T19:12:35+00:00\",\"author\":{\"@id\":\"https:\\\/\\\/aconteceunovale.com.br\\\/portal\\\/#\\\/schema\\\/person\\\/7d2f26d1483f8a63de73da1ee0754d35\"},\"breadcrumb\":{\"@id\":\"https:\\\/\\\/aconteceunovale.com.br\\\/portal\\\/?p=181506#breadcrumb\"},\"inLanguage\":\"pt-BR\",\"potentialAction\":[{\"@type\":\"ReadAction\",\"target\":[\"https:\\\/\\\/aconteceunovale.com.br\\\/portal\\\/?p=181506\"]}]},{\"@type\":\"ImageObject\",\"inLanguage\":\"pt-BR\",\"@id\":\"https:\\\/\\\/aconteceunovale.com.br\\\/portal\\\/?p=181506#primaryimage\",\"url\":\"https:\\\/\\\/aconteceunovale.com.br\\\/portal\\\/wp-content\\\/uploads\\\/2021\\\/09\\\/pianista_joao_carlos.jpg\",\"contentUrl\":\"https:\\\/\\\/aconteceunovale.com.br\\\/portal\\\/wp-content\\\/uploads\\\/2021\\\/09\\\/pianista_joao_carlos.jpg\",\"width\":678,\"height\":398,\"caption\":\"Jo\u00e3o Carlos Assis Brasil apresenta o concerto \\\"Todos os Pianos\\\"\"},{\"@type\":\"BreadcrumbList\",\"@id\":\"https:\\\/\\\/aconteceunovale.com.br\\\/portal\\\/?p=181506#breadcrumb\",\"itemListElement\":[{\"@type\":\"ListItem\",\"position\":1,\"name\":\"In\u00edcio\",\"item\":\"https:\\\/\\\/aconteceunovale.com.br\\\/portal\\\/\"},{\"@type\":\"ListItem\",\"position\":2,\"name\":\"M\u00fasico Jo\u00e3o Carlos Assis Brasil morre aos 76 anos\"}]},{\"@type\":\"WebSite\",\"@id\":\"https:\\\/\\\/aconteceunovale.com.br\\\/portal\\\/#website\",\"url\":\"https:\\\/\\\/aconteceunovale.com.br\\\/portal\\\/\",\"name\":\"Aconteceu no Vale\",\"description\":\"Portal de Not\u00edcias\",\"potentialAction\":[{\"@type\":\"SearchAction\",\"target\":{\"@type\":\"EntryPoint\",\"urlTemplate\":\"https:\\\/\\\/aconteceunovale.com.br\\\/portal\\\/?s={search_term_string}\"},\"query-input\":{\"@type\":\"PropertyValueSpecification\",\"valueRequired\":true,\"valueName\":\"search_term_string\"}}],\"inLanguage\":\"pt-BR\"},{\"@type\":\"Person\",\"@id\":\"https:\\\/\\\/aconteceunovale.com.br\\\/portal\\\/#\\\/schema\\\/person\\\/7d2f26d1483f8a63de73da1ee0754d35\",\"name\":\"Reda\u00e7\u00e3o Aconteceu no Vale\",\"description\":\"Equipe de reportagem do Aconteceu no Vale, portal de not\u00edcias do Vale do Jequitinhonha, em Minas Gerais. Cobrimos as 51 cidades do Vale desde 2013. Sugest\u00f5es de pauta e pedidos de corre\u00e7\u00e3o: contato@aconteceunovale.com.br\",\"url\":\"https:\\\/\\\/aconteceunovale.com.br\\\/portal\\\/?author=4\"}]}<\/script>\n<!-- \/ Yoast SEO plugin. -->","yoast_head_json":{"title":"M\u00fasico Jo\u00e3o Carlos Assis Brasil morre aos 76 anos - Aconteceu no Vale","robots":{"index":"index","follow":"follow","max-snippet":"max-snippet:-1","max-image-preview":"max-image-preview:large","max-video-preview":"max-video-preview:-1"},"canonical":"https:\/\/aconteceunovale.com.br\/portal\/?p=181506","og_locale":"pt_BR","og_type":"article","og_title":"M\u00fasico Jo\u00e3o Carlos Assis Brasil morre aos 76 anos - Aconteceu no Vale","og_description":"O pianista Jo\u00e3o Carlos Assis Brasil, nome de peso na hist\u00f3ria da m\u00fasica brasileira, morreu na manh\u00e3 desta segunda-feira (6\/9\/2021) aos 76 anos. Segundo postagem publicada nas redes sociais pela assessoria de imprensa do artista, ele sofreu um infarto na \u00faltima sexta-feira (3) e acabou n\u00e3o resistindo. &#8220;Ele cumpriu sua miss\u00e3o por aqui, e agora [&hellip;]","og_url":"https:\/\/aconteceunovale.com.br\/portal\/?p=181506","og_site_name":"Aconteceu no Vale","article_publisher":"https:\/\/www.facebook.com\/aconteceunovale\/","article_published_time":"2021-09-06T19:10:15+00:00","article_modified_time":"2021-09-06T19:12:35+00:00","og_image":[{"width":678,"height":398,"url":"https:\/\/aconteceunovale.com.br\/portal\/wp-content\/uploads\/2021\/09\/pianista_joao_carlos.jpg","type":"image\/jpeg"}],"author":"Reda\u00e7\u00e3o Aconteceu no Vale","twitter_card":"summary_large_image","twitter_creator":"@noticiadosvales","twitter_site":"@noticiadosvales","twitter_misc":{"Escrito por":"Reda\u00e7\u00e3o Aconteceu no Vale","Est. tempo de leitura":"2 minutos"},"schema":{"@context":"https:\/\/schema.org","@graph":[{"@type":"Article","@id":"https:\/\/aconteceunovale.com.br\/portal\/?p=181506#article","isPartOf":{"@id":"https:\/\/aconteceunovale.com.br\/portal\/?p=181506"},"author":{"name":"Reda\u00e7\u00e3o Aconteceu no Vale","@id":"https:\/\/aconteceunovale.com.br\/portal\/#\/schema\/person\/7d2f26d1483f8a63de73da1ee0754d35"},"headline":"M\u00fasico Jo\u00e3o Carlos Assis Brasil morre aos 76 anos","datePublished":"2021-09-06T19:10:15+00:00","dateModified":"2021-09-06T19:12:35+00:00","mainEntityOfPage":{"@id":"https:\/\/aconteceunovale.com.br\/portal\/?p=181506"},"wordCount":330,"commentCount":0,"image":{"@id":"https:\/\/aconteceunovale.com.br\/portal\/?p=181506#primaryimage"},"thumbnailUrl":"https:\/\/aconteceunovale.com.br\/portal\/wp-content\/uploads\/2021\/09\/pianista_joao_carlos.jpg","keywords":["Ala\u00edde Costa","Jazz brasileiro","Jo\u00e3o Carlos Assis Brasil","Maria Beth\u00e2nia","Morre Jo\u00e3o Carlos Assis Brasil","Morte de Jo\u00e3o Carlos Assis Brasil","M\u00fasica brasileira","M\u00fasica do Brasil","M\u00fasico Jo\u00e3o Carlos Assis Brasil","Ney Matogrosso","Pianista Jo\u00e3o Carlos Assis Brasil","Rio de Janeiro","Victor Assis Brasil","Wagner Piso","Zizi Possi"],"articleSection":["Brasil"],"inLanguage":"pt-BR","potentialAction":[{"@type":"CommentAction","name":"Comment","target":["https:\/\/aconteceunovale.com.br\/portal\/?p=181506#respond"]}]},{"@type":"WebPage","@id":"https:\/\/aconteceunovale.com.br\/portal\/?p=181506","url":"https:\/\/aconteceunovale.com.br\/portal\/?p=181506","name":"M\u00fasico Jo\u00e3o Carlos Assis Brasil morre aos 76 anos - Aconteceu no Vale","isPartOf":{"@id":"https:\/\/aconteceunovale.com.br\/portal\/#website"},"primaryImageOfPage":{"@id":"https:\/\/aconteceunovale.com.br\/portal\/?p=181506#primaryimage"},"image":{"@id":"https:\/\/aconteceunovale.com.br\/portal\/?p=181506#primaryimage"},"thumbnailUrl":"https:\/\/aconteceunovale.com.br\/portal\/wp-content\/uploads\/2021\/09\/pianista_joao_carlos.jpg","datePublished":"2021-09-06T19:10:15+00:00","dateModified":"2021-09-06T19:12:35+00:00","author":{"@id":"https:\/\/aconteceunovale.com.br\/portal\/#\/schema\/person\/7d2f26d1483f8a63de73da1ee0754d35"},"breadcrumb":{"@id":"https:\/\/aconteceunovale.com.br\/portal\/?p=181506#breadcrumb"},"inLanguage":"pt-BR","potentialAction":[{"@type":"ReadAction","target":["https:\/\/aconteceunovale.com.br\/portal\/?p=181506"]}]},{"@type":"ImageObject","inLanguage":"pt-BR","@id":"https:\/\/aconteceunovale.com.br\/portal\/?p=181506#primaryimage","url":"https:\/\/aconteceunovale.com.br\/portal\/wp-content\/uploads\/2021\/09\/pianista_joao_carlos.jpg","contentUrl":"https:\/\/aconteceunovale.com.br\/portal\/wp-content\/uploads\/2021\/09\/pianista_joao_carlos.jpg","width":678,"height":398,"caption":"Jo\u00e3o Carlos Assis Brasil apresenta o concerto \"Todos os Pianos\""},{"@type":"BreadcrumbList","@id":"https:\/\/aconteceunovale.com.br\/portal\/?p=181506#breadcrumb","itemListElement":[{"@type":"ListItem","position":1,"name":"In\u00edcio","item":"https:\/\/aconteceunovale.com.br\/portal\/"},{"@type":"ListItem","position":2,"name":"M\u00fasico Jo\u00e3o Carlos Assis Brasil morre aos 76 anos"}]},{"@type":"WebSite","@id":"https:\/\/aconteceunovale.com.br\/portal\/#website","url":"https:\/\/aconteceunovale.com.br\/portal\/","name":"Aconteceu no Vale","description":"Portal de Not\u00edcias","potentialAction":[{"@type":"SearchAction","target":{"@type":"EntryPoint","urlTemplate":"https:\/\/aconteceunovale.com.br\/portal\/?s={search_term_string}"},"query-input":{"@type":"PropertyValueSpecification","valueRequired":true,"valueName":"search_term_string"}}],"inLanguage":"pt-BR"},{"@type":"Person","@id":"https:\/\/aconteceunovale.com.br\/portal\/#\/schema\/person\/7d2f26d1483f8a63de73da1ee0754d35","name":"Reda\u00e7\u00e3o Aconteceu no Vale","description":"Equipe de reportagem do Aconteceu no Vale, portal de not\u00edcias do Vale do Jequitinhonha, em Minas Gerais. Cobrimos as 51 cidades do Vale desde 2013. Sugest\u00f5es de pauta e pedidos de corre\u00e7\u00e3o: contato@aconteceunovale.com.br","url":"https:\/\/aconteceunovale.com.br\/portal\/?author=4"}]}},"_links":{"self":[{"href":"https:\/\/aconteceunovale.com.br\/portal\/index.php?rest_route=\/wp\/v2\/posts\/181506","targetHints":{"allow":["GET"]}}],"collection":[{"href":"https:\/\/aconteceunovale.com.br\/portal\/index.php?rest_route=\/wp\/v2\/posts"}],"about":[{"href":"https:\/\/aconteceunovale.com.br\/portal\/index.php?rest_route=\/wp\/v2\/types\/post"}],"author":[{"embeddable":true,"href":"https:\/\/aconteceunovale.com.br\/portal\/index.php?rest_route=\/wp\/v2\/users\/4"}],"replies":[{"embeddable":true,"href":"https:\/\/aconteceunovale.com.br\/portal\/index.php?rest_route=%2Fwp%2Fv2%2Fcomments&post=181506"}],"version-history":[{"count":1,"href":"https:\/\/aconteceunovale.com.br\/portal\/index.php?rest_route=\/wp\/v2\/posts\/181506\/revisions"}],"predecessor-version":[{"id":181508,"href":"https:\/\/aconteceunovale.com.br\/portal\/index.php?rest_route=\/wp\/v2\/posts\/181506\/revisions\/181508"}],"wp:featuredmedia":[{"embeddable":true,"href":"https:\/\/aconteceunovale.com.br\/portal\/index.php?rest_route=\/wp\/v2\/media\/181507"}],"wp:attachment":[{"href":"https:\/\/aconteceunovale.com.br\/portal\/index.php?rest_route=%2Fwp%2Fv2%2Fmedia&parent=181506"}],"wp:term":[{"taxonomy":"category","embeddable":true,"href":"https:\/\/aconteceunovale.com.br\/portal\/index.php?rest_route=%2Fwp%2Fv2%2Fcategories&post=181506"},{"taxonomy":"post_tag","embeddable":true,"href":"https:\/\/aconteceunovale.com.br\/portal\/index.php?rest_route=%2Fwp%2Fv2%2Ftags&post=181506"}],"curies":[{"name":"wp","href":"https:\/\/api.w.org\/{rel}","templated":true}]}}