{"id":18145,"date":"2014-01-10T11:42:11","date_gmt":"2014-01-10T13:42:11","guid":{"rendered":"http:\/\/aconteceunovale.com.br\/portal\/?p=18145"},"modified":"2014-01-10T11:42:11","modified_gmt":"2014-01-10T13:42:11","slug":"detento-e-morto-dentro-da-cadeia-publica-de-governador-valadares","status":"publish","type":"post","link":"https:\/\/aconteceunovale.com.br\/portal\/?p=18145","title":{"rendered":"Detento \u00e9 morto dentro da Cadeia P\u00fablica de Governador Valadares"},"content":{"rendered":"<p><em><strong>Autores teriam usado um len\u00e7ol para enforcar a v\u00edtima.<br \/>\nSuspeitos est\u00e3o isolados e ser\u00e3o transferidos para outra unidade prisional.<\/strong><\/em><\/p>\n<p><img decoding=\"async\" src=\"http:\/\/aconteceunovale.com.br\/portal\/wp-content\/uploads\/2014\/01\/presidio_valadares.jpg\" alt=\"\" \/><br \/>\n<em><strong>Detento foi assassinado dentro do pres\u00eddio de Governador Valadares (Foto: Maria Freitas)<\/strong><\/em><\/p>\n<p>Um detento de 23 anos foi assassinado dentro de uma cela na cadeia p\u00fablica de Governador Valadares, no Leste de Minas Gerais. Segundo informa\u00e7\u00f5es da pol\u00edcia, dois companheiros de cela assumiram a autoria do crime.<\/p>\n<p>Ainda de acordo com a pol\u00edcia, os autores teriam usado um len\u00e7ol para enforcar a v\u00edtima. Na cela, onde o crime aconteceu, a per\u00edcia tamb\u00e9m apreendeu um objeto pontiagudo, chamado de sucho.<\/p>\n<p>A pol\u00edcia informou tamb\u00e9m que dias antes do crime o detento assassinado denunciou que havia sido torturado antes de ser preso, e que alguns dos envolvidos estariam detidos na cadeia p\u00fablica de Valadares, junto com ele. Segundo a pol\u00edcia, a v\u00edtima estava sendo amea\u00e7ada.<\/p>\n<p>O pai da v\u00edtima esteve na cadeia p\u00fablica na manh\u00e3 desta sexta-feira (10\/01) para pedir informa\u00e7\u00f5es. Valdomiro Machado disse que tamb\u00e9m vai pedir ajuda ao Estado para realizar o enterro do filho. \u201cEu vou entrar na Justi\u00e7a, n\u00e3o vou deixar passar batido\u201d.<\/p>\n<p>De acordo com Valdomiro, o filho tinha envolvimento com tr\u00e1fico de drogas e roubos, e era amea\u00e7ado constantemente. \u201cAt\u00e9 na minha porta j\u00e1 foram para tentar matar ele\u201d, revela.<\/p>\n<p>Em nota, a Secretaria de Estado de Defesa Social informou que os envolvidos foram encaminhados para a 5\u00aa Delegacia Regional de Pol\u00edcia Civil para serem ouvidos. Eles est\u00e3o em cela isolada e ser\u00e3o transferidos para outra unidade prisional. A unidade encaminhou a falta disciplinar ao poder judici\u00e1rio e a investiga\u00e7\u00e3o do caso fica a cargo da Pol\u00edcia Civil.<\/p>\n<p><em>(Fonte: G1)<\/em><\/p>\n","protected":false},"excerpt":{"rendered":"<p>Autores teriam usado um len\u00e7ol para enforcar a v\u00edtima. Suspeitos est\u00e3o isolados e ser\u00e3o transferidos para outra unidade prisional. Detento foi assassinado dentro do pres\u00eddio de Governador Valadares (Foto: Maria Freitas) Um detento de 23 anos foi assassinado dentro de uma cela na cadeia p\u00fablica de Governador Valadares, no Leste de Minas Gerais. Segundo informa\u00e7\u00f5es [&hellip;]<\/p>\n","protected":false},"author":1,"featured_media":0,"comment_status":"open","ping_status":"closed","sticky":false,"template":"","format":"standard","meta":{"amp_status":"","footnotes":""},"categories":[121],"tags":[2764,2765,247],"class_list":["post-18145","post","type-post","status-publish","format-standard","hentry","category-leste","tag-detento-e-assassinado-dentro-da-cadeia-publica-de-governador-valadares","tag-detento-e-morto-dentro-da-cadeia-publica-de-governador-valadares","tag-governador-valadares"],"_links":{"self":[{"href":"https:\/\/aconteceunovale.com.br\/portal\/index.php?rest_route=\/wp\/v2\/posts\/18145","targetHints":{"allow":["GET"]}}],"collection":[{"href":"https:\/\/aconteceunovale.com.br\/portal\/index.php?rest_route=\/wp\/v2\/posts"}],"about":[{"href":"https:\/\/aconteceunovale.com.br\/portal\/index.php?rest_route=\/wp\/v2\/types\/post"}],"author":[{"embeddable":true,"href":"https:\/\/aconteceunovale.com.br\/portal\/index.php?rest_route=\/wp\/v2\/users\/1"}],"replies":[{"embeddable":true,"href":"https:\/\/aconteceunovale.com.br\/portal\/index.php?rest_route=%2Fwp%2Fv2%2Fcomments&post=18145"}],"version-history":[{"count":0,"href":"https:\/\/aconteceunovale.com.br\/portal\/index.php?rest_route=\/wp\/v2\/posts\/18145\/revisions"}],"wp:attachment":[{"href":"https:\/\/aconteceunovale.com.br\/portal\/index.php?rest_route=%2Fwp%2Fv2%2Fmedia&parent=18145"}],"wp:term":[{"taxonomy":"category","embeddable":true,"href":"https:\/\/aconteceunovale.com.br\/portal\/index.php?rest_route=%2Fwp%2Fv2%2Fcategories&post=18145"},{"taxonomy":"post_tag","embeddable":true,"href":"https:\/\/aconteceunovale.com.br\/portal\/index.php?rest_route=%2Fwp%2Fv2%2Ftags&post=18145"}],"curies":[{"name":"wp","href":"https:\/\/api.w.org\/{rel}","templated":true}]}}