{"id":181441,"date":"2021-09-04T23:11:31","date_gmt":"2021-09-05T02:11:31","guid":{"rendered":"https:\/\/aconteceunovale.com.br\/portal\/?p=181441"},"modified":"2021-09-04T23:12:09","modified_gmt":"2021-09-05T02:12:09","slug":"vacinacao-contra-meningite-busca-menores-de-11-anos-com-dose-em-atraso","status":"publish","type":"post","link":"https:\/\/aconteceunovale.com.br\/portal\/?p=181441","title":{"rendered":"Vacina\u00e7\u00e3o contra meningite busca menores de 11 anos com dose em atraso"},"content":{"rendered":"\n<p class=\"wp-block-paragraph\">Os pais de crian\u00e7as menores de 11 anos que n\u00e3o levaram seus filhos para se vacinar contra a doen\u00e7a meningog\u00f3cica na idade recomendada t\u00eam nova chance para colocar a imuniza\u00e7\u00e3o em dia at\u00e9 dezembro de 2021. O Minist\u00e9rio da Sa\u00fade distribuiu 900 mil doses da vacina meningoc\u00f3cica C (conjugada) em agosto e ampliou a idade do p\u00fablico-alvo para alcan\u00e7ar quem deixou de ir aos postos nos \u00faltimos anos.<\/p>\n\n\n\n<figure class=\"wp-block-gallery columns-1 is-cropped wp-block-gallery-1 is-layout-flex wp-block-gallery-is-layout-flex\"><ul class=\"blocks-gallery-grid\"><li class=\"blocks-gallery-item\"><figure><img loading=\"lazy\" decoding=\"async\" width=\"678\" height=\"406\" src=\"https:\/\/aconteceunovale.com.br\/portal\/wp-content\/uploads\/2021\/09\/vacinaca_meningite.jpg\" alt=\"\" data-id=\"181442\" data-full-url=\"https:\/\/aconteceunovale.com.br\/portal\/wp-content\/uploads\/2021\/09\/vacinaca_meningite.jpg\" data-link=\"https:\/\/aconteceunovale.com.br\/portal\/?attachment_id=181442\" class=\"wp-image-181442\" srcset=\"https:\/\/aconteceunovale.com.br\/portal\/wp-content\/uploads\/2021\/09\/vacinaca_meningite.jpg 678w, https:\/\/aconteceunovale.com.br\/portal\/wp-content\/uploads\/2021\/09\/vacinaca_meningite-300x180.jpg 300w\" sizes=\"auto, (max-width: 678px) 100vw, 678px\" \/><figcaption class=\"blocks-gallery-item__caption\"><em>Vacina contra meningite &#8211; Foto: Geovana Albuquerque\/Ag\u00eancia Sa\u00fade DF<\/em><\/figcaption><\/figure><\/li><\/ul><\/figure>\n\n\n\n<p class=\"wp-block-paragraph\">A vacina protege contra a bact\u00e9ria meningococo C, que causa quadros graves como a meningite (inflama\u00e7\u00e3o nas membranas que revestem o sistema nervoso central) e a meningococemia (infec\u00e7\u00e3o generalizada pelo meningococo). O Programa Nacional de Imuniza\u00e7\u00f5es (PNI) disponibiliza esse imunizante na rotina de vacina\u00e7\u00e3o, em um esquema de duas doses, aos 3 e 5 meses de vida,\u00a0com uma dose de refor\u00e7o aos 12 meses de idade.<br><br>Para os respons\u00e1veis que, por algum motivo, perderam a oportunidade de levar as crian\u00e7as aos postos na idade indicada, o PNI previa a administra\u00e7\u00e3o de uma dose at\u00e9 os 4 anos, 11 meses e 29 dias. Para ampliar a cobertura, desde julho, os postos de vacina\u00e7\u00e3o est\u00e3o autorizados a vacinar tamb\u00e9m crian\u00e7as menores de 11 anos que estejam em atraso com essa vacina. Segundo o Minist\u00e9rio da Sa\u00fade, o n\u00famero de n\u00e3o vacinados menores de 10 anos\u00a0pode chegar a 1,8 milh\u00e3o.<br><br>No comunicado aos coordenadores estaduais de imuniza\u00e7\u00f5es, a Coordena\u00e7\u00e3o-Geral do PNI afirma que a medida foi tomada &#8220;diante do cen\u00e1rio de baixas coberturas vacinais, observadas a partir de 2016, situa\u00e7\u00e3o que se agravou a partir de 2020 com a pandemia da covid-19, possivelmente em virtude do receio da popula\u00e7\u00e3o em buscar os servi\u00e7os de sa\u00fade para a atualiza\u00e7\u00e3o do Calend\u00e1rio de Vacina\u00e7\u00e3o&#8221;.<img decoding=\"async\" src=\"https:\/\/agenciabrasil.ebc.com.br\/ebc.png?id=1420694&amp;o=node\"><img decoding=\"async\" src=\"https:\/\/agenciabrasil.ebc.com.br\/ebc.gif?id=1420694&amp;o=node\"><\/p>\n\n\n\n<p class=\"wp-block-paragraph\">Segundo o texto, o objetivo da amplia\u00e7\u00e3o \u00e9 aumentar a prote\u00e7\u00e3o contra a doen\u00e7a meningoc\u00f3cica, evitando a ocorr\u00eancia de surtos pelo sorogrupo C, hospitaliza\u00e7\u00f5es, sequelas, tratamentos de reabilita\u00e7\u00e3o e \u00f3bitos, em especial quando do retorno das aulas presenciais. Al\u00e9m disso, a medida&nbsp;busca&nbsp;otimizar o uso das doses da vacina, acrescenta o comunicado, &#8220;em virtude do baixo consumo desta vacina nos \u00faltimos anos, e da exist\u00eancia de quantitativo de doses&#8221;.<\/p>\n\n\n\n<p class=\"wp-block-paragraph\">O presidente da Sociedade Brasileira de Imuniza\u00e7\u00f5es (SBIm), Juarez Cunha, ressalta que o Brasil teve uma queda expressiva no n\u00famero de casos da doen\u00e7a desde que adotou a vacina no Sistema \u00danico da Sa\u00fade (SUS), em 2010. A queda da cobertura nos \u00faltimos anos, por\u00e9m, traz um alerta, porque a doen\u00e7a n\u00e3o parou de circular.<br><br>&#8220;Isso significa que temos um contingente de muitas crian\u00e7as que n\u00e3o foram vacinadas e s\u00e3o suscet\u00edveis a uma doen\u00e7a que \u00e9 end\u00eamica no pa\u00eds. Essa bact\u00e9ria, h\u00e1 muitos anos, est\u00e1 presente no nosso meio, j\u00e1 causou surtos epid\u00eamicos em outros momentos, e o risco de n\u00e3o termos essa cobertura adequada \u00e9 termos novos casos dessas doen\u00e7as, que s\u00e3o graves&#8221;, afirmou.<br><br>Como a transmiss\u00e3o dessa bact\u00e9ria \u00e9 respirat\u00f3ria, Cunha avalia que as medidas de preven\u00e7\u00e3o contra o v\u00edrus SARS-CoV-2 tamb\u00e9m t\u00eam contido o n\u00famero de casos de doen\u00e7a meningoc\u00f3cica. &#8220;O cen\u00e1rio nos preocupa muito, porque, com o retorno \u00e0s escolas e com a maior flexibiliza\u00e7\u00e3o de todas as medidas n\u00e3o farmacol\u00f3gicas, isso pode acarretar aumento do n\u00famero de casos, para uma doen\u00e7a que \u00e9 evit\u00e1vel e para a qual temos uma vacina dispon\u00edvel na rede p\u00fablica.&#8221;<br><br>O presidente da SBIm tamb\u00e9m chama a aten\u00e7\u00e3o para a vacina\u00e7\u00e3o da faixa et\u00e1ria seguinte, as crian\u00e7as e adolescentes de 11 e 12 anos, que devem tomar a vacina meningoc\u00f3cica ACWY, contra quatro sorotipos do meningococo.<br><br>Infectologista e gerente m\u00e9dica de vacinas da farmac\u00eautica GSK, que fornece a vacina ao SUS, Lessandra Michelin alerta que o meningococo C \u00e9 uma bact\u00e9ria agressiva, que pode causar sequelas neurol\u00f3gicas graves, amputa\u00e7\u00f5es e levar \u00e0 morte em menos de 24 horas, mesmo quando diagnosticado e tratado.<br><br>&#8220;O meningococo n\u00e3o causa s\u00f3 a meningite. Essa bact\u00e9ria pode entrar na circula\u00e7\u00e3o sangu\u00ednea e causar uma infec\u00e7\u00e3o sist\u00eamica, afetando muitos \u00f3rg\u00e3os, e pode tamb\u00e9m se manifestar na forma de uma pneumonia. Mas a forma mais frequente \u00e9 a de meningite&#8221;.<br><br>Al\u00e9m dos pais, a infectologista pede que os profissionais de sa\u00fade tamb\u00e9m atentem para o calend\u00e1rio vacinal e recomendem a imuniza\u00e7\u00e3o contra o meningococo C. &#8220;Os profissionais de sa\u00fade t\u00eam um papel fundamental na indica\u00e7\u00e3o. Muitas vezes, na correria do dia a dia, em uma consulta m\u00e9dica, a gente esquece de perguntar como est\u00e1 a carteirinha vacinal. Este \u00e9 o nosso papel como profissionais de sa\u00fade. E n\u00e3o \u00e9 s\u00f3 o medico. O enfermeiro, o auxiliar de enfermagem no posto e at\u00e9 o profissional da farm\u00e1cia.&#8221;<br><br>Uma pesquisa realizada pela GSK e divulgada em mar\u00e7o deste ano mostrou que a pandemia de covid-19 fez com que pais\u00a0adiassem a vacina\u00e7\u00e3o\u00a0contra a meningite em diversos pa\u00edses. No caso do Brasil, 72% dos entrevistados que n\u00e3o levaram os filhos para se vacinar apontaram as restri\u00e7\u00f5es para a preven\u00e7\u00e3o da covid-19 como uma das causas; 45% afirmaram ter medo de ser infectados pelo novo coronav\u00edrus e 19% disseram ainda que n\u00e3o levaram as crian\u00e7as para se imunizar contra a meningite porque contra\u00edram covid-19 ou tiveram que cuidar de algu\u00e9m com a doen\u00e7a.<br><br>Lessandra Michelin destaca que, seguindo as medidas de preven\u00e7\u00e3o, a ida aos postos de vacina\u00e7\u00e3o \u00e9 segura e n\u00e3o deve mais ser adiada. &#8220;Estamos em um outro momento da pandemia, e faz parte a gente ter que atualizar os calend\u00e1rios agora, porque as crian\u00e7as tamb\u00e9m est\u00e3o tendo maior mobilidade, est\u00e3o voltando \u00e0 escola e a atividades extracurriculares e precisam estar protegidas.&#8221;<\/p>\n\n\n\n<p class=\"wp-block-paragraph\">&#8212;&#8212;&#8212;&#8212;&#8212;&#8212;<br><em>Quer receber as not\u00edcias do <strong>Aconteceu no Vale<\/strong> em primeira m\u00e3o? Siga-nos no Facebook <a rel=\"noreferrer noopener\" href=\"http:\/\/facebook.com\/aconteceunovale\" target=\"_blank\">@aconteceunovale<\/a>, Twitter <a rel=\"noreferrer noopener\" href=\"https:\/\/twitter.com\/noticiadosvales\" target=\"_blank\">@noticiadosvales<\/a> e Instagram <a rel=\"noreferrer noopener\" href=\"https:\/\/www.instagram.com\/aconteceunovale\" target=\"_blank\">@aconteceunovale<\/a>.<\/em><\/p>\n","protected":false},"excerpt":{"rendered":"<p>Os pais de crian\u00e7as menores de 11 anos que n\u00e3o levaram seus filhos para se vacinar contra a doen\u00e7a meningog\u00f3cica na idade recomendada t\u00eam nova chance para colocar a imuniza\u00e7\u00e3o em dia at\u00e9 dezembro de 2021. O Minist\u00e9rio da Sa\u00fade distribuiu 900 mil doses da vacina meningoc\u00f3cica C (conjugada) em agosto e ampliou a idade [&hellip;]<\/p>\n","protected":false},"author":4,"featured_media":181442,"comment_status":"open","ping_status":"closed","sticky":false,"template":"","format":"standard","meta":{"amp_status":"","footnotes":""},"categories":[6,40242],"tags":[220733,1018,220731,216144,19153,19326,52113,25308,28873,220730,220734,19154,220732],"class_list":["post-181441","post","type-post","status-publish","format-standard","has-post-thumbnail","hentry","category-br","category-saude-2","tag-acwy","tag-destaque","tag-imunizacao-contra-meningite","tag-josianne-dias-gusmao","tag-meningite","tag-ministerio-da-saude","tag-ses-mg","tag-sistema-unico-de-saude","tag-sus","tag-sus-conta-com-vacina-que-previne-quatro-tipos-de-meningite","tag-vacina-acwy","tag-vacina-contra-meningite","tag-vacina-que-previne-meningite"],"yoast_head":"<!-- This site is optimized with the Yoast SEO plugin v28.3 - https:\/\/yoast.com\/product\/yoast-seo-wordpress\/ -->\n<title>Vacina\u00e7\u00e3o contra meningite busca menores de 11 anos com dose em atraso - Aconteceu no Vale<\/title>\n<meta name=\"robots\" content=\"index, follow, max-snippet:-1, max-image-preview:large, max-video-preview:-1\" \/>\n<link rel=\"canonical\" href=\"https:\/\/aconteceunovale.com.br\/portal\/?p=181441\" \/>\n<meta property=\"og:locale\" content=\"pt_BR\" \/>\n<meta property=\"og:type\" content=\"article\" \/>\n<meta property=\"og:title\" content=\"Vacina\u00e7\u00e3o contra meningite busca menores de 11 anos com dose em atraso - Aconteceu no Vale\" \/>\n<meta property=\"og:description\" content=\"Os pais de crian\u00e7as menores de 11 anos que n\u00e3o levaram seus filhos para se vacinar contra a doen\u00e7a meningog\u00f3cica na idade recomendada t\u00eam nova chance para colocar a imuniza\u00e7\u00e3o em dia at\u00e9 dezembro de 2021. O Minist\u00e9rio da Sa\u00fade distribuiu 900 mil doses da vacina meningoc\u00f3cica C (conjugada) em agosto e ampliou a idade [&hellip;]\" \/>\n<meta property=\"og:url\" content=\"https:\/\/aconteceunovale.com.br\/portal\/?p=181441\" \/>\n<meta property=\"og:site_name\" content=\"Aconteceu no Vale\" \/>\n<meta property=\"article:publisher\" content=\"https:\/\/www.facebook.com\/aconteceunovale\/\" \/>\n<meta property=\"article:published_time\" content=\"2021-09-05T02:11:31+00:00\" \/>\n<meta property=\"article:modified_time\" content=\"2021-09-05T02:12:09+00:00\" \/>\n<meta property=\"og:image\" content=\"https:\/\/aconteceunovale.com.br\/portal\/wp-content\/uploads\/2021\/09\/vacinaca_meningite.jpg\" \/>\n\t<meta property=\"og:image:width\" content=\"678\" \/>\n\t<meta property=\"og:image:height\" content=\"406\" \/>\n\t<meta property=\"og:image:type\" content=\"image\/jpeg\" \/>\n<meta name=\"author\" content=\"Reda\u00e7\u00e3o Aconteceu no Vale\" \/>\n<meta name=\"twitter:card\" content=\"summary_large_image\" \/>\n<meta name=\"twitter:creator\" content=\"@noticiadosvales\" \/>\n<meta name=\"twitter:site\" content=\"@noticiadosvales\" \/>\n<meta name=\"twitter:label1\" content=\"Escrito por\" \/>\n\t<meta name=\"twitter:data1\" content=\"Reda\u00e7\u00e3o Aconteceu no Vale\" \/>\n\t<meta name=\"twitter:label2\" content=\"Est. tempo de leitura\" \/>\n\t<meta name=\"twitter:data2\" content=\"5 minutos\" \/>\n<script type=\"application\/ld+json\" class=\"yoast-schema-graph\">{\"@context\":\"https:\\\/\\\/schema.org\",\"@graph\":[{\"@type\":\"Article\",\"@id\":\"https:\\\/\\\/aconteceunovale.com.br\\\/portal\\\/?p=181441#article\",\"isPartOf\":{\"@id\":\"https:\\\/\\\/aconteceunovale.com.br\\\/portal\\\/?p=181441\"},\"author\":{\"name\":\"Reda\u00e7\u00e3o Aconteceu no Vale\",\"@id\":\"https:\\\/\\\/aconteceunovale.com.br\\\/portal\\\/#\\\/schema\\\/person\\\/7d2f26d1483f8a63de73da1ee0754d35\"},\"headline\":\"Vacina\u00e7\u00e3o contra meningite busca menores de 11 anos com dose em atraso\",\"datePublished\":\"2021-09-05T02:11:31+00:00\",\"dateModified\":\"2021-09-05T02:12:09+00:00\",\"mainEntityOfPage\":{\"@id\":\"https:\\\/\\\/aconteceunovale.com.br\\\/portal\\\/?p=181441\"},\"wordCount\":1057,\"commentCount\":0,\"image\":{\"@id\":\"https:\\\/\\\/aconteceunovale.com.br\\\/portal\\\/?p=181441#primaryimage\"},\"thumbnailUrl\":\"https:\\\/\\\/aconteceunovale.com.br\\\/portal\\\/wp-content\\\/uploads\\\/2021\\\/09\\\/vacinaca_meningite.jpg\",\"keywords\":[\"ACWY\",\"destaque\",\"Imuniza\u00e7\u00e3o contra meningite\",\"Josianne Dias Gusm\u00e3o\",\"meningite\",\"Minist\u00e9rio da Sa\u00fade\",\"SES-MG\",\"Sistema \u00danico de Sa\u00fade\",\"SUS\",\"SUS conta com vacina que previne quatro tipos de meningite\",\"Vacina ACWY\",\"vacina contra meningite\",\"Vacina que previne meningite\"],\"articleSection\":[\"Brasil\",\"Sa\u00fade\"],\"inLanguage\":\"pt-BR\",\"potentialAction\":[{\"@type\":\"CommentAction\",\"name\":\"Comment\",\"target\":[\"https:\\\/\\\/aconteceunovale.com.br\\\/portal\\\/?p=181441#respond\"]}]},{\"@type\":\"WebPage\",\"@id\":\"https:\\\/\\\/aconteceunovale.com.br\\\/portal\\\/?p=181441\",\"url\":\"https:\\\/\\\/aconteceunovale.com.br\\\/portal\\\/?p=181441\",\"name\":\"Vacina\u00e7\u00e3o contra meningite busca menores de 11 anos com dose em atraso - Aconteceu no Vale\",\"isPartOf\":{\"@id\":\"https:\\\/\\\/aconteceunovale.com.br\\\/portal\\\/#website\"},\"primaryImageOfPage\":{\"@id\":\"https:\\\/\\\/aconteceunovale.com.br\\\/portal\\\/?p=181441#primaryimage\"},\"image\":{\"@id\":\"https:\\\/\\\/aconteceunovale.com.br\\\/portal\\\/?p=181441#primaryimage\"},\"thumbnailUrl\":\"https:\\\/\\\/aconteceunovale.com.br\\\/portal\\\/wp-content\\\/uploads\\\/2021\\\/09\\\/vacinaca_meningite.jpg\",\"datePublished\":\"2021-09-05T02:11:31+00:00\",\"dateModified\":\"2021-09-05T02:12:09+00:00\",\"author\":{\"@id\":\"https:\\\/\\\/aconteceunovale.com.br\\\/portal\\\/#\\\/schema\\\/person\\\/7d2f26d1483f8a63de73da1ee0754d35\"},\"breadcrumb\":{\"@id\":\"https:\\\/\\\/aconteceunovale.com.br\\\/portal\\\/?p=181441#breadcrumb\"},\"inLanguage\":\"pt-BR\",\"potentialAction\":[{\"@type\":\"ReadAction\",\"target\":[\"https:\\\/\\\/aconteceunovale.com.br\\\/portal\\\/?p=181441\"]}]},{\"@type\":\"ImageObject\",\"inLanguage\":\"pt-BR\",\"@id\":\"https:\\\/\\\/aconteceunovale.com.br\\\/portal\\\/?p=181441#primaryimage\",\"url\":\"https:\\\/\\\/aconteceunovale.com.br\\\/portal\\\/wp-content\\\/uploads\\\/2021\\\/09\\\/vacinaca_meningite.jpg\",\"contentUrl\":\"https:\\\/\\\/aconteceunovale.com.br\\\/portal\\\/wp-content\\\/uploads\\\/2021\\\/09\\\/vacinaca_meningite.jpg\",\"width\":678,\"height\":406,\"caption\":\"vacina\u00e7\u00e3o contra meningite\"},{\"@type\":\"BreadcrumbList\",\"@id\":\"https:\\\/\\\/aconteceunovale.com.br\\\/portal\\\/?p=181441#breadcrumb\",\"itemListElement\":[{\"@type\":\"ListItem\",\"position\":1,\"name\":\"In\u00edcio\",\"item\":\"https:\\\/\\\/aconteceunovale.com.br\\\/portal\\\/\"},{\"@type\":\"ListItem\",\"position\":2,\"name\":\"Vacina\u00e7\u00e3o contra meningite busca menores de 11 anos com dose em atraso\"}]},{\"@type\":\"WebSite\",\"@id\":\"https:\\\/\\\/aconteceunovale.com.br\\\/portal\\\/#website\",\"url\":\"https:\\\/\\\/aconteceunovale.com.br\\\/portal\\\/\",\"name\":\"Aconteceu no Vale\",\"description\":\"Portal de Not\u00edcias\",\"potentialAction\":[{\"@type\":\"SearchAction\",\"target\":{\"@type\":\"EntryPoint\",\"urlTemplate\":\"https:\\\/\\\/aconteceunovale.com.br\\\/portal\\\/?s={search_term_string}\"},\"query-input\":{\"@type\":\"PropertyValueSpecification\",\"valueRequired\":true,\"valueName\":\"search_term_string\"}}],\"inLanguage\":\"pt-BR\"},{\"@type\":\"Person\",\"@id\":\"https:\\\/\\\/aconteceunovale.com.br\\\/portal\\\/#\\\/schema\\\/person\\\/7d2f26d1483f8a63de73da1ee0754d35\",\"name\":\"Reda\u00e7\u00e3o Aconteceu no Vale\",\"description\":\"Equipe de reportagem do Aconteceu no Vale, portal de not\u00edcias do Vale do Jequitinhonha, em Minas Gerais. Cobrimos as 51 cidades do Vale desde 2013. Sugest\u00f5es de pauta e pedidos de corre\u00e7\u00e3o: contato@aconteceunovale.com.br\",\"url\":\"https:\\\/\\\/aconteceunovale.com.br\\\/portal\\\/?author=4\"}]}<\/script>\n<!-- \/ Yoast SEO plugin. -->","yoast_head_json":{"title":"Vacina\u00e7\u00e3o contra meningite busca menores de 11 anos com dose em atraso - Aconteceu no Vale","robots":{"index":"index","follow":"follow","max-snippet":"max-snippet:-1","max-image-preview":"max-image-preview:large","max-video-preview":"max-video-preview:-1"},"canonical":"https:\/\/aconteceunovale.com.br\/portal\/?p=181441","og_locale":"pt_BR","og_type":"article","og_title":"Vacina\u00e7\u00e3o contra meningite busca menores de 11 anos com dose em atraso - Aconteceu no Vale","og_description":"Os pais de crian\u00e7as menores de 11 anos que n\u00e3o levaram seus filhos para se vacinar contra a doen\u00e7a meningog\u00f3cica na idade recomendada t\u00eam nova chance para colocar a imuniza\u00e7\u00e3o em dia at\u00e9 dezembro de 2021. O Minist\u00e9rio da Sa\u00fade distribuiu 900 mil doses da vacina meningoc\u00f3cica C (conjugada) em agosto e ampliou a idade [&hellip;]","og_url":"https:\/\/aconteceunovale.com.br\/portal\/?p=181441","og_site_name":"Aconteceu no Vale","article_publisher":"https:\/\/www.facebook.com\/aconteceunovale\/","article_published_time":"2021-09-05T02:11:31+00:00","article_modified_time":"2021-09-05T02:12:09+00:00","og_image":[{"width":678,"height":406,"url":"https:\/\/aconteceunovale.com.br\/portal\/wp-content\/uploads\/2021\/09\/vacinaca_meningite.jpg","type":"image\/jpeg"}],"author":"Reda\u00e7\u00e3o Aconteceu no Vale","twitter_card":"summary_large_image","twitter_creator":"@noticiadosvales","twitter_site":"@noticiadosvales","twitter_misc":{"Escrito por":"Reda\u00e7\u00e3o Aconteceu no Vale","Est. tempo de leitura":"5 minutos"},"schema":{"@context":"https:\/\/schema.org","@graph":[{"@type":"Article","@id":"https:\/\/aconteceunovale.com.br\/portal\/?p=181441#article","isPartOf":{"@id":"https:\/\/aconteceunovale.com.br\/portal\/?p=181441"},"author":{"name":"Reda\u00e7\u00e3o Aconteceu no Vale","@id":"https:\/\/aconteceunovale.com.br\/portal\/#\/schema\/person\/7d2f26d1483f8a63de73da1ee0754d35"},"headline":"Vacina\u00e7\u00e3o contra meningite busca menores de 11 anos com dose em atraso","datePublished":"2021-09-05T02:11:31+00:00","dateModified":"2021-09-05T02:12:09+00:00","mainEntityOfPage":{"@id":"https:\/\/aconteceunovale.com.br\/portal\/?p=181441"},"wordCount":1057,"commentCount":0,"image":{"@id":"https:\/\/aconteceunovale.com.br\/portal\/?p=181441#primaryimage"},"thumbnailUrl":"https:\/\/aconteceunovale.com.br\/portal\/wp-content\/uploads\/2021\/09\/vacinaca_meningite.jpg","keywords":["ACWY","destaque","Imuniza\u00e7\u00e3o contra meningite","Josianne Dias Gusm\u00e3o","meningite","Minist\u00e9rio da Sa\u00fade","SES-MG","Sistema \u00danico de Sa\u00fade","SUS","SUS conta com vacina que previne quatro tipos de meningite","Vacina ACWY","vacina contra meningite","Vacina que previne meningite"],"articleSection":["Brasil","Sa\u00fade"],"inLanguage":"pt-BR","potentialAction":[{"@type":"CommentAction","name":"Comment","target":["https:\/\/aconteceunovale.com.br\/portal\/?p=181441#respond"]}]},{"@type":"WebPage","@id":"https:\/\/aconteceunovale.com.br\/portal\/?p=181441","url":"https:\/\/aconteceunovale.com.br\/portal\/?p=181441","name":"Vacina\u00e7\u00e3o contra meningite busca menores de 11 anos com dose em atraso - Aconteceu no Vale","isPartOf":{"@id":"https:\/\/aconteceunovale.com.br\/portal\/#website"},"primaryImageOfPage":{"@id":"https:\/\/aconteceunovale.com.br\/portal\/?p=181441#primaryimage"},"image":{"@id":"https:\/\/aconteceunovale.com.br\/portal\/?p=181441#primaryimage"},"thumbnailUrl":"https:\/\/aconteceunovale.com.br\/portal\/wp-content\/uploads\/2021\/09\/vacinaca_meningite.jpg","datePublished":"2021-09-05T02:11:31+00:00","dateModified":"2021-09-05T02:12:09+00:00","author":{"@id":"https:\/\/aconteceunovale.com.br\/portal\/#\/schema\/person\/7d2f26d1483f8a63de73da1ee0754d35"},"breadcrumb":{"@id":"https:\/\/aconteceunovale.com.br\/portal\/?p=181441#breadcrumb"},"inLanguage":"pt-BR","potentialAction":[{"@type":"ReadAction","target":["https:\/\/aconteceunovale.com.br\/portal\/?p=181441"]}]},{"@type":"ImageObject","inLanguage":"pt-BR","@id":"https:\/\/aconteceunovale.com.br\/portal\/?p=181441#primaryimage","url":"https:\/\/aconteceunovale.com.br\/portal\/wp-content\/uploads\/2021\/09\/vacinaca_meningite.jpg","contentUrl":"https:\/\/aconteceunovale.com.br\/portal\/wp-content\/uploads\/2021\/09\/vacinaca_meningite.jpg","width":678,"height":406,"caption":"vacina\u00e7\u00e3o contra meningite"},{"@type":"BreadcrumbList","@id":"https:\/\/aconteceunovale.com.br\/portal\/?p=181441#breadcrumb","itemListElement":[{"@type":"ListItem","position":1,"name":"In\u00edcio","item":"https:\/\/aconteceunovale.com.br\/portal\/"},{"@type":"ListItem","position":2,"name":"Vacina\u00e7\u00e3o contra meningite busca menores de 11 anos com dose em atraso"}]},{"@type":"WebSite","@id":"https:\/\/aconteceunovale.com.br\/portal\/#website","url":"https:\/\/aconteceunovale.com.br\/portal\/","name":"Aconteceu no Vale","description":"Portal de Not\u00edcias","potentialAction":[{"@type":"SearchAction","target":{"@type":"EntryPoint","urlTemplate":"https:\/\/aconteceunovale.com.br\/portal\/?s={search_term_string}"},"query-input":{"@type":"PropertyValueSpecification","valueRequired":true,"valueName":"search_term_string"}}],"inLanguage":"pt-BR"},{"@type":"Person","@id":"https:\/\/aconteceunovale.com.br\/portal\/#\/schema\/person\/7d2f26d1483f8a63de73da1ee0754d35","name":"Reda\u00e7\u00e3o Aconteceu no Vale","description":"Equipe de reportagem do Aconteceu no Vale, portal de not\u00edcias do Vale do Jequitinhonha, em Minas Gerais. Cobrimos as 51 cidades do Vale desde 2013. Sugest\u00f5es de pauta e pedidos de corre\u00e7\u00e3o: contato@aconteceunovale.com.br","url":"https:\/\/aconteceunovale.com.br\/portal\/?author=4"}]}},"_links":{"self":[{"href":"https:\/\/aconteceunovale.com.br\/portal\/index.php?rest_route=\/wp\/v2\/posts\/181441","targetHints":{"allow":["GET"]}}],"collection":[{"href":"https:\/\/aconteceunovale.com.br\/portal\/index.php?rest_route=\/wp\/v2\/posts"}],"about":[{"href":"https:\/\/aconteceunovale.com.br\/portal\/index.php?rest_route=\/wp\/v2\/types\/post"}],"author":[{"embeddable":true,"href":"https:\/\/aconteceunovale.com.br\/portal\/index.php?rest_route=\/wp\/v2\/users\/4"}],"replies":[{"embeddable":true,"href":"https:\/\/aconteceunovale.com.br\/portal\/index.php?rest_route=%2Fwp%2Fv2%2Fcomments&post=181441"}],"version-history":[{"count":1,"href":"https:\/\/aconteceunovale.com.br\/portal\/index.php?rest_route=\/wp\/v2\/posts\/181441\/revisions"}],"predecessor-version":[{"id":181443,"href":"https:\/\/aconteceunovale.com.br\/portal\/index.php?rest_route=\/wp\/v2\/posts\/181441\/revisions\/181443"}],"wp:featuredmedia":[{"embeddable":true,"href":"https:\/\/aconteceunovale.com.br\/portal\/index.php?rest_route=\/wp\/v2\/media\/181442"}],"wp:attachment":[{"href":"https:\/\/aconteceunovale.com.br\/portal\/index.php?rest_route=%2Fwp%2Fv2%2Fmedia&parent=181441"}],"wp:term":[{"taxonomy":"category","embeddable":true,"href":"https:\/\/aconteceunovale.com.br\/portal\/index.php?rest_route=%2Fwp%2Fv2%2Fcategories&post=181441"},{"taxonomy":"post_tag","embeddable":true,"href":"https:\/\/aconteceunovale.com.br\/portal\/index.php?rest_route=%2Fwp%2Fv2%2Ftags&post=181441"}],"curies":[{"name":"wp","href":"https:\/\/api.w.org\/{rel}","templated":true}]}}