{"id":181432,"date":"2021-09-04T19:23:19","date_gmt":"2021-09-04T22:23:19","guid":{"rendered":"https:\/\/aconteceunovale.com.br\/portal\/?p=181432"},"modified":"2021-09-04T19:24:58","modified_gmt":"2021-09-04T22:24:58","slug":"feriado-deve-ter-tempo-firme-na-maior-parte-do-brasil","status":"publish","type":"post","link":"https:\/\/aconteceunovale.com.br\/portal\/?p=181432","title":{"rendered":"Feriado deve ter tempo firme na maior parte do Brasil"},"content":{"rendered":"\n<p class=\"wp-block-paragraph\">O feriado prolongado de 7 de Setembro deve ter tempo firme na maior parte do pa\u00eds, informa a empresa Climatempo, que fornece informa\u00e7\u00f5es meteorol\u00f3gicas de todas as regi\u00f5es brasileiras.<\/p>\n\n\n\n<figure class=\"wp-block-gallery columns-1 is-cropped wp-block-gallery-1 is-layout-flex wp-block-gallery-is-layout-flex\"><ul class=\"blocks-gallery-grid\"><li class=\"blocks-gallery-item\"><figure><img loading=\"lazy\" decoding=\"async\" width=\"678\" height=\"419\" src=\"https:\/\/aconteceunovale.com.br\/portal\/wp-content\/uploads\/2021\/09\/ubatuba.jpg\" alt=\"\" data-id=\"181433\" data-full-url=\"https:\/\/aconteceunovale.com.br\/portal\/wp-content\/uploads\/2021\/09\/ubatuba.jpg\" data-link=\"https:\/\/aconteceunovale.com.br\/portal\/?attachment_id=181433\" class=\"wp-image-181433\" srcset=\"https:\/\/aconteceunovale.com.br\/portal\/wp-content\/uploads\/2021\/09\/ubatuba.jpg 678w, https:\/\/aconteceunovale.com.br\/portal\/wp-content\/uploads\/2021\/09\/ubatuba-300x185.jpg 300w, https:\/\/aconteceunovale.com.br\/portal\/wp-content\/uploads\/2021\/09\/ubatuba-356x220.jpg 356w\" sizes=\"auto, (max-width: 678px) 100vw, 678px\" \/><figcaption class=\"blocks-gallery-item__caption\"><em>Ubatuba (SP) &#8211; Foto: iStock \/ via Climatempo<\/em><\/figcaption><\/figure><\/li><\/ul><\/figure>\n\n\n\n<p class=\"wp-block-paragraph\">As regi\u00f5es Sudeste, Centro-Oeste e Nordeste ter\u00e3o clima quente e seco na maior parte dos dias, com chuvas isoladas. No Sul, uma frente avan\u00e7a desde o Rio Grande do Sul e h\u00e1 previs\u00e3o de chuvas fortes. Na Regi\u00e3o Norte, a previs\u00e3o \u00e9 de pancadas de chuva e tempo nublado em parte do Amazonas e Roraima, e de tempo seco e quente no Tocantins e em Rond\u00f4nia.<\/p>\n\n\n\n<p class=\"wp-block-paragraph\">Ao longo do fim de semana, a frente fria avan\u00e7a e as instabilidades se espalham, alcan\u00e7ando o sudoeste do Paran\u00e1. A chuva pode vir acompanhada por trovoadas, e o c\u00e9u fica encoberto. No domingo (05) o tempo fica mais firme sobre o sul e oeste do Rio Grande do Sul.<\/p>\n\n\n\n<h2 class=\"wp-block-heading\">Regi\u00f5es<\/h2>\n\n\n\n<p class=\"wp-block-paragraph\">Na segunda-feira (6), v\u00e9spera do feriado, \u00e1reas de instabilidades voltam a atuar no Rio Grande do Sul, e h\u00e1 previs\u00e3o de chuva forte e temporais sobre o sul do estado e regi\u00e3o da campanha ga\u00facha, e essa condi\u00e7\u00e3o se estende at\u00e9 a ter\u00e7a-feira (07), com pancadas de chuva por todo o estado. Entre Santa Catarina e Paran\u00e1, a semana come\u00e7a com predom\u00ednio de tempo firme, e chove apenas na faixa leste dos dois estados e h\u00e1 bastante varia\u00e7\u00e3o de nebulosidade sobre o litoral catarinense.<\/p>\n\n\n\n<p class=\"wp-block-paragraph\">No Sudeste, a previs\u00e3o para este fim de semana \u00e9 de tempo firme, com predom\u00ednio de sol nos quatro estados e temperaturas elevadas. Ainda existem condi\u00e7\u00f5es de chuva sobre o norte do Esp\u00edrito Santo, mas de forma muito fraca, pontual e intercalada com per\u00edodos de sol.<br><br>A semana come\u00e7a com a aproxima\u00e7\u00e3o de uma frente fria em S\u00e3o Paulo, que se deslocar\u00e1 para o oceano rapidamente. A nebulosidade aumenta no extremo sul paulista e pode chover fraco em \u00e1reas do litoral, o que inclui a regi\u00e3o da Baixada Santista e Vale do Ribeira, por\u00e9m, \u00e9 mais aumento de nebulosidade do que chuva. A temperatura cai um pouco na faixa litor\u00e2nea de S\u00e3o Paulo, mas longe de fazer frio.<br><br>Nos demais estados, as condi\u00e7\u00f5es do fim de semana se repetem, ou seja, predominam sol e tempo firme.<\/p>\n\n\n\n<p class=\"wp-block-paragraph\">O fim de semana no Centro-Oeste pode ter chuvas fracas e isoladas entre o oeste e sul de Mato Grosso do Sul e no oeste e norte de Mato Grosso, o que inclui a regi\u00e3o do Pantanal. Nas outras \u00e1reas e em todo o estado de Goi\u00e1s e no Distrito Federal, o tempo permanece seco e muito quente, com predom\u00ednio de sol.<br><br>No in\u00edcio da semana, j\u00e1 n\u00e3o chove mais em Mato Grosso do Sul, e o tempo fica firme em todo o estado, assim como em Goi\u00e1s e no Distrito Federal. A chuva persiste no noroeste de Mato Grosso e ainda ocorre acompanhada por trovoadas. Nas outras \u00e1reas do estado, o sol aparece entre poucas nuvens e n\u00e3o chove. A umidade do ar vai continuar caindo a \u00edndices&nbsp;cr\u00edticos apara sa\u00fade humana, podendo ficar abaixo de 12% em algumas \u00e1reas da regi\u00e3o.<\/p>\n\n\n\n<p class=\"wp-block-paragraph\">Ao longo do fim de semana, \u00e1reas de instabilidade que atuam no alto da atmosfera, seguem causando chuva para faixa leste e norte da Regi\u00e3o Nordeste, mas que ocorrem de forma fraca e passageira. \u00c9 apenas entre o litoral de Alagoas e o da Para\u00edba que o c\u00e9u fica nublado e chove a qualquer momento. No interior da Bahia, sul do Piau\u00ed e oeste de Pernambuco, o sol predomina entre poucas nuvens.<br><br>No come\u00e7o da semana, as \u00e1reas de chuva s\u00e3o ainda menores e o tempo seco predomina no Nordeste. Chove de forma fraca e isolada entre o litoral da Bahia e o do Rio Grande do Norte. Pode haver chuva intercalada com per\u00edodos de sol entre o centro e norte do Maranh\u00e3o e \u00e1reas do noroeste do Piau\u00ed na segunda-feira, mas, na ter\u00e7a, o tempo volta a ficar firme nos dois estados.<\/p>\n\n\n\n<p class=\"wp-block-paragraph\">No Norte, a semana termina com pancadas de chuva com trovoadas sobre boa parte da regi\u00e3o, por causa da combina\u00e7\u00e3o entre calor e umidade. O tempo volta a ficar firme no centro-sul de Tocantins, inclusive na capital Palmas. O tempo fica abafado mesmo com as instabilidades. O c\u00e9u fica nublado e pode haver chuva a qualquer momento entre o norte do Amazonas e Roraima. Nas demais \u00e1reas da regi\u00e3o, o sol aparece ao longo do dia, intercalado com chuva que ocorre de forma r\u00e1pida. No centro-sul do Tocantins, o tempo fica firme.<\/p>\n\n\n\n<p class=\"wp-block-paragraph\">No in\u00edcio da semana, instabilidades tropicais mant\u00eam o tempo inst\u00e1vel ao longo do dia na regi\u00e3o, mas o sol consegue aparecer entre nuvens. No centro-sul do\u00a0Tocantins, o tempo seco persiste, e a chuva d\u00e1 uma tr\u00e9gua no leste de Rond\u00f4nia.<\/p>\n\n\n\n<p class=\"wp-block-paragraph\">&#8212;&#8212;&#8212;&#8212;&#8212;&#8212;<br><em>Quer receber as not\u00edcias do <strong>Aconteceu no Vale<\/strong> em primeira m\u00e3o? Siga-nos no Facebook <a rel=\"noreferrer noopener\" href=\"http:\/\/facebook.com\/aconteceunovale\" target=\"_blank\">@aconteceunovale<\/a>, Twitter <a rel=\"noreferrer noopener\" href=\"https:\/\/twitter.com\/noticiadosvales\" target=\"_blank\">@noticiadosvales<\/a> e Instagram <a rel=\"noreferrer noopener\" href=\"https:\/\/www.instagram.com\/aconteceunovale\" target=\"_blank\">@aconteceunovale<\/a>.<\/em><\/p>\n","protected":false},"excerpt":{"rendered":"<p>O feriado prolongado de 7 de Setembro deve ter tempo firme na maior parte do pa\u00eds, informa a empresa Climatempo, que fornece informa\u00e7\u00f5es meteorol\u00f3gicas de todas as regi\u00f5es brasileiras. As regi\u00f5es Sudeste, Centro-Oeste e Nordeste ter\u00e3o clima quente e seco na maior parte dos dias, com chuvas isoladas. No Sul, uma frente avan\u00e7a desde o [&hellip;]<\/p>\n","protected":false},"author":4,"featured_media":181433,"comment_status":"open","ping_status":"closed","sticky":false,"template":"","format":"standard","meta":{"amp_status":"","footnotes":""},"categories":[6,125],"tags":[58212,250569,159713,250570,250568,250572,250571],"class_list":["post-181432","post","type-post","status-publish","format-standard","has-post-thumbnail","hentry","category-br","category-noticias","tag-feriado-da-independencia","tag-feriado-da-independencia-deve-ter-tempo-firme-na-maior-parte-do-brasil","tag-feriado-de-7-de-setembro","tag-feriado-de-7-de-setembro-deve-ter-tempo-firme-na-maior-parte-do-brasil","tag-feriado-deve-ter-tempo-firme-na-maior-parte-do-brasil","tag-previsao-do-tempo-para-o-feriado-da-independencia","tag-previsao-do-tempo-para-o-feriado-de-7-de-setembro"],"yoast_head":"<!-- This site is optimized with the Yoast SEO plugin v28.3 - https:\/\/yoast.com\/product\/yoast-seo-wordpress\/ -->\n<title>Feriado deve ter tempo firme na maior parte do Brasil - Aconteceu no Vale<\/title>\n<meta name=\"robots\" content=\"index, follow, max-snippet:-1, max-image-preview:large, max-video-preview:-1\" \/>\n<link rel=\"canonical\" href=\"https:\/\/aconteceunovale.com.br\/portal\/?p=181432\" \/>\n<meta property=\"og:locale\" content=\"pt_BR\" \/>\n<meta property=\"og:type\" content=\"article\" \/>\n<meta property=\"og:title\" content=\"Feriado deve ter tempo firme na maior parte do Brasil - Aconteceu no Vale\" \/>\n<meta property=\"og:description\" content=\"O feriado prolongado de 7 de Setembro deve ter tempo firme na maior parte do pa\u00eds, informa a empresa Climatempo, que fornece informa\u00e7\u00f5es meteorol\u00f3gicas de todas as regi\u00f5es brasileiras. As regi\u00f5es Sudeste, Centro-Oeste e Nordeste ter\u00e3o clima quente e seco na maior parte dos dias, com chuvas isoladas. No Sul, uma frente avan\u00e7a desde o [&hellip;]\" \/>\n<meta property=\"og:url\" content=\"https:\/\/aconteceunovale.com.br\/portal\/?p=181432\" \/>\n<meta property=\"og:site_name\" content=\"Aconteceu no Vale\" \/>\n<meta property=\"article:publisher\" content=\"https:\/\/www.facebook.com\/aconteceunovale\/\" \/>\n<meta property=\"article:published_time\" content=\"2021-09-04T22:23:19+00:00\" \/>\n<meta property=\"article:modified_time\" content=\"2021-09-04T22:24:58+00:00\" \/>\n<meta property=\"og:image\" content=\"https:\/\/aconteceunovale.com.br\/portal\/wp-content\/uploads\/2021\/09\/ubatuba.jpg\" \/>\n\t<meta property=\"og:image:width\" content=\"678\" \/>\n\t<meta property=\"og:image:height\" content=\"419\" \/>\n\t<meta property=\"og:image:type\" content=\"image\/jpeg\" \/>\n<meta name=\"author\" content=\"Reda\u00e7\u00e3o Aconteceu no Vale\" \/>\n<meta name=\"twitter:card\" content=\"summary_large_image\" \/>\n<meta name=\"twitter:creator\" content=\"@noticiadosvales\" \/>\n<meta name=\"twitter:site\" content=\"@noticiadosvales\" \/>\n<meta name=\"twitter:label1\" content=\"Escrito por\" \/>\n\t<meta name=\"twitter:data1\" content=\"Reda\u00e7\u00e3o Aconteceu no Vale\" \/>\n\t<meta name=\"twitter:label2\" content=\"Est. tempo de leitura\" \/>\n\t<meta name=\"twitter:data2\" content=\"4 minutos\" \/>\n<script type=\"application\/ld+json\" class=\"yoast-schema-graph\">{\"@context\":\"https:\\\/\\\/schema.org\",\"@graph\":[{\"@type\":\"Article\",\"@id\":\"https:\\\/\\\/aconteceunovale.com.br\\\/portal\\\/?p=181432#article\",\"isPartOf\":{\"@id\":\"https:\\\/\\\/aconteceunovale.com.br\\\/portal\\\/?p=181432\"},\"author\":{\"name\":\"Reda\u00e7\u00e3o Aconteceu no Vale\",\"@id\":\"https:\\\/\\\/aconteceunovale.com.br\\\/portal\\\/#\\\/schema\\\/person\\\/7d2f26d1483f8a63de73da1ee0754d35\"},\"headline\":\"Feriado deve ter tempo firme na maior parte do Brasil\",\"datePublished\":\"2021-09-04T22:23:19+00:00\",\"dateModified\":\"2021-09-04T22:24:58+00:00\",\"mainEntityOfPage\":{\"@id\":\"https:\\\/\\\/aconteceunovale.com.br\\\/portal\\\/?p=181432\"},\"wordCount\":883,\"commentCount\":0,\"image\":{\"@id\":\"https:\\\/\\\/aconteceunovale.com.br\\\/portal\\\/?p=181432#primaryimage\"},\"thumbnailUrl\":\"https:\\\/\\\/aconteceunovale.com.br\\\/portal\\\/wp-content\\\/uploads\\\/2021\\\/09\\\/ubatuba.jpg\",\"keywords\":[\"feriado da Independ\u00eancia\",\"Feriado da Independ\u00eancia deve ter tempo firme na maior parte do Brasil\",\"feriado de 7 de Setembro\",\"Feriado de 7 de Setembro deve ter tempo firme na maior parte do Brasil\",\"Feriado deve ter tempo firme na maior parte do Brasil\",\"Previs\u00e3o do tempo para o feriado da Independ\u00eancia\",\"Previs\u00e3o do tempo para o feriado de 7 de Setembro\"],\"articleSection\":[\"Brasil\",\"Eventos\"],\"inLanguage\":\"pt-BR\",\"potentialAction\":[{\"@type\":\"CommentAction\",\"name\":\"Comment\",\"target\":[\"https:\\\/\\\/aconteceunovale.com.br\\\/portal\\\/?p=181432#respond\"]}]},{\"@type\":\"WebPage\",\"@id\":\"https:\\\/\\\/aconteceunovale.com.br\\\/portal\\\/?p=181432\",\"url\":\"https:\\\/\\\/aconteceunovale.com.br\\\/portal\\\/?p=181432\",\"name\":\"Feriado deve ter tempo firme na maior parte do Brasil - Aconteceu no Vale\",\"isPartOf\":{\"@id\":\"https:\\\/\\\/aconteceunovale.com.br\\\/portal\\\/#website\"},\"primaryImageOfPage\":{\"@id\":\"https:\\\/\\\/aconteceunovale.com.br\\\/portal\\\/?p=181432#primaryimage\"},\"image\":{\"@id\":\"https:\\\/\\\/aconteceunovale.com.br\\\/portal\\\/?p=181432#primaryimage\"},\"thumbnailUrl\":\"https:\\\/\\\/aconteceunovale.com.br\\\/portal\\\/wp-content\\\/uploads\\\/2021\\\/09\\\/ubatuba.jpg\",\"datePublished\":\"2021-09-04T22:23:19+00:00\",\"dateModified\":\"2021-09-04T22:24:58+00:00\",\"author\":{\"@id\":\"https:\\\/\\\/aconteceunovale.com.br\\\/portal\\\/#\\\/schema\\\/person\\\/7d2f26d1483f8a63de73da1ee0754d35\"},\"breadcrumb\":{\"@id\":\"https:\\\/\\\/aconteceunovale.com.br\\\/portal\\\/?p=181432#breadcrumb\"},\"inLanguage\":\"pt-BR\",\"potentialAction\":[{\"@type\":\"ReadAction\",\"target\":[\"https:\\\/\\\/aconteceunovale.com.br\\\/portal\\\/?p=181432\"]}]},{\"@type\":\"ImageObject\",\"inLanguage\":\"pt-BR\",\"@id\":\"https:\\\/\\\/aconteceunovale.com.br\\\/portal\\\/?p=181432#primaryimage\",\"url\":\"https:\\\/\\\/aconteceunovale.com.br\\\/portal\\\/wp-content\\\/uploads\\\/2021\\\/09\\\/ubatuba.jpg\",\"contentUrl\":\"https:\\\/\\\/aconteceunovale.com.br\\\/portal\\\/wp-content\\\/uploads\\\/2021\\\/09\\\/ubatuba.jpg\",\"width\":678,\"height\":419},{\"@type\":\"BreadcrumbList\",\"@id\":\"https:\\\/\\\/aconteceunovale.com.br\\\/portal\\\/?p=181432#breadcrumb\",\"itemListElement\":[{\"@type\":\"ListItem\",\"position\":1,\"name\":\"In\u00edcio\",\"item\":\"https:\\\/\\\/aconteceunovale.com.br\\\/portal\\\/\"},{\"@type\":\"ListItem\",\"position\":2,\"name\":\"Feriado deve ter tempo firme na maior parte do Brasil\"}]},{\"@type\":\"WebSite\",\"@id\":\"https:\\\/\\\/aconteceunovale.com.br\\\/portal\\\/#website\",\"url\":\"https:\\\/\\\/aconteceunovale.com.br\\\/portal\\\/\",\"name\":\"Aconteceu no Vale\",\"description\":\"Portal de Not\u00edcias\",\"potentialAction\":[{\"@type\":\"SearchAction\",\"target\":{\"@type\":\"EntryPoint\",\"urlTemplate\":\"https:\\\/\\\/aconteceunovale.com.br\\\/portal\\\/?s={search_term_string}\"},\"query-input\":{\"@type\":\"PropertyValueSpecification\",\"valueRequired\":true,\"valueName\":\"search_term_string\"}}],\"inLanguage\":\"pt-BR\"},{\"@type\":\"Person\",\"@id\":\"https:\\\/\\\/aconteceunovale.com.br\\\/portal\\\/#\\\/schema\\\/person\\\/7d2f26d1483f8a63de73da1ee0754d35\",\"name\":\"Reda\u00e7\u00e3o Aconteceu no Vale\",\"description\":\"Equipe de reportagem do Aconteceu no Vale, portal de not\u00edcias do Vale do Jequitinhonha, em Minas Gerais. Cobrimos as 51 cidades do Vale desde 2013. Sugest\u00f5es de pauta e pedidos de corre\u00e7\u00e3o: contato@aconteceunovale.com.br\",\"url\":\"https:\\\/\\\/aconteceunovale.com.br\\\/portal\\\/?author=4\"}]}<\/script>\n<!-- \/ Yoast SEO plugin. -->","yoast_head_json":{"title":"Feriado deve ter tempo firme na maior parte do Brasil - Aconteceu no Vale","robots":{"index":"index","follow":"follow","max-snippet":"max-snippet:-1","max-image-preview":"max-image-preview:large","max-video-preview":"max-video-preview:-1"},"canonical":"https:\/\/aconteceunovale.com.br\/portal\/?p=181432","og_locale":"pt_BR","og_type":"article","og_title":"Feriado deve ter tempo firme na maior parte do Brasil - Aconteceu no Vale","og_description":"O feriado prolongado de 7 de Setembro deve ter tempo firme na maior parte do pa\u00eds, informa a empresa Climatempo, que fornece informa\u00e7\u00f5es meteorol\u00f3gicas de todas as regi\u00f5es brasileiras. As regi\u00f5es Sudeste, Centro-Oeste e Nordeste ter\u00e3o clima quente e seco na maior parte dos dias, com chuvas isoladas. No Sul, uma frente avan\u00e7a desde o [&hellip;]","og_url":"https:\/\/aconteceunovale.com.br\/portal\/?p=181432","og_site_name":"Aconteceu no Vale","article_publisher":"https:\/\/www.facebook.com\/aconteceunovale\/","article_published_time":"2021-09-04T22:23:19+00:00","article_modified_time":"2021-09-04T22:24:58+00:00","og_image":[{"width":678,"height":419,"url":"https:\/\/aconteceunovale.com.br\/portal\/wp-content\/uploads\/2021\/09\/ubatuba.jpg","type":"image\/jpeg"}],"author":"Reda\u00e7\u00e3o Aconteceu no Vale","twitter_card":"summary_large_image","twitter_creator":"@noticiadosvales","twitter_site":"@noticiadosvales","twitter_misc":{"Escrito por":"Reda\u00e7\u00e3o Aconteceu no Vale","Est. tempo de leitura":"4 minutos"},"schema":{"@context":"https:\/\/schema.org","@graph":[{"@type":"Article","@id":"https:\/\/aconteceunovale.com.br\/portal\/?p=181432#article","isPartOf":{"@id":"https:\/\/aconteceunovale.com.br\/portal\/?p=181432"},"author":{"name":"Reda\u00e7\u00e3o Aconteceu no Vale","@id":"https:\/\/aconteceunovale.com.br\/portal\/#\/schema\/person\/7d2f26d1483f8a63de73da1ee0754d35"},"headline":"Feriado deve ter tempo firme na maior parte do Brasil","datePublished":"2021-09-04T22:23:19+00:00","dateModified":"2021-09-04T22:24:58+00:00","mainEntityOfPage":{"@id":"https:\/\/aconteceunovale.com.br\/portal\/?p=181432"},"wordCount":883,"commentCount":0,"image":{"@id":"https:\/\/aconteceunovale.com.br\/portal\/?p=181432#primaryimage"},"thumbnailUrl":"https:\/\/aconteceunovale.com.br\/portal\/wp-content\/uploads\/2021\/09\/ubatuba.jpg","keywords":["feriado da Independ\u00eancia","Feriado da Independ\u00eancia deve ter tempo firme na maior parte do Brasil","feriado de 7 de Setembro","Feriado de 7 de Setembro deve ter tempo firme na maior parte do Brasil","Feriado deve ter tempo firme na maior parte do Brasil","Previs\u00e3o do tempo para o feriado da Independ\u00eancia","Previs\u00e3o do tempo para o feriado de 7 de Setembro"],"articleSection":["Brasil","Eventos"],"inLanguage":"pt-BR","potentialAction":[{"@type":"CommentAction","name":"Comment","target":["https:\/\/aconteceunovale.com.br\/portal\/?p=181432#respond"]}]},{"@type":"WebPage","@id":"https:\/\/aconteceunovale.com.br\/portal\/?p=181432","url":"https:\/\/aconteceunovale.com.br\/portal\/?p=181432","name":"Feriado deve ter tempo firme na maior parte do Brasil - Aconteceu no Vale","isPartOf":{"@id":"https:\/\/aconteceunovale.com.br\/portal\/#website"},"primaryImageOfPage":{"@id":"https:\/\/aconteceunovale.com.br\/portal\/?p=181432#primaryimage"},"image":{"@id":"https:\/\/aconteceunovale.com.br\/portal\/?p=181432#primaryimage"},"thumbnailUrl":"https:\/\/aconteceunovale.com.br\/portal\/wp-content\/uploads\/2021\/09\/ubatuba.jpg","datePublished":"2021-09-04T22:23:19+00:00","dateModified":"2021-09-04T22:24:58+00:00","author":{"@id":"https:\/\/aconteceunovale.com.br\/portal\/#\/schema\/person\/7d2f26d1483f8a63de73da1ee0754d35"},"breadcrumb":{"@id":"https:\/\/aconteceunovale.com.br\/portal\/?p=181432#breadcrumb"},"inLanguage":"pt-BR","potentialAction":[{"@type":"ReadAction","target":["https:\/\/aconteceunovale.com.br\/portal\/?p=181432"]}]},{"@type":"ImageObject","inLanguage":"pt-BR","@id":"https:\/\/aconteceunovale.com.br\/portal\/?p=181432#primaryimage","url":"https:\/\/aconteceunovale.com.br\/portal\/wp-content\/uploads\/2021\/09\/ubatuba.jpg","contentUrl":"https:\/\/aconteceunovale.com.br\/portal\/wp-content\/uploads\/2021\/09\/ubatuba.jpg","width":678,"height":419},{"@type":"BreadcrumbList","@id":"https:\/\/aconteceunovale.com.br\/portal\/?p=181432#breadcrumb","itemListElement":[{"@type":"ListItem","position":1,"name":"In\u00edcio","item":"https:\/\/aconteceunovale.com.br\/portal\/"},{"@type":"ListItem","position":2,"name":"Feriado deve ter tempo firme na maior parte do Brasil"}]},{"@type":"WebSite","@id":"https:\/\/aconteceunovale.com.br\/portal\/#website","url":"https:\/\/aconteceunovale.com.br\/portal\/","name":"Aconteceu no Vale","description":"Portal de Not\u00edcias","potentialAction":[{"@type":"SearchAction","target":{"@type":"EntryPoint","urlTemplate":"https:\/\/aconteceunovale.com.br\/portal\/?s={search_term_string}"},"query-input":{"@type":"PropertyValueSpecification","valueRequired":true,"valueName":"search_term_string"}}],"inLanguage":"pt-BR"},{"@type":"Person","@id":"https:\/\/aconteceunovale.com.br\/portal\/#\/schema\/person\/7d2f26d1483f8a63de73da1ee0754d35","name":"Reda\u00e7\u00e3o Aconteceu no Vale","description":"Equipe de reportagem do Aconteceu no Vale, portal de not\u00edcias do Vale do Jequitinhonha, em Minas Gerais. Cobrimos as 51 cidades do Vale desde 2013. Sugest\u00f5es de pauta e pedidos de corre\u00e7\u00e3o: contato@aconteceunovale.com.br","url":"https:\/\/aconteceunovale.com.br\/portal\/?author=4"}]}},"_links":{"self":[{"href":"https:\/\/aconteceunovale.com.br\/portal\/index.php?rest_route=\/wp\/v2\/posts\/181432","targetHints":{"allow":["GET"]}}],"collection":[{"href":"https:\/\/aconteceunovale.com.br\/portal\/index.php?rest_route=\/wp\/v2\/posts"}],"about":[{"href":"https:\/\/aconteceunovale.com.br\/portal\/index.php?rest_route=\/wp\/v2\/types\/post"}],"author":[{"embeddable":true,"href":"https:\/\/aconteceunovale.com.br\/portal\/index.php?rest_route=\/wp\/v2\/users\/4"}],"replies":[{"embeddable":true,"href":"https:\/\/aconteceunovale.com.br\/portal\/index.php?rest_route=%2Fwp%2Fv2%2Fcomments&post=181432"}],"version-history":[{"count":1,"href":"https:\/\/aconteceunovale.com.br\/portal\/index.php?rest_route=\/wp\/v2\/posts\/181432\/revisions"}],"predecessor-version":[{"id":181434,"href":"https:\/\/aconteceunovale.com.br\/portal\/index.php?rest_route=\/wp\/v2\/posts\/181432\/revisions\/181434"}],"wp:featuredmedia":[{"embeddable":true,"href":"https:\/\/aconteceunovale.com.br\/portal\/index.php?rest_route=\/wp\/v2\/media\/181433"}],"wp:attachment":[{"href":"https:\/\/aconteceunovale.com.br\/portal\/index.php?rest_route=%2Fwp%2Fv2%2Fmedia&parent=181432"}],"wp:term":[{"taxonomy":"category","embeddable":true,"href":"https:\/\/aconteceunovale.com.br\/portal\/index.php?rest_route=%2Fwp%2Fv2%2Fcategories&post=181432"},{"taxonomy":"post_tag","embeddable":true,"href":"https:\/\/aconteceunovale.com.br\/portal\/index.php?rest_route=%2Fwp%2Fv2%2Ftags&post=181432"}],"curies":[{"name":"wp","href":"https:\/\/api.w.org\/{rel}","templated":true}]}}