{"id":181427,"date":"2021-09-04T18:25:02","date_gmt":"2021-09-04T21:25:02","guid":{"rendered":"https:\/\/aconteceunovale.com.br\/portal\/?p=181427"},"modified":"2021-09-04T18:26:40","modified_gmt":"2021-09-04T21:26:40","slug":"cientistas-buscam-vacina-capaz-de-bloquear-o-novo-coronavirus-ainda-no-nariz","status":"publish","type":"post","link":"https:\/\/aconteceunovale.com.br\/portal\/?p=181427","title":{"rendered":"Cientistas buscam vacina capaz de bloquear o novo coronav\u00edrus ainda no nariz"},"content":{"rendered":"\n<p class=\"wp-block-paragraph\">Uma vacina em forma de spray nasal de f\u00e1cil aplica\u00e7\u00e3o, baixo custo, prote\u00e7\u00e3o duradoura inclusive contra variantes e capaz de bloquear a a\u00e7\u00e3o do novo coronav\u00edrus ainda no nariz, onde come\u00e7am as infec\u00e7\u00f5es. Esse \u00e9 o objetivo de um projeto que est\u00e1 sendo desenvolvido por um grupo de pesquisadores da Universidade de S\u00e3o Paulo (USP), em parceria com a Universidade Federal de S\u00e3o Paulo (Unifesp) e a Funda\u00e7\u00e3o Oswaldo Cruz (Fiocruz).<\/p>\n\n\n\n<p class=\"wp-block-paragraph\">O novo imunizante, ainda em fases iniciais de estudo, foi apresentado na segunda-feira (30\/8\/2021) durante o Ciclo ILP-FAPESP de Ci\u00eancia e Inova\u00e7\u00e3o. O evento, uma parceria entre a FAPESP (Funda\u00e7\u00e3o de Amparo \u00e0 Pesquisa do Estado de S\u00e3o Paulo) e o Instituto do Legislativo Paulista (ILP), est\u00e1\u00a0<a rel=\"noreferrer noopener\" href=\"https:\/\/youtu.be\/DOtkvckbXIc\" target=\"_blank\">dispon\u00edvel<\/a>\u00a0na \u00edntegra no Youtube .<\/p>\n\n\n\n<p class=\"wp-block-paragraph\">\u201cUma das vantagens da imuniza\u00e7\u00e3o nasal \u00e9 que ela gera uma imunidade local no nariz, na orofaringe [parte da garganta logo atr\u00e1s da boca] e nos pulm\u00f5es. \u00c9 exatamente o \u2018territ\u00f3rio\u2019 ideal para impedir a consolida\u00e7\u00e3o de uma infec\u00e7\u00e3o pelo SARS-CoV-2. Vacinas injet\u00e1veis s\u00e3o muito boas para induzir imunidade sist\u00eamica e tamb\u00e9m nos pulm\u00f5es, mas n\u00e3o s\u00e3o especialmente boas para gerar uma resposta protetora na regi\u00e3o nasal e orofaringe\u201d, explicou\u00a0<a href=\"https:\/\/bv.fapesp.br\/pt\/pesquisador\/88\" target=\"_blank\" rel=\"noreferrer noopener\">Ed\u00e9cio Cunha Neto<\/a>, professor da Faculdade de Medicina (FM-USP) e pesquisador do Laborat\u00f3rio de Imunologia do Instituto do Cora\u00e7\u00e3o (InCor).<\/p>\n\n\n\n<p class=\"wp-block-paragraph\">O projeto, do qual ele \u00e9 um dos pesquisadores principais, tem\u00a0<a href=\"https:\/\/bv.fapesp.br\/pt\/auxilios\/106256\/\" target=\"_blank\" rel=\"noreferrer noopener\">apoio<\/a>\u00a0da FAPESP e \u00e9 coordenado por\u00a0<a href=\"https:\/\/bv.fapesp.br\/pt\/pesquisador\/718\" target=\"_blank\" rel=\"noreferrer noopener\">Jorge Elias Kalil Filho<\/a>, professor da FM-USP e chefe do Laborat\u00f3rio de Imunologia Cl\u00ednica e Alergia do Hospital das Cl\u00ednicas (HC-FM-USP).<\/p>\n\n\n\n<p class=\"wp-block-paragraph\">\u201cAs vacinas que existem hoje s\u00e3o excelentes, desenvolvidas em tempo recorde, mas agora precisamos de um imunizante de segunda gera\u00e7\u00e3o capaz de contornar problemas que apareceram no decorrer da imuniza\u00e7\u00e3o [escape imune ou efeitos adversos, por exemplo] e servir como refor\u00e7o \u00e0s injet\u00e1veis\u201d, disse Cunha Neto.<\/p>\n\n\n\n<p class=\"wp-block-paragraph\">Segundo o pesquisador, o objetivo \u00e9 criar uma vacina que gere anticorpos neutralizantes duradouros e tamb\u00e9m estimule de forma robusta a imunidade celular \u2013 aquela mediada pelos linf\u00f3citos T, que reconhecem o pat\u00f3geno e destroem c\u00e9lulas infectadas.<\/p>\n\n\n\n<p class=\"wp-block-paragraph\">Al\u00e9m disso, a nova vacina deve proteger contra variantes de preocupa\u00e7\u00e3o. Para isso, os pesquisadores est\u00e3o desenvolvendo um ant\u00edgeno que pode conter a regi\u00e3o da prote\u00edna S (<em>spike<\/em>, presente na superf\u00edcie do v\u00edrus) que&nbsp;se liga \u00e0s c\u00e9lulas humanas (RBD) de tr\u00eas ou quatro variantes ao mesmo tempo.<\/p>\n\n\n\n<p class=\"wp-block-paragraph\">O ant\u00edgeno vai conter ainda peda\u00e7os de prote\u00ednas que estimulem a resposta celular, mais duradoura do que aquela mediada pelos anticorpos neutralizantes. Por isso, deve incluir os chamados linf\u00f3citos T CD8+ citot\u00f3xicos, que matam c\u00e9lulas infectadas, e os linf\u00f3citos T CD4+, que ajudam na produ\u00e7\u00e3o de anticorpos e nas respostas citot\u00f3xicas.<\/p>\n\n\n\n<p class=\"wp-block-paragraph\">Atualmente, a equipe est\u00e1 testando 25 combina\u00e7\u00f5es diferentes de prote\u00ednas, que ser\u00e3o encapsuladas em nanopart\u00edculas de cer\u00e2mica recobertas com um pol\u00edmero para garantir a ades\u00e3o do imunizante ao ambiente nasal.<\/p>\n\n\n\n<p class=\"wp-block-paragraph\">Testes preliminares com duas doses de prot\u00f3tipos do ant\u00edgeno levaram \u00e0 gera\u00e7\u00e3o de altas quantidades de anticorpos neutralizantes em camundongos. Cunha Neto ressalta que o produto esperado dever\u00e1 ainda ser est\u00e1vel em temperatura ambiente, al\u00e9m de seguro, com baixo custo e dom\u00ednio de todo o processo de fabrica\u00e7\u00e3o no pa\u00eds.<\/p>\n\n\n\n<p class=\"wp-block-paragraph\">A expectativa \u00e9 que os testes cl\u00ednicos sejam realizados em 2022.<\/p>\n\n\n\n<h2 class=\"wp-block-heading\"><strong>Vigil\u00e2ncia gen\u00f4mica<\/strong><\/h2>\n\n\n\n<p class=\"wp-block-paragraph\">Para saber quais variantes devem ser alvos de uma vacina, \u00e9 essencial saber quais as cepas mais presentes no pa\u00eds. Para isso, alguns grupos realizam no Brasil a chamada vigil\u00e2ncia gen\u00f4mica. O trabalho consiste em sequenciar o genoma das variantes em circula\u00e7\u00e3o para determinar as que s\u00e3o mais preocupantes em termos epidemiol\u00f3gicos.<\/p>\n\n\n\n<p class=\"wp-block-paragraph\">Em uma parceria com a Prefeitura de S\u00e3o Paulo, o Centro Conjunto Brasil-Reino Unido para Descoberta, Diagn\u00f3stico, Gen\u00f4mica e Epidemiologia de Arbov\u00edrus (<a href=\"https:\/\/www.caddecentre.org\/\" target=\"_blank\" rel=\"noreferrer noopener\">CADDE<\/a>),\u00a0<a href=\"https:\/\/bv.fapesp.br\/pt\/auxilios\/103130\/\" target=\"_blank\" rel=\"noreferrer noopener\">apoiado<\/a>\u00a0pela FAPESP, est\u00e1 monitorando a preval\u00eancia da variante delta do SARS-CoV-2 no munic\u00edpio.<\/p>\n\n\n\n<p class=\"wp-block-paragraph\">\u201cNo in\u00edcio, a propor\u00e7\u00e3o dessa cepa era de 2%, mas ela vem subindo sistematicamente e se espalhando em v\u00e1rios pontos da cidade de S\u00e3o Paulo. Hoje estamos em torno de 33%. Infelizmente, a delta vai predominar nas pr\u00f3ximas semanas\u201d, disse\u00a0<a href=\"https:\/\/bv.fapesp.br\/pt\/pesquisador\/3785\/\" target=\"_blank\" rel=\"noreferrer noopener\">Ester Sabino<\/a>, professora da FM-USP e pesquisadora do Instituto de Medicina Tropical (IMT-USP).<\/p>\n\n\n\n<p class=\"wp-block-paragraph\">Outro palestrante foi\u00a0<a href=\"https:\/\/bv.fapesp.br\/pt\/pesquisador\/21475\/fernando-rosado-spilki\" target=\"_blank\" rel=\"noreferrer noopener\">Fernando\u00a0Spilki<\/a>, pr\u00f3-reitor de pesquisa da Universidade Feevale e coordenador da Rede Corona-\u00d4mica do Minist\u00e9rio da Ci\u00eancia, Tecnologia e Inova\u00e7\u00f5es (MCTI), criada em 2020 para liderar os esfor\u00e7os de vigil\u00e2ncia gen\u00f4mica no pa\u00eds. Entre outros assuntos, o pesquisador falou dos esfor\u00e7os para integrar dados de todo o territ\u00f3rio nacional.<\/p>\n\n\n\n<p class=\"wp-block-paragraph\"><a href=\"https:\/\/bv.fapesp.br\/pt\/pesquisador\/33956\" target=\"_blank\" rel=\"noreferrer noopener\">Sandra\u00a0Vessoni<\/a>, diretora do Centro de Desenvolvimento Cient\u00edfico do Instituto Butantan e coordenadora da Rede de Alertas das Variantes do SARS-CoV-2 do Estado de S\u00e3o Paulo, falou sobre o monitoramento, diagn\u00f3stico e a defini\u00e7\u00e3o da estrat\u00e9gia vacinal realizados pela institui\u00e7\u00e3o.<\/p>\n\n\n\n<p class=\"wp-block-paragraph\">Paola Cristina Resende Silva, pesquisadora do Laborat\u00f3rio de V\u00edrus Respirat\u00f3rios e do Sarampo do Instituto Oswaldo Cruz\/Fiocruz, coordenadora da equipe de curadoria da plataforma de dados GISAID no Brasil, explicou como \u00e9 realizado o trabalho no reposit\u00f3rio, que re\u00fane dados de sequenciamento de variantes do mundo todo.<\/p>\n\n\n\n<p class=\"wp-block-paragraph\">O encontro teve como mediador Carlos Am\u00e9rico Pacheco, diretor-presidente do Conselho T\u00e9cnico-Administrativo da FAPESP.<\/p>\n\n\n\n<p class=\"wp-block-paragraph\">&#8212;&#8212;&#8212;&#8212;&#8212;&#8212;<br><em>Quer receber as not\u00edcias do <strong>Aconteceu no Vale<\/strong> em primeira m\u00e3o? Siga-nos no Facebook <a rel=\"noreferrer noopener\" href=\"http:\/\/facebook.com\/aconteceunovale\" target=\"_blank\">@aconteceunovale<\/a>, Twitter <a rel=\"noreferrer noopener\" href=\"https:\/\/twitter.com\/noticiadosvales\" target=\"_blank\">@noticiadosvales<\/a> e Instagram <a rel=\"noreferrer noopener\" href=\"https:\/\/www.instagram.com\/aconteceunovale\" target=\"_blank\">@aconteceunovale<\/a>.<\/em><\/p>\n","protected":false},"excerpt":{"rendered":"<p>Uma vacina em forma de spray nasal de f\u00e1cil aplica\u00e7\u00e3o, baixo custo, prote\u00e7\u00e3o duradoura inclusive contra variantes e capaz de bloquear a a\u00e7\u00e3o do novo coronav\u00edrus ainda no nariz, onde come\u00e7am as infec\u00e7\u00f5es. Esse \u00e9 o objetivo de um projeto que est\u00e1 sendo desenvolvido por um grupo de pesquisadores da Universidade de S\u00e3o Paulo (USP), [&hellip;]<\/p>\n","protected":false},"author":4,"featured_media":181428,"comment_status":"open","ping_status":"closed","sticky":false,"template":"","format":"standard","meta":{"amp_status":"","footnotes":""},"categories":[6,28848,40242],"tags":[216498,24222,215653,140166,250554,219312,250552,250550,250551,78002,46670,250549,250553],"class_list":["post-181427","post","type-post","status-publish","format-standard","has-post-thumbnail","hentry","category-br","category-mundo","category-saude-2","tag-covid-19","tag-fiocruz","tag-novo-coronavirus","tag-pandemia","tag-pesquisa-de-vacina-nasal","tag-sars-cov-2","tag-spray-nasal-contra-a-covid-19","tag-spray-nasal-contra-o-novo-coronavirus","tag-spray-nasal-contra-o-sars-cov-2","tag-unifesp","tag-usp","tag-vacina-capaz-de-bloquear-o-novo-coronavirus-ainda-no-nariz","tag-vacina-nasal"],"yoast_head":"<!-- This site is optimized with the Yoast SEO plugin v28.3 - https:\/\/yoast.com\/product\/yoast-seo-wordpress\/ -->\n<title>Cientistas buscam vacina capaz de bloquear o novo coronav\u00edrus ainda no nariz - Aconteceu no Vale<\/title>\n<meta name=\"robots\" content=\"index, follow, max-snippet:-1, max-image-preview:large, max-video-preview:-1\" \/>\n<link rel=\"canonical\" href=\"https:\/\/aconteceunovale.com.br\/portal\/?p=181427\" \/>\n<meta property=\"og:locale\" content=\"pt_BR\" \/>\n<meta property=\"og:type\" content=\"article\" \/>\n<meta property=\"og:title\" content=\"Cientistas buscam vacina capaz de bloquear o novo coronav\u00edrus ainda no nariz - Aconteceu no Vale\" \/>\n<meta property=\"og:description\" content=\"Uma vacina em forma de spray nasal de f\u00e1cil aplica\u00e7\u00e3o, baixo custo, prote\u00e7\u00e3o duradoura inclusive contra variantes e capaz de bloquear a a\u00e7\u00e3o do novo coronav\u00edrus ainda no nariz, onde come\u00e7am as infec\u00e7\u00f5es. Esse \u00e9 o objetivo de um projeto que est\u00e1 sendo desenvolvido por um grupo de pesquisadores da Universidade de S\u00e3o Paulo (USP), [&hellip;]\" \/>\n<meta property=\"og:url\" content=\"https:\/\/aconteceunovale.com.br\/portal\/?p=181427\" \/>\n<meta property=\"og:site_name\" content=\"Aconteceu no Vale\" \/>\n<meta property=\"article:publisher\" content=\"https:\/\/www.facebook.com\/aconteceunovale\/\" \/>\n<meta property=\"article:published_time\" content=\"2021-09-04T21:25:02+00:00\" \/>\n<meta property=\"article:modified_time\" content=\"2021-09-04T21:26:40+00:00\" \/>\n<meta property=\"og:image\" content=\"https:\/\/aconteceunovale.com.br\/portal\/wp-content\/uploads\/2021\/09\/spray_nasal_corona.jpg\" \/>\n\t<meta property=\"og:image:width\" content=\"678\" \/>\n\t<meta property=\"og:image:height\" content=\"385\" \/>\n\t<meta property=\"og:image:type\" content=\"image\/jpeg\" \/>\n<meta name=\"author\" content=\"Reda\u00e7\u00e3o Aconteceu no Vale\" \/>\n<meta name=\"twitter:card\" content=\"summary_large_image\" \/>\n<meta name=\"twitter:creator\" content=\"@noticiadosvales\" \/>\n<meta name=\"twitter:site\" content=\"@noticiadosvales\" \/>\n<meta name=\"twitter:label1\" content=\"Escrito por\" \/>\n\t<meta name=\"twitter:data1\" content=\"Reda\u00e7\u00e3o Aconteceu no Vale\" \/>\n\t<meta name=\"twitter:label2\" content=\"Est. tempo de leitura\" \/>\n\t<meta name=\"twitter:data2\" content=\"5 minutos\" \/>\n<script type=\"application\/ld+json\" class=\"yoast-schema-graph\">{\"@context\":\"https:\\\/\\\/schema.org\",\"@graph\":[{\"@type\":\"Article\",\"@id\":\"https:\\\/\\\/aconteceunovale.com.br\\\/portal\\\/?p=181427#article\",\"isPartOf\":{\"@id\":\"https:\\\/\\\/aconteceunovale.com.br\\\/portal\\\/?p=181427\"},\"author\":{\"name\":\"Reda\u00e7\u00e3o Aconteceu no Vale\",\"@id\":\"https:\\\/\\\/aconteceunovale.com.br\\\/portal\\\/#\\\/schema\\\/person\\\/7d2f26d1483f8a63de73da1ee0754d35\"},\"headline\":\"Cientistas buscam vacina capaz de bloquear o novo coronav\u00edrus ainda no nariz\",\"datePublished\":\"2021-09-04T21:25:02+00:00\",\"dateModified\":\"2021-09-04T21:26:40+00:00\",\"mainEntityOfPage\":{\"@id\":\"https:\\\/\\\/aconteceunovale.com.br\\\/portal\\\/?p=181427\"},\"wordCount\":964,\"commentCount\":0,\"image\":{\"@id\":\"https:\\\/\\\/aconteceunovale.com.br\\\/portal\\\/?p=181427#primaryimage\"},\"thumbnailUrl\":\"https:\\\/\\\/aconteceunovale.com.br\\\/portal\\\/wp-content\\\/uploads\\\/2021\\\/09\\\/spray_nasal_corona.jpg\",\"keywords\":[\"COVID-19\",\"Fiocruz\",\"Novo coronav\u00edrus\",\"pandemia\",\"Pesquisa de vacina nasal\",\"Sars-Cov-2\",\"Spray nasal contra a Covid-19\",\"Spray nasal contra o novo coronav\u00edrus\",\"Spray nasal contra o Sars-Cov-2\",\"Unifesp\",\"USP\",\"Vacina capaz de bloquear o novo coronav\u00edrus ainda no nariz\",\"Vacina nasal\"],\"articleSection\":[\"Brasil\",\"Mundo\",\"Sa\u00fade\"],\"inLanguage\":\"pt-BR\",\"potentialAction\":[{\"@type\":\"CommentAction\",\"name\":\"Comment\",\"target\":[\"https:\\\/\\\/aconteceunovale.com.br\\\/portal\\\/?p=181427#respond\"]}]},{\"@type\":\"WebPage\",\"@id\":\"https:\\\/\\\/aconteceunovale.com.br\\\/portal\\\/?p=181427\",\"url\":\"https:\\\/\\\/aconteceunovale.com.br\\\/portal\\\/?p=181427\",\"name\":\"Cientistas buscam vacina capaz de bloquear o novo coronav\u00edrus ainda no nariz - Aconteceu no Vale\",\"isPartOf\":{\"@id\":\"https:\\\/\\\/aconteceunovale.com.br\\\/portal\\\/#website\"},\"primaryImageOfPage\":{\"@id\":\"https:\\\/\\\/aconteceunovale.com.br\\\/portal\\\/?p=181427#primaryimage\"},\"image\":{\"@id\":\"https:\\\/\\\/aconteceunovale.com.br\\\/portal\\\/?p=181427#primaryimage\"},\"thumbnailUrl\":\"https:\\\/\\\/aconteceunovale.com.br\\\/portal\\\/wp-content\\\/uploads\\\/2021\\\/09\\\/spray_nasal_corona.jpg\",\"datePublished\":\"2021-09-04T21:25:02+00:00\",\"dateModified\":\"2021-09-04T21:26:40+00:00\",\"author\":{\"@id\":\"https:\\\/\\\/aconteceunovale.com.br\\\/portal\\\/#\\\/schema\\\/person\\\/7d2f26d1483f8a63de73da1ee0754d35\"},\"breadcrumb\":{\"@id\":\"https:\\\/\\\/aconteceunovale.com.br\\\/portal\\\/?p=181427#breadcrumb\"},\"inLanguage\":\"pt-BR\",\"potentialAction\":[{\"@type\":\"ReadAction\",\"target\":[\"https:\\\/\\\/aconteceunovale.com.br\\\/portal\\\/?p=181427\"]}]},{\"@type\":\"ImageObject\",\"inLanguage\":\"pt-BR\",\"@id\":\"https:\\\/\\\/aconteceunovale.com.br\\\/portal\\\/?p=181427#primaryimage\",\"url\":\"https:\\\/\\\/aconteceunovale.com.br\\\/portal\\\/wp-content\\\/uploads\\\/2021\\\/09\\\/spray_nasal_corona.jpg\",\"contentUrl\":\"https:\\\/\\\/aconteceunovale.com.br\\\/portal\\\/wp-content\\\/uploads\\\/2021\\\/09\\\/spray_nasal_corona.jpg\",\"width\":678,\"height\":385},{\"@type\":\"BreadcrumbList\",\"@id\":\"https:\\\/\\\/aconteceunovale.com.br\\\/portal\\\/?p=181427#breadcrumb\",\"itemListElement\":[{\"@type\":\"ListItem\",\"position\":1,\"name\":\"In\u00edcio\",\"item\":\"https:\\\/\\\/aconteceunovale.com.br\\\/portal\\\/\"},{\"@type\":\"ListItem\",\"position\":2,\"name\":\"Cientistas buscam vacina capaz de bloquear o novo coronav\u00edrus ainda no nariz\"}]},{\"@type\":\"WebSite\",\"@id\":\"https:\\\/\\\/aconteceunovale.com.br\\\/portal\\\/#website\",\"url\":\"https:\\\/\\\/aconteceunovale.com.br\\\/portal\\\/\",\"name\":\"Aconteceu no Vale\",\"description\":\"Portal de Not\u00edcias\",\"potentialAction\":[{\"@type\":\"SearchAction\",\"target\":{\"@type\":\"EntryPoint\",\"urlTemplate\":\"https:\\\/\\\/aconteceunovale.com.br\\\/portal\\\/?s={search_term_string}\"},\"query-input\":{\"@type\":\"PropertyValueSpecification\",\"valueRequired\":true,\"valueName\":\"search_term_string\"}}],\"inLanguage\":\"pt-BR\"},{\"@type\":\"Person\",\"@id\":\"https:\\\/\\\/aconteceunovale.com.br\\\/portal\\\/#\\\/schema\\\/person\\\/7d2f26d1483f8a63de73da1ee0754d35\",\"name\":\"Reda\u00e7\u00e3o Aconteceu no Vale\",\"description\":\"Equipe de reportagem do Aconteceu no Vale, portal de not\u00edcias do Vale do Jequitinhonha, em Minas Gerais. Cobrimos as 51 cidades do Vale desde 2013. Sugest\u00f5es de pauta e pedidos de corre\u00e7\u00e3o: contato@aconteceunovale.com.br\",\"url\":\"https:\\\/\\\/aconteceunovale.com.br\\\/portal\\\/?author=4\"}]}<\/script>\n<!-- \/ Yoast SEO plugin. -->","yoast_head_json":{"title":"Cientistas buscam vacina capaz de bloquear o novo coronav\u00edrus ainda no nariz - Aconteceu no Vale","robots":{"index":"index","follow":"follow","max-snippet":"max-snippet:-1","max-image-preview":"max-image-preview:large","max-video-preview":"max-video-preview:-1"},"canonical":"https:\/\/aconteceunovale.com.br\/portal\/?p=181427","og_locale":"pt_BR","og_type":"article","og_title":"Cientistas buscam vacina capaz de bloquear o novo coronav\u00edrus ainda no nariz - Aconteceu no Vale","og_description":"Uma vacina em forma de spray nasal de f\u00e1cil aplica\u00e7\u00e3o, baixo custo, prote\u00e7\u00e3o duradoura inclusive contra variantes e capaz de bloquear a a\u00e7\u00e3o do novo coronav\u00edrus ainda no nariz, onde come\u00e7am as infec\u00e7\u00f5es. Esse \u00e9 o objetivo de um projeto que est\u00e1 sendo desenvolvido por um grupo de pesquisadores da Universidade de S\u00e3o Paulo (USP), [&hellip;]","og_url":"https:\/\/aconteceunovale.com.br\/portal\/?p=181427","og_site_name":"Aconteceu no Vale","article_publisher":"https:\/\/www.facebook.com\/aconteceunovale\/","article_published_time":"2021-09-04T21:25:02+00:00","article_modified_time":"2021-09-04T21:26:40+00:00","og_image":[{"width":678,"height":385,"url":"https:\/\/aconteceunovale.com.br\/portal\/wp-content\/uploads\/2021\/09\/spray_nasal_corona.jpg","type":"image\/jpeg"}],"author":"Reda\u00e7\u00e3o Aconteceu no Vale","twitter_card":"summary_large_image","twitter_creator":"@noticiadosvales","twitter_site":"@noticiadosvales","twitter_misc":{"Escrito por":"Reda\u00e7\u00e3o Aconteceu no Vale","Est. tempo de leitura":"5 minutos"},"schema":{"@context":"https:\/\/schema.org","@graph":[{"@type":"Article","@id":"https:\/\/aconteceunovale.com.br\/portal\/?p=181427#article","isPartOf":{"@id":"https:\/\/aconteceunovale.com.br\/portal\/?p=181427"},"author":{"name":"Reda\u00e7\u00e3o Aconteceu no Vale","@id":"https:\/\/aconteceunovale.com.br\/portal\/#\/schema\/person\/7d2f26d1483f8a63de73da1ee0754d35"},"headline":"Cientistas buscam vacina capaz de bloquear o novo coronav\u00edrus ainda no nariz","datePublished":"2021-09-04T21:25:02+00:00","dateModified":"2021-09-04T21:26:40+00:00","mainEntityOfPage":{"@id":"https:\/\/aconteceunovale.com.br\/portal\/?p=181427"},"wordCount":964,"commentCount":0,"image":{"@id":"https:\/\/aconteceunovale.com.br\/portal\/?p=181427#primaryimage"},"thumbnailUrl":"https:\/\/aconteceunovale.com.br\/portal\/wp-content\/uploads\/2021\/09\/spray_nasal_corona.jpg","keywords":["COVID-19","Fiocruz","Novo coronav\u00edrus","pandemia","Pesquisa de vacina nasal","Sars-Cov-2","Spray nasal contra a Covid-19","Spray nasal contra o novo coronav\u00edrus","Spray nasal contra o Sars-Cov-2","Unifesp","USP","Vacina capaz de bloquear o novo coronav\u00edrus ainda no nariz","Vacina nasal"],"articleSection":["Brasil","Mundo","Sa\u00fade"],"inLanguage":"pt-BR","potentialAction":[{"@type":"CommentAction","name":"Comment","target":["https:\/\/aconteceunovale.com.br\/portal\/?p=181427#respond"]}]},{"@type":"WebPage","@id":"https:\/\/aconteceunovale.com.br\/portal\/?p=181427","url":"https:\/\/aconteceunovale.com.br\/portal\/?p=181427","name":"Cientistas buscam vacina capaz de bloquear o novo coronav\u00edrus ainda no nariz - Aconteceu no Vale","isPartOf":{"@id":"https:\/\/aconteceunovale.com.br\/portal\/#website"},"primaryImageOfPage":{"@id":"https:\/\/aconteceunovale.com.br\/portal\/?p=181427#primaryimage"},"image":{"@id":"https:\/\/aconteceunovale.com.br\/portal\/?p=181427#primaryimage"},"thumbnailUrl":"https:\/\/aconteceunovale.com.br\/portal\/wp-content\/uploads\/2021\/09\/spray_nasal_corona.jpg","datePublished":"2021-09-04T21:25:02+00:00","dateModified":"2021-09-04T21:26:40+00:00","author":{"@id":"https:\/\/aconteceunovale.com.br\/portal\/#\/schema\/person\/7d2f26d1483f8a63de73da1ee0754d35"},"breadcrumb":{"@id":"https:\/\/aconteceunovale.com.br\/portal\/?p=181427#breadcrumb"},"inLanguage":"pt-BR","potentialAction":[{"@type":"ReadAction","target":["https:\/\/aconteceunovale.com.br\/portal\/?p=181427"]}]},{"@type":"ImageObject","inLanguage":"pt-BR","@id":"https:\/\/aconteceunovale.com.br\/portal\/?p=181427#primaryimage","url":"https:\/\/aconteceunovale.com.br\/portal\/wp-content\/uploads\/2021\/09\/spray_nasal_corona.jpg","contentUrl":"https:\/\/aconteceunovale.com.br\/portal\/wp-content\/uploads\/2021\/09\/spray_nasal_corona.jpg","width":678,"height":385},{"@type":"BreadcrumbList","@id":"https:\/\/aconteceunovale.com.br\/portal\/?p=181427#breadcrumb","itemListElement":[{"@type":"ListItem","position":1,"name":"In\u00edcio","item":"https:\/\/aconteceunovale.com.br\/portal\/"},{"@type":"ListItem","position":2,"name":"Cientistas buscam vacina capaz de bloquear o novo coronav\u00edrus ainda no nariz"}]},{"@type":"WebSite","@id":"https:\/\/aconteceunovale.com.br\/portal\/#website","url":"https:\/\/aconteceunovale.com.br\/portal\/","name":"Aconteceu no Vale","description":"Portal de Not\u00edcias","potentialAction":[{"@type":"SearchAction","target":{"@type":"EntryPoint","urlTemplate":"https:\/\/aconteceunovale.com.br\/portal\/?s={search_term_string}"},"query-input":{"@type":"PropertyValueSpecification","valueRequired":true,"valueName":"search_term_string"}}],"inLanguage":"pt-BR"},{"@type":"Person","@id":"https:\/\/aconteceunovale.com.br\/portal\/#\/schema\/person\/7d2f26d1483f8a63de73da1ee0754d35","name":"Reda\u00e7\u00e3o Aconteceu no Vale","description":"Equipe de reportagem do Aconteceu no Vale, portal de not\u00edcias do Vale do Jequitinhonha, em Minas Gerais. Cobrimos as 51 cidades do Vale desde 2013. Sugest\u00f5es de pauta e pedidos de corre\u00e7\u00e3o: contato@aconteceunovale.com.br","url":"https:\/\/aconteceunovale.com.br\/portal\/?author=4"}]}},"_links":{"self":[{"href":"https:\/\/aconteceunovale.com.br\/portal\/index.php?rest_route=\/wp\/v2\/posts\/181427","targetHints":{"allow":["GET"]}}],"collection":[{"href":"https:\/\/aconteceunovale.com.br\/portal\/index.php?rest_route=\/wp\/v2\/posts"}],"about":[{"href":"https:\/\/aconteceunovale.com.br\/portal\/index.php?rest_route=\/wp\/v2\/types\/post"}],"author":[{"embeddable":true,"href":"https:\/\/aconteceunovale.com.br\/portal\/index.php?rest_route=\/wp\/v2\/users\/4"}],"replies":[{"embeddable":true,"href":"https:\/\/aconteceunovale.com.br\/portal\/index.php?rest_route=%2Fwp%2Fv2%2Fcomments&post=181427"}],"version-history":[{"count":1,"href":"https:\/\/aconteceunovale.com.br\/portal\/index.php?rest_route=\/wp\/v2\/posts\/181427\/revisions"}],"predecessor-version":[{"id":181429,"href":"https:\/\/aconteceunovale.com.br\/portal\/index.php?rest_route=\/wp\/v2\/posts\/181427\/revisions\/181429"}],"wp:featuredmedia":[{"embeddable":true,"href":"https:\/\/aconteceunovale.com.br\/portal\/index.php?rest_route=\/wp\/v2\/media\/181428"}],"wp:attachment":[{"href":"https:\/\/aconteceunovale.com.br\/portal\/index.php?rest_route=%2Fwp%2Fv2%2Fmedia&parent=181427"}],"wp:term":[{"taxonomy":"category","embeddable":true,"href":"https:\/\/aconteceunovale.com.br\/portal\/index.php?rest_route=%2Fwp%2Fv2%2Fcategories&post=181427"},{"taxonomy":"post_tag","embeddable":true,"href":"https:\/\/aconteceunovale.com.br\/portal\/index.php?rest_route=%2Fwp%2Fv2%2Ftags&post=181427"}],"curies":[{"name":"wp","href":"https:\/\/api.w.org\/{rel}","templated":true}]}}