{"id":181422,"date":"2021-09-03T23:03:49","date_gmt":"2021-09-04T02:03:49","guid":{"rendered":"https:\/\/aconteceunovale.com.br\/portal\/?p=181422"},"modified":"2021-09-03T23:04:37","modified_gmt":"2021-09-04T02:04:37","slug":"mortes-por-covid-19-no-brasil-completam-dez-semanas-em-queda-segundo-a-fiocruz","status":"publish","type":"post","link":"https:\/\/aconteceunovale.com.br\/portal\/?p=181422","title":{"rendered":"Mortes por Covid-19 no Brasil completam dez semanas em queda, segundo a Fiocruz"},"content":{"rendered":"\n<p class=\"wp-block-paragraph\">As mortes por covid-19 no Brasil est\u00e3o em queda h\u00e1 dez&nbsp;semanas consecutivas e chegaram \u00e0 m\u00e9dia di\u00e1ria de 670 na Semana Epidemiol\u00f3gica 34 (15 a&nbsp;28 de agosto), segundo o Boletim do Observat\u00f3rio Covid-19, da Funda\u00e7\u00e3o Oswaldo Cruz (Fiocruz).&nbsp;Nos momentos mais cr\u00edticos da pandemia, em&nbsp;abril de 2021, o pa\u00eds chegou a&nbsp;ter&nbsp;uma m\u00e9dia de mais de 3 mil mortes di\u00e1rias.<\/p>\n\n\n\n<p class=\"wp-block-paragraph\">O boletim acrescenta que o n\u00famero de novos casos de covid-19 teve queda m\u00e9dia de 2,4% ao dia na semana estudada e atribui \u00e0 vacina\u00e7\u00e3o a&nbsp;redu\u00e7\u00e3o cont\u00ednua&nbsp;na mortalidade e nas interna\u00e7\u00f5es pela doen\u00e7a no pa\u00eds. Os pesquisadores pedem que esse processo seja acelerado e ampliado e ressaltam que a maioria da popula\u00e7\u00e3o adulta ainda n\u00e3o completou o esquema vacinal, o que \u00e9 fundamental para maior efetividade das vacinas. Acrescentam que&nbsp;a vacina\u00e7\u00e3o de adolescentes ainda est\u00e1 em fase inicial.&nbsp;<\/p>\n\n\n\n<p class=\"wp-block-paragraph\">&#8220;Segundo dados compilados pelo Monitora Covid-19, considerando os adultos (acima de 18 anos), 82% dessa popula\u00e7\u00e3o foram&nbsp;imunizados&nbsp;com a primeira dose e 39% com o esquema de vacina\u00e7\u00e3o completo. Apesar de ainda ser necess\u00e1rio avan\u00e7ar na amplia\u00e7\u00e3o e acelera\u00e7\u00e3o da vacina\u00e7\u00e3o, esse processo contribui para a importante tend\u00eancia de redu\u00e7\u00e3o da incid\u00eancia e mortalidade, sendo not\u00e1vel o decl\u00ednio no n\u00famero absoluto de interna\u00e7\u00f5es e \u00f3bitos em todas as faixas et\u00e1rias&#8221;, afirma o boletim.&nbsp;<\/p>\n\n\n\n<p class=\"wp-block-paragraph\">Outro ponto destacado \u00e9 que as vacinas n\u00e3o impedem completamente a transmiss\u00e3o do v\u00edrus Sars-CoV-2, mesmo quando o esquema vacinal est\u00e1 completo. Pessoas vacinadas podem transmitir para outras pessoas, independentemente de manifestarem a doen\u00e7a, e n\u00e3o est\u00e3o totalmente livres do risco de desenvolver&nbsp;um quadro grave, ainda que esse risco seja reduzido de forma importante pela imuniza\u00e7\u00e3o. Al\u00e9m disso, os pesquisadores veem um cen\u00e1rio em que o relaxamento de medidas de distanciamento f\u00edsico, tanto por parte de governos quanto da popula\u00e7\u00e3o, se d\u00e1 ao mesmo tempo em que cresce a presen\u00e7a da variante Delta nas amostras analisadas.&nbsp;<\/p>\n\n\n\n<p class=\"wp-block-paragraph\">&#8220;O conjunto desses fatores resulta em cen\u00e1rio que combina incertezas com exig\u00eancia de muita aten\u00e7\u00e3o&#8221;, alertam.&nbsp; &#8220;A redu\u00e7\u00e3o do impacto da pandemia de modo mais duradouro somente ser\u00e1 alcan\u00e7ada com a intensifica\u00e7\u00e3o da campanha de vacina\u00e7\u00e3o, a adequa\u00e7\u00e3o das pr\u00e1ticas de vigil\u00e2ncia em sa\u00fade e o refor\u00e7o da aten\u00e7\u00e3o prim\u00e1ria \u00e0 sa\u00fade, al\u00e9m do amplo emprego de medidas de prote\u00e7\u00e3o individual, como o uso correto de m\u00e1scaras e o distanciamento f\u00edsico&#8221;.<\/p>\n\n\n\n<p class=\"wp-block-paragraph\">Apesar da tend\u00eancia de queda no pa\u00eds, os casos de S\u00edndrome Respirat\u00f3ria Aguda Grave (SRAG), uma complica\u00e7\u00e3o frequentemente relacionada \u00e0 covid-19, ainda se encontram em n\u00edvel extremamente alto no Paran\u00e1, Rio&nbsp;de Janeiro, em Minas Gerais, S\u00e3o Paulo, Goi\u00e1s e no Distrito Federal. Nessas unidades da federa\u00e7\u00e3o, h\u00e1 mais de 10 casos para cada 100 mil habitantes.&nbsp;<\/p>\n\n\n\n<p class=\"wp-block-paragraph\">A taxa de ocupa\u00e7\u00e3o de leitos de unidade de terapia intensiva para covid-19 est\u00e1 fora da zona de alerta para 23 estados e o Distrito Federal. As exce\u00e7\u00f5es s\u00e3o Roraima, que est\u00e1 na zona de alerta cr\u00edtico, com 82%, Goi\u00e1s (62%) e o Rio&nbsp;de Janeiro&nbsp;(72%), que est\u00e3o na zona de alerta intermedi\u00e1rio.<\/p>\n\n\n\n<p class=\"wp-block-paragraph\">Apesar disso, o boletim considera que o estado do Rio&nbsp;de Janeiro&nbsp;\u00e9 o que mais preocupa, com a regi\u00e3o metropolitana da capital apresentando percentuais cr\u00edticos de ocupa\u00e7\u00e3o: Rio&nbsp;de Janeiro&nbsp;(96%) &#8211; Belford Roxo (100%), Duque de Caxias (94%), Guapimirim (90%), Nova Igua\u00e7u (85%), Queimados (78%) e S\u00e3o Jo\u00e3o do Meriti (83%).<\/p>\n\n\n\n<p class=\"wp-block-paragraph\">&#8220;O temor por uma revers\u00e3o da tend\u00eancia de melhoria nos indicadores da pandemia tem sido colocado, tomando justamente o Rio&nbsp;de Janeiro&nbsp;como exemplo e designando-o como epicentro da variante Delta. \u00c9 necess\u00e1rio manter cautela e continuar acompanhando os indicadores nas pr\u00f3ximas semanas. Deve-se evitar a perspectiva alarmista, mas tamb\u00e9m n\u00e3o se deve assumir que o panorama indica a possibilidade de flexibiliza\u00e7\u00e3o absoluta de atividades e circula\u00e7\u00e3o de pessoas&#8221;.&nbsp;<\/p>\n\n\n\n<p class=\"wp-block-paragraph\">O boletim divulgado\u00a0hoje\u00a0tamb\u00e9m refor\u00e7a a avalia\u00e7\u00e3o de que, com o avan\u00e7o da vacina\u00e7\u00e3o para a popula\u00e7\u00e3o mais jovem, o rejuvenescimento da pandemia observado no primeiro semestre deste ano foi revertido.\u00a0&#8220;As interna\u00e7\u00f5es hospitalares, interna\u00e7\u00f5es em UTI e \u00f3bitos voltaram a se concentrar na popula\u00e7\u00e3o idosa, que apresenta maior vulnerabilidade entre os grupos por faixas et\u00e1rias&#8221;.\u00a0<\/p>\n\n\n\n<p class=\"wp-block-paragraph\">&#8212;&#8212;&#8212;&#8212;&#8212;&#8212;<br><em>Quer receber as not\u00edcias do <strong>Aconteceu no Vale<\/strong> em primeira m\u00e3o? Siga-nos no Facebook <a rel=\"noreferrer noopener\" href=\"http:\/\/facebook.com\/aconteceunovale\" target=\"_blank\">@aconteceunovale<\/a>, Twitter <a rel=\"noreferrer noopener\" href=\"https:\/\/twitter.com\/noticiadosvales\" target=\"_blank\">@noticiadosvales<\/a> e Instagram <a rel=\"noreferrer noopener\" href=\"https:\/\/www.instagram.com\/aconteceunovale\" target=\"_blank\">@aconteceunovale<\/a>.<\/em><\/p>\n","protected":false},"excerpt":{"rendered":"<p>As mortes por covid-19 no Brasil est\u00e3o em queda h\u00e1 dez&nbsp;semanas consecutivas e chegaram \u00e0 m\u00e9dia di\u00e1ria de 670 na Semana Epidemiol\u00f3gica 34 (15 a&nbsp;28 de agosto), segundo o Boletim do Observat\u00f3rio Covid-19, da Funda\u00e7\u00e3o Oswaldo Cruz (Fiocruz).&nbsp;Nos momentos mais cr\u00edticos da pandemia, em&nbsp;abril de 2021, o pa\u00eds chegou a&nbsp;ter&nbsp;uma m\u00e9dia de mais de 3 [&hellip;]<\/p>\n","protected":false},"author":4,"featured_media":175712,"comment_status":"open","ping_status":"closed","sticky":false,"template":"","format":"standard","meta":{"amp_status":"","footnotes":""},"categories":[6,40242],"tags":[248769,4785,249773,220477,220660,219520,218049,218205,214884,215394,216498,218043,1018,24222,94947,246445,240267,240268,241817,249938,240269,250067,19326,220349,218044,218045,250541,215653,218206,219105,219104,218876,219519,140166,217692,224484,134903,241171,220478,220479,248771,248770,239472,220944,220945],"class_list":["post-181422","post","type-post","status-publish","format-standard","has-post-thumbnail","hentry","category-br","category-saude-2","tag-40-milhoes-de-pessoas-ja-completaram-o-ciclo-de-vacinacao-contra-a-covid-19-no-brasil","tag-brasil","tag-brasil-atinge-50-milhoes-de-pessoas-com-vacinacao-completa-contra-covid-19","tag-brasil-bate-recorde-de-obitos-e-casos-confirmados-em-um-dia","tag-brasil-ultrapassa-marca-de-4-mil-obitos-por-covid-19","tag-casos-confirmados-e-obitos-no-brasil","tag-casos-de-coronavirus-no-brasil","tag-casos-de-covid-19-no-brasil","tag-coronavirus","tag-coronavirus-no-brasil","tag-covid-19","tag-covid-19-no-brasil","tag-destaque","tag-fiocruz","tag-fundacao-oswaldo-cruz","tag-imunizacao-contra-covid-19-no-brasil","tag-media-de-mortes-diarias-por-covid-19-cresce-ha-um-mes","tag-media-de-mortes-diarias-por-covid-19-no-brasil","tag-media-de-obitos-por-covid-19-no-brasil-recua-pelo-terceiro-dia-consecutivo-segundo-a-fiocruz","tag-media-de-obitos-por-covid-19-no-brasil-tem-queda-de-32-em-um-mes","tag-media-movel-de-mortes-por-covid-19-no-brasil","tag-media-movel-de-mortes-por-covid-19-no-brasil-esta-abaixo-de-900-ha-14-dias","tag-ministerio-da-saude","tag-ministerio-da-saude-atualiza-numeros-do-coronavirus-no-brasil","tag-mortes-por-coronavirus-no-brasil","tag-mortes-por-covid-19-no-brasil","tag-mortes-por-covid-19-no-brasil-completam-dez-semanas-em-queda","tag-novo-coronavirus","tag-numero-de-casos-de-covid-19-confirmados-no-brasil","tag-numeros-da-covid-19-no-brasil","tag-numeros-do-coronavirus-no-brasil","tag-obitos-por-coronavirus-no-brasil","tag-obitos-por-covid-19-no-brasil","tag-pandemia","tag-pandemia-de-coronavirus","tag-pandemia-no-brasil","tag-pni","tag-programa-nacional-de-imunizacao","tag-recorde-de-obitos-por-coronavirus-no-brasil","tag-recorde-de-obitos-por-covid-19-no-brasil","tag-totalmente-imunizado-no-brasil","tag-vacinacao-completa-no-brasil","tag-vacinacao-contra-covid-19-no-brasil","tag-virus-vai-atingir-70-da-populacao","tag-virus-vai-atingir-70-da-populacao-diz-jair-bolsonaro"],"yoast_head":"<!-- This site is optimized with the Yoast SEO plugin v28.3 - https:\/\/yoast.com\/product\/yoast-seo-wordpress\/ -->\n<title>Mortes por Covid-19 no Brasil completam dez semanas em queda, segundo a Fiocruz - Aconteceu no Vale<\/title>\n<meta name=\"robots\" content=\"index, follow, max-snippet:-1, max-image-preview:large, max-video-preview:-1\" \/>\n<link rel=\"canonical\" href=\"https:\/\/aconteceunovale.com.br\/portal\/?p=181422\" \/>\n<meta property=\"og:locale\" content=\"pt_BR\" \/>\n<meta property=\"og:type\" content=\"article\" \/>\n<meta property=\"og:title\" content=\"Mortes por Covid-19 no Brasil completam dez semanas em queda, segundo a Fiocruz - Aconteceu no Vale\" \/>\n<meta property=\"og:description\" content=\"As mortes por covid-19 no Brasil est\u00e3o em queda h\u00e1 dez&nbsp;semanas consecutivas e chegaram \u00e0 m\u00e9dia di\u00e1ria de 670 na Semana Epidemiol\u00f3gica 34 (15 a&nbsp;28 de agosto), segundo o Boletim do Observat\u00f3rio Covid-19, da Funda\u00e7\u00e3o Oswaldo Cruz (Fiocruz).&nbsp;Nos momentos mais cr\u00edticos da pandemia, em&nbsp;abril de 2021, o pa\u00eds chegou a&nbsp;ter&nbsp;uma m\u00e9dia de mais de 3 [&hellip;]\" \/>\n<meta property=\"og:url\" content=\"https:\/\/aconteceunovale.com.br\/portal\/?p=181422\" \/>\n<meta property=\"og:site_name\" content=\"Aconteceu no Vale\" \/>\n<meta property=\"article:publisher\" content=\"https:\/\/www.facebook.com\/aconteceunovale\/\" \/>\n<meta property=\"article:published_time\" content=\"2021-09-04T02:03:49+00:00\" \/>\n<meta property=\"article:modified_time\" content=\"2021-09-04T02:04:37+00:00\" \/>\n<meta property=\"og:image\" content=\"https:\/\/aconteceunovale.com.br\/portal\/wp-content\/uploads\/2021\/03\/fiocruz.jpg\" \/>\n\t<meta property=\"og:image:width\" content=\"678\" \/>\n\t<meta property=\"og:image:height\" content=\"406\" \/>\n\t<meta property=\"og:image:type\" content=\"image\/jpeg\" \/>\n<meta name=\"author\" content=\"Reda\u00e7\u00e3o Aconteceu no Vale\" \/>\n<meta name=\"twitter:card\" content=\"summary_large_image\" \/>\n<meta name=\"twitter:creator\" content=\"@noticiadosvales\" \/>\n<meta name=\"twitter:site\" content=\"@noticiadosvales\" \/>\n<meta name=\"twitter:label1\" content=\"Escrito por\" \/>\n\t<meta name=\"twitter:data1\" content=\"Reda\u00e7\u00e3o Aconteceu no Vale\" \/>\n\t<meta name=\"twitter:label2\" content=\"Est. tempo de leitura\" \/>\n\t<meta name=\"twitter:data2\" content=\"4 minutos\" \/>\n<script type=\"application\/ld+json\" class=\"yoast-schema-graph\">{\"@context\":\"https:\\\/\\\/schema.org\",\"@graph\":[{\"@type\":\"Article\",\"@id\":\"https:\\\/\\\/aconteceunovale.com.br\\\/portal\\\/?p=181422#article\",\"isPartOf\":{\"@id\":\"https:\\\/\\\/aconteceunovale.com.br\\\/portal\\\/?p=181422\"},\"author\":{\"name\":\"Reda\u00e7\u00e3o Aconteceu no Vale\",\"@id\":\"https:\\\/\\\/aconteceunovale.com.br\\\/portal\\\/#\\\/schema\\\/person\\\/7d2f26d1483f8a63de73da1ee0754d35\"},\"headline\":\"Mortes por Covid-19 no Brasil completam dez semanas em queda, segundo a Fiocruz\",\"datePublished\":\"2021-09-04T02:03:49+00:00\",\"dateModified\":\"2021-09-04T02:04:37+00:00\",\"mainEntityOfPage\":{\"@id\":\"https:\\\/\\\/aconteceunovale.com.br\\\/portal\\\/?p=181422\"},\"wordCount\":816,\"commentCount\":0,\"image\":{\"@id\":\"https:\\\/\\\/aconteceunovale.com.br\\\/portal\\\/?p=181422#primaryimage\"},\"thumbnailUrl\":\"https:\\\/\\\/aconteceunovale.com.br\\\/portal\\\/wp-content\\\/uploads\\\/2021\\\/03\\\/fiocruz.jpg\",\"keywords\":[\"40 milh\u00f5es de pessoas j\u00e1 completaram o ciclo de vacina\u00e7\u00e3o contra a Covid-19 no Brasil\",\"brasil\",\"Brasil atinge 50 milh\u00f5es de pessoas com vacina\u00e7\u00e3o completa contra Covid-19\",\"Brasil bate recorde de \u00f3bitos e casos confirmados em um dia\",\"Brasil ultrapassa marca de 4 mil \u00f3bitos por Covid-19\",\"Casos confirmados e \u00f3bitos no Brasil\",\"Casos de coronav\u00edrus no Brasil\",\"Casos de Covid-19 no Brasil\",\"Coronav\u00edrus\",\"Coronav\u00edrus no Brasil\",\"COVID-19\",\"Covid-19 no Brasil\",\"destaque\",\"Fiocruz\",\"Funda\u00e7\u00e3o Oswaldo Cruz\",\"Imuniza\u00e7\u00e3o contra covid-19 no Brasil\",\"M\u00e9dia de mortes di\u00e1rias por Covid-19 cresce h\u00e1 um m\u00eas\",\"M\u00e9dia de mortes di\u00e1rias por Covid-19 no Brasil\",\"M\u00e9dia de \u00f3bitos por Covid-19 no Brasil recua pelo terceiro dia consecutivo segundo a Fiocruz\",\"M\u00e9dia de \u00f3bitos por Covid-19 no Brasil tem queda de 32% em um m\u00eas\",\"M\u00e9dia m\u00f3vel de mortes por Covid-19 no Brasil\",\"M\u00e9dia m\u00f3vel de mortes por Covid-19 no Brasil est\u00e1 abaixo de 900 h\u00e1 14 dias\",\"Minist\u00e9rio da Sa\u00fade\",\"Minist\u00e9rio da Sa\u00fade atualiza n\u00fameros do coronav\u00edrus no Brasil\",\"Mortes por coronav\u00edrus no Brasil\",\"Mortes por Covid-19 no Brasil\",\"Mortes por Covid-19 no Brasil completam dez semanas em queda\",\"Novo coronav\u00edrus\",\"N\u00famero de casos de covid-19 confirmados no Brasil\",\"N\u00fameros da Covid-19 no Brasil\",\"N\u00fameros do coronav\u00edrus no Brasil\",\"\u00d3bitos por coronav\u00edrus no Brasil\",\"\u00d3bitos por Covid-19 no Brasil\",\"pandemia\",\"Pandemia de coronav\u00edrus\",\"Pandemia no Brasil\",\"PNI\",\"Programa Nacional de Imuniza\u00e7\u00e3o\",\"Recorde de \u00f3bitos por coronav\u00edrus no Brasil\",\"Recorde de \u00f3bitos por Covid-19 no Brasil\",\"Totalmente imunizado no Brasil\",\"Vacina\u00e7\u00e3o completa no Brasil\",\"Vacina\u00e7\u00e3o contra covid-19 no Brasil\",\"V\u00edrus vai atingir 70% da popula\u00e7\u00e3o\",\"V\u00edrus vai atingir 70% da popula\u00e7\u00e3o diz Jair Bolsonaro\"],\"articleSection\":[\"Brasil\",\"Sa\u00fade\"],\"inLanguage\":\"pt-BR\",\"potentialAction\":[{\"@type\":\"CommentAction\",\"name\":\"Comment\",\"target\":[\"https:\\\/\\\/aconteceunovale.com.br\\\/portal\\\/?p=181422#respond\"]}]},{\"@type\":\"WebPage\",\"@id\":\"https:\\\/\\\/aconteceunovale.com.br\\\/portal\\\/?p=181422\",\"url\":\"https:\\\/\\\/aconteceunovale.com.br\\\/portal\\\/?p=181422\",\"name\":\"Mortes por Covid-19 no Brasil completam dez semanas em queda, segundo a Fiocruz - Aconteceu no Vale\",\"isPartOf\":{\"@id\":\"https:\\\/\\\/aconteceunovale.com.br\\\/portal\\\/#website\"},\"primaryImageOfPage\":{\"@id\":\"https:\\\/\\\/aconteceunovale.com.br\\\/portal\\\/?p=181422#primaryimage\"},\"image\":{\"@id\":\"https:\\\/\\\/aconteceunovale.com.br\\\/portal\\\/?p=181422#primaryimage\"},\"thumbnailUrl\":\"https:\\\/\\\/aconteceunovale.com.br\\\/portal\\\/wp-content\\\/uploads\\\/2021\\\/03\\\/fiocruz.jpg\",\"datePublished\":\"2021-09-04T02:03:49+00:00\",\"dateModified\":\"2021-09-04T02:04:37+00:00\",\"author\":{\"@id\":\"https:\\\/\\\/aconteceunovale.com.br\\\/portal\\\/#\\\/schema\\\/person\\\/7d2f26d1483f8a63de73da1ee0754d35\"},\"breadcrumb\":{\"@id\":\"https:\\\/\\\/aconteceunovale.com.br\\\/portal\\\/?p=181422#breadcrumb\"},\"inLanguage\":\"pt-BR\",\"potentialAction\":[{\"@type\":\"ReadAction\",\"target\":[\"https:\\\/\\\/aconteceunovale.com.br\\\/portal\\\/?p=181422\"]}]},{\"@type\":\"ImageObject\",\"inLanguage\":\"pt-BR\",\"@id\":\"https:\\\/\\\/aconteceunovale.com.br\\\/portal\\\/?p=181422#primaryimage\",\"url\":\"https:\\\/\\\/aconteceunovale.com.br\\\/portal\\\/wp-content\\\/uploads\\\/2021\\\/03\\\/fiocruz.jpg\",\"contentUrl\":\"https:\\\/\\\/aconteceunovale.com.br\\\/portal\\\/wp-content\\\/uploads\\\/2021\\\/03\\\/fiocruz.jpg\",\"width\":678,\"height\":406,\"caption\":\"Tomana a\u00e9rea da fachada e terra\u00e7o do Castelo.\"},{\"@type\":\"BreadcrumbList\",\"@id\":\"https:\\\/\\\/aconteceunovale.com.br\\\/portal\\\/?p=181422#breadcrumb\",\"itemListElement\":[{\"@type\":\"ListItem\",\"position\":1,\"name\":\"In\u00edcio\",\"item\":\"https:\\\/\\\/aconteceunovale.com.br\\\/portal\\\/\"},{\"@type\":\"ListItem\",\"position\":2,\"name\":\"Mortes por Covid-19 no Brasil completam dez semanas em queda, segundo a Fiocruz\"}]},{\"@type\":\"WebSite\",\"@id\":\"https:\\\/\\\/aconteceunovale.com.br\\\/portal\\\/#website\",\"url\":\"https:\\\/\\\/aconteceunovale.com.br\\\/portal\\\/\",\"name\":\"Aconteceu no Vale\",\"description\":\"Portal de Not\u00edcias\",\"potentialAction\":[{\"@type\":\"SearchAction\",\"target\":{\"@type\":\"EntryPoint\",\"urlTemplate\":\"https:\\\/\\\/aconteceunovale.com.br\\\/portal\\\/?s={search_term_string}\"},\"query-input\":{\"@type\":\"PropertyValueSpecification\",\"valueRequired\":true,\"valueName\":\"search_term_string\"}}],\"inLanguage\":\"pt-BR\"},{\"@type\":\"Person\",\"@id\":\"https:\\\/\\\/aconteceunovale.com.br\\\/portal\\\/#\\\/schema\\\/person\\\/7d2f26d1483f8a63de73da1ee0754d35\",\"name\":\"Reda\u00e7\u00e3o Aconteceu no Vale\",\"description\":\"Equipe de reportagem do Aconteceu no Vale, portal de not\u00edcias do Vale do Jequitinhonha, em Minas Gerais. Cobrimos as 51 cidades do Vale desde 2013. Sugest\u00f5es de pauta e pedidos de corre\u00e7\u00e3o: contato@aconteceunovale.com.br\",\"url\":\"https:\\\/\\\/aconteceunovale.com.br\\\/portal\\\/?author=4\"}]}<\/script>\n<!-- \/ Yoast SEO plugin. -->","yoast_head_json":{"title":"Mortes por Covid-19 no Brasil completam dez semanas em queda, segundo a Fiocruz - Aconteceu no Vale","robots":{"index":"index","follow":"follow","max-snippet":"max-snippet:-1","max-image-preview":"max-image-preview:large","max-video-preview":"max-video-preview:-1"},"canonical":"https:\/\/aconteceunovale.com.br\/portal\/?p=181422","og_locale":"pt_BR","og_type":"article","og_title":"Mortes por Covid-19 no Brasil completam dez semanas em queda, segundo a Fiocruz - Aconteceu no Vale","og_description":"As mortes por covid-19 no Brasil est\u00e3o em queda h\u00e1 dez&nbsp;semanas consecutivas e chegaram \u00e0 m\u00e9dia di\u00e1ria de 670 na Semana Epidemiol\u00f3gica 34 (15 a&nbsp;28 de agosto), segundo o Boletim do Observat\u00f3rio Covid-19, da Funda\u00e7\u00e3o Oswaldo Cruz (Fiocruz).&nbsp;Nos momentos mais cr\u00edticos da pandemia, em&nbsp;abril de 2021, o pa\u00eds chegou a&nbsp;ter&nbsp;uma m\u00e9dia de mais de 3 [&hellip;]","og_url":"https:\/\/aconteceunovale.com.br\/portal\/?p=181422","og_site_name":"Aconteceu no Vale","article_publisher":"https:\/\/www.facebook.com\/aconteceunovale\/","article_published_time":"2021-09-04T02:03:49+00:00","article_modified_time":"2021-09-04T02:04:37+00:00","og_image":[{"width":678,"height":406,"url":"https:\/\/aconteceunovale.com.br\/portal\/wp-content\/uploads\/2021\/03\/fiocruz.jpg","type":"image\/jpeg"}],"author":"Reda\u00e7\u00e3o Aconteceu no Vale","twitter_card":"summary_large_image","twitter_creator":"@noticiadosvales","twitter_site":"@noticiadosvales","twitter_misc":{"Escrito por":"Reda\u00e7\u00e3o Aconteceu no Vale","Est. tempo de leitura":"4 minutos"},"schema":{"@context":"https:\/\/schema.org","@graph":[{"@type":"Article","@id":"https:\/\/aconteceunovale.com.br\/portal\/?p=181422#article","isPartOf":{"@id":"https:\/\/aconteceunovale.com.br\/portal\/?p=181422"},"author":{"name":"Reda\u00e7\u00e3o Aconteceu no Vale","@id":"https:\/\/aconteceunovale.com.br\/portal\/#\/schema\/person\/7d2f26d1483f8a63de73da1ee0754d35"},"headline":"Mortes por Covid-19 no Brasil completam dez semanas em queda, segundo a Fiocruz","datePublished":"2021-09-04T02:03:49+00:00","dateModified":"2021-09-04T02:04:37+00:00","mainEntityOfPage":{"@id":"https:\/\/aconteceunovale.com.br\/portal\/?p=181422"},"wordCount":816,"commentCount":0,"image":{"@id":"https:\/\/aconteceunovale.com.br\/portal\/?p=181422#primaryimage"},"thumbnailUrl":"https:\/\/aconteceunovale.com.br\/portal\/wp-content\/uploads\/2021\/03\/fiocruz.jpg","keywords":["40 milh\u00f5es de pessoas j\u00e1 completaram o ciclo de vacina\u00e7\u00e3o contra a Covid-19 no Brasil","brasil","Brasil atinge 50 milh\u00f5es de pessoas com vacina\u00e7\u00e3o completa contra Covid-19","Brasil bate recorde de \u00f3bitos e casos confirmados em um dia","Brasil ultrapassa marca de 4 mil \u00f3bitos por Covid-19","Casos confirmados e \u00f3bitos no Brasil","Casos de coronav\u00edrus no Brasil","Casos de Covid-19 no Brasil","Coronav\u00edrus","Coronav\u00edrus no Brasil","COVID-19","Covid-19 no Brasil","destaque","Fiocruz","Funda\u00e7\u00e3o Oswaldo Cruz","Imuniza\u00e7\u00e3o contra covid-19 no Brasil","M\u00e9dia de mortes di\u00e1rias por Covid-19 cresce h\u00e1 um m\u00eas","M\u00e9dia de mortes di\u00e1rias por Covid-19 no Brasil","M\u00e9dia de \u00f3bitos por Covid-19 no Brasil recua pelo terceiro dia consecutivo segundo a Fiocruz","M\u00e9dia de \u00f3bitos por Covid-19 no Brasil tem queda de 32% em um m\u00eas","M\u00e9dia m\u00f3vel de mortes por Covid-19 no Brasil","M\u00e9dia m\u00f3vel de mortes por Covid-19 no Brasil est\u00e1 abaixo de 900 h\u00e1 14 dias","Minist\u00e9rio da Sa\u00fade","Minist\u00e9rio da Sa\u00fade atualiza n\u00fameros do coronav\u00edrus no Brasil","Mortes por coronav\u00edrus no Brasil","Mortes por Covid-19 no Brasil","Mortes por Covid-19 no Brasil completam dez semanas em queda","Novo coronav\u00edrus","N\u00famero de casos de covid-19 confirmados no Brasil","N\u00fameros da Covid-19 no Brasil","N\u00fameros do coronav\u00edrus no Brasil","\u00d3bitos por coronav\u00edrus no Brasil","\u00d3bitos por Covid-19 no Brasil","pandemia","Pandemia de coronav\u00edrus","Pandemia no Brasil","PNI","Programa Nacional de Imuniza\u00e7\u00e3o","Recorde de \u00f3bitos por coronav\u00edrus no Brasil","Recorde de \u00f3bitos por Covid-19 no Brasil","Totalmente imunizado no Brasil","Vacina\u00e7\u00e3o completa no Brasil","Vacina\u00e7\u00e3o contra covid-19 no Brasil","V\u00edrus vai atingir 70% da popula\u00e7\u00e3o","V\u00edrus vai atingir 70% da popula\u00e7\u00e3o diz Jair Bolsonaro"],"articleSection":["Brasil","Sa\u00fade"],"inLanguage":"pt-BR","potentialAction":[{"@type":"CommentAction","name":"Comment","target":["https:\/\/aconteceunovale.com.br\/portal\/?p=181422#respond"]}]},{"@type":"WebPage","@id":"https:\/\/aconteceunovale.com.br\/portal\/?p=181422","url":"https:\/\/aconteceunovale.com.br\/portal\/?p=181422","name":"Mortes por Covid-19 no Brasil completam dez semanas em queda, segundo a Fiocruz - Aconteceu no Vale","isPartOf":{"@id":"https:\/\/aconteceunovale.com.br\/portal\/#website"},"primaryImageOfPage":{"@id":"https:\/\/aconteceunovale.com.br\/portal\/?p=181422#primaryimage"},"image":{"@id":"https:\/\/aconteceunovale.com.br\/portal\/?p=181422#primaryimage"},"thumbnailUrl":"https:\/\/aconteceunovale.com.br\/portal\/wp-content\/uploads\/2021\/03\/fiocruz.jpg","datePublished":"2021-09-04T02:03:49+00:00","dateModified":"2021-09-04T02:04:37+00:00","author":{"@id":"https:\/\/aconteceunovale.com.br\/portal\/#\/schema\/person\/7d2f26d1483f8a63de73da1ee0754d35"},"breadcrumb":{"@id":"https:\/\/aconteceunovale.com.br\/portal\/?p=181422#breadcrumb"},"inLanguage":"pt-BR","potentialAction":[{"@type":"ReadAction","target":["https:\/\/aconteceunovale.com.br\/portal\/?p=181422"]}]},{"@type":"ImageObject","inLanguage":"pt-BR","@id":"https:\/\/aconteceunovale.com.br\/portal\/?p=181422#primaryimage","url":"https:\/\/aconteceunovale.com.br\/portal\/wp-content\/uploads\/2021\/03\/fiocruz.jpg","contentUrl":"https:\/\/aconteceunovale.com.br\/portal\/wp-content\/uploads\/2021\/03\/fiocruz.jpg","width":678,"height":406,"caption":"Tomana a\u00e9rea da fachada e terra\u00e7o do Castelo."},{"@type":"BreadcrumbList","@id":"https:\/\/aconteceunovale.com.br\/portal\/?p=181422#breadcrumb","itemListElement":[{"@type":"ListItem","position":1,"name":"In\u00edcio","item":"https:\/\/aconteceunovale.com.br\/portal\/"},{"@type":"ListItem","position":2,"name":"Mortes por Covid-19 no Brasil completam dez semanas em queda, segundo a Fiocruz"}]},{"@type":"WebSite","@id":"https:\/\/aconteceunovale.com.br\/portal\/#website","url":"https:\/\/aconteceunovale.com.br\/portal\/","name":"Aconteceu no Vale","description":"Portal de Not\u00edcias","potentialAction":[{"@type":"SearchAction","target":{"@type":"EntryPoint","urlTemplate":"https:\/\/aconteceunovale.com.br\/portal\/?s={search_term_string}"},"query-input":{"@type":"PropertyValueSpecification","valueRequired":true,"valueName":"search_term_string"}}],"inLanguage":"pt-BR"},{"@type":"Person","@id":"https:\/\/aconteceunovale.com.br\/portal\/#\/schema\/person\/7d2f26d1483f8a63de73da1ee0754d35","name":"Reda\u00e7\u00e3o Aconteceu no Vale","description":"Equipe de reportagem do Aconteceu no Vale, portal de not\u00edcias do Vale do Jequitinhonha, em Minas Gerais. Cobrimos as 51 cidades do Vale desde 2013. Sugest\u00f5es de pauta e pedidos de corre\u00e7\u00e3o: contato@aconteceunovale.com.br","url":"https:\/\/aconteceunovale.com.br\/portal\/?author=4"}]}},"_links":{"self":[{"href":"https:\/\/aconteceunovale.com.br\/portal\/index.php?rest_route=\/wp\/v2\/posts\/181422","targetHints":{"allow":["GET"]}}],"collection":[{"href":"https:\/\/aconteceunovale.com.br\/portal\/index.php?rest_route=\/wp\/v2\/posts"}],"about":[{"href":"https:\/\/aconteceunovale.com.br\/portal\/index.php?rest_route=\/wp\/v2\/types\/post"}],"author":[{"embeddable":true,"href":"https:\/\/aconteceunovale.com.br\/portal\/index.php?rest_route=\/wp\/v2\/users\/4"}],"replies":[{"embeddable":true,"href":"https:\/\/aconteceunovale.com.br\/portal\/index.php?rest_route=%2Fwp%2Fv2%2Fcomments&post=181422"}],"version-history":[{"count":1,"href":"https:\/\/aconteceunovale.com.br\/portal\/index.php?rest_route=\/wp\/v2\/posts\/181422\/revisions"}],"predecessor-version":[{"id":181423,"href":"https:\/\/aconteceunovale.com.br\/portal\/index.php?rest_route=\/wp\/v2\/posts\/181422\/revisions\/181423"}],"wp:featuredmedia":[{"embeddable":true,"href":"https:\/\/aconteceunovale.com.br\/portal\/index.php?rest_route=\/wp\/v2\/media\/175712"}],"wp:attachment":[{"href":"https:\/\/aconteceunovale.com.br\/portal\/index.php?rest_route=%2Fwp%2Fv2%2Fmedia&parent=181422"}],"wp:term":[{"taxonomy":"category","embeddable":true,"href":"https:\/\/aconteceunovale.com.br\/portal\/index.php?rest_route=%2Fwp%2Fv2%2Fcategories&post=181422"},{"taxonomy":"post_tag","embeddable":true,"href":"https:\/\/aconteceunovale.com.br\/portal\/index.php?rest_route=%2Fwp%2Fv2%2Ftags&post=181422"}],"curies":[{"name":"wp","href":"https:\/\/api.w.org\/{rel}","templated":true}]}}