{"id":181417,"date":"2021-09-03T17:33:36","date_gmt":"2021-09-03T20:33:36","guid":{"rendered":"https:\/\/aconteceunovale.com.br\/portal\/?p=181417"},"modified":"2021-09-03T17:35:25","modified_gmt":"2021-09-03T20:35:25","slug":"trecho-da-lmg-680-sera-interditado-por-30-dias","status":"publish","type":"post","link":"https:\/\/aconteceunovale.com.br\/portal\/?p=181417","title":{"rendered":"Trecho da LMG-680 ser\u00e1 interditado por 30 dias"},"content":{"rendered":"\n<p class=\"wp-block-paragraph\">O\u00a0<a rel=\"noreferrer noopener\" href=\"http:\/\/www.der.mg.gov.br\/\" target=\"_blank\">Departamento de Edifica\u00e7\u00f5es e Estradas de Rodagem de Minas Gerais (DER-MG)\u00a0<\/a>vai interromper o tr\u00e1fego na rodovia LMG-680 por 30 dias, a partir da pr\u00f3xima quarta-feira (8\/9\/2021), no trecho entre Paracatu e Brasil\u00e2ndia de Minas. A medida \u00e9 necess\u00e1ria para realizar obra de substitui\u00e7\u00e3o de bueiros, no Km 45,8.<\/p>\n\n\n\n<p class=\"wp-block-paragraph\">Para quem for trafegar pela estrada, o DER-MG recomenda aten\u00e7\u00e3o redobrada \u00e0 sinaliza\u00e7\u00e3o e \u00e0s equipes que seguem trabalhando no local, respeitando sempre as orienta\u00e7\u00f5es relativas ao tr\u00e1fego. Placas extras e faixas v\u00e3o refor\u00e7ar as indica\u00e7\u00f5es e cuidados na via.<\/p>\n\n\n\n<h2 class=\"wp-block-heading\"><strong>Rota alternativa<\/strong><\/h2>\n\n\n\n<p class=\"wp-block-paragraph\">A rota alternativa ter\u00e1 um acr\u00e9scimo de 11,5 Km em rela\u00e7\u00e3o ao tra\u00e7ado original via LMG-680. O desvio est\u00e1 localizado em acesso lateral \u00e0s margens da rodovia, na altura do Km 43,7, sentido Paracatu.<\/p>\n\n\n\n<p class=\"wp-block-paragraph\">Neste ponto, os ve\u00edculos v\u00e3o circular por uma via municipal de 38,5 quil\u00f4metros, conhecida como estrada do Cercado ou Espera-tapa, onde se encontra com a LMG-690 e segue por mais 19,4 quil\u00f4metros na rodovia estadual, at\u00e9 o entroncamento com a LMG-680 (trecho pavimentado).<\/p>\n\n\n\n<p class=\"wp-block-paragraph\">Para quem segue no sentido Entre-Ribeiros e tem destino ap\u00f3s o local em que ser\u00e1 realizada a interrup\u00e7\u00e3o, a op\u00e7\u00e3o \u00e9 seguir pela Rodovia LMG-690 por mais 19,4 quil\u00f4metros e acessar estrada municipal, seguindo por mais 38,5 quil\u00f4metros nessa via.<\/p>\n\n\n\n<figure class=\"wp-block-gallery aligncenter columns-1 is-cropped wp-block-gallery-1 is-layout-flex wp-block-gallery-is-layout-flex\"><ul class=\"blocks-gallery-grid\"><li class=\"blocks-gallery-item\"><figure><img loading=\"lazy\" decoding=\"async\" width=\"590\" height=\"450\" src=\"https:\/\/aconteceunovale.com.br\/portal\/wp-content\/uploads\/2021\/09\/estrada_paracatu_brasilandia.jpeg\" alt=\"\" data-id=\"181418\" data-full-url=\"https:\/\/aconteceunovale.com.br\/portal\/wp-content\/uploads\/2021\/09\/estrada_paracatu_brasilandia.jpeg\" data-link=\"https:\/\/aconteceunovale.com.br\/portal\/?attachment_id=181418\" class=\"wp-image-181418\" srcset=\"https:\/\/aconteceunovale.com.br\/portal\/wp-content\/uploads\/2021\/09\/estrada_paracatu_brasilandia.jpeg 590w, https:\/\/aconteceunovale.com.br\/portal\/wp-content\/uploads\/2021\/09\/estrada_paracatu_brasilandia-300x229.jpeg 300w, https:\/\/aconteceunovale.com.br\/portal\/wp-content\/uploads\/2021\/09\/estrada_paracatu_brasilandia-80x60.jpeg 80w, https:\/\/aconteceunovale.com.br\/portal\/wp-content\/uploads\/2021\/09\/estrada_paracatu_brasilandia-551x420.jpeg 551w\" sizes=\"auto, (max-width: 590px) 100vw, 590px\" \/><\/figure><\/li><\/ul><\/figure>\n\n\n\n<h2 class=\"wp-block-heading\"><strong>Import\u00e2ncia da via<\/strong><\/h2>\n\n\n\n<p class=\"wp-block-paragraph\">De acordo com a coordenadora regional do DER-MG, em Paracatu, \u00c9rica Francisca de Paula Ara\u00fajo, o tr\u00e1fego no local vem funcionando em meia pista h\u00e1 cerca de cinco anos, devido a rompimento de bueiro provocado pelas chuvas. Ela destaca, ainda, a import\u00e2ncia econ\u00f4mica e social do trecho.<\/p>\n\n\n\n<p class=\"wp-block-paragraph\">\u201cA rodovia LMG-680 \u00e9 a principal via de escoamento de toda a produ\u00e7\u00e3o da regi\u00e3o do Entre-Ribeiros, que abriga uma das maiores \u00e1reas irrigadas da Am\u00e9rica Latina, com o cultivo de gr\u00e3os, plantio de cana-de-a\u00e7\u00facar, pecu\u00e1ria, produ\u00e7\u00e3o de sementes de milho e soja, entre outras. Na regi\u00e3o est\u00e3o instaladas duas usinas sucroalcooleiras de grande porte\u201d, conclui.<\/p>\n\n\n\n<p class=\"wp-block-paragraph\">&#8212;&#8212;&#8212;&#8212;&#8212;&#8212;<br><em>Quer receber as not\u00edcias do <strong>Aconteceu no Vale<\/strong> em primeira m\u00e3o? Siga-nos no Facebook <a rel=\"noreferrer noopener\" href=\"http:\/\/facebook.com\/aconteceunovale\" target=\"_blank\">@aconteceunovale<\/a>, Twitter <a rel=\"noreferrer noopener\" href=\"https:\/\/twitter.com\/noticiadosvales\" target=\"_blank\">@noticiadosvales<\/a> e Instagram <a rel=\"noreferrer noopener\" href=\"https:\/\/www.instagram.com\/aconteceunovale\" target=\"_blank\">@aconteceunovale<\/a>.<\/em><\/p>\n","protected":false},"excerpt":{"rendered":"<p>O\u00a0Departamento de Edifica\u00e7\u00f5es e Estradas de Rodagem de Minas Gerais (DER-MG)\u00a0vai interromper o tr\u00e1fego na rodovia LMG-680 por 30 dias, a partir da pr\u00f3xima quarta-feira (8\/9\/2021), no trecho entre Paracatu e Brasil\u00e2ndia de Minas. A medida \u00e9 necess\u00e1ria para realizar obra de substitui\u00e7\u00e3o de bueiros, no Km 45,8. Para quem for trafegar pela estrada, o [&hellip;]<\/p>\n","protected":false},"author":4,"featured_media":181419,"comment_status":"open","ping_status":"closed","sticky":false,"template":"","format":"standard","meta":{"amp_status":"","footnotes":""},"categories":[123],"tags":[1488,215389,250538,250539,250537,250535,250533,250532,250540,250534,250536,212],"class_list":["post-181417","post","type-post","status-publish","format-standard","has-post-thumbnail","hentry","category-gerais","tag-brasilandia-de-minas","tag-der-mg-2","tag-der-mg-em-paracatu","tag-entre-ribeiros","tag-erica-francisca-de-paula-araujo","tag-fechamento-da-lmg-680","tag-interdicao-da-lmg-680","tag-lmg-680","tag-maiores-areas-irrigadas-da-america-latina","tag-obra-na-lmg-680","tag-obras-no-trecho-entre-paracatu-e-brasilandia-de-minas","tag-paracatu"],"yoast_head":"<!-- This site is optimized with the Yoast SEO plugin v28.3 - https:\/\/yoast.com\/product\/yoast-seo-wordpress\/ -->\n<title>Trecho da LMG-680 ser\u00e1 interditado por 30 dias - Aconteceu no Vale<\/title>\n<meta name=\"robots\" content=\"index, follow, max-snippet:-1, max-image-preview:large, max-video-preview:-1\" \/>\n<link rel=\"canonical\" href=\"https:\/\/aconteceunovale.com.br\/portal\/?p=181417\" \/>\n<meta property=\"og:locale\" content=\"pt_BR\" \/>\n<meta property=\"og:type\" content=\"article\" \/>\n<meta property=\"og:title\" content=\"Trecho da LMG-680 ser\u00e1 interditado por 30 dias - Aconteceu no Vale\" \/>\n<meta property=\"og:description\" content=\"O\u00a0Departamento de Edifica\u00e7\u00f5es e Estradas de Rodagem de Minas Gerais (DER-MG)\u00a0vai interromper o tr\u00e1fego na rodovia LMG-680 por 30 dias, a partir da pr\u00f3xima quarta-feira (8\/9\/2021), no trecho entre Paracatu e Brasil\u00e2ndia de Minas. A medida \u00e9 necess\u00e1ria para realizar obra de substitui\u00e7\u00e3o de bueiros, no Km 45,8. Para quem for trafegar pela estrada, o [&hellip;]\" \/>\n<meta property=\"og:url\" content=\"https:\/\/aconteceunovale.com.br\/portal\/?p=181417\" \/>\n<meta property=\"og:site_name\" content=\"Aconteceu no Vale\" \/>\n<meta property=\"article:publisher\" content=\"https:\/\/www.facebook.com\/aconteceunovale\/\" \/>\n<meta property=\"article:published_time\" content=\"2021-09-03T20:33:36+00:00\" \/>\n<meta property=\"article:modified_time\" content=\"2021-09-03T20:35:25+00:00\" \/>\n<meta property=\"og:image\" content=\"https:\/\/aconteceunovale.com.br\/portal\/wp-content\/uploads\/2021\/09\/estrada_paracatu_brasilandia2.jpg\" \/>\n\t<meta property=\"og:image:width\" content=\"678\" \/>\n\t<meta property=\"og:image:height\" content=\"368\" \/>\n\t<meta property=\"og:image:type\" content=\"image\/jpeg\" \/>\n<meta name=\"author\" content=\"Reda\u00e7\u00e3o Aconteceu no Vale\" \/>\n<meta name=\"twitter:card\" content=\"summary_large_image\" \/>\n<meta name=\"twitter:creator\" content=\"@noticiadosvales\" \/>\n<meta name=\"twitter:site\" content=\"@noticiadosvales\" \/>\n<meta name=\"twitter:label1\" content=\"Escrito por\" \/>\n\t<meta name=\"twitter:data1\" content=\"Reda\u00e7\u00e3o Aconteceu no Vale\" \/>\n\t<meta name=\"twitter:label2\" content=\"Est. tempo de leitura\" \/>\n\t<meta name=\"twitter:data2\" content=\"2 minutos\" \/>\n<script type=\"application\/ld+json\" class=\"yoast-schema-graph\">{\"@context\":\"https:\\\/\\\/schema.org\",\"@graph\":[{\"@type\":\"Article\",\"@id\":\"https:\\\/\\\/aconteceunovale.com.br\\\/portal\\\/?p=181417#article\",\"isPartOf\":{\"@id\":\"https:\\\/\\\/aconteceunovale.com.br\\\/portal\\\/?p=181417\"},\"author\":{\"name\":\"Reda\u00e7\u00e3o Aconteceu no Vale\",\"@id\":\"https:\\\/\\\/aconteceunovale.com.br\\\/portal\\\/#\\\/schema\\\/person\\\/7d2f26d1483f8a63de73da1ee0754d35\"},\"headline\":\"Trecho da LMG-680 ser\u00e1 interditado por 30 dias\",\"datePublished\":\"2021-09-03T20:33:36+00:00\",\"dateModified\":\"2021-09-03T20:35:25+00:00\",\"mainEntityOfPage\":{\"@id\":\"https:\\\/\\\/aconteceunovale.com.br\\\/portal\\\/?p=181417\"},\"wordCount\":371,\"commentCount\":0,\"image\":{\"@id\":\"https:\\\/\\\/aconteceunovale.com.br\\\/portal\\\/?p=181417#primaryimage\"},\"thumbnailUrl\":\"https:\\\/\\\/aconteceunovale.com.br\\\/portal\\\/wp-content\\\/uploads\\\/2021\\\/09\\\/estrada_paracatu_brasilandia2.jpg\",\"keywords\":[\"Brasil\u00e2ndia de Minas\",\"DER-MG\",\"DER-MG em Paracatu\",\"Entre-Ribeiros\",\"\u00c9rica Francisca de Paula Ara\u00fajo\",\"Fechamento da LMG-680\",\"Interdi\u00e7\u00e3o da LMG-680\",\"LMG-680\",\"Maiores \u00e1reas irrigadas da Am\u00e9rica Latina\",\"Obra na LMG-680\",\"Obras no trecho entre Paracatu e Brasil\u00e2ndia de Minas\",\"Paracatu\"],\"articleSection\":[\"Minas Gerais\"],\"inLanguage\":\"pt-BR\",\"potentialAction\":[{\"@type\":\"CommentAction\",\"name\":\"Comment\",\"target\":[\"https:\\\/\\\/aconteceunovale.com.br\\\/portal\\\/?p=181417#respond\"]}]},{\"@type\":\"WebPage\",\"@id\":\"https:\\\/\\\/aconteceunovale.com.br\\\/portal\\\/?p=181417\",\"url\":\"https:\\\/\\\/aconteceunovale.com.br\\\/portal\\\/?p=181417\",\"name\":\"Trecho da LMG-680 ser\u00e1 interditado por 30 dias - Aconteceu no Vale\",\"isPartOf\":{\"@id\":\"https:\\\/\\\/aconteceunovale.com.br\\\/portal\\\/#website\"},\"primaryImageOfPage\":{\"@id\":\"https:\\\/\\\/aconteceunovale.com.br\\\/portal\\\/?p=181417#primaryimage\"},\"image\":{\"@id\":\"https:\\\/\\\/aconteceunovale.com.br\\\/portal\\\/?p=181417#primaryimage\"},\"thumbnailUrl\":\"https:\\\/\\\/aconteceunovale.com.br\\\/portal\\\/wp-content\\\/uploads\\\/2021\\\/09\\\/estrada_paracatu_brasilandia2.jpg\",\"datePublished\":\"2021-09-03T20:33:36+00:00\",\"dateModified\":\"2021-09-03T20:35:25+00:00\",\"author\":{\"@id\":\"https:\\\/\\\/aconteceunovale.com.br\\\/portal\\\/#\\\/schema\\\/person\\\/7d2f26d1483f8a63de73da1ee0754d35\"},\"breadcrumb\":{\"@id\":\"https:\\\/\\\/aconteceunovale.com.br\\\/portal\\\/?p=181417#breadcrumb\"},\"inLanguage\":\"pt-BR\",\"potentialAction\":[{\"@type\":\"ReadAction\",\"target\":[\"https:\\\/\\\/aconteceunovale.com.br\\\/portal\\\/?p=181417\"]}]},{\"@type\":\"ImageObject\",\"inLanguage\":\"pt-BR\",\"@id\":\"https:\\\/\\\/aconteceunovale.com.br\\\/portal\\\/?p=181417#primaryimage\",\"url\":\"https:\\\/\\\/aconteceunovale.com.br\\\/portal\\\/wp-content\\\/uploads\\\/2021\\\/09\\\/estrada_paracatu_brasilandia2.jpg\",\"contentUrl\":\"https:\\\/\\\/aconteceunovale.com.br\\\/portal\\\/wp-content\\\/uploads\\\/2021\\\/09\\\/estrada_paracatu_brasilandia2.jpg\",\"width\":678,\"height\":368},{\"@type\":\"BreadcrumbList\",\"@id\":\"https:\\\/\\\/aconteceunovale.com.br\\\/portal\\\/?p=181417#breadcrumb\",\"itemListElement\":[{\"@type\":\"ListItem\",\"position\":1,\"name\":\"In\u00edcio\",\"item\":\"https:\\\/\\\/aconteceunovale.com.br\\\/portal\\\/\"},{\"@type\":\"ListItem\",\"position\":2,\"name\":\"Trecho da LMG-680 ser\u00e1 interditado por 30 dias\"}]},{\"@type\":\"WebSite\",\"@id\":\"https:\\\/\\\/aconteceunovale.com.br\\\/portal\\\/#website\",\"url\":\"https:\\\/\\\/aconteceunovale.com.br\\\/portal\\\/\",\"name\":\"Aconteceu no Vale\",\"description\":\"Portal de Not\u00edcias\",\"potentialAction\":[{\"@type\":\"SearchAction\",\"target\":{\"@type\":\"EntryPoint\",\"urlTemplate\":\"https:\\\/\\\/aconteceunovale.com.br\\\/portal\\\/?s={search_term_string}\"},\"query-input\":{\"@type\":\"PropertyValueSpecification\",\"valueRequired\":true,\"valueName\":\"search_term_string\"}}],\"inLanguage\":\"pt-BR\"},{\"@type\":\"Person\",\"@id\":\"https:\\\/\\\/aconteceunovale.com.br\\\/portal\\\/#\\\/schema\\\/person\\\/7d2f26d1483f8a63de73da1ee0754d35\",\"name\":\"Reda\u00e7\u00e3o Aconteceu no Vale\",\"description\":\"Equipe de reportagem do Aconteceu no Vale, portal de not\u00edcias do Vale do Jequitinhonha, em Minas Gerais. Cobrimos as 51 cidades do Vale desde 2013. Sugest\u00f5es de pauta e pedidos de corre\u00e7\u00e3o: contato@aconteceunovale.com.br\",\"url\":\"https:\\\/\\\/aconteceunovale.com.br\\\/portal\\\/?author=4\"}]}<\/script>\n<!-- \/ Yoast SEO plugin. -->","yoast_head_json":{"title":"Trecho da LMG-680 ser\u00e1 interditado por 30 dias - Aconteceu no Vale","robots":{"index":"index","follow":"follow","max-snippet":"max-snippet:-1","max-image-preview":"max-image-preview:large","max-video-preview":"max-video-preview:-1"},"canonical":"https:\/\/aconteceunovale.com.br\/portal\/?p=181417","og_locale":"pt_BR","og_type":"article","og_title":"Trecho da LMG-680 ser\u00e1 interditado por 30 dias - Aconteceu no Vale","og_description":"O\u00a0Departamento de Edifica\u00e7\u00f5es e Estradas de Rodagem de Minas Gerais (DER-MG)\u00a0vai interromper o tr\u00e1fego na rodovia LMG-680 por 30 dias, a partir da pr\u00f3xima quarta-feira (8\/9\/2021), no trecho entre Paracatu e Brasil\u00e2ndia de Minas. A medida \u00e9 necess\u00e1ria para realizar obra de substitui\u00e7\u00e3o de bueiros, no Km 45,8. Para quem for trafegar pela estrada, o [&hellip;]","og_url":"https:\/\/aconteceunovale.com.br\/portal\/?p=181417","og_site_name":"Aconteceu no Vale","article_publisher":"https:\/\/www.facebook.com\/aconteceunovale\/","article_published_time":"2021-09-03T20:33:36+00:00","article_modified_time":"2021-09-03T20:35:25+00:00","og_image":[{"width":678,"height":368,"url":"https:\/\/aconteceunovale.com.br\/portal\/wp-content\/uploads\/2021\/09\/estrada_paracatu_brasilandia2.jpg","type":"image\/jpeg"}],"author":"Reda\u00e7\u00e3o Aconteceu no Vale","twitter_card":"summary_large_image","twitter_creator":"@noticiadosvales","twitter_site":"@noticiadosvales","twitter_misc":{"Escrito por":"Reda\u00e7\u00e3o Aconteceu no Vale","Est. tempo de leitura":"2 minutos"},"schema":{"@context":"https:\/\/schema.org","@graph":[{"@type":"Article","@id":"https:\/\/aconteceunovale.com.br\/portal\/?p=181417#article","isPartOf":{"@id":"https:\/\/aconteceunovale.com.br\/portal\/?p=181417"},"author":{"name":"Reda\u00e7\u00e3o Aconteceu no Vale","@id":"https:\/\/aconteceunovale.com.br\/portal\/#\/schema\/person\/7d2f26d1483f8a63de73da1ee0754d35"},"headline":"Trecho da LMG-680 ser\u00e1 interditado por 30 dias","datePublished":"2021-09-03T20:33:36+00:00","dateModified":"2021-09-03T20:35:25+00:00","mainEntityOfPage":{"@id":"https:\/\/aconteceunovale.com.br\/portal\/?p=181417"},"wordCount":371,"commentCount":0,"image":{"@id":"https:\/\/aconteceunovale.com.br\/portal\/?p=181417#primaryimage"},"thumbnailUrl":"https:\/\/aconteceunovale.com.br\/portal\/wp-content\/uploads\/2021\/09\/estrada_paracatu_brasilandia2.jpg","keywords":["Brasil\u00e2ndia de Minas","DER-MG","DER-MG em Paracatu","Entre-Ribeiros","\u00c9rica Francisca de Paula Ara\u00fajo","Fechamento da LMG-680","Interdi\u00e7\u00e3o da LMG-680","LMG-680","Maiores \u00e1reas irrigadas da Am\u00e9rica Latina","Obra na LMG-680","Obras no trecho entre Paracatu e Brasil\u00e2ndia de Minas","Paracatu"],"articleSection":["Minas Gerais"],"inLanguage":"pt-BR","potentialAction":[{"@type":"CommentAction","name":"Comment","target":["https:\/\/aconteceunovale.com.br\/portal\/?p=181417#respond"]}]},{"@type":"WebPage","@id":"https:\/\/aconteceunovale.com.br\/portal\/?p=181417","url":"https:\/\/aconteceunovale.com.br\/portal\/?p=181417","name":"Trecho da LMG-680 ser\u00e1 interditado por 30 dias - Aconteceu no Vale","isPartOf":{"@id":"https:\/\/aconteceunovale.com.br\/portal\/#website"},"primaryImageOfPage":{"@id":"https:\/\/aconteceunovale.com.br\/portal\/?p=181417#primaryimage"},"image":{"@id":"https:\/\/aconteceunovale.com.br\/portal\/?p=181417#primaryimage"},"thumbnailUrl":"https:\/\/aconteceunovale.com.br\/portal\/wp-content\/uploads\/2021\/09\/estrada_paracatu_brasilandia2.jpg","datePublished":"2021-09-03T20:33:36+00:00","dateModified":"2021-09-03T20:35:25+00:00","author":{"@id":"https:\/\/aconteceunovale.com.br\/portal\/#\/schema\/person\/7d2f26d1483f8a63de73da1ee0754d35"},"breadcrumb":{"@id":"https:\/\/aconteceunovale.com.br\/portal\/?p=181417#breadcrumb"},"inLanguage":"pt-BR","potentialAction":[{"@type":"ReadAction","target":["https:\/\/aconteceunovale.com.br\/portal\/?p=181417"]}]},{"@type":"ImageObject","inLanguage":"pt-BR","@id":"https:\/\/aconteceunovale.com.br\/portal\/?p=181417#primaryimage","url":"https:\/\/aconteceunovale.com.br\/portal\/wp-content\/uploads\/2021\/09\/estrada_paracatu_brasilandia2.jpg","contentUrl":"https:\/\/aconteceunovale.com.br\/portal\/wp-content\/uploads\/2021\/09\/estrada_paracatu_brasilandia2.jpg","width":678,"height":368},{"@type":"BreadcrumbList","@id":"https:\/\/aconteceunovale.com.br\/portal\/?p=181417#breadcrumb","itemListElement":[{"@type":"ListItem","position":1,"name":"In\u00edcio","item":"https:\/\/aconteceunovale.com.br\/portal\/"},{"@type":"ListItem","position":2,"name":"Trecho da LMG-680 ser\u00e1 interditado por 30 dias"}]},{"@type":"WebSite","@id":"https:\/\/aconteceunovale.com.br\/portal\/#website","url":"https:\/\/aconteceunovale.com.br\/portal\/","name":"Aconteceu no Vale","description":"Portal de Not\u00edcias","potentialAction":[{"@type":"SearchAction","target":{"@type":"EntryPoint","urlTemplate":"https:\/\/aconteceunovale.com.br\/portal\/?s={search_term_string}"},"query-input":{"@type":"PropertyValueSpecification","valueRequired":true,"valueName":"search_term_string"}}],"inLanguage":"pt-BR"},{"@type":"Person","@id":"https:\/\/aconteceunovale.com.br\/portal\/#\/schema\/person\/7d2f26d1483f8a63de73da1ee0754d35","name":"Reda\u00e7\u00e3o Aconteceu no Vale","description":"Equipe de reportagem do Aconteceu no Vale, portal de not\u00edcias do Vale do Jequitinhonha, em Minas Gerais. Cobrimos as 51 cidades do Vale desde 2013. Sugest\u00f5es de pauta e pedidos de corre\u00e7\u00e3o: contato@aconteceunovale.com.br","url":"https:\/\/aconteceunovale.com.br\/portal\/?author=4"}]}},"_links":{"self":[{"href":"https:\/\/aconteceunovale.com.br\/portal\/index.php?rest_route=\/wp\/v2\/posts\/181417","targetHints":{"allow":["GET"]}}],"collection":[{"href":"https:\/\/aconteceunovale.com.br\/portal\/index.php?rest_route=\/wp\/v2\/posts"}],"about":[{"href":"https:\/\/aconteceunovale.com.br\/portal\/index.php?rest_route=\/wp\/v2\/types\/post"}],"author":[{"embeddable":true,"href":"https:\/\/aconteceunovale.com.br\/portal\/index.php?rest_route=\/wp\/v2\/users\/4"}],"replies":[{"embeddable":true,"href":"https:\/\/aconteceunovale.com.br\/portal\/index.php?rest_route=%2Fwp%2Fv2%2Fcomments&post=181417"}],"version-history":[{"count":1,"href":"https:\/\/aconteceunovale.com.br\/portal\/index.php?rest_route=\/wp\/v2\/posts\/181417\/revisions"}],"predecessor-version":[{"id":181420,"href":"https:\/\/aconteceunovale.com.br\/portal\/index.php?rest_route=\/wp\/v2\/posts\/181417\/revisions\/181420"}],"wp:featuredmedia":[{"embeddable":true,"href":"https:\/\/aconteceunovale.com.br\/portal\/index.php?rest_route=\/wp\/v2\/media\/181419"}],"wp:attachment":[{"href":"https:\/\/aconteceunovale.com.br\/portal\/index.php?rest_route=%2Fwp%2Fv2%2Fmedia&parent=181417"}],"wp:term":[{"taxonomy":"category","embeddable":true,"href":"https:\/\/aconteceunovale.com.br\/portal\/index.php?rest_route=%2Fwp%2Fv2%2Fcategories&post=181417"},{"taxonomy":"post_tag","embeddable":true,"href":"https:\/\/aconteceunovale.com.br\/portal\/index.php?rest_route=%2Fwp%2Fv2%2Ftags&post=181417"}],"curies":[{"name":"wp","href":"https:\/\/api.w.org\/{rel}","templated":true}]}}