{"id":181402,"date":"2021-09-03T12:06:57","date_gmt":"2021-09-03T15:06:57","guid":{"rendered":"https:\/\/aconteceunovale.com.br\/portal\/?p=181402"},"modified":"2021-09-03T12:09:30","modified_gmt":"2021-09-03T15:09:30","slug":"governador-romeu-zema-recebe-2a-dose-de-vacina-contra-covid-19","status":"publish","type":"post","link":"https:\/\/aconteceunovale.com.br\/portal\/?p=181402","title":{"rendered":"Governador Romeu Zema recebe 2\u00aa dose de vacina contra Covid-19"},"content":{"rendered":"\n<p class=\"wp-block-paragraph\">O governador Romeu Zema recebeu, na manh\u00e3 desta sexta-feira (3\/9\/2021), no Centro de Sa\u00fade Itamarati, em Belo Horizonte, a segunda dose da vacina contra a covid-19. Ele ressaltou a import\u00e2ncia de a popula\u00e7\u00e3o completar a imuniza\u00e7\u00e3o e n\u00e3o deixar de tomar a segunda dose. Zema, que tem 56 anos, havia tomado a primeira dose da AstraZeneca no dia 15 de junho.<\/p>\n\n\n\n<figure class=\"wp-block-gallery columns-1 is-cropped wp-block-gallery-1 is-layout-flex wp-block-gallery-is-layout-flex\"><ul class=\"blocks-gallery-grid\"><li class=\"blocks-gallery-item\"><figure><img loading=\"lazy\" decoding=\"async\" width=\"678\" height=\"445\" src=\"https:\/\/aconteceunovale.com.br\/portal\/wp-content\/uploads\/2021\/09\/zema_vacinado_4.jpg\" alt=\"\" data-id=\"181404\" data-full-url=\"https:\/\/aconteceunovale.com.br\/portal\/wp-content\/uploads\/2021\/09\/zema_vacinado_4.jpg\" data-link=\"https:\/\/aconteceunovale.com.br\/portal\/?attachment_id=181404\" class=\"wp-image-181404\" srcset=\"https:\/\/aconteceunovale.com.br\/portal\/wp-content\/uploads\/2021\/09\/zema_vacinado_4.jpg 678w, https:\/\/aconteceunovale.com.br\/portal\/wp-content\/uploads\/2021\/09\/zema_vacinado_4-300x197.jpg 300w, https:\/\/aconteceunovale.com.br\/portal\/wp-content\/uploads\/2021\/09\/zema_vacinado_4-640x420.jpg 640w\" sizes=\"auto, (max-width: 678px) 100vw, 678px\" \/><figcaption class=\"blocks-gallery-item__caption\"><em>Foto: Marco Evangelista \/ Imprensa MG<\/em><\/figcaption><\/figure><\/li><\/ul><\/figure>\n\n\n\n<p class=\"wp-block-paragraph\">\u201c\u00c9 muito bom saber que agora estou com a imuniza\u00e7\u00e3o completa. Conversei com a profissional de sa\u00fade que me atendeu e ela disse que muitas pessoas t\u00eam esquecido. Pe\u00e7o, inclusive, \u00e0 imprensa e&nbsp;aos meios de comunica\u00e7\u00e3o, que lembrem as pessoas que \u00e9 muito importante caminharmos para termos todos imunizados com a primeira e a segunda dose\u201d, afirmou o governador na sa\u00edda do centro de sa\u00fade.<\/p>\n\n\n\n<p class=\"wp-block-paragraph\">Zema ressaltou, ainda, a import\u00e2ncia de as pessoas continuarem mantendo os cuidados de preven\u00e7\u00e3o ao coronav\u00edrus, como as medidas de higieniza\u00e7\u00e3o e distanciamento social, at\u00e9 que a imuniza\u00e7\u00e3o da popula\u00e7\u00e3o seja conclu\u00edda.<\/p>\n\n\n\n<p class=\"wp-block-paragraph\">\u201cAcompanho diariamente os dados da doen\u00e7a e os casos t\u00eam diminu\u00eddo, assim como as interna\u00e7\u00f5es e os \u00f3bitos. Mas n\u00e3o \u00e9 momento de achar que est\u00e1 tudo resolvido, porque infelizmente ainda temos pessoas falecendo todos os dias. \u00c9 hora de nos unirmos e levarmos adiante esta luta contra o v\u00edrus para podermos venc\u00ea-lo\u201d, finalizou Romeu Zema.<\/p>\n\n\n\n<figure class=\"wp-block-gallery columns-1 is-cropped wp-block-gallery-2 is-layout-flex wp-block-gallery-is-layout-flex\"><ul class=\"blocks-gallery-grid\"><li class=\"blocks-gallery-item\"><figure><img loading=\"lazy\" decoding=\"async\" width=\"678\" height=\"432\" src=\"https:\/\/aconteceunovale.com.br\/portal\/wp-content\/uploads\/2021\/09\/zema_vacinado_2.jpg\" alt=\"\" data-id=\"181406\" data-full-url=\"https:\/\/aconteceunovale.com.br\/portal\/wp-content\/uploads\/2021\/09\/zema_vacinado_2.jpg\" data-link=\"https:\/\/aconteceunovale.com.br\/portal\/?attachment_id=181406\" class=\"wp-image-181406\" srcset=\"https:\/\/aconteceunovale.com.br\/portal\/wp-content\/uploads\/2021\/09\/zema_vacinado_2.jpg 678w, https:\/\/aconteceunovale.com.br\/portal\/wp-content\/uploads\/2021\/09\/zema_vacinado_2-300x191.jpg 300w, https:\/\/aconteceunovale.com.br\/portal\/wp-content\/uploads\/2021\/09\/zema_vacinado_2-659x420.jpg 659w\" sizes=\"auto, (max-width: 678px) 100vw, 678px\" \/><figcaption class=\"blocks-gallery-item__caption\"> <em>Foto: Marco Evangelista \/ Imprensa MG<\/em> <\/figcaption><\/figure><\/li><li class=\"blocks-gallery-item\"><figure><img loading=\"lazy\" decoding=\"async\" width=\"661\" height=\"450\" src=\"https:\/\/aconteceunovale.com.br\/portal\/wp-content\/uploads\/2021\/09\/zema_vacinado_3.jpg\" alt=\"\" data-id=\"181405\" data-full-url=\"https:\/\/aconteceunovale.com.br\/portal\/wp-content\/uploads\/2021\/09\/zema_vacinado_3.jpg\" data-link=\"https:\/\/aconteceunovale.com.br\/portal\/?attachment_id=181405\" class=\"wp-image-181405\" srcset=\"https:\/\/aconteceunovale.com.br\/portal\/wp-content\/uploads\/2021\/09\/zema_vacinado_3.jpg 661w, https:\/\/aconteceunovale.com.br\/portal\/wp-content\/uploads\/2021\/09\/zema_vacinado_3-300x204.jpg 300w, https:\/\/aconteceunovale.com.br\/portal\/wp-content\/uploads\/2021\/09\/zema_vacinado_3-617x420.jpg 617w\" sizes=\"auto, (max-width: 661px) 100vw, 661px\" \/><figcaption class=\"blocks-gallery-item__caption\"> <em>Foto: Marco Evangelista \/ Imprensa MG<\/em> <\/figcaption><\/figure><\/li><\/ul><\/figure>\n\n\n\n<h2 class=\"wp-block-heading\"><strong>N\u00fameros<\/strong><\/h2>\n\n\n\n<p class=\"wp-block-paragraph\">Minas Gerais ultrapassou a marca de 19 milh\u00f5es de doses das vacinas contra a covid-19 j\u00e1 aplicadas na popula\u00e7\u00e3o. Entre as pessoas acima de 18 anos, a cobertura vacinal da primeira dose chega a mais de 80%. J\u00e1 a da segunda dose e\/ou dose \u00fanica est\u00e1 em torno de 36%.&nbsp;<\/p>\n\n\n\n<p class=\"wp-block-paragraph\">&#8212;&#8212;&#8212;&#8212;&#8212;&#8212;<br><em>Quer receber as not\u00edcias do <strong>Aconteceu no Vale<\/strong> em primeira m\u00e3o? Siga-nos no Facebook <a rel=\"noreferrer noopener\" href=\"http:\/\/facebook.com\/aconteceunovale\" target=\"_blank\">@aconteceunovale<\/a>, Twitter <a rel=\"noreferrer noopener\" href=\"https:\/\/twitter.com\/noticiadosvales\" target=\"_blank\">@noticiadosvales<\/a> e Instagram <a rel=\"noreferrer noopener\" href=\"https:\/\/www.instagram.com\/aconteceunovale\" target=\"_blank\">@aconteceunovale<\/a>.<\/em><\/p>\n","protected":false},"excerpt":{"rendered":"<p>O governador Romeu Zema recebeu, na manh\u00e3 desta sexta-feira (3\/9\/2021), no Centro de Sa\u00fade Itamarati, em Belo Horizonte, a segunda dose da vacina contra a covid-19. Ele ressaltou a import\u00e2ncia de a popula\u00e7\u00e3o completar a imuniza\u00e7\u00e3o e n\u00e3o deixar de tomar a segunda dose. Zema, que tem 56 anos, havia tomado a primeira dose da [&hellip;]<\/p>\n","protected":false},"author":4,"featured_media":181406,"comment_status":"open","ping_status":"closed","sticky":false,"template":"","format":"standard","meta":{"amp_status":"","footnotes":""},"categories":[123,40240,40242],"tags":[226899,227899,227901,239840,1768,1615,752,1725,1769,1504,224214,226639,1770,194,1342,1017,146023,238964,645,1799,1714,195,1535,1703,1616,1506,1429,236418,30518,3678,217799,219851,1800,250504,219853,238963,238962,2801,1613,24845,3055,1607,225459,1801,214884,216498,1715,221718,1702,1617,1018,234208,142710,1728,1691,226771,226773,1278,236417,235795,238965,239760,24222,1692,1395,1554,1034,200,239841,239793,239794,4531,1693,238953,239759,239790,184213,246608,246607,250502,246609,246610,250503,239313,239314,239315,240513,240514,240518,225458,226298,241246,1153,1771,1694,41184,1695,1704,1803,239839,239838,3557,1696,1705,95132,1555,1058,204,205,3058,15524,3724,243195,1043,2247,1697,1706,1698,2941,1611,223979,1796,1707,245530,233652,228272,3673,1356,1708,1195,232016,226455,239792,240515,250420,1699,3056,1709,1277,210,1009,219855,238961,226300,226452,226453,226451,1804,238958,238954,1805,226299,226772,215653,226301,4532,226535,221717,219854,238960,219852,207263,240516,240517,238955,1772,125970,877,3059,217692,1700,3723,1608,3692,1773,1710,1618,254,222637,227897,30481,217,1711,1194,19967,236419,218482,243194,230864,13983,227898,227900,221719,226454,245795,238959,245793,245794,238957,1807,1556,1774,421,178207,852,1505,242304,190,927,1775,1809,1609,1776,3352,1522,1614,963,3725,2448,1810,1701,1403,1729,1777,1811,220285,220287,1730,1720,2671,220286,419,7237,238956,1712,220,242171,1612,15513,1813,3046,1340,1713,239795,1814,1619,181383],"class_list":["post-181402","post","type-post","status-publish","format-standard","has-post-thumbnail","hentry","category-gerais","category-politica","category-saude-2","tag-362-cidades-de-pequeno-porte-passarao-automaticamente-para-a-onda-amarela-do-minas-consciente","tag-abertura-das-academias-de-ginastica","tag-abertura-das-agencias-de-turismo","tag-abertura-de-igrejas-onda-roxa","tag-acaiaca","tag-agua-comprida","tag-almg","tag-alvinopolis","tag-amparo-do-serra","tag-araxa","tag-astrazeneca","tag-atividades-economicas-terao-protocolo-unico-na-nova-fase-do-plano-minas-consciente","tag-barra-longa","tag-belo-horizonte","tag-berizal","tag-bh","tag-bio-manguinhos","tag-bloqueio-total-em-minas-gerais","tag-bocaiuva","tag-bonito-de-minas","tag-botumirim","tag-brasilia-de-minas","tag-buritizeiro","tag-campo-azul","tag-campo-florido","tag-campos-altos","tag-capitao-eneas","tag-carnaval-2021-em-minas-gerais","tag-carnaval-em-minas-gerais","tag-carneirinho","tag-casos-de-coronavirus-em-minas-gerais","tag-casos-de-covid-19-em-minas-gerais","tag-catuti","tag-centro-de-saude-itamarati","tag-cidades-com-casos-de-coronavirus-em-minas-gerais","tag-cidades-de-minas-gerais-na-onda-roxa","tag-cidades-na-onda-roxa","tag-claro-dos-pocoes","tag-comendador-gomes","tag-conceicao-das-alagoas","tag-conego-marinho","tag-conquista","tag-consulta-publica-minas-consciente","tag-coracao-de-jesus","tag-coronavirus","tag-covid-19","tag-cristalia","tag-curados-do-coronavirus-em-minas-gerais","tag-curral-de-dentro","tag-delta","tag-destaque","tag-dez-regioes-estao-na-fase-mais-restritiva-do-programa-minas-consciente","tag-diogo-de-vasconcelos","tag-dom-silverio","tag-engenheiro-navarro","tag-entenda-a-divisao-por-ondas-nas-novas-regras-do-plano-minas-consciente","tag-entenda-as-ondas-do-minas-consciente","tag-espinosa","tag-estado-atualiza-situacao-das-macrorregioes-no-minas-consciente-e-recomenda-a-proibicao-de-festas-de-carnaval","tag-estado-lanca-terceira-fase-do-minas-consciente","tag-fase-critica-em-minas-gerais","tag-fechamento-de-minas-gerais","tag-fiocruz","tag-francisco-dumont","tag-francisco-sa","tag-fronteira","tag-fruta-de-leite","tag-frutal","tag-funcionamento-de-igrejas-onda-roxa","tag-futebol-em-minas-gerais-durante-a-onda-roxa","tag-futebol-em-minas-gerais-durante-o-lockdown","tag-gameleiras","tag-glaucilandia","tag-governador-anuncia-onda-roxa-e-toque-de-recolher-em-duas-regioes-de-minas-gerais","tag-governador-decide-colocar-todos-os-municipios-de-minas-gerais-em-quarentena","tag-governador-faz-apelo-para-que-populacao-mude-o-comportamento-e-adote-medidas-contra-o-coronavirus","tag-governador-romeu-zema","tag-governador-romeu-zema-e-vacinado","tag-governador-romeu-zema-recebe-1a-dose-de-vacina-contra-covid-19","tag-governador-romeu-zema-recebe-2a-dose-de-vacina-contra-covid-19","tag-governador-romeu-zema-recebe-astrazeneca","tag-governador-romeu-zema-recebe-primeira-dose-da-astrazeneca","tag-governador-romeu-zema-recebe-segunda-dose-da-astrazeneca","tag-governo-coloca-mais-21-cidades-de-minas-gerais-na-onda-roxa-do-minas-consciente","tag-governo-coloca-mais-21-municipios-de-minas-gerais-em-quarentena","tag-governo-de-minas-coloca-mais-21-municipios-em-quarentena","tag-governo-de-minas-gerais-prorroga-onda-roxa-ate-4-de-abril","tag-governo-de-minas-gerais-prorroga-quarentena-ate-4-de-abril","tag-governo-de-minas-prorroga-onda-roxa-em-todos-as-macrorregioes-ate-4-de-abril","tag-governo-lanca-consulta-publica-sobre-o-plano-minas-consciente","tag-governo-lanca-novas-regras-para-o-plano-minas-consciente","tag-governo-mantem-onda-roxa-ate-11-de-abril-em-quase-todas-as-macrorregioes-de-minas","tag-grao-mogol","tag-guaraciaba","tag-guaraciama","tag-ibia","tag-ibiai","tag-ibiracatu","tag-icarai-de-minas","tag-igrejas-onda-roxa","tag-igrejas-podem-funcionar-na-onda-roxa-do-minas-consciente","tag-indaiabira","tag-itacambira","tag-itacarambi","tag-itapagipe","tag-iturama","tag-jaiba","tag-janauba","tag-januaria","tag-japonvar","tag-jequeri","tag-jequitai","tag-jequitinhonha-e-norte-de-minas-avancam-para-a-onda-vermelha-do-minas-consciente","tag-joaquim-felicio","tag-josenopolis","tag-juramento","tag-juvenilia","tag-lagoa-dos-patos","tag-lassance","tag-limeira-do-oeste","tag-lockdown-em-minas-gerais","tag-lontra","tag-luislandia","tag-macro-jequitinhonha-apresenta-piora-nos-indicadores-e-regride-para-onda-vermelha-do-minas-consciente","tag-mais-duas-regioes-regridem-para-a-onda-vermelha-do-minas-consciente","tag-mais-quatro-regioes-poderao-avancar-para-a-onda-amarela-do-plano-minas-consciente","tag-mamonas","tag-manga","tag-matias-cardoso","tag-mato-verde","tag-metade-do-estado-regride-para-fases-mais-restritivas-do-plano-minas-consciente","tag-microrregioes-minas-consciente","tag-minas-gerais-nao-tera-jogos-de-outros-estados-durante-lockdown-de-15-dias","tag-minas-gerais-permanecera-na-onda-roxa-ate-o-fim-da-semana-santa","tag-minas-ultrapassa-19-milhoes-de-doses-aplicadas-contra-a-covid-19","tag-mirabela","tag-miravania","tag-montalvania","tag-monte-azul","tag-montes-claros","tag-montezuma","tag-mortes-por-coronavirus-em-minas-gerais","tag-mudancas-com-a-onda-roxa","tag-mudancas-no-minas-consciente","tag-municipios-pequenos","tag-municipios-pequenos-minas-consciente","tag-municipios-receberao-tratamento-individualizado-na-nova-fase-do-minas-consciente","tag-ninheira","tag-nova-fase-do-minas-consciente","tag-nova-onda-do-minas-consciente","tag-nova-porteirinha","tag-novas-regras-do-minas-consciente","tag-novas-regras-do-plano-minas-consciente","tag-novo-coronavirus","tag-novo-minas-consciente","tag-novorizonte","tag-novos-indicadores-do-plano-minas-consciente-vao-simplificar-tomada-de-decisao-de-prefeitos","tag-numero-de-curados-do-coronavirus-em-minas-gerais","tag-numeros-do-coronavirus-em-minas-gerais","tag-o-que-muda-com-a-onda-roxa","tag-obitos-por-coronavirus-em-minas-gerias","tag-olhos-dagua-2","tag-onda-roxa-ate-4-de-abril","tag-onda-roxa-ate-o-fim-da-semana-santa","tag-onda-roxa-minas-consciente","tag-oratorios","tag-oxford","tag-padre-carvalho","tag-pai-pedro","tag-pandemia-de-coronavirus","tag-patis","tag-pedras-de-maria-da-cruz","tag-pedrinopolis","tag-perdizes","tag-piedade-de-ponte-nova","tag-pintopolis","tag-pirajuba","tag-pirapora","tag-plano-minas-consciente","tag-plano-minas-consciente-tera-protocolo-para-academias-de-ginastica-e-agencias-de-turismo-na-onda-amarela","tag-planura","tag-ponte-nova","tag-ponto-chique","tag-porteirinha","tag-pratinha","tag-proibicao-do-carnaval-em-minas-gerais","tag-quarentena-em-minas-gerais","tag-quatro-macrorregioes-e-seis-microrregioes-avancam-para-a-onda-vermelha-do-minas-consciente","tag-quatro-macrorregioes-regridem-para-fases-mais-restritivas-do-plano-minas-consciente","tag-raul-soares","tag-reabertura-das-academias-de-ginastica","tag-reabertura-das-agencia-de-turismo","tag-recuperados-do-coronavirus-em-minas-gerais","tag-regioes-minas-consciente","tag-regioes-na-onda-amarela","tag-regioes-na-onda-roxa","tag-regioes-na-onda-verde","tag-regioes-na-onda-vermelha","tag-restricoes-em-minas-gerais","tag-riacho-dos-machados","tag-rio-casca","tag-rio-doce","tag-rio-pardo-de-minas","tag-romeu-zema","tag-rubelita","tag-sacramento","tag-saiba-quais-sao-os-775-municipios-de-minas-gerais-que-seguem-na-onda-roxa-do-minas-consciente","tag-salinas","tag-santa-cruz-de-salinas","tag-santa-cruz-do-escalvado","tag-santa-fe-de-minas","tag-santa-juliana","tag-santo-antonio-do-grama","tag-santo-antonio-do-retiro","tag-sao-francisco","tag-sao-francisco-de-sales","tag-sao-gotardo","tag-sao-joao-da-lagoa","tag-sao-joao-da-ponte","tag-sao-joao-das-missoes","tag-sao-joao-do-pacui","tag-sao-joao-do-paraiso","tag-sao-jose-do-goiabal","tag-sao-pedro-dos-ferros","tag-sao-romao","tag-secretaria-de-saude-atualiza-numeros-do-coronavirus-em-minas-gerais","tag-secretaria-de-saude-de-minas-gerais-atualiza-numeros-do-coronavirus","tag-sem-peixe","tag-sericita","tag-serranopolis-de-minas","tag-ses-mg-atualiza-numeros-do-coronavirus","tag-taiobeiras","tag-tapira","tag-toque-de-recolher-em-minas-gerais","tag-ubai","tag-uberaba","tag-uma-macrorregiao-e-tres-microrregioes-poderao-avancar-para-a-onda-vermelha-do-minas-consciente-no-dia-12-de-abril","tag-uniao-de-minas","tag-urucania","tag-urucuia","tag-vargem-grande-do-rio-pardo","tag-varzea-da-palma","tag-varzelandia","tag-veja-quais-atividades-podem-funcionar-na-onda-roxa-em-minas-gerais","tag-verdelandia","tag-verissimo","tag-zema"],"yoast_head":"<!-- This site is optimized with the Yoast SEO plugin v28.3 - https:\/\/yoast.com\/product\/yoast-seo-wordpress\/ -->\n<title>Governador Romeu Zema recebe 2\u00aa dose de vacina contra Covid-19 - Aconteceu no Vale<\/title>\n<meta name=\"robots\" content=\"index, follow, max-snippet:-1, max-image-preview:large, max-video-preview:-1\" \/>\n<link rel=\"canonical\" href=\"https:\/\/aconteceunovale.com.br\/portal\/?p=181402\" \/>\n<meta property=\"og:locale\" content=\"pt_BR\" \/>\n<meta property=\"og:type\" content=\"article\" \/>\n<meta property=\"og:title\" content=\"Governador Romeu Zema recebe 2\u00aa dose de vacina contra Covid-19 - Aconteceu no Vale\" \/>\n<meta property=\"og:description\" content=\"O governador Romeu Zema recebeu, na manh\u00e3 desta sexta-feira (3\/9\/2021), no Centro de Sa\u00fade Itamarati, em Belo Horizonte, a segunda dose da vacina contra a covid-19. Ele ressaltou a import\u00e2ncia de a popula\u00e7\u00e3o completar a imuniza\u00e7\u00e3o e n\u00e3o deixar de tomar a segunda dose. Zema, que tem 56 anos, havia tomado a primeira dose da [&hellip;]\" \/>\n<meta property=\"og:url\" content=\"https:\/\/aconteceunovale.com.br\/portal\/?p=181402\" \/>\n<meta property=\"og:site_name\" content=\"Aconteceu no Vale\" \/>\n<meta property=\"article:publisher\" content=\"https:\/\/www.facebook.com\/aconteceunovale\/\" \/>\n<meta property=\"article:published_time\" content=\"2021-09-03T15:06:57+00:00\" \/>\n<meta property=\"article:modified_time\" content=\"2021-09-03T15:09:30+00:00\" \/>\n<meta property=\"og:image\" content=\"https:\/\/aconteceunovale.com.br\/portal\/wp-content\/uploads\/2021\/09\/zema_vacinado_2.jpg\" \/>\n\t<meta property=\"og:image:width\" content=\"678\" \/>\n\t<meta property=\"og:image:height\" content=\"432\" \/>\n\t<meta property=\"og:image:type\" content=\"image\/jpeg\" \/>\n<meta name=\"author\" content=\"Reda\u00e7\u00e3o Aconteceu no Vale\" \/>\n<meta name=\"twitter:card\" content=\"summary_large_image\" \/>\n<meta name=\"twitter:creator\" content=\"@noticiadosvales\" \/>\n<meta name=\"twitter:site\" content=\"@noticiadosvales\" \/>\n<meta name=\"twitter:label1\" content=\"Escrito por\" \/>\n\t<meta name=\"twitter:data1\" content=\"Reda\u00e7\u00e3o Aconteceu no Vale\" \/>\n\t<meta name=\"twitter:label2\" content=\"Est. tempo de leitura\" \/>\n\t<meta name=\"twitter:data2\" content=\"2 minutos\" \/>\n<script type=\"application\/ld+json\" class=\"yoast-schema-graph\">{\"@context\":\"https:\\\/\\\/schema.org\",\"@graph\":[{\"@type\":\"Article\",\"@id\":\"https:\\\/\\\/aconteceunovale.com.br\\\/portal\\\/?p=181402#article\",\"isPartOf\":{\"@id\":\"https:\\\/\\\/aconteceunovale.com.br\\\/portal\\\/?p=181402\"},\"author\":{\"name\":\"Reda\u00e7\u00e3o Aconteceu no Vale\",\"@id\":\"https:\\\/\\\/aconteceunovale.com.br\\\/portal\\\/#\\\/schema\\\/person\\\/7d2f26d1483f8a63de73da1ee0754d35\"},\"headline\":\"Governador Romeu Zema recebe 2\u00aa dose de vacina contra Covid-19\",\"datePublished\":\"2021-09-03T15:06:57+00:00\",\"dateModified\":\"2021-09-03T15:09:30+00:00\",\"mainEntityOfPage\":{\"@id\":\"https:\\\/\\\/aconteceunovale.com.br\\\/portal\\\/?p=181402\"},\"wordCount\":333,\"commentCount\":0,\"image\":{\"@id\":\"https:\\\/\\\/aconteceunovale.com.br\\\/portal\\\/?p=181402#primaryimage\"},\"thumbnailUrl\":\"https:\\\/\\\/aconteceunovale.com.br\\\/portal\\\/wp-content\\\/uploads\\\/2021\\\/09\\\/zema_vacinado_2.jpg\",\"keywords\":[\"362 cidades de pequeno porte passar\u00e3o automaticamente para a onda amarela do Minas Consciente\",\"Abertura das academias de gin\u00e1stica\",\"Abertura das ag\u00eancias de turismo\",\"Abertura de igrejas onda roxa\",\"Acaiaca\",\"\u00c1gua Comprida\",\"ALMG\",\"Alvin\u00f3polis\",\"Amparo do Serra\",\"Arax\u00e1\",\"AstraZeneca\",\"Atividades econ\u00f4micas ter\u00e3o protocolo \u00fanico na nova fase do plano Minas Consciente\",\"Barra Longa\",\"Belo Horizonte\",\"berizal\",\"bh\",\"Bio-Manguinhos\",\"Bloqueio total em Minas Gerais\",\"Bocai\u00fava\",\"Bonito de Minas\",\"Botumirim\",\"Bras\u00edlia de Minas\",\"Buritizeiro\",\"Campo Azul\",\"Campo Florido\",\"Campos Altos\",\"capitao eneas\",\"Carnaval 2021 em Minas Gerais\",\"carnaval em Minas Gerais\",\"Carneirinho\",\"Casos de coronav\u00edrus em Minas Gerais\",\"Casos de covid-19 em Minas Gerais\",\"Catuti\",\"Centro de Sa\u00fade Itamarati\",\"Cidades com casos de coronav\u00edrus em Minas Gerais\",\"Cidades de Minas Gerais na onda roxa\",\"Cidades na onda roxa\",\"Claro dos Po\u00e7\u00f5es\",\"Comendador Gomes\",\"Concei\u00e7\u00e3o das Alagoas\",\"C\u00f4nego Marinho\",\"Conquista\",\"Consulta p\u00fablica Minas Consciente\",\"Cora\u00e7\u00e3o de Jesus\",\"Coronav\u00edrus\",\"COVID-19\",\"Crist\u00e1lia\",\"Curados do coronav\u00edrus em Minas Gerais\",\"Curral de Dentro\",\"Delta\",\"destaque\",\"Dez regi\u00f5es est\u00e3o na fase mais restritiva do programa Minas Consciente\",\"Diogo de Vasconcelos\",\"Dom Silv\u00e9rio\",\"Engenheiro Navarro\",\"Entenda a divis\u00e3o por ondas nas novas regras do plano Minas Consciente\",\"Entenda as ondas do Minas Consciente\",\"espinosa\",\"Estado atualiza situa\u00e7\u00e3o das macrorregi\u00f5es no Minas Consciente e recomenda a proibi\u00e7\u00e3o de festas de Carnaval\",\"Estado lan\u00e7a terceira fase do Minas Consciente\",\"Fase cr\u00edtica em Minas Gerais\",\"Fechamento de Minas Gerais\",\"Fiocruz\",\"Francisco Dumont\",\"francisco s\u00e1\",\"Fronteira\",\"fruta de leite\",\"Frutal\",\"Funcionamento de igrejas onda roxa\",\"Futebol em Minas Gerais durante a onda roxa\",\"Futebol em Minas Gerais durante o lockdown\",\"Gameleiras\",\"Glaucil\u00e2ndia\",\"Governador anuncia onda roxa e toque de recolher em duas regi\u00f5es de Minas Gerais\",\"Governador decide colocar todos os munic\u00edpios de Minas Gerais em quarentena\",\"Governador faz apelo para que popula\u00e7\u00e3o mude o comportamento e adote medidas contra o coronav\u00edrus\",\"Governador Romeu Zema\",\"Governador Romeu Zema \u00e9 vacinado\",\"Governador Romeu Zema recebe 1\u00aa dose de vacina contra Covid-19\",\"Governador Romeu Zema recebe 2\u00aa dose de vacina contra Covid-19\",\"Governador Romeu Zema recebe AstraZeneca\",\"Governador Romeu Zema recebe primeira dose da AstraZeneca\",\"Governador Romeu Zema recebe segunda dose da AstraZeneca\",\"Governo coloca mais 21 cidades de Minas Gerais na onda roxa do Minas Consciente\",\"Governo coloca mais 21 munic\u00edpios de Minas Gerais em quarentena\",\"Governo de Minas coloca mais 21 munic\u00edpios em quarentena\",\"Governo de Minas Gerais prorroga onda roxa at\u00e9 4 de abril\",\"Governo de Minas Gerais prorroga quarentena at\u00e9 4 de abril\",\"Governo de Minas prorroga onda roxa em todos as macrorregi\u00f5es at\u00e9 4 de abril\",\"Governo lan\u00e7a consulta p\u00fablica sobre o plano Minas Consciente\",\"Governo lan\u00e7a novas regras para o plano Minas Consciente\",\"Governo mant\u00e9m onda roxa at\u00e9 11 de abril em quase todas as macrorregi\u00f5es de Minas\",\"gr\u00e3o mogol\",\"Guaraciaba\",\"Guaraciama\",\"Ibi\u00e1\",\"Ibia\u00ed\",\"Ibiracatu\",\"Icara\u00ed de Minas\",\"Igrejas onda roxa\",\"Igrejas podem funcionar na onda roxa do Minas Consciente\",\"Indaiabira\",\"Itacambira\",\"Itacarambi\",\"Itapagipe\",\"Iturama\",\"ja\u00edba\",\"Jana\u00faba\",\"Janu\u00e1ria\",\"Japonvar\",\"Jequeri\",\"Jequita\u00ed\",\"Jequitinhonha e Norte de Minas avan\u00e7am para a onda vermelha do Minas Consciente\",\"Joaquim Fel\u00edcio\",\"Josen\u00f3polis\",\"Juramento\",\"Juven\u00edlia\",\"Lagoa dos Patos\",\"Lassance\",\"Limeira do Oeste\",\"Lockdown em Minas Gerais\",\"Lontra\",\"Luisl\u00e2ndia\",\"Macro Jequitinhonha apresenta piora nos indicadores e regride para onda vermelha do Minas Consciente\",\"Mais duas regi\u00f5es regridem para a onda vermelha do Minas Consciente\",\"Mais quatro regi\u00f5es poder\u00e3o avan\u00e7ar para a Onda Amarela do plano Minas Consciente\",\"Mamonas\",\"manga\",\"Matias Cardoso\",\"mato verde\",\"Metade do Estado regride para fases mais restritivas do plano Minas Consciente\",\"Microrregi\u00f5es Minas Consciente\",\"Minas Gerais n\u00e3o ter\u00e1 jogos de outros estados durante lockdown de 15 dias\",\"Minas Gerais permanecer\u00e1 na onda roxa at\u00e9 o fim da Semana Santa\",\"Minas ultrapassa 19 milh\u00f5es de doses aplicadas contra a Covid-19\",\"Mirabela\",\"Mirav\u00e2nia\",\"Montalv\u00e2nia\",\"monte azul\",\"Montes Claros\",\"montezuma\",\"Mortes por coronav\u00edrus em Minas Gerais\",\"Mudan\u00e7as com a onda roxa\",\"Mudan\u00e7as no Minas Consciente\",\"Munic\u00edpios pequenos\",\"Munic\u00edpios pequenos Minas Consciente\",\"Munic\u00edpios receber\u00e3o tratamento individualizado na nova fase do Minas Consciente\",\"Ninheira\",\"Nova fase do Minas Consciente\",\"Nova onda do Minas Consciente\",\"Nova Porteirinha\",\"Novas regras do Minas Consciente\",\"Novas regras do plano Minas Consciente\",\"Novo coronav\u00edrus\",\"Novo Minas Consciente\",\"Novorizonte\",\"Novos indicadores do plano Minas Consciente v\u00e3o simplificar tomada de decis\u00e3o de prefeitos\",\"N\u00famero de curados do coronav\u00edrus em Minas Gerais\",\"N\u00fameros do coronav\u00edrus em Minas Gerais\",\"O que muda com a onda roxa\",\"\u00d3bitos por coronav\u00edrus em Minas Gerias\",\"Olhos D\u2019agua\",\"Onda roxa at\u00e9 4 de abril\",\"Onda roxa at\u00e9 o fim da Semana Santa\",\"Onda roxa Minas Consciente\",\"Orat\u00f3rios\",\"Oxford\",\"padre carvalho\",\"Pai Pedro\",\"Pandemia de coronav\u00edrus\",\"Patis\",\"Pedras de Maria da Cruz\",\"Pedrin\u00f3polis\",\"Perdizes\",\"Piedade de Ponte Nova\",\"Pint\u00f3polis\",\"Pirajuba\",\"Pirapora\",\"Plano Minas Consciente\",\"Plano Minas Consciente ter\u00e1 protocolo para academias de gin\u00e1stica e ag\u00eancias de turismo na Onda Amarela\",\"Planura\",\"Ponte Nova\",\"Ponto Chique\",\"porteirinha\",\"Pratinha\",\"Proibi\u00e7\u00e3o do carnaval em Minas Gerais\",\"Quarentena em Minas Gerais\",\"Quatro macrorregi\u00f5es e seis microrregi\u00f5es avan\u00e7am para a onda vermelha do Minas Consciente\",\"Quatro macrorregi\u00f5es regridem para fases mais restritivas do plano Minas Consciente\",\"Raul Soares\",\"Reabertura das academias de gin\u00e1stica\",\"Reabertura das ag\u00eancia de turismo\",\"Recuperados do coronav\u00edrus em Minas Gerais\",\"Regi\u00f5es Minas Consciente\",\"Regi\u00f5es na onda amarela\",\"Regi\u00f5es na onda roxa\",\"Regi\u00f5es na onda verde\",\"Regi\u00f5es na onda vermelha\",\"Restri\u00e7\u00f5es em Minas Gerais\",\"Riacho dos Machados\",\"Rio Casca.\",\"Rio Doce\",\"Rio Pardo de Minas\",\"Romeu Zema\",\"rubelita\",\"Sacramento\",\"Saiba quais s\u00e3o os 775 munic\u00edpios de Minas Gerais que seguem na Onda Roxa do Minas Consciente\",\"Salinas\",\"Santa Cruz de Salinas\",\"Santa Cruz do Escalvado\",\"Santa F\u00e9 de Minas\",\"Santa Juliana\",\"Santo Ant\u00f4nio do Grama\",\"Santo Ant\u00f4nio do Retiro\",\"S\u00e3o Francisco\",\"S\u00e3o Francisco de Sales\",\"S\u00e3o Gotardo\",\"S\u00e3o Jo\u00e3o da Lagoa\",\"S\u00e3o Jo\u00e3o da Ponte\",\"S\u00e3o Jo\u00e3o das Miss\u00f5es\",\"S\u00e3o Jo\u00e3o do Pacu\u00ed\",\"S\u00e3o Jo\u00e3o do Para\u00edso\",\"S\u00e3o Jos\u00e9 do Goiabal\",\"S\u00e3o Pedro dos Ferros.\",\"S\u00e3o Rom\u00e3o\",\"Secretaria de Sa\u00fade atualiza n\u00fameros do coronav\u00edrus em Minas Gerais\",\"Secretaria de Sa\u00fade de Minas Gerais atualiza n\u00fameros do coronav\u00edrus\",\"Sem-Peixe\",\"Sericita\",\"Serran\u00f3polis de Minas\",\"SES-MG atualiza n\u00fameros do coronav\u00edrus\",\"Taiobeiras\",\"Tapira\",\"Toque de recolher em Minas Gerais\",\"Uba\u00ed\",\"Uberaba\",\"Uma macrorregi\u00e3o e tr\u00eas microrregi\u00f5es poder\u00e3o avan\u00e7ar para a onda vermelha do Minas Consciente no dia 12 de abril\",\"Uni\u00e3o de Minas\",\"Uruc\u00e2nia\",\"Urucuia\",\"Vargem Grande do Rio Pardo\",\"v\u00e1rzea da palma\",\"Varzel\u00e2ndia\",\"Veja quais atividades podem funcionar na onda roxa em Minas Gerais\",\"Verdel\u00e2ndia\",\"Ver\u00edssimo\",\"Zema\"],\"articleSection\":[\"Minas Gerais\",\"Pol\u00edtica\",\"Sa\u00fade\"],\"inLanguage\":\"pt-BR\",\"potentialAction\":[{\"@type\":\"CommentAction\",\"name\":\"Comment\",\"target\":[\"https:\\\/\\\/aconteceunovale.com.br\\\/portal\\\/?p=181402#respond\"]}]},{\"@type\":\"WebPage\",\"@id\":\"https:\\\/\\\/aconteceunovale.com.br\\\/portal\\\/?p=181402\",\"url\":\"https:\\\/\\\/aconteceunovale.com.br\\\/portal\\\/?p=181402\",\"name\":\"Governador Romeu Zema recebe 2\u00aa dose de vacina contra Covid-19 - Aconteceu no Vale\",\"isPartOf\":{\"@id\":\"https:\\\/\\\/aconteceunovale.com.br\\\/portal\\\/#website\"},\"primaryImageOfPage\":{\"@id\":\"https:\\\/\\\/aconteceunovale.com.br\\\/portal\\\/?p=181402#primaryimage\"},\"image\":{\"@id\":\"https:\\\/\\\/aconteceunovale.com.br\\\/portal\\\/?p=181402#primaryimage\"},\"thumbnailUrl\":\"https:\\\/\\\/aconteceunovale.com.br\\\/portal\\\/wp-content\\\/uploads\\\/2021\\\/09\\\/zema_vacinado_2.jpg\",\"datePublished\":\"2021-09-03T15:06:57+00:00\",\"dateModified\":\"2021-09-03T15:09:30+00:00\",\"author\":{\"@id\":\"https:\\\/\\\/aconteceunovale.com.br\\\/portal\\\/#\\\/schema\\\/person\\\/7d2f26d1483f8a63de73da1ee0754d35\"},\"breadcrumb\":{\"@id\":\"https:\\\/\\\/aconteceunovale.com.br\\\/portal\\\/?p=181402#breadcrumb\"},\"inLanguage\":\"pt-BR\",\"potentialAction\":[{\"@type\":\"ReadAction\",\"target\":[\"https:\\\/\\\/aconteceunovale.com.br\\\/portal\\\/?p=181402\"]}]},{\"@type\":\"ImageObject\",\"inLanguage\":\"pt-BR\",\"@id\":\"https:\\\/\\\/aconteceunovale.com.br\\\/portal\\\/?p=181402#primaryimage\",\"url\":\"https:\\\/\\\/aconteceunovale.com.br\\\/portal\\\/wp-content\\\/uploads\\\/2021\\\/09\\\/zema_vacinado_2.jpg\",\"contentUrl\":\"https:\\\/\\\/aconteceunovale.com.br\\\/portal\\\/wp-content\\\/uploads\\\/2021\\\/09\\\/zema_vacinado_2.jpg\",\"width\":678,\"height\":432},{\"@type\":\"BreadcrumbList\",\"@id\":\"https:\\\/\\\/aconteceunovale.com.br\\\/portal\\\/?p=181402#breadcrumb\",\"itemListElement\":[{\"@type\":\"ListItem\",\"position\":1,\"name\":\"In\u00edcio\",\"item\":\"https:\\\/\\\/aconteceunovale.com.br\\\/portal\\\/\"},{\"@type\":\"ListItem\",\"position\":2,\"name\":\"Governador Romeu Zema recebe 2\u00aa dose de vacina contra Covid-19\"}]},{\"@type\":\"WebSite\",\"@id\":\"https:\\\/\\\/aconteceunovale.com.br\\\/portal\\\/#website\",\"url\":\"https:\\\/\\\/aconteceunovale.com.br\\\/portal\\\/\",\"name\":\"Aconteceu no Vale\",\"description\":\"Portal de Not\u00edcias\",\"potentialAction\":[{\"@type\":\"SearchAction\",\"target\":{\"@type\":\"EntryPoint\",\"urlTemplate\":\"https:\\\/\\\/aconteceunovale.com.br\\\/portal\\\/?s={search_term_string}\"},\"query-input\":{\"@type\":\"PropertyValueSpecification\",\"valueRequired\":true,\"valueName\":\"search_term_string\"}}],\"inLanguage\":\"pt-BR\"},{\"@type\":\"Person\",\"@id\":\"https:\\\/\\\/aconteceunovale.com.br\\\/portal\\\/#\\\/schema\\\/person\\\/7d2f26d1483f8a63de73da1ee0754d35\",\"name\":\"Reda\u00e7\u00e3o Aconteceu no Vale\",\"description\":\"Equipe de reportagem do Aconteceu no Vale, portal de not\u00edcias do Vale do Jequitinhonha, em Minas Gerais. Cobrimos as 51 cidades do Vale desde 2013. Sugest\u00f5es de pauta e pedidos de corre\u00e7\u00e3o: contato@aconteceunovale.com.br\",\"url\":\"https:\\\/\\\/aconteceunovale.com.br\\\/portal\\\/?author=4\"}]}<\/script>\n<!-- \/ Yoast SEO plugin. -->","yoast_head_json":{"title":"Governador Romeu Zema recebe 2\u00aa dose de vacina contra Covid-19 - Aconteceu no Vale","robots":{"index":"index","follow":"follow","max-snippet":"max-snippet:-1","max-image-preview":"max-image-preview:large","max-video-preview":"max-video-preview:-1"},"canonical":"https:\/\/aconteceunovale.com.br\/portal\/?p=181402","og_locale":"pt_BR","og_type":"article","og_title":"Governador Romeu Zema recebe 2\u00aa dose de vacina contra Covid-19 - Aconteceu no Vale","og_description":"O governador Romeu Zema recebeu, na manh\u00e3 desta sexta-feira (3\/9\/2021), no Centro de Sa\u00fade Itamarati, em Belo Horizonte, a segunda dose da vacina contra a covid-19. Ele ressaltou a import\u00e2ncia de a popula\u00e7\u00e3o completar a imuniza\u00e7\u00e3o e n\u00e3o deixar de tomar a segunda dose. Zema, que tem 56 anos, havia tomado a primeira dose da [&hellip;]","og_url":"https:\/\/aconteceunovale.com.br\/portal\/?p=181402","og_site_name":"Aconteceu no Vale","article_publisher":"https:\/\/www.facebook.com\/aconteceunovale\/","article_published_time":"2021-09-03T15:06:57+00:00","article_modified_time":"2021-09-03T15:09:30+00:00","og_image":[{"width":678,"height":432,"url":"https:\/\/aconteceunovale.com.br\/portal\/wp-content\/uploads\/2021\/09\/zema_vacinado_2.jpg","type":"image\/jpeg"}],"author":"Reda\u00e7\u00e3o Aconteceu no Vale","twitter_card":"summary_large_image","twitter_creator":"@noticiadosvales","twitter_site":"@noticiadosvales","twitter_misc":{"Escrito por":"Reda\u00e7\u00e3o Aconteceu no Vale","Est. tempo de leitura":"2 minutos"},"schema":{"@context":"https:\/\/schema.org","@graph":[{"@type":"Article","@id":"https:\/\/aconteceunovale.com.br\/portal\/?p=181402#article","isPartOf":{"@id":"https:\/\/aconteceunovale.com.br\/portal\/?p=181402"},"author":{"name":"Reda\u00e7\u00e3o Aconteceu no Vale","@id":"https:\/\/aconteceunovale.com.br\/portal\/#\/schema\/person\/7d2f26d1483f8a63de73da1ee0754d35"},"headline":"Governador Romeu Zema recebe 2\u00aa dose de vacina contra Covid-19","datePublished":"2021-09-03T15:06:57+00:00","dateModified":"2021-09-03T15:09:30+00:00","mainEntityOfPage":{"@id":"https:\/\/aconteceunovale.com.br\/portal\/?p=181402"},"wordCount":333,"commentCount":0,"image":{"@id":"https:\/\/aconteceunovale.com.br\/portal\/?p=181402#primaryimage"},"thumbnailUrl":"https:\/\/aconteceunovale.com.br\/portal\/wp-content\/uploads\/2021\/09\/zema_vacinado_2.jpg","keywords":["362 cidades de pequeno porte passar\u00e3o automaticamente para a onda amarela do Minas Consciente","Abertura das academias de gin\u00e1stica","Abertura das ag\u00eancias de turismo","Abertura de igrejas onda roxa","Acaiaca","\u00c1gua Comprida","ALMG","Alvin\u00f3polis","Amparo do Serra","Arax\u00e1","AstraZeneca","Atividades econ\u00f4micas ter\u00e3o protocolo \u00fanico na nova fase do plano Minas Consciente","Barra Longa","Belo Horizonte","berizal","bh","Bio-Manguinhos","Bloqueio total em Minas Gerais","Bocai\u00fava","Bonito de Minas","Botumirim","Bras\u00edlia de Minas","Buritizeiro","Campo Azul","Campo Florido","Campos Altos","capitao eneas","Carnaval 2021 em Minas Gerais","carnaval em Minas Gerais","Carneirinho","Casos de coronav\u00edrus em Minas Gerais","Casos de covid-19 em Minas Gerais","Catuti","Centro de Sa\u00fade Itamarati","Cidades com casos de coronav\u00edrus em Minas Gerais","Cidades de Minas Gerais na onda roxa","Cidades na onda roxa","Claro dos Po\u00e7\u00f5es","Comendador Gomes","Concei\u00e7\u00e3o das Alagoas","C\u00f4nego Marinho","Conquista","Consulta p\u00fablica Minas Consciente","Cora\u00e7\u00e3o de Jesus","Coronav\u00edrus","COVID-19","Crist\u00e1lia","Curados do coronav\u00edrus em Minas Gerais","Curral de Dentro","Delta","destaque","Dez regi\u00f5es est\u00e3o na fase mais restritiva do programa Minas Consciente","Diogo de Vasconcelos","Dom Silv\u00e9rio","Engenheiro Navarro","Entenda a divis\u00e3o por ondas nas novas regras do plano Minas Consciente","Entenda as ondas do Minas Consciente","espinosa","Estado atualiza situa\u00e7\u00e3o das macrorregi\u00f5es no Minas Consciente e recomenda a proibi\u00e7\u00e3o de festas de Carnaval","Estado lan\u00e7a terceira fase do Minas Consciente","Fase cr\u00edtica em Minas Gerais","Fechamento de Minas Gerais","Fiocruz","Francisco Dumont","francisco s\u00e1","Fronteira","fruta de leite","Frutal","Funcionamento de igrejas onda roxa","Futebol em Minas Gerais durante a onda roxa","Futebol em Minas Gerais durante o lockdown","Gameleiras","Glaucil\u00e2ndia","Governador anuncia onda roxa e toque de recolher em duas regi\u00f5es de Minas Gerais","Governador decide colocar todos os munic\u00edpios de Minas Gerais em quarentena","Governador faz apelo para que popula\u00e7\u00e3o mude o comportamento e adote medidas contra o coronav\u00edrus","Governador Romeu Zema","Governador Romeu Zema \u00e9 vacinado","Governador Romeu Zema recebe 1\u00aa dose de vacina contra Covid-19","Governador Romeu Zema recebe 2\u00aa dose de vacina contra Covid-19","Governador Romeu Zema recebe AstraZeneca","Governador Romeu Zema recebe primeira dose da AstraZeneca","Governador Romeu Zema recebe segunda dose da AstraZeneca","Governo coloca mais 21 cidades de Minas Gerais na onda roxa do Minas Consciente","Governo coloca mais 21 munic\u00edpios de Minas Gerais em quarentena","Governo de Minas coloca mais 21 munic\u00edpios em quarentena","Governo de Minas Gerais prorroga onda roxa at\u00e9 4 de abril","Governo de Minas Gerais prorroga quarentena at\u00e9 4 de abril","Governo de Minas prorroga onda roxa em todos as macrorregi\u00f5es at\u00e9 4 de abril","Governo lan\u00e7a consulta p\u00fablica sobre o plano Minas Consciente","Governo lan\u00e7a novas regras para o plano Minas Consciente","Governo mant\u00e9m onda roxa at\u00e9 11 de abril em quase todas as macrorregi\u00f5es de Minas","gr\u00e3o mogol","Guaraciaba","Guaraciama","Ibi\u00e1","Ibia\u00ed","Ibiracatu","Icara\u00ed de Minas","Igrejas onda roxa","Igrejas podem funcionar na onda roxa do Minas Consciente","Indaiabira","Itacambira","Itacarambi","Itapagipe","Iturama","ja\u00edba","Jana\u00faba","Janu\u00e1ria","Japonvar","Jequeri","Jequita\u00ed","Jequitinhonha e Norte de Minas avan\u00e7am para a onda vermelha do Minas Consciente","Joaquim Fel\u00edcio","Josen\u00f3polis","Juramento","Juven\u00edlia","Lagoa dos Patos","Lassance","Limeira do Oeste","Lockdown em Minas Gerais","Lontra","Luisl\u00e2ndia","Macro Jequitinhonha apresenta piora nos indicadores e regride para onda vermelha do Minas Consciente","Mais duas regi\u00f5es regridem para a onda vermelha do Minas Consciente","Mais quatro regi\u00f5es poder\u00e3o avan\u00e7ar para a Onda Amarela do plano Minas Consciente","Mamonas","manga","Matias Cardoso","mato verde","Metade do Estado regride para fases mais restritivas do plano Minas Consciente","Microrregi\u00f5es Minas Consciente","Minas Gerais n\u00e3o ter\u00e1 jogos de outros estados durante lockdown de 15 dias","Minas Gerais permanecer\u00e1 na onda roxa at\u00e9 o fim da Semana Santa","Minas ultrapassa 19 milh\u00f5es de doses aplicadas contra a Covid-19","Mirabela","Mirav\u00e2nia","Montalv\u00e2nia","monte azul","Montes Claros","montezuma","Mortes por coronav\u00edrus em Minas Gerais","Mudan\u00e7as com a onda roxa","Mudan\u00e7as no Minas Consciente","Munic\u00edpios pequenos","Munic\u00edpios pequenos Minas Consciente","Munic\u00edpios receber\u00e3o tratamento individualizado na nova fase do Minas Consciente","Ninheira","Nova fase do Minas Consciente","Nova onda do Minas Consciente","Nova Porteirinha","Novas regras do Minas Consciente","Novas regras do plano Minas Consciente","Novo coronav\u00edrus","Novo Minas Consciente","Novorizonte","Novos indicadores do plano Minas Consciente v\u00e3o simplificar tomada de decis\u00e3o de prefeitos","N\u00famero de curados do coronav\u00edrus em Minas Gerais","N\u00fameros do coronav\u00edrus em Minas Gerais","O que muda com a onda roxa","\u00d3bitos por coronav\u00edrus em Minas Gerias","Olhos D\u2019agua","Onda roxa at\u00e9 4 de abril","Onda roxa at\u00e9 o fim da Semana Santa","Onda roxa Minas Consciente","Orat\u00f3rios","Oxford","padre carvalho","Pai Pedro","Pandemia de coronav\u00edrus","Patis","Pedras de Maria da Cruz","Pedrin\u00f3polis","Perdizes","Piedade de Ponte Nova","Pint\u00f3polis","Pirajuba","Pirapora","Plano Minas Consciente","Plano Minas Consciente ter\u00e1 protocolo para academias de gin\u00e1stica e ag\u00eancias de turismo na Onda Amarela","Planura","Ponte Nova","Ponto Chique","porteirinha","Pratinha","Proibi\u00e7\u00e3o do carnaval em Minas Gerais","Quarentena em Minas Gerais","Quatro macrorregi\u00f5es e seis microrregi\u00f5es avan\u00e7am para a onda vermelha do Minas Consciente","Quatro macrorregi\u00f5es regridem para fases mais restritivas do plano Minas Consciente","Raul Soares","Reabertura das academias de gin\u00e1stica","Reabertura das ag\u00eancia de turismo","Recuperados do coronav\u00edrus em Minas Gerais","Regi\u00f5es Minas Consciente","Regi\u00f5es na onda amarela","Regi\u00f5es na onda roxa","Regi\u00f5es na onda verde","Regi\u00f5es na onda vermelha","Restri\u00e7\u00f5es em Minas Gerais","Riacho dos Machados","Rio Casca.","Rio Doce","Rio Pardo de Minas","Romeu Zema","rubelita","Sacramento","Saiba quais s\u00e3o os 775 munic\u00edpios de Minas Gerais que seguem na Onda Roxa do Minas Consciente","Salinas","Santa Cruz de Salinas","Santa Cruz do Escalvado","Santa F\u00e9 de Minas","Santa Juliana","Santo Ant\u00f4nio do Grama","Santo Ant\u00f4nio do Retiro","S\u00e3o Francisco","S\u00e3o Francisco de Sales","S\u00e3o Gotardo","S\u00e3o Jo\u00e3o da Lagoa","S\u00e3o Jo\u00e3o da Ponte","S\u00e3o Jo\u00e3o das Miss\u00f5es","S\u00e3o Jo\u00e3o do Pacu\u00ed","S\u00e3o Jo\u00e3o do Para\u00edso","S\u00e3o Jos\u00e9 do Goiabal","S\u00e3o Pedro dos Ferros.","S\u00e3o Rom\u00e3o","Secretaria de Sa\u00fade atualiza n\u00fameros do coronav\u00edrus em Minas Gerais","Secretaria de Sa\u00fade de Minas Gerais atualiza n\u00fameros do coronav\u00edrus","Sem-Peixe","Sericita","Serran\u00f3polis de Minas","SES-MG atualiza n\u00fameros do coronav\u00edrus","Taiobeiras","Tapira","Toque de recolher em Minas Gerais","Uba\u00ed","Uberaba","Uma macrorregi\u00e3o e tr\u00eas microrregi\u00f5es poder\u00e3o avan\u00e7ar para a onda vermelha do Minas Consciente no dia 12 de abril","Uni\u00e3o de Minas","Uruc\u00e2nia","Urucuia","Vargem Grande do Rio Pardo","v\u00e1rzea da palma","Varzel\u00e2ndia","Veja quais atividades podem funcionar na onda roxa em Minas Gerais","Verdel\u00e2ndia","Ver\u00edssimo","Zema"],"articleSection":["Minas Gerais","Pol\u00edtica","Sa\u00fade"],"inLanguage":"pt-BR","potentialAction":[{"@type":"CommentAction","name":"Comment","target":["https:\/\/aconteceunovale.com.br\/portal\/?p=181402#respond"]}]},{"@type":"WebPage","@id":"https:\/\/aconteceunovale.com.br\/portal\/?p=181402","url":"https:\/\/aconteceunovale.com.br\/portal\/?p=181402","name":"Governador Romeu Zema recebe 2\u00aa dose de vacina contra Covid-19 - Aconteceu no Vale","isPartOf":{"@id":"https:\/\/aconteceunovale.com.br\/portal\/#website"},"primaryImageOfPage":{"@id":"https:\/\/aconteceunovale.com.br\/portal\/?p=181402#primaryimage"},"image":{"@id":"https:\/\/aconteceunovale.com.br\/portal\/?p=181402#primaryimage"},"thumbnailUrl":"https:\/\/aconteceunovale.com.br\/portal\/wp-content\/uploads\/2021\/09\/zema_vacinado_2.jpg","datePublished":"2021-09-03T15:06:57+00:00","dateModified":"2021-09-03T15:09:30+00:00","author":{"@id":"https:\/\/aconteceunovale.com.br\/portal\/#\/schema\/person\/7d2f26d1483f8a63de73da1ee0754d35"},"breadcrumb":{"@id":"https:\/\/aconteceunovale.com.br\/portal\/?p=181402#breadcrumb"},"inLanguage":"pt-BR","potentialAction":[{"@type":"ReadAction","target":["https:\/\/aconteceunovale.com.br\/portal\/?p=181402"]}]},{"@type":"ImageObject","inLanguage":"pt-BR","@id":"https:\/\/aconteceunovale.com.br\/portal\/?p=181402#primaryimage","url":"https:\/\/aconteceunovale.com.br\/portal\/wp-content\/uploads\/2021\/09\/zema_vacinado_2.jpg","contentUrl":"https:\/\/aconteceunovale.com.br\/portal\/wp-content\/uploads\/2021\/09\/zema_vacinado_2.jpg","width":678,"height":432},{"@type":"BreadcrumbList","@id":"https:\/\/aconteceunovale.com.br\/portal\/?p=181402#breadcrumb","itemListElement":[{"@type":"ListItem","position":1,"name":"In\u00edcio","item":"https:\/\/aconteceunovale.com.br\/portal\/"},{"@type":"ListItem","position":2,"name":"Governador Romeu Zema recebe 2\u00aa dose de vacina contra Covid-19"}]},{"@type":"WebSite","@id":"https:\/\/aconteceunovale.com.br\/portal\/#website","url":"https:\/\/aconteceunovale.com.br\/portal\/","name":"Aconteceu no Vale","description":"Portal de Not\u00edcias","potentialAction":[{"@type":"SearchAction","target":{"@type":"EntryPoint","urlTemplate":"https:\/\/aconteceunovale.com.br\/portal\/?s={search_term_string}"},"query-input":{"@type":"PropertyValueSpecification","valueRequired":true,"valueName":"search_term_string"}}],"inLanguage":"pt-BR"},{"@type":"Person","@id":"https:\/\/aconteceunovale.com.br\/portal\/#\/schema\/person\/7d2f26d1483f8a63de73da1ee0754d35","name":"Reda\u00e7\u00e3o Aconteceu no Vale","description":"Equipe de reportagem do Aconteceu no Vale, portal de not\u00edcias do Vale do Jequitinhonha, em Minas Gerais. Cobrimos as 51 cidades do Vale desde 2013. Sugest\u00f5es de pauta e pedidos de corre\u00e7\u00e3o: contato@aconteceunovale.com.br","url":"https:\/\/aconteceunovale.com.br\/portal\/?author=4"}]}},"_links":{"self":[{"href":"https:\/\/aconteceunovale.com.br\/portal\/index.php?rest_route=\/wp\/v2\/posts\/181402","targetHints":{"allow":["GET"]}}],"collection":[{"href":"https:\/\/aconteceunovale.com.br\/portal\/index.php?rest_route=\/wp\/v2\/posts"}],"about":[{"href":"https:\/\/aconteceunovale.com.br\/portal\/index.php?rest_route=\/wp\/v2\/types\/post"}],"author":[{"embeddable":true,"href":"https:\/\/aconteceunovale.com.br\/portal\/index.php?rest_route=\/wp\/v2\/users\/4"}],"replies":[{"embeddable":true,"href":"https:\/\/aconteceunovale.com.br\/portal\/index.php?rest_route=%2Fwp%2Fv2%2Fcomments&post=181402"}],"version-history":[{"count":2,"href":"https:\/\/aconteceunovale.com.br\/portal\/index.php?rest_route=\/wp\/v2\/posts\/181402\/revisions"}],"predecessor-version":[{"id":181407,"href":"https:\/\/aconteceunovale.com.br\/portal\/index.php?rest_route=\/wp\/v2\/posts\/181402\/revisions\/181407"}],"wp:featuredmedia":[{"embeddable":true,"href":"https:\/\/aconteceunovale.com.br\/portal\/index.php?rest_route=\/wp\/v2\/media\/181406"}],"wp:attachment":[{"href":"https:\/\/aconteceunovale.com.br\/portal\/index.php?rest_route=%2Fwp%2Fv2%2Fmedia&parent=181402"}],"wp:term":[{"taxonomy":"category","embeddable":true,"href":"https:\/\/aconteceunovale.com.br\/portal\/index.php?rest_route=%2Fwp%2Fv2%2Fcategories&post=181402"},{"taxonomy":"post_tag","embeddable":true,"href":"https:\/\/aconteceunovale.com.br\/portal\/index.php?rest_route=%2Fwp%2Fv2%2Ftags&post=181402"}],"curies":[{"name":"wp","href":"https:\/\/api.w.org\/{rel}","templated":true}]}}