{"id":181118,"date":"2021-08-22T21:26:30","date_gmt":"2021-08-23T00:26:30","guid":{"rendered":"https:\/\/aconteceunovale.com.br\/portal\/?p=181118"},"modified":"2021-08-22T21:28:33","modified_gmt":"2021-08-23T00:28:33","slug":"avo-mae-e-neta-morrem-em-acidente-na-br-381","status":"publish","type":"post","link":"https:\/\/aconteceunovale.com.br\/portal\/?p=181118","title":{"rendered":"Av\u00f3, m\u00e3e e neta morrem em acidente na BR-381"},"content":{"rendered":"\n<p class=\"wp-block-paragraph\">Quatro pessoas morreram ap\u00f3s um grav\u00edssimo acidente na BR-381, em Nova Era, na manh\u00e3 deste domingo (22\/8\/2021). Segundo informa\u00e7\u00f5es do Corpo de Bombeiros, um carro de passeio e uma caminhonete colidiram frontalmente na altura do km 316 da rodovia, pr\u00f3ximo ao viaduto da Prainha.<\/p>\n\n\n\n<figure class=\"wp-block-gallery columns-1 is-cropped wp-block-gallery-1 is-layout-flex wp-block-gallery-is-layout-flex\"><ul class=\"blocks-gallery-grid\"><li class=\"blocks-gallery-item\"><figure><img loading=\"lazy\" decoding=\"async\" width=\"678\" height=\"419\" src=\"https:\/\/aconteceunovale.com.br\/portal\/wp-content\/uploads\/2021\/08\/acidente_nova_era_1.jpeg\" alt=\"\" data-id=\"181119\" data-full-url=\"https:\/\/aconteceunovale.com.br\/portal\/wp-content\/uploads\/2021\/08\/acidente_nova_era_1.jpeg\" data-link=\"https:\/\/aconteceunovale.com.br\/portal\/?attachment_id=181119\" class=\"wp-image-181119\" srcset=\"https:\/\/aconteceunovale.com.br\/portal\/wp-content\/uploads\/2021\/08\/acidente_nova_era_1.jpeg 678w, https:\/\/aconteceunovale.com.br\/portal\/wp-content\/uploads\/2021\/08\/acidente_nova_era_1-300x185.jpeg 300w, https:\/\/aconteceunovale.com.br\/portal\/wp-content\/uploads\/2021\/08\/acidente_nova_era_1-356x220.jpeg 356w\" sizes=\"auto, (max-width: 678px) 100vw, 678px\" \/><figcaption class=\"blocks-gallery-item__caption\"><em>Foto: Corpo de Bombeiros \/ Divulga\u00e7\u00e3o<\/em><\/figcaption><\/figure><\/li><\/ul><\/figure>\n\n\n\n<p class=\"wp-block-paragraph\">A motorista do Prisma, identificada como Maria Andreia de Ara\u00fajo Pereira, de 40 anos, estava com a filha, Karine Ara\u00fajo Tavares, de 4 anos, com a m\u00e3e Maria In\u00eas de Ara\u00fajo Pereira, de 63 anos, e com o irm\u00e3o Carlos Rog\u00e9rio Ara\u00fajo Pereira, de 38 anos.<\/p>\n\n\n\n<p class=\"wp-block-paragraph\">As tr\u00eas v\u00edtimas do sexo feminino n\u00e3o resistiram aos ferimentos e morreram no local da batida. J\u00e1 Carlos Rog\u00e9rio foi socorrido com ferimentos graves para o hospital de Nova Era e, posteriormente, transferido para o Pronto Socorro Jo\u00e3o XXIII, em Belo Horizonte, em um helic\u00f3ptero Arcanjo.<\/p>\n\n\n\n<p class=\"wp-block-paragraph\">O motorista da Nissan Frontier, identificado como Miguel \u00c2ngelo de Souza, tamb\u00e9m foi levado para atendimento m\u00e9dico em Nova Era, mas n\u00e3o sobreviveu. Segundo os bombeiros, ele era empres\u00e1rio na cidade e ex-socorrista do Grupo de Atendimento Voluntario de Emerg\u00eancia do M\u00e9dio Piracicaba (GAVE).<\/p>\n\n\n\n<p class=\"wp-block-paragraph\">A per\u00edcia t\u00e9cnica da Pol\u00edcia Civil esteve no local e, ap\u00f3s os trabalhos de praxe, liberou os corpos para o Instituto M\u00e9dico Legal (IML) de Jo\u00e3o Monlevade. As causas do acidente ser\u00e3o investigadas.<\/p>\n\n\n\n<figure class=\"wp-block-gallery columns-1 is-cropped wp-block-gallery-2 is-layout-flex wp-block-gallery-is-layout-flex\"><ul class=\"blocks-gallery-grid\"><li class=\"blocks-gallery-item\"><figure><img loading=\"lazy\" decoding=\"async\" width=\"678\" height=\"363\" src=\"https:\/\/aconteceunovale.com.br\/portal\/wp-content\/uploads\/2021\/08\/acidente_nova_era_2.jpeg\" alt=\"\" data-id=\"181121\" data-full-url=\"https:\/\/aconteceunovale.com.br\/portal\/wp-content\/uploads\/2021\/08\/acidente_nova_era_2.jpeg\" data-link=\"https:\/\/aconteceunovale.com.br\/portal\/?attachment_id=181121\" class=\"wp-image-181121\" srcset=\"https:\/\/aconteceunovale.com.br\/portal\/wp-content\/uploads\/2021\/08\/acidente_nova_era_2.jpeg 678w, https:\/\/aconteceunovale.com.br\/portal\/wp-content\/uploads\/2021\/08\/acidente_nova_era_2-300x161.jpeg 300w\" sizes=\"auto, (max-width: 678px) 100vw, 678px\" \/><figcaption class=\"blocks-gallery-item__caption\"> <em>Foto: Corpo de Bombeiros \/ Divulga\u00e7\u00e3o<\/em> <\/figcaption><\/figure><\/li><li class=\"blocks-gallery-item\"><figure><img loading=\"lazy\" decoding=\"async\" width=\"678\" height=\"410\" src=\"https:\/\/aconteceunovale.com.br\/portal\/wp-content\/uploads\/2021\/08\/acidente_nova_era_3.jpeg\" alt=\"\" data-id=\"181120\" data-full-url=\"https:\/\/aconteceunovale.com.br\/portal\/wp-content\/uploads\/2021\/08\/acidente_nova_era_3.jpeg\" data-link=\"https:\/\/aconteceunovale.com.br\/portal\/?attachment_id=181120\" class=\"wp-image-181120\" srcset=\"https:\/\/aconteceunovale.com.br\/portal\/wp-content\/uploads\/2021\/08\/acidente_nova_era_3.jpeg 678w, https:\/\/aconteceunovale.com.br\/portal\/wp-content\/uploads\/2021\/08\/acidente_nova_era_3-300x181.jpeg 300w\" sizes=\"auto, (max-width: 678px) 100vw, 678px\" \/><figcaption class=\"blocks-gallery-item__caption\"> <em>Foto: Corpo de Bombeiros \/ Divulga\u00e7\u00e3o<\/em> <\/figcaption><\/figure><\/li><\/ul><\/figure>\n\n\n\n<p class=\"wp-block-paragraph\">&#8212;&#8212;&#8212;&#8212;&#8212;&#8212;<br><em>Quer receber as not\u00edcias do <strong>Aconteceu no Vale<\/strong> em primeira m\u00e3o? Siga-nos no Facebook <a rel=\"noreferrer noopener\" href=\"http:\/\/facebook.com\/aconteceunovale\" target=\"_blank\">@aconteceunovale<\/a>, Twitter <a rel=\"noreferrer noopener\" href=\"https:\/\/twitter.com\/noticiadosvales\" target=\"_blank\">@noticiadosvales<\/a> e Instagram <a rel=\"noreferrer noopener\" href=\"https:\/\/www.instagram.com\/aconteceunovale\" target=\"_blank\">@aconteceunovale<\/a>.<\/em><\/p>\n","protected":false},"excerpt":{"rendered":"<p>Quatro pessoas morreram ap\u00f3s um grav\u00edssimo acidente na BR-381, em Nova Era, na manh\u00e3 deste domingo (22\/8\/2021). Segundo informa\u00e7\u00f5es do Corpo de Bombeiros, um carro de passeio e uma caminhonete colidiram frontalmente na altura do km 316 da rodovia, pr\u00f3ximo ao viaduto da Prainha. A motorista do Prisma, identificada como Maria Andreia de Ara\u00fajo Pereira, [&hellip;]<\/p>\n","protected":false},"author":4,"featured_media":181119,"comment_status":"open","ping_status":"closed","sticky":false,"template":"","format":"standard","meta":{"amp_status":"","footnotes":""},"categories":[123],"tags":[249942,249941,249944,20919,31274,8237,249943,194,1017,209677,249948,1018,249949,1102,249946,249945,249947,249950,249940],"class_list":["post-181118","post","type-post","status-publish","format-standard","has-post-thumbnail","hentry","category-gerais","tag-acidente-com-taxi-de-belo-horizonte-na-br-381","tag-acidente-com-taxi-de-bh-na-br-381","tag-acidente-com-taxista-na-br-381","tag-acidente-em-nova-era","tag-acidente-na-br-381-em-nova-era","tag-acidente-na-br-381","tag-acidente-perto-do-viaduto-da-prainha","tag-belo-horizonte","tag-bh","tag-br-381-2","tag-carlos-rogerio-araujo-pereira","tag-destaque","tag-gave","tag-joao-monlevade","tag-karine-araujo-tavares","tag-maria-andreia-de-araujo-pereira","tag-maria-ines-de-araujo-pereira","tag-miguel-angelo-de-souza","tag-tres-pessoas-da-mesma-familia-morrem-em-acidente-na-br-381"],"yoast_head":"<!-- This site is optimized with the Yoast SEO plugin v28.3 - https:\/\/yoast.com\/product\/yoast-seo-wordpress\/ -->\n<title>Av\u00f3, m\u00e3e e neta morrem em acidente na BR-381 - Aconteceu no Vale<\/title>\n<meta name=\"robots\" content=\"index, follow, max-snippet:-1, max-image-preview:large, max-video-preview:-1\" \/>\n<link rel=\"canonical\" href=\"https:\/\/aconteceunovale.com.br\/portal\/?p=181118\" \/>\n<meta property=\"og:locale\" content=\"pt_BR\" \/>\n<meta property=\"og:type\" content=\"article\" \/>\n<meta property=\"og:title\" content=\"Av\u00f3, m\u00e3e e neta morrem em acidente na BR-381 - Aconteceu no Vale\" \/>\n<meta property=\"og:description\" content=\"Quatro pessoas morreram ap\u00f3s um grav\u00edssimo acidente na BR-381, em Nova Era, na manh\u00e3 deste domingo (22\/8\/2021). Segundo informa\u00e7\u00f5es do Corpo de Bombeiros, um carro de passeio e uma caminhonete colidiram frontalmente na altura do km 316 da rodovia, pr\u00f3ximo ao viaduto da Prainha. A motorista do Prisma, identificada como Maria Andreia de Ara\u00fajo Pereira, [&hellip;]\" \/>\n<meta property=\"og:url\" content=\"https:\/\/aconteceunovale.com.br\/portal\/?p=181118\" \/>\n<meta property=\"og:site_name\" content=\"Aconteceu no Vale\" \/>\n<meta property=\"article:publisher\" content=\"https:\/\/www.facebook.com\/aconteceunovale\/\" \/>\n<meta property=\"article:published_time\" content=\"2021-08-23T00:26:30+00:00\" \/>\n<meta property=\"article:modified_time\" content=\"2021-08-23T00:28:33+00:00\" \/>\n<meta property=\"og:image\" content=\"https:\/\/aconteceunovale.com.br\/portal\/wp-content\/uploads\/2021\/08\/acidente_nova_era_1.jpeg\" \/>\n\t<meta property=\"og:image:width\" content=\"678\" \/>\n\t<meta property=\"og:image:height\" content=\"419\" \/>\n\t<meta property=\"og:image:type\" content=\"image\/jpeg\" \/>\n<meta name=\"author\" content=\"Reda\u00e7\u00e3o Aconteceu no Vale\" \/>\n<meta name=\"twitter:card\" content=\"summary_large_image\" \/>\n<meta name=\"twitter:creator\" content=\"@noticiadosvales\" \/>\n<meta name=\"twitter:site\" content=\"@noticiadosvales\" \/>\n<meta name=\"twitter:label1\" content=\"Escrito por\" \/>\n\t<meta name=\"twitter:data1\" content=\"Reda\u00e7\u00e3o Aconteceu no Vale\" \/>\n\t<meta name=\"twitter:label2\" content=\"Est. tempo de leitura\" \/>\n\t<meta name=\"twitter:data2\" content=\"1 minuto\" \/>\n<script type=\"application\/ld+json\" class=\"yoast-schema-graph\">{\"@context\":\"https:\\\/\\\/schema.org\",\"@graph\":[{\"@type\":\"Article\",\"@id\":\"https:\\\/\\\/aconteceunovale.com.br\\\/portal\\\/?p=181118#article\",\"isPartOf\":{\"@id\":\"https:\\\/\\\/aconteceunovale.com.br\\\/portal\\\/?p=181118\"},\"author\":{\"name\":\"Reda\u00e7\u00e3o Aconteceu no Vale\",\"@id\":\"https:\\\/\\\/aconteceunovale.com.br\\\/portal\\\/#\\\/schema\\\/person\\\/7d2f26d1483f8a63de73da1ee0754d35\"},\"headline\":\"Av\u00f3, m\u00e3e e neta morrem em acidente na BR-381\",\"datePublished\":\"2021-08-23T00:26:30+00:00\",\"dateModified\":\"2021-08-23T00:28:33+00:00\",\"mainEntityOfPage\":{\"@id\":\"https:\\\/\\\/aconteceunovale.com.br\\\/portal\\\/?p=181118\"},\"wordCount\":289,\"commentCount\":0,\"image\":{\"@id\":\"https:\\\/\\\/aconteceunovale.com.br\\\/portal\\\/?p=181118#primaryimage\"},\"thumbnailUrl\":\"https:\\\/\\\/aconteceunovale.com.br\\\/portal\\\/wp-content\\\/uploads\\\/2021\\\/08\\\/acidente_nova_era_1.jpeg\",\"keywords\":[\"Acidente com t\u00e1xi de Belo Horizonte na BR-381\",\"Acidente com t\u00e1xi de BH na BR-381\",\"Acidente com taxista na BR-381\",\"acidente em nova era\",\"acidente na br 381 em nova era\",\"acidente na BR-381\",\"Acidente perto do Viaduto da Prainha\",\"Belo Horizonte\",\"bh\",\"BR-381\",\"Carlos Rog\u00e9rio Ara\u00fajo Pereira\",\"destaque\",\"Gave\",\"Jo\u00e3o Monlevade\",\"Karine Ara\u00fajo Tavares\",\"Maria Andreia de Ara\u00fajo Pereira\",\"Maria In\u00eas de Ara\u00fajo Pereira\",\"Miguel \u00c2ngelo de Souza\",\"Tr\u00eas pessoas da mesma fam\u00edlia morrem em acidente na BR-381\"],\"articleSection\":[\"Minas Gerais\"],\"inLanguage\":\"pt-BR\",\"potentialAction\":[{\"@type\":\"CommentAction\",\"name\":\"Comment\",\"target\":[\"https:\\\/\\\/aconteceunovale.com.br\\\/portal\\\/?p=181118#respond\"]}]},{\"@type\":\"WebPage\",\"@id\":\"https:\\\/\\\/aconteceunovale.com.br\\\/portal\\\/?p=181118\",\"url\":\"https:\\\/\\\/aconteceunovale.com.br\\\/portal\\\/?p=181118\",\"name\":\"Av\u00f3, m\u00e3e e neta morrem em acidente na BR-381 - Aconteceu no Vale\",\"isPartOf\":{\"@id\":\"https:\\\/\\\/aconteceunovale.com.br\\\/portal\\\/#website\"},\"primaryImageOfPage\":{\"@id\":\"https:\\\/\\\/aconteceunovale.com.br\\\/portal\\\/?p=181118#primaryimage\"},\"image\":{\"@id\":\"https:\\\/\\\/aconteceunovale.com.br\\\/portal\\\/?p=181118#primaryimage\"},\"thumbnailUrl\":\"https:\\\/\\\/aconteceunovale.com.br\\\/portal\\\/wp-content\\\/uploads\\\/2021\\\/08\\\/acidente_nova_era_1.jpeg\",\"datePublished\":\"2021-08-23T00:26:30+00:00\",\"dateModified\":\"2021-08-23T00:28:33+00:00\",\"author\":{\"@id\":\"https:\\\/\\\/aconteceunovale.com.br\\\/portal\\\/#\\\/schema\\\/person\\\/7d2f26d1483f8a63de73da1ee0754d35\"},\"breadcrumb\":{\"@id\":\"https:\\\/\\\/aconteceunovale.com.br\\\/portal\\\/?p=181118#breadcrumb\"},\"inLanguage\":\"pt-BR\",\"potentialAction\":[{\"@type\":\"ReadAction\",\"target\":[\"https:\\\/\\\/aconteceunovale.com.br\\\/portal\\\/?p=181118\"]}]},{\"@type\":\"ImageObject\",\"inLanguage\":\"pt-BR\",\"@id\":\"https:\\\/\\\/aconteceunovale.com.br\\\/portal\\\/?p=181118#primaryimage\",\"url\":\"https:\\\/\\\/aconteceunovale.com.br\\\/portal\\\/wp-content\\\/uploads\\\/2021\\\/08\\\/acidente_nova_era_1.jpeg\",\"contentUrl\":\"https:\\\/\\\/aconteceunovale.com.br\\\/portal\\\/wp-content\\\/uploads\\\/2021\\\/08\\\/acidente_nova_era_1.jpeg\",\"width\":678,\"height\":419},{\"@type\":\"BreadcrumbList\",\"@id\":\"https:\\\/\\\/aconteceunovale.com.br\\\/portal\\\/?p=181118#breadcrumb\",\"itemListElement\":[{\"@type\":\"ListItem\",\"position\":1,\"name\":\"In\u00edcio\",\"item\":\"https:\\\/\\\/aconteceunovale.com.br\\\/portal\\\/\"},{\"@type\":\"ListItem\",\"position\":2,\"name\":\"Av\u00f3, m\u00e3e e neta morrem em acidente na BR-381\"}]},{\"@type\":\"WebSite\",\"@id\":\"https:\\\/\\\/aconteceunovale.com.br\\\/portal\\\/#website\",\"url\":\"https:\\\/\\\/aconteceunovale.com.br\\\/portal\\\/\",\"name\":\"Aconteceu no Vale\",\"description\":\"Portal de Not\u00edcias\",\"potentialAction\":[{\"@type\":\"SearchAction\",\"target\":{\"@type\":\"EntryPoint\",\"urlTemplate\":\"https:\\\/\\\/aconteceunovale.com.br\\\/portal\\\/?s={search_term_string}\"},\"query-input\":{\"@type\":\"PropertyValueSpecification\",\"valueRequired\":true,\"valueName\":\"search_term_string\"}}],\"inLanguage\":\"pt-BR\"},{\"@type\":\"Person\",\"@id\":\"https:\\\/\\\/aconteceunovale.com.br\\\/portal\\\/#\\\/schema\\\/person\\\/7d2f26d1483f8a63de73da1ee0754d35\",\"name\":\"Reda\u00e7\u00e3o Aconteceu no Vale\",\"description\":\"Equipe de reportagem do Aconteceu no Vale, portal de not\u00edcias do Vale do Jequitinhonha, em Minas Gerais. Cobrimos as 51 cidades do Vale desde 2013. Sugest\u00f5es de pauta e pedidos de corre\u00e7\u00e3o: contato@aconteceunovale.com.br\",\"url\":\"https:\\\/\\\/aconteceunovale.com.br\\\/portal\\\/?author=4\"}]}<\/script>\n<!-- \/ Yoast SEO plugin. -->","yoast_head_json":{"title":"Av\u00f3, m\u00e3e e neta morrem em acidente na BR-381 - Aconteceu no Vale","robots":{"index":"index","follow":"follow","max-snippet":"max-snippet:-1","max-image-preview":"max-image-preview:large","max-video-preview":"max-video-preview:-1"},"canonical":"https:\/\/aconteceunovale.com.br\/portal\/?p=181118","og_locale":"pt_BR","og_type":"article","og_title":"Av\u00f3, m\u00e3e e neta morrem em acidente na BR-381 - Aconteceu no Vale","og_description":"Quatro pessoas morreram ap\u00f3s um grav\u00edssimo acidente na BR-381, em Nova Era, na manh\u00e3 deste domingo (22\/8\/2021). Segundo informa\u00e7\u00f5es do Corpo de Bombeiros, um carro de passeio e uma caminhonete colidiram frontalmente na altura do km 316 da rodovia, pr\u00f3ximo ao viaduto da Prainha. A motorista do Prisma, identificada como Maria Andreia de Ara\u00fajo Pereira, [&hellip;]","og_url":"https:\/\/aconteceunovale.com.br\/portal\/?p=181118","og_site_name":"Aconteceu no Vale","article_publisher":"https:\/\/www.facebook.com\/aconteceunovale\/","article_published_time":"2021-08-23T00:26:30+00:00","article_modified_time":"2021-08-23T00:28:33+00:00","og_image":[{"width":678,"height":419,"url":"https:\/\/aconteceunovale.com.br\/portal\/wp-content\/uploads\/2021\/08\/acidente_nova_era_1.jpeg","type":"image\/jpeg"}],"author":"Reda\u00e7\u00e3o Aconteceu no Vale","twitter_card":"summary_large_image","twitter_creator":"@noticiadosvales","twitter_site":"@noticiadosvales","twitter_misc":{"Escrito por":"Reda\u00e7\u00e3o Aconteceu no Vale","Est. tempo de leitura":"1 minuto"},"schema":{"@context":"https:\/\/schema.org","@graph":[{"@type":"Article","@id":"https:\/\/aconteceunovale.com.br\/portal\/?p=181118#article","isPartOf":{"@id":"https:\/\/aconteceunovale.com.br\/portal\/?p=181118"},"author":{"name":"Reda\u00e7\u00e3o Aconteceu no Vale","@id":"https:\/\/aconteceunovale.com.br\/portal\/#\/schema\/person\/7d2f26d1483f8a63de73da1ee0754d35"},"headline":"Av\u00f3, m\u00e3e e neta morrem em acidente na BR-381","datePublished":"2021-08-23T00:26:30+00:00","dateModified":"2021-08-23T00:28:33+00:00","mainEntityOfPage":{"@id":"https:\/\/aconteceunovale.com.br\/portal\/?p=181118"},"wordCount":289,"commentCount":0,"image":{"@id":"https:\/\/aconteceunovale.com.br\/portal\/?p=181118#primaryimage"},"thumbnailUrl":"https:\/\/aconteceunovale.com.br\/portal\/wp-content\/uploads\/2021\/08\/acidente_nova_era_1.jpeg","keywords":["Acidente com t\u00e1xi de Belo Horizonte na BR-381","Acidente com t\u00e1xi de BH na BR-381","Acidente com taxista na BR-381","acidente em nova era","acidente na br 381 em nova era","acidente na BR-381","Acidente perto do Viaduto da Prainha","Belo Horizonte","bh","BR-381","Carlos Rog\u00e9rio Ara\u00fajo Pereira","destaque","Gave","Jo\u00e3o Monlevade","Karine Ara\u00fajo Tavares","Maria Andreia de Ara\u00fajo Pereira","Maria In\u00eas de Ara\u00fajo Pereira","Miguel \u00c2ngelo de Souza","Tr\u00eas pessoas da mesma fam\u00edlia morrem em acidente na BR-381"],"articleSection":["Minas Gerais"],"inLanguage":"pt-BR","potentialAction":[{"@type":"CommentAction","name":"Comment","target":["https:\/\/aconteceunovale.com.br\/portal\/?p=181118#respond"]}]},{"@type":"WebPage","@id":"https:\/\/aconteceunovale.com.br\/portal\/?p=181118","url":"https:\/\/aconteceunovale.com.br\/portal\/?p=181118","name":"Av\u00f3, m\u00e3e e neta morrem em acidente na BR-381 - Aconteceu no Vale","isPartOf":{"@id":"https:\/\/aconteceunovale.com.br\/portal\/#website"},"primaryImageOfPage":{"@id":"https:\/\/aconteceunovale.com.br\/portal\/?p=181118#primaryimage"},"image":{"@id":"https:\/\/aconteceunovale.com.br\/portal\/?p=181118#primaryimage"},"thumbnailUrl":"https:\/\/aconteceunovale.com.br\/portal\/wp-content\/uploads\/2021\/08\/acidente_nova_era_1.jpeg","datePublished":"2021-08-23T00:26:30+00:00","dateModified":"2021-08-23T00:28:33+00:00","author":{"@id":"https:\/\/aconteceunovale.com.br\/portal\/#\/schema\/person\/7d2f26d1483f8a63de73da1ee0754d35"},"breadcrumb":{"@id":"https:\/\/aconteceunovale.com.br\/portal\/?p=181118#breadcrumb"},"inLanguage":"pt-BR","potentialAction":[{"@type":"ReadAction","target":["https:\/\/aconteceunovale.com.br\/portal\/?p=181118"]}]},{"@type":"ImageObject","inLanguage":"pt-BR","@id":"https:\/\/aconteceunovale.com.br\/portal\/?p=181118#primaryimage","url":"https:\/\/aconteceunovale.com.br\/portal\/wp-content\/uploads\/2021\/08\/acidente_nova_era_1.jpeg","contentUrl":"https:\/\/aconteceunovale.com.br\/portal\/wp-content\/uploads\/2021\/08\/acidente_nova_era_1.jpeg","width":678,"height":419},{"@type":"BreadcrumbList","@id":"https:\/\/aconteceunovale.com.br\/portal\/?p=181118#breadcrumb","itemListElement":[{"@type":"ListItem","position":1,"name":"In\u00edcio","item":"https:\/\/aconteceunovale.com.br\/portal\/"},{"@type":"ListItem","position":2,"name":"Av\u00f3, m\u00e3e e neta morrem em acidente na BR-381"}]},{"@type":"WebSite","@id":"https:\/\/aconteceunovale.com.br\/portal\/#website","url":"https:\/\/aconteceunovale.com.br\/portal\/","name":"Aconteceu no Vale","description":"Portal de Not\u00edcias","potentialAction":[{"@type":"SearchAction","target":{"@type":"EntryPoint","urlTemplate":"https:\/\/aconteceunovale.com.br\/portal\/?s={search_term_string}"},"query-input":{"@type":"PropertyValueSpecification","valueRequired":true,"valueName":"search_term_string"}}],"inLanguage":"pt-BR"},{"@type":"Person","@id":"https:\/\/aconteceunovale.com.br\/portal\/#\/schema\/person\/7d2f26d1483f8a63de73da1ee0754d35","name":"Reda\u00e7\u00e3o Aconteceu no Vale","description":"Equipe de reportagem do Aconteceu no Vale, portal de not\u00edcias do Vale do Jequitinhonha, em Minas Gerais. Cobrimos as 51 cidades do Vale desde 2013. Sugest\u00f5es de pauta e pedidos de corre\u00e7\u00e3o: contato@aconteceunovale.com.br","url":"https:\/\/aconteceunovale.com.br\/portal\/?author=4"}]}},"_links":{"self":[{"href":"https:\/\/aconteceunovale.com.br\/portal\/index.php?rest_route=\/wp\/v2\/posts\/181118","targetHints":{"allow":["GET"]}}],"collection":[{"href":"https:\/\/aconteceunovale.com.br\/portal\/index.php?rest_route=\/wp\/v2\/posts"}],"about":[{"href":"https:\/\/aconteceunovale.com.br\/portal\/index.php?rest_route=\/wp\/v2\/types\/post"}],"author":[{"embeddable":true,"href":"https:\/\/aconteceunovale.com.br\/portal\/index.php?rest_route=\/wp\/v2\/users\/4"}],"replies":[{"embeddable":true,"href":"https:\/\/aconteceunovale.com.br\/portal\/index.php?rest_route=%2Fwp%2Fv2%2Fcomments&post=181118"}],"version-history":[{"count":1,"href":"https:\/\/aconteceunovale.com.br\/portal\/index.php?rest_route=\/wp\/v2\/posts\/181118\/revisions"}],"predecessor-version":[{"id":181122,"href":"https:\/\/aconteceunovale.com.br\/portal\/index.php?rest_route=\/wp\/v2\/posts\/181118\/revisions\/181122"}],"wp:featuredmedia":[{"embeddable":true,"href":"https:\/\/aconteceunovale.com.br\/portal\/index.php?rest_route=\/wp\/v2\/media\/181119"}],"wp:attachment":[{"href":"https:\/\/aconteceunovale.com.br\/portal\/index.php?rest_route=%2Fwp%2Fv2%2Fmedia&parent=181118"}],"wp:term":[{"taxonomy":"category","embeddable":true,"href":"https:\/\/aconteceunovale.com.br\/portal\/index.php?rest_route=%2Fwp%2Fv2%2Fcategories&post=181118"},{"taxonomy":"post_tag","embeddable":true,"href":"https:\/\/aconteceunovale.com.br\/portal\/index.php?rest_route=%2Fwp%2Fv2%2Ftags&post=181118"}],"curies":[{"name":"wp","href":"https:\/\/api.w.org\/{rel}","templated":true}]}}