{"id":181116,"date":"2021-08-21T13:20:38","date_gmt":"2021-08-21T16:20:38","guid":{"rendered":"https:\/\/aconteceunovale.com.br\/portal\/?p=181116"},"modified":"2021-08-21T13:21:16","modified_gmt":"2021-08-21T16:21:16","slug":"programa-de-reducao-de-salarios-e-jornada-termina-na-proxima-semana","status":"publish","type":"post","link":"https:\/\/aconteceunovale.com.br\/portal\/?p=181116","title":{"rendered":"Programa de redu\u00e7\u00e3o de sal\u00e1rios e jornada termina na pr\u00f3xima semana"},"content":{"rendered":"\n<p class=\"wp-block-paragraph\">O Programa Emergencial de Manuten\u00e7\u00e3o do Emprego e da Renda (BEm) termina no pr\u00f3ximo dia 25 de agosto, quando as empresas devem encerrar os acordos de redu\u00e7\u00e3o de jornada e sal\u00e1rio ou de suspens\u00e3o de contratos de trabalho. O texto da&nbsp;<a href=\"https:\/\/www.in.gov.br\/en\/web\/dou\/-\/medida-provisoria-n-1.045-de-27-de-abril-de-2021-316257308\" target=\"_blank\" rel=\"noreferrer noopener\"><strong>Medida Provis\u00f3ria<\/strong><\/a>&nbsp;(MP) n\u00ba 1.045, de 27 de abril de 2021, prev\u00ea que a nova edi\u00e7\u00e3o do BEm tem dura\u00e7\u00e3o de 120 dias.<\/p>\n\n\n\n<p class=\"wp-block-paragraph\">O\u00a0prazo\u00a0pode ser prorrogado a crit\u00e9rio do governo federal, de acordo com as condi\u00e7\u00f5es or\u00e7ament\u00e1rias, mas para isso, a medida precisa ser aprovada no Congresso. O texto substitutivo da MP, do deputado Christino Aureo (PP-RJ), foi aprovado pela\u00a0C\u00e2mara dos Deputados\u00a0na semana passada e remetido ao Senado, onde ainda ser\u00e1 analisado. A vers\u00e3o aprovada tamb\u00e9m permite que o BEm seja reeditado em futuras situa\u00e7\u00f5es de emerg\u00eancia de sa\u00fade p\u00fablica ou de estado de calamidade.<\/p>\n\n\n\n<p class=\"wp-block-paragraph\">Lan\u00e7ado no ano passado como uma das medidas de enfrentamento \u00e0 crise econ\u00f4mica gerada pela pandemia de covid-19, o programa beneficiou cerca de 10 milh\u00f5es de trabalhadores em acordos que tiveram a ades\u00e3o de quase 1,5 milh\u00e3o de empresas.\u00a0Neste ano, desde quando foi relan\u00e7ado em abril, at\u00e9 o dia 17 de agosto, mais de 2,5 milh\u00f5es de trabalhadores obtiveram a garantia provis\u00f3ria de emprego mediante acordo com 632,9 mil empregadores.<\/p>\n\n\n\n<p class=\"wp-block-paragraph\">O&nbsp;<a href=\"https:\/\/app.powerbi.com\/view?r=eyJrIjoiMGUxYTljODgtNjkzYy00YmJmLWExMzEtMWU4YzNmNThhOWNiIiwidCI6IjNlYzkyOTY5LTVhNTEtNGYxOC04YWM5LWVmOThmYmFmYTk3OCJ9\" target=\"_blank\" rel=\"noreferrer noopener\"><strong>Minist\u00e9rio do Trabalho e Previd\u00eancia<\/strong><\/a>&nbsp;possui um painel p\u00fablico com os dados do BEm.<\/p>\n\n\n\n<p class=\"wp-block-paragraph\">O programa prev\u00ea a redu\u00e7\u00e3o de sal\u00e1rios ou a suspens\u00e3o dos contratos nos mesmos moldes de 2020. Os acordos individuais entre patr\u00f5es e empregados podem ser de redu\u00e7\u00e3o de jornada de trabalho e sal\u00e1rio nos percentuais de 25%, 50% ou 70%.<\/p>\n\n\n\n<p class=\"wp-block-paragraph\">Como contrapartida, o governo paga mensalmente ao trabalhador o Benef\u00edcio Emergencial, que corresponde a uma porcentagem da parcela do seguro-desemprego a que o empregado teria direito se fosse demitido. O benef\u00edcio \u00e9 pago com recursos do Fundo de Amparo ao Trabalhador (FAT).<\/p>\n\n\n\n<p class=\"wp-block-paragraph\">Na pr\u00e1tica, um trabalhador que teve redu\u00e7\u00e3o de 25% do sal\u00e1rio recebe 25% do valor do seguro-desemprego que teria direito, e assim sucessivamente. No caso da suspens\u00e3o tempor\u00e1ria dos contratos de trabalho, o governo paga ao empregado 100% do valor do seguro-desemprego, de empresas com receita bruta de at\u00e9 R$ 4,8 milh\u00f5es em 2019. Em empresa com receita acima desse patamar, o trabalhador recebe 70% do valor do seguro e 30% do sal\u00e1rio.<\/p>\n\n\n\n<p class=\"wp-block-paragraph\">Em todos os casos fica reconhecida a garantia provis\u00f3ria no emprego durante o per\u00edodo acordado e ap\u00f3s o restabelecimento da jornada ou encerramento da suspens\u00e3o, por igual per\u00edodo. Por exemplo, um acordo de redu\u00e7\u00e3o de jornada de 90 dias de dura\u00e7\u00e3o deve garantir ao trabalhador a perman\u00eancia no emprego por mais 90 dias ap\u00f3s o fim desse acordo.<\/p>\n\n\n\n<p class=\"wp-block-paragraph\">&#8212;&#8212;&#8212;&#8212;&#8212;&#8212;<br><em>Quer receber as not\u00edcias do <strong>Aconteceu no Vale<\/strong> em primeira m\u00e3o? Siga-nos no Facebook <a rel=\"noreferrer noopener\" href=\"http:\/\/facebook.com\/aconteceunovale\" target=\"_blank\">@aconteceunovale<\/a>, Twitter <a rel=\"noreferrer noopener\" href=\"https:\/\/twitter.com\/noticiadosvales\" target=\"_blank\">@noticiadosvales<\/a> e Instagram <a rel=\"noreferrer noopener\" href=\"https:\/\/www.instagram.com\/aconteceunovale\" target=\"_blank\">@aconteceunovale<\/a>.<\/em><\/p>\n","protected":false},"excerpt":{"rendered":"<p>O Programa Emergencial de Manuten\u00e7\u00e3o do Emprego e da Renda (BEm) termina no pr\u00f3ximo dia 25 de agosto, quando as empresas devem encerrar os acordos de redu\u00e7\u00e3o de jornada e sal\u00e1rio ou de suspens\u00e3o de contratos de trabalho. O texto da&nbsp;Medida Provis\u00f3ria&nbsp;(MP) n\u00ba 1.045, de 27 de abril de 2021, prev\u00ea que a nova edi\u00e7\u00e3o [&hellip;]<\/p>\n","protected":false},"author":4,"featured_media":133149,"comment_status":"open","ping_status":"closed","sticky":false,"template":"","format":"standard","meta":{"amp_status":"","footnotes":""},"categories":[6,40236],"tags":[233713,233714,21940,48796,1018,4610,244270,244272,249939,244271,222012,222013,242188,242187],"class_list":["post-181116","post","type-post","status-publish","format-standard","has-post-thumbnail","hentry","category-br","category-empregos-2","tag-bem","tag-beneficio-emergencial-para-preservacao-do-emprego-e-da-renda","tag-congresso","tag-congresso-nacional","tag-destaque","tag-governo-federal","tag-jair-bolsonaro-relanca-programa-de-reducao-de-salarios-e-jornada","tag-mp-da-reducao-de-salarios-e-jornada","tag-programa-de-reducao-de-salarios-e-jornada-termina-na-proxima-semana","tag-programa-de-reducao-e-salarios-e-jornada","tag-programa-nacional-de-apoio-as-microempresas-e-empresas-de-pequeno-porte","tag-pronampe","tag-reabertura-do-bem","tag-reabertura-do-pronampe"],"yoast_head":"<!-- This site is optimized with the Yoast SEO plugin v28.3 - https:\/\/yoast.com\/product\/yoast-seo-wordpress\/ -->\n<title>Programa de redu\u00e7\u00e3o de sal\u00e1rios e jornada termina na pr\u00f3xima semana - Aconteceu no Vale<\/title>\n<meta name=\"robots\" content=\"index, follow, max-snippet:-1, max-image-preview:large, max-video-preview:-1\" \/>\n<link rel=\"canonical\" href=\"https:\/\/aconteceunovale.com.br\/portal\/?p=181116\" \/>\n<meta property=\"og:locale\" content=\"pt_BR\" \/>\n<meta property=\"og:type\" content=\"article\" \/>\n<meta property=\"og:title\" content=\"Programa de redu\u00e7\u00e3o de sal\u00e1rios e jornada termina na pr\u00f3xima semana - Aconteceu no Vale\" \/>\n<meta property=\"og:description\" content=\"O Programa Emergencial de Manuten\u00e7\u00e3o do Emprego e da Renda (BEm) termina no pr\u00f3ximo dia 25 de agosto, quando as empresas devem encerrar os acordos de redu\u00e7\u00e3o de jornada e sal\u00e1rio ou de suspens\u00e3o de contratos de trabalho. O texto da&nbsp;Medida Provis\u00f3ria&nbsp;(MP) n\u00ba 1.045, de 27 de abril de 2021, prev\u00ea que a nova edi\u00e7\u00e3o [&hellip;]\" \/>\n<meta property=\"og:url\" content=\"https:\/\/aconteceunovale.com.br\/portal\/?p=181116\" \/>\n<meta property=\"og:site_name\" content=\"Aconteceu no Vale\" \/>\n<meta property=\"article:publisher\" content=\"https:\/\/www.facebook.com\/aconteceunovale\/\" \/>\n<meta property=\"article:published_time\" content=\"2021-08-21T16:20:38+00:00\" \/>\n<meta property=\"article:modified_time\" content=\"2021-08-21T16:21:16+00:00\" \/>\n<meta property=\"og:image\" content=\"https:\/\/aconteceunovale.com.br\/portal\/wp-content\/uploads\/2018\/06\/ctps_dinheiro.png\" \/>\n\t<meta property=\"og:image:width\" content=\"600\" \/>\n\t<meta property=\"og:image:height\" content=\"314\" \/>\n\t<meta property=\"og:image:type\" content=\"image\/png\" \/>\n<meta name=\"author\" content=\"Reda\u00e7\u00e3o Aconteceu no Vale\" \/>\n<meta name=\"twitter:card\" content=\"summary_large_image\" \/>\n<meta name=\"twitter:creator\" content=\"@noticiadosvales\" \/>\n<meta name=\"twitter:site\" content=\"@noticiadosvales\" \/>\n<meta name=\"twitter:label1\" content=\"Escrito por\" \/>\n\t<meta name=\"twitter:data1\" content=\"Reda\u00e7\u00e3o Aconteceu no Vale\" \/>\n\t<meta name=\"twitter:label2\" content=\"Est. tempo de leitura\" \/>\n\t<meta name=\"twitter:data2\" content=\"2 minutos\" \/>\n<script type=\"application\/ld+json\" class=\"yoast-schema-graph\">{\"@context\":\"https:\\\/\\\/schema.org\",\"@graph\":[{\"@type\":\"Article\",\"@id\":\"https:\\\/\\\/aconteceunovale.com.br\\\/portal\\\/?p=181116#article\",\"isPartOf\":{\"@id\":\"https:\\\/\\\/aconteceunovale.com.br\\\/portal\\\/?p=181116\"},\"author\":{\"name\":\"Reda\u00e7\u00e3o Aconteceu no Vale\",\"@id\":\"https:\\\/\\\/aconteceunovale.com.br\\\/portal\\\/#\\\/schema\\\/person\\\/7d2f26d1483f8a63de73da1ee0754d35\"},\"headline\":\"Programa de redu\u00e7\u00e3o de sal\u00e1rios e jornada termina na pr\u00f3xima semana\",\"datePublished\":\"2021-08-21T16:20:38+00:00\",\"dateModified\":\"2021-08-21T16:21:16+00:00\",\"mainEntityOfPage\":{\"@id\":\"https:\\\/\\\/aconteceunovale.com.br\\\/portal\\\/?p=181116\"},\"wordCount\":510,\"commentCount\":0,\"image\":{\"@id\":\"https:\\\/\\\/aconteceunovale.com.br\\\/portal\\\/?p=181116#primaryimage\"},\"thumbnailUrl\":\"https:\\\/\\\/aconteceunovale.com.br\\\/portal\\\/wp-content\\\/uploads\\\/2018\\\/06\\\/ctps_dinheiro.png\",\"keywords\":[\"BEM\",\"Benef\u00edcio emergencial para preserva\u00e7\u00e3o do emprego e da renda\",\"Congresso\",\"Congresso Nacional\",\"destaque\",\"Governo Federal\",\"Jair Bolsonaro relan\u00e7a programa de redu\u00e7\u00e3o de sal\u00e1rios e jornada\",\"MP da redu\u00e7\u00e3o de sal\u00e1rios e jornada\",\"Programa de redu\u00e7\u00e3o de sal\u00e1rios e jornada termina na pr\u00f3xima semana\",\"Programa de redu\u00e7\u00e3o e sal\u00e1rios e jornada\",\"Programa Nacional de Apoio \u00e0s Microempresas e Empresas de Pequeno Porte\",\"Pronampe\",\"Reabertura do BEm\",\"Reabertura do Pronampe\"],\"articleSection\":[\"Brasil\",\"Empregos\"],\"inLanguage\":\"pt-BR\",\"potentialAction\":[{\"@type\":\"CommentAction\",\"name\":\"Comment\",\"target\":[\"https:\\\/\\\/aconteceunovale.com.br\\\/portal\\\/?p=181116#respond\"]}]},{\"@type\":\"WebPage\",\"@id\":\"https:\\\/\\\/aconteceunovale.com.br\\\/portal\\\/?p=181116\",\"url\":\"https:\\\/\\\/aconteceunovale.com.br\\\/portal\\\/?p=181116\",\"name\":\"Programa de redu\u00e7\u00e3o de sal\u00e1rios e jornada termina na pr\u00f3xima semana - Aconteceu no Vale\",\"isPartOf\":{\"@id\":\"https:\\\/\\\/aconteceunovale.com.br\\\/portal\\\/#website\"},\"primaryImageOfPage\":{\"@id\":\"https:\\\/\\\/aconteceunovale.com.br\\\/portal\\\/?p=181116#primaryimage\"},\"image\":{\"@id\":\"https:\\\/\\\/aconteceunovale.com.br\\\/portal\\\/?p=181116#primaryimage\"},\"thumbnailUrl\":\"https:\\\/\\\/aconteceunovale.com.br\\\/portal\\\/wp-content\\\/uploads\\\/2018\\\/06\\\/ctps_dinheiro.png\",\"datePublished\":\"2021-08-21T16:20:38+00:00\",\"dateModified\":\"2021-08-21T16:21:16+00:00\",\"author\":{\"@id\":\"https:\\\/\\\/aconteceunovale.com.br\\\/portal\\\/#\\\/schema\\\/person\\\/7d2f26d1483f8a63de73da1ee0754d35\"},\"breadcrumb\":{\"@id\":\"https:\\\/\\\/aconteceunovale.com.br\\\/portal\\\/?p=181116#breadcrumb\"},\"inLanguage\":\"pt-BR\",\"potentialAction\":[{\"@type\":\"ReadAction\",\"target\":[\"https:\\\/\\\/aconteceunovale.com.br\\\/portal\\\/?p=181116\"]}]},{\"@type\":\"ImageObject\",\"inLanguage\":\"pt-BR\",\"@id\":\"https:\\\/\\\/aconteceunovale.com.br\\\/portal\\\/?p=181116#primaryimage\",\"url\":\"https:\\\/\\\/aconteceunovale.com.br\\\/portal\\\/wp-content\\\/uploads\\\/2018\\\/06\\\/ctps_dinheiro.png\",\"contentUrl\":\"https:\\\/\\\/aconteceunovale.com.br\\\/portal\\\/wp-content\\\/uploads\\\/2018\\\/06\\\/ctps_dinheiro.png\",\"width\":600,\"height\":314},{\"@type\":\"BreadcrumbList\",\"@id\":\"https:\\\/\\\/aconteceunovale.com.br\\\/portal\\\/?p=181116#breadcrumb\",\"itemListElement\":[{\"@type\":\"ListItem\",\"position\":1,\"name\":\"In\u00edcio\",\"item\":\"https:\\\/\\\/aconteceunovale.com.br\\\/portal\\\/\"},{\"@type\":\"ListItem\",\"position\":2,\"name\":\"Programa de redu\u00e7\u00e3o de sal\u00e1rios e jornada termina na pr\u00f3xima semana\"}]},{\"@type\":\"WebSite\",\"@id\":\"https:\\\/\\\/aconteceunovale.com.br\\\/portal\\\/#website\",\"url\":\"https:\\\/\\\/aconteceunovale.com.br\\\/portal\\\/\",\"name\":\"Aconteceu no Vale\",\"description\":\"Portal de Not\u00edcias\",\"potentialAction\":[{\"@type\":\"SearchAction\",\"target\":{\"@type\":\"EntryPoint\",\"urlTemplate\":\"https:\\\/\\\/aconteceunovale.com.br\\\/portal\\\/?s={search_term_string}\"},\"query-input\":{\"@type\":\"PropertyValueSpecification\",\"valueRequired\":true,\"valueName\":\"search_term_string\"}}],\"inLanguage\":\"pt-BR\"},{\"@type\":\"Person\",\"@id\":\"https:\\\/\\\/aconteceunovale.com.br\\\/portal\\\/#\\\/schema\\\/person\\\/7d2f26d1483f8a63de73da1ee0754d35\",\"name\":\"Reda\u00e7\u00e3o Aconteceu no Vale\",\"description\":\"Equipe de reportagem do Aconteceu no Vale, portal de not\u00edcias do Vale do Jequitinhonha, em Minas Gerais. Cobrimos as 51 cidades do Vale desde 2013. Sugest\u00f5es de pauta e pedidos de corre\u00e7\u00e3o: contato@aconteceunovale.com.br\",\"url\":\"https:\\\/\\\/aconteceunovale.com.br\\\/portal\\\/?author=4\"}]}<\/script>\n<!-- \/ Yoast SEO plugin. -->","yoast_head_json":{"title":"Programa de redu\u00e7\u00e3o de sal\u00e1rios e jornada termina na pr\u00f3xima semana - Aconteceu no Vale","robots":{"index":"index","follow":"follow","max-snippet":"max-snippet:-1","max-image-preview":"max-image-preview:large","max-video-preview":"max-video-preview:-1"},"canonical":"https:\/\/aconteceunovale.com.br\/portal\/?p=181116","og_locale":"pt_BR","og_type":"article","og_title":"Programa de redu\u00e7\u00e3o de sal\u00e1rios e jornada termina na pr\u00f3xima semana - Aconteceu no Vale","og_description":"O Programa Emergencial de Manuten\u00e7\u00e3o do Emprego e da Renda (BEm) termina no pr\u00f3ximo dia 25 de agosto, quando as empresas devem encerrar os acordos de redu\u00e7\u00e3o de jornada e sal\u00e1rio ou de suspens\u00e3o de contratos de trabalho. O texto da&nbsp;Medida Provis\u00f3ria&nbsp;(MP) n\u00ba 1.045, de 27 de abril de 2021, prev\u00ea que a nova edi\u00e7\u00e3o [&hellip;]","og_url":"https:\/\/aconteceunovale.com.br\/portal\/?p=181116","og_site_name":"Aconteceu no Vale","article_publisher":"https:\/\/www.facebook.com\/aconteceunovale\/","article_published_time":"2021-08-21T16:20:38+00:00","article_modified_time":"2021-08-21T16:21:16+00:00","og_image":[{"width":600,"height":314,"url":"https:\/\/aconteceunovale.com.br\/portal\/wp-content\/uploads\/2018\/06\/ctps_dinheiro.png","type":"image\/png"}],"author":"Reda\u00e7\u00e3o Aconteceu no Vale","twitter_card":"summary_large_image","twitter_creator":"@noticiadosvales","twitter_site":"@noticiadosvales","twitter_misc":{"Escrito por":"Reda\u00e7\u00e3o Aconteceu no Vale","Est. tempo de leitura":"2 minutos"},"schema":{"@context":"https:\/\/schema.org","@graph":[{"@type":"Article","@id":"https:\/\/aconteceunovale.com.br\/portal\/?p=181116#article","isPartOf":{"@id":"https:\/\/aconteceunovale.com.br\/portal\/?p=181116"},"author":{"name":"Reda\u00e7\u00e3o Aconteceu no Vale","@id":"https:\/\/aconteceunovale.com.br\/portal\/#\/schema\/person\/7d2f26d1483f8a63de73da1ee0754d35"},"headline":"Programa de redu\u00e7\u00e3o de sal\u00e1rios e jornada termina na pr\u00f3xima semana","datePublished":"2021-08-21T16:20:38+00:00","dateModified":"2021-08-21T16:21:16+00:00","mainEntityOfPage":{"@id":"https:\/\/aconteceunovale.com.br\/portal\/?p=181116"},"wordCount":510,"commentCount":0,"image":{"@id":"https:\/\/aconteceunovale.com.br\/portal\/?p=181116#primaryimage"},"thumbnailUrl":"https:\/\/aconteceunovale.com.br\/portal\/wp-content\/uploads\/2018\/06\/ctps_dinheiro.png","keywords":["BEM","Benef\u00edcio emergencial para preserva\u00e7\u00e3o do emprego e da renda","Congresso","Congresso Nacional","destaque","Governo Federal","Jair Bolsonaro relan\u00e7a programa de redu\u00e7\u00e3o de sal\u00e1rios e jornada","MP da redu\u00e7\u00e3o de sal\u00e1rios e jornada","Programa de redu\u00e7\u00e3o de sal\u00e1rios e jornada termina na pr\u00f3xima semana","Programa de redu\u00e7\u00e3o e sal\u00e1rios e jornada","Programa Nacional de Apoio \u00e0s Microempresas e Empresas de Pequeno Porte","Pronampe","Reabertura do BEm","Reabertura do Pronampe"],"articleSection":["Brasil","Empregos"],"inLanguage":"pt-BR","potentialAction":[{"@type":"CommentAction","name":"Comment","target":["https:\/\/aconteceunovale.com.br\/portal\/?p=181116#respond"]}]},{"@type":"WebPage","@id":"https:\/\/aconteceunovale.com.br\/portal\/?p=181116","url":"https:\/\/aconteceunovale.com.br\/portal\/?p=181116","name":"Programa de redu\u00e7\u00e3o de sal\u00e1rios e jornada termina na pr\u00f3xima semana - Aconteceu no Vale","isPartOf":{"@id":"https:\/\/aconteceunovale.com.br\/portal\/#website"},"primaryImageOfPage":{"@id":"https:\/\/aconteceunovale.com.br\/portal\/?p=181116#primaryimage"},"image":{"@id":"https:\/\/aconteceunovale.com.br\/portal\/?p=181116#primaryimage"},"thumbnailUrl":"https:\/\/aconteceunovale.com.br\/portal\/wp-content\/uploads\/2018\/06\/ctps_dinheiro.png","datePublished":"2021-08-21T16:20:38+00:00","dateModified":"2021-08-21T16:21:16+00:00","author":{"@id":"https:\/\/aconteceunovale.com.br\/portal\/#\/schema\/person\/7d2f26d1483f8a63de73da1ee0754d35"},"breadcrumb":{"@id":"https:\/\/aconteceunovale.com.br\/portal\/?p=181116#breadcrumb"},"inLanguage":"pt-BR","potentialAction":[{"@type":"ReadAction","target":["https:\/\/aconteceunovale.com.br\/portal\/?p=181116"]}]},{"@type":"ImageObject","inLanguage":"pt-BR","@id":"https:\/\/aconteceunovale.com.br\/portal\/?p=181116#primaryimage","url":"https:\/\/aconteceunovale.com.br\/portal\/wp-content\/uploads\/2018\/06\/ctps_dinheiro.png","contentUrl":"https:\/\/aconteceunovale.com.br\/portal\/wp-content\/uploads\/2018\/06\/ctps_dinheiro.png","width":600,"height":314},{"@type":"BreadcrumbList","@id":"https:\/\/aconteceunovale.com.br\/portal\/?p=181116#breadcrumb","itemListElement":[{"@type":"ListItem","position":1,"name":"In\u00edcio","item":"https:\/\/aconteceunovale.com.br\/portal\/"},{"@type":"ListItem","position":2,"name":"Programa de redu\u00e7\u00e3o de sal\u00e1rios e jornada termina na pr\u00f3xima semana"}]},{"@type":"WebSite","@id":"https:\/\/aconteceunovale.com.br\/portal\/#website","url":"https:\/\/aconteceunovale.com.br\/portal\/","name":"Aconteceu no Vale","description":"Portal de Not\u00edcias","potentialAction":[{"@type":"SearchAction","target":{"@type":"EntryPoint","urlTemplate":"https:\/\/aconteceunovale.com.br\/portal\/?s={search_term_string}"},"query-input":{"@type":"PropertyValueSpecification","valueRequired":true,"valueName":"search_term_string"}}],"inLanguage":"pt-BR"},{"@type":"Person","@id":"https:\/\/aconteceunovale.com.br\/portal\/#\/schema\/person\/7d2f26d1483f8a63de73da1ee0754d35","name":"Reda\u00e7\u00e3o Aconteceu no Vale","description":"Equipe de reportagem do Aconteceu no Vale, portal de not\u00edcias do Vale do Jequitinhonha, em Minas Gerais. Cobrimos as 51 cidades do Vale desde 2013. Sugest\u00f5es de pauta e pedidos de corre\u00e7\u00e3o: contato@aconteceunovale.com.br","url":"https:\/\/aconteceunovale.com.br\/portal\/?author=4"}]}},"_links":{"self":[{"href":"https:\/\/aconteceunovale.com.br\/portal\/index.php?rest_route=\/wp\/v2\/posts\/181116","targetHints":{"allow":["GET"]}}],"collection":[{"href":"https:\/\/aconteceunovale.com.br\/portal\/index.php?rest_route=\/wp\/v2\/posts"}],"about":[{"href":"https:\/\/aconteceunovale.com.br\/portal\/index.php?rest_route=\/wp\/v2\/types\/post"}],"author":[{"embeddable":true,"href":"https:\/\/aconteceunovale.com.br\/portal\/index.php?rest_route=\/wp\/v2\/users\/4"}],"replies":[{"embeddable":true,"href":"https:\/\/aconteceunovale.com.br\/portal\/index.php?rest_route=%2Fwp%2Fv2%2Fcomments&post=181116"}],"version-history":[{"count":1,"href":"https:\/\/aconteceunovale.com.br\/portal\/index.php?rest_route=\/wp\/v2\/posts\/181116\/revisions"}],"predecessor-version":[{"id":181117,"href":"https:\/\/aconteceunovale.com.br\/portal\/index.php?rest_route=\/wp\/v2\/posts\/181116\/revisions\/181117"}],"wp:featuredmedia":[{"embeddable":true,"href":"https:\/\/aconteceunovale.com.br\/portal\/index.php?rest_route=\/wp\/v2\/media\/133149"}],"wp:attachment":[{"href":"https:\/\/aconteceunovale.com.br\/portal\/index.php?rest_route=%2Fwp%2Fv2%2Fmedia&parent=181116"}],"wp:term":[{"taxonomy":"category","embeddable":true,"href":"https:\/\/aconteceunovale.com.br\/portal\/index.php?rest_route=%2Fwp%2Fv2%2Fcategories&post=181116"},{"taxonomy":"post_tag","embeddable":true,"href":"https:\/\/aconteceunovale.com.br\/portal\/index.php?rest_route=%2Fwp%2Fv2%2Ftags&post=181116"}],"curies":[{"name":"wp","href":"https:\/\/api.w.org\/{rel}","templated":true}]}}