{"id":181111,"date":"2021-08-21T09:05:53","date_gmt":"2021-08-21T12:05:53","guid":{"rendered":"https:\/\/aconteceunovale.com.br\/portal\/?p=181111"},"modified":"2021-08-21T09:11:26","modified_gmt":"2021-08-21T12:11:26","slug":"jair-bolsonaro-formaliza-pedido-de-impeachment-do-ministro-alexandre-de-moraes","status":"publish","type":"post","link":"https:\/\/aconteceunovale.com.br\/portal\/?p=181111","title":{"rendered":"Jair Bolsonaro formaliza pedido de impeachment do ministro Alexandre de Moraes"},"content":{"rendered":"\n<p class=\"wp-block-paragraph\">O presidente Jair Bolsonaro entrou com\u00a0pedido de\u00a0<em>impeachment<\/em>\u00a0contra o ministro Alexandre de Moraes, do Supremo Tribunal Federal (STF), na noite desta sexta-feira (20\/8\/2021). O texto foi protocolado no Senado Federal. O presidente passou o dia fora de Bras\u00edlia, em viagem ao Vale do Ribeira, interior de S\u00e3o Paulo.\u00a0<\/p>\n\n\n\n<figure class=\"wp-block-gallery columns-1 is-cropped wp-block-gallery-1 is-layout-flex wp-block-gallery-is-layout-flex\"><ul class=\"blocks-gallery-grid\"><li class=\"blocks-gallery-item\"><figure><img loading=\"lazy\" decoding=\"async\" width=\"678\" height=\"406\" src=\"https:\/\/aconteceunovale.com.br\/portal\/wp-content\/uploads\/2021\/08\/moraes.jpg\" alt=\"\" data-id=\"181112\" data-full-url=\"https:\/\/aconteceunovale.com.br\/portal\/wp-content\/uploads\/2021\/08\/moraes.jpg\" data-link=\"https:\/\/aconteceunovale.com.br\/portal\/?attachment_id=181112\" class=\"wp-image-181112\" srcset=\"https:\/\/aconteceunovale.com.br\/portal\/wp-content\/uploads\/2021\/08\/moraes.jpg 678w, https:\/\/aconteceunovale.com.br\/portal\/wp-content\/uploads\/2021\/08\/moraes-300x180.jpg 300w\" sizes=\"auto, (max-width: 678px) 100vw, 678px\" \/><figcaption class=\"blocks-gallery-item__caption\"><em>Ministro Alexandre de Moraes &#8211; Foto: Fabio Rodrigues Pozzebom\/Ag\u00eancia Brasil<\/em><\/figcaption><\/figure><\/li><\/ul><\/figure>\n\n\n\n<p class=\"wp-block-paragraph\">O Artigo 52 da Constitui\u00e7\u00e3o Federal prev\u00ea que \u00e9 compet\u00eancia privativa do Senado processar e julgar os ministros do STF, os membros do Conselho Nacional de Justi\u00e7a (CNJ) e do Conselho Nacional do Minist\u00e9rio P\u00fablico, o procurador-geral da Rep\u00fablica e o advogado-geral da Uni\u00e3o nos crimes de responsabilidade.&nbsp;<\/p>\n\n\n\n<p class=\"wp-block-paragraph\">Bolsonaro j\u00e1 havia anunciado, no \u00faltimo s\u00e1bado (14), em suas redes sociais, que apresentaria um\u00a0pedido de<em>\u00a0impeachment\u00a0<\/em>contra Alexandre de Moraes e tamb\u00e9m contra outro integrante do STF, o ministro Lu\u00eds Roberto Barroso, atual presidente do Tribunal Superior Eleitoral (TSE).\u00a0<\/p>\n\n\n\n<p class=\"wp-block-paragraph\">&#8220;De h\u00e1 muito, os ministros Alexandre de Moraes e Lu\u00eds Roberto Barroso, do Supremo Tribunal Federal, extrapolam com atos os limites constitucionais&#8221;, postou. No entanto, no pedido efetivamente formalizado ao Senado, consta apenas a den\u00fancia contra Moraes.&nbsp;<\/p>\n\n\n\n<h2 class=\"wp-block-heading\">Investiga\u00e7\u00f5es<\/h2>\n\n\n\n<p class=\"wp-block-paragraph\">Ontem pela manh\u00e3, a Pol\u00edcia Federal cumpriu\u00a013 mandados\u00a0de busca e apreens\u00e3o em opera\u00e7\u00e3o que tem entre os alvos o cantor S\u00e9rgio Reis e o deputado federal Otoni de Paula (PSC-RJ). Os mandados foram expedidos pelo ministro Alexandre de Moraes, a pedido da Procuradoria-Geral da Rep\u00fablica (PGR), no \u00e2mbito das investiga\u00e7\u00f5es sobre ataques a institui\u00e7\u00f5es. Sergio Reis e Otoni de Paula s\u00e3o aliados do presidente Jair Bolsonaro.\u00a0<\/p>\n\n\n\n<p class=\"wp-block-paragraph\">Na semana passada, o ministro Alexandre de Moraes aceitou a not\u00edcia-crime enviada pela Justi\u00e7a Eleitoral para apurar o suposto vazamento de informa\u00e7\u00f5es sigilosas sobre a investiga\u00e7\u00e3o da Pol\u00edcia Federal (PF) que apura um ataque de&nbsp;<em>hackers<\/em>&nbsp;ao sistema de inform\u00e1tica do TSE em 2018. Na \u00e9poca, o tribunal declarou que o ataque n\u00e3o comprometeu a seguran\u00e7a da vota\u00e7\u00e3o.<\/p>\n\n\n\n<p class=\"wp-block-paragraph\">O pedido de investiga\u00e7\u00e3o foi feito no dia 9 de agosto pelo TSE, presidido por Barroso, para apurar a suposta conduta de divulga\u00e7\u00e3o indevida de informa\u00e7\u00f5es sigilosas reservadas. No documento, os ministros citam o presidente Jair Bolsonaro, o deputado federal Filipe Barros (PSL-PR) e o delegado respons\u00e1vel pelo caso, Victor Neves Feitosa Campo. Segundo o TSE, no dia 4 de agosto&nbsp;as pe\u00e7as sigilosas foram divulgadas nas redes sociais.<\/p>\n\n\n\n<p class=\"wp-block-paragraph\">Tamb\u00e9m na semana passada, foi de Alexandre de Moraes, do STF, a decis\u00e3o de\u00a0mandar prender o ex-deputado federal Roberto Jefferson, presidente nacional do PTB, no\u00a0inqu\u00e9rito\u00a0que apura supostas a\u00e7\u00f5es para tentar desestabilizar a democracia e a institui\u00e7\u00f5es de Estado. Essa investiga\u00e7\u00e3o foi aberta no in\u00edcio de julho no Supremo.<\/p>\n\n\n\n<h2 class=\"wp-block-heading\">STF<\/h2>\n\n\n\n<p class=\"wp-block-paragraph\">Em nota, o STF repudiou o pedido feito pelo presidente da Rep\u00fablica. &#8220;O Estado Democr\u00e1tico de Direito n\u00e3o tolera que um magistrado seja acusado por suas decis\u00f5es, uma vez que devem ser questionadas nas vias recursais pr\u00f3prias, obedecido o devido processo legal. O STF, ao mesmo tempo em que manifesta total confian\u00e7a na independ\u00eancia e imparcialidade do Ministro Alexandre de Moraes, aguardar\u00e1 de forma republicana a delibera\u00e7\u00e3o do Senado Federal&#8221;, diz a nota.<\/p>\n\n\n\n<p class=\"wp-block-paragraph\">&#8212;&#8212;&#8212;&#8212;&#8212;&#8212;<br><em>Quer receber as not\u00edcias do <strong>Aconteceu no Vale<\/strong> em primeira m\u00e3o? Siga-nos no Facebook <a rel=\"noreferrer noopener\" href=\"http:\/\/facebook.com\/aconteceunovale\" target=\"_blank\">@aconteceunovale<\/a>, Twitter <a rel=\"noreferrer noopener\" href=\"https:\/\/twitter.com\/noticiadosvales\" target=\"_blank\">@noticiadosvales<\/a> e Instagram <a rel=\"noreferrer noopener\" href=\"https:\/\/www.instagram.com\/aconteceunovale\" target=\"_blank\">@aconteceunovale<\/a>.<\/em><\/p>\n","protected":false},"excerpt":{"rendered":"<p>O presidente Jair Bolsonaro entrou com\u00a0pedido de\u00a0impeachment\u00a0contra o ministro Alexandre de Moraes, do Supremo Tribunal Federal (STF), na noite desta sexta-feira (20\/8\/2021). O texto foi protocolado no Senado Federal. O presidente passou o dia fora de Bras\u00edlia, em viagem ao Vale do Ribeira, interior de S\u00e3o Paulo.\u00a0 O Artigo 52 da Constitui\u00e7\u00e3o Federal prev\u00ea que [&hellip;]<\/p>\n","protected":false},"author":4,"featured_media":181112,"comment_status":"open","ping_status":"closed","sticky":false,"template":"","format":"standard","meta":{"amp_status":"","footnotes":""},"categories":[6,40240],"tags":[35211,100375,249937,4606,249889,249664,249672,249896,249895,1018,249675,249935,249898,26436,249934,249674,249670,249669,249667,249668,35849,249666,172392,249897,249890,249671,174636,249936,249893,249891,249673,249894,249892,174222,65755,21938,93812,249665,28511,115045,28510,267],"class_list":["post-181111","post","type-post","status-publish","format-standard","has-post-thumbnail","hentry","category-br","category-politica","tag-alexandre-de-moraes","tag-bolsonaro","tag-bolsonaro-pede-impeachment-de-alexandre-de-moraes","tag-brasilia","tag-cantor-sergio-reis-e-deputado-otoni-de-paula-sao-alvos-de-operacao-da-policia-federal","tag-cantor-sergio-reis-organiza-manifestacao-com-caminhoneiros-a-favor-de-do-presidente-jair-bolsonaro","tag-conselho-nacional-do-transporte-rodoviario-de-cargas","tag-deputado-federal-otoni-de-paula","tag-deputado-otoni-de-paula","tag-destaque","tag-gbn-pro-caminhoneiro-autonomo-independente","tag-impeachment-alexandre-de-moraes","tag-investigados-por-ataques-contra-o-stf","tag-jair-bolsonaro","tag-jair-bolsonaro-formaliza-pedido-de-impeachment-do-ministro-alexandre-de-moraes","tag-joelmes-correia","tag-manifestacao-7-de-setembro-sergio-reis","tag-manifestacao-caminhoneiros-cantor-sergio-reis","tag-manifestacao-caminhoneiros-sergio-reis","tag-manifestacao-cantor-sergio-reis","tag-manifestacao-de-caminhoneiros","tag-manifestacao-sergio-reis","tag-ministro-alexandre-de-moraes","tag-ministro-alexandre-de-morais","tag-operacao-da-pf-contra-sergio-reis","tag-paralisacao-7-de-setembro-sergio-reis","tag-paralisacao-de-caminhoneiros","tag-pedido-de-impeachment-de-alexandre-de-moraes","tag-pf-otoni-de-paula","tag-pf-sergio-reis","tag-plinio-dias","tag-policia-federal-otoni-de-paula","tag-policia-federal-sergio-reis","tag-presidente-jair-bolsonaro","tag-protesto-de-caminhoneiros","tag-senado","tag-senado-federal","tag-sergio-reis","tag-stf","tag-supremo","tag-supremo-tribunal-federal","tag-tse"],"yoast_head":"<!-- This site is optimized with the Yoast SEO plugin v28.3 - https:\/\/yoast.com\/product\/yoast-seo-wordpress\/ -->\n<title>Jair Bolsonaro formaliza pedido de impeachment do ministro Alexandre de Moraes - Aconteceu no Vale<\/title>\n<meta name=\"robots\" content=\"index, follow, max-snippet:-1, max-image-preview:large, max-video-preview:-1\" \/>\n<link rel=\"canonical\" href=\"https:\/\/aconteceunovale.com.br\/portal\/?p=181111\" \/>\n<meta property=\"og:locale\" content=\"pt_BR\" \/>\n<meta property=\"og:type\" content=\"article\" \/>\n<meta property=\"og:title\" content=\"Jair Bolsonaro formaliza pedido de impeachment do ministro Alexandre de Moraes - Aconteceu no Vale\" \/>\n<meta property=\"og:description\" content=\"O presidente Jair Bolsonaro entrou com\u00a0pedido de\u00a0impeachment\u00a0contra o ministro Alexandre de Moraes, do Supremo Tribunal Federal (STF), na noite desta sexta-feira (20\/8\/2021). O texto foi protocolado no Senado Federal. O presidente passou o dia fora de Bras\u00edlia, em viagem ao Vale do Ribeira, interior de S\u00e3o Paulo.\u00a0 O Artigo 52 da Constitui\u00e7\u00e3o Federal prev\u00ea que [&hellip;]\" \/>\n<meta property=\"og:url\" content=\"https:\/\/aconteceunovale.com.br\/portal\/?p=181111\" \/>\n<meta property=\"og:site_name\" content=\"Aconteceu no Vale\" \/>\n<meta property=\"article:publisher\" content=\"https:\/\/www.facebook.com\/aconteceunovale\/\" \/>\n<meta property=\"article:published_time\" content=\"2021-08-21T12:05:53+00:00\" \/>\n<meta property=\"article:modified_time\" content=\"2021-08-21T12:11:26+00:00\" \/>\n<meta property=\"og:image\" content=\"https:\/\/aconteceunovale.com.br\/portal\/wp-content\/uploads\/2021\/08\/moraes.jpg\" \/>\n\t<meta property=\"og:image:width\" content=\"678\" \/>\n\t<meta property=\"og:image:height\" content=\"406\" \/>\n\t<meta property=\"og:image:type\" content=\"image\/jpeg\" \/>\n<meta name=\"author\" content=\"Reda\u00e7\u00e3o Aconteceu no Vale\" \/>\n<meta name=\"twitter:card\" content=\"summary_large_image\" \/>\n<meta name=\"twitter:creator\" content=\"@noticiadosvales\" \/>\n<meta name=\"twitter:site\" content=\"@noticiadosvales\" \/>\n<meta name=\"twitter:label1\" content=\"Escrito por\" \/>\n\t<meta name=\"twitter:data1\" content=\"Reda\u00e7\u00e3o Aconteceu no Vale\" \/>\n\t<meta name=\"twitter:label2\" content=\"Est. tempo de leitura\" \/>\n\t<meta name=\"twitter:data2\" content=\"3 minutos\" \/>\n<script type=\"application\/ld+json\" class=\"yoast-schema-graph\">{\"@context\":\"https:\\\/\\\/schema.org\",\"@graph\":[{\"@type\":\"Article\",\"@id\":\"https:\\\/\\\/aconteceunovale.com.br\\\/portal\\\/?p=181111#article\",\"isPartOf\":{\"@id\":\"https:\\\/\\\/aconteceunovale.com.br\\\/portal\\\/?p=181111\"},\"author\":{\"name\":\"Reda\u00e7\u00e3o Aconteceu no Vale\",\"@id\":\"https:\\\/\\\/aconteceunovale.com.br\\\/portal\\\/#\\\/schema\\\/person\\\/7d2f26d1483f8a63de73da1ee0754d35\"},\"headline\":\"Jair Bolsonaro formaliza pedido de impeachment do ministro Alexandre de Moraes\",\"datePublished\":\"2021-08-21T12:05:53+00:00\",\"dateModified\":\"2021-08-21T12:11:26+00:00\",\"mainEntityOfPage\":{\"@id\":\"https:\\\/\\\/aconteceunovale.com.br\\\/portal\\\/?p=181111\"},\"wordCount\":592,\"commentCount\":0,\"image\":{\"@id\":\"https:\\\/\\\/aconteceunovale.com.br\\\/portal\\\/?p=181111#primaryimage\"},\"thumbnailUrl\":\"https:\\\/\\\/aconteceunovale.com.br\\\/portal\\\/wp-content\\\/uploads\\\/2021\\\/08\\\/moraes.jpg\",\"keywords\":[\"Alexandre de Moraes\",\"Bolsonaro\",\"Bolsonaro pede Impeachment de Alexandre de Moraes\",\"Bras\u00edlia\",\"Cantor S\u00e9rgio Reis e deputado Otoni de Paula s\u00e3o alvos de opera\u00e7\u00e3o da Pol\u00edcia Federal\",\"Cantor S\u00e9rgio Reis organiza manifesta\u00e7\u00e3o com caminhoneiros a favor de do presidente Jair Bolsonaro\",\"Conselho Nacional do Transporte Rodovi\u00e1rio de Cargas\",\"Deputado Federal Otoni de Paula\",\"Deputado Otoni de Paula\",\"destaque\",\"GBN Pr\u00f3-caminhoneiro aut\u00f4nomo independente\",\"Impeachment Alexandre de Moraes\",\"Investigados por ataques contra o STF\",\"Jair Bolsonaro\",\"Jair Bolsonaro formaliza pedido de impeachment do ministro Alexandre de Moraes\",\"Joelmes Correia\",\"Manifesta\u00e7\u00e3o 7 de setembro S\u00e9rgio Reis\",\"Manifesta\u00e7\u00e3o caminhoneiros cantor S\u00e9rgio Reis\",\"Manifesta\u00e7\u00e3o caminhoneiros S\u00e9rgio Reis\",\"Manifesta\u00e7\u00e3o cantor S\u00e9rgio Reis\",\"manifesta\u00e7\u00e3o de caminhoneiros\",\"Manifesta\u00e7\u00e3o S\u00e9rgio Reis\",\"Ministro Alexandre de Moraes\",\"Ministro Alexandre de Morais\",\"Opera\u00e7\u00e3o da PF contra S\u00e9rgio Reis\",\"Paralisa\u00e7\u00e3o 7 de setembro S\u00e9rgio Reis\",\"paralisa\u00e7\u00e3o de caminhoneiros\",\"Pedido de Impeachment de Alexandre de Moraes\",\"PF Otoni de Paula\",\"PF S\u00e9rgio Reis\",\"Pl\u00ednio Dias\",\"Pol\u00edcia Federal Otoni de Paula\",\"Pol\u00edcia Federal S\u00e9rgio Reis\",\"Presidente Jair Bolsonaro\",\"protesto de caminhoneiros\",\"Senado\",\"Senado Federal\",\"S\u00e9rgio Reis\",\"STF\",\"Supremo\",\"Supremo Tribunal Federal\",\"TSE\"],\"articleSection\":[\"Brasil\",\"Pol\u00edtica\"],\"inLanguage\":\"pt-BR\",\"potentialAction\":[{\"@type\":\"CommentAction\",\"name\":\"Comment\",\"target\":[\"https:\\\/\\\/aconteceunovale.com.br\\\/portal\\\/?p=181111#respond\"]}]},{\"@type\":\"WebPage\",\"@id\":\"https:\\\/\\\/aconteceunovale.com.br\\\/portal\\\/?p=181111\",\"url\":\"https:\\\/\\\/aconteceunovale.com.br\\\/portal\\\/?p=181111\",\"name\":\"Jair Bolsonaro formaliza pedido de impeachment do ministro Alexandre de Moraes - Aconteceu no Vale\",\"isPartOf\":{\"@id\":\"https:\\\/\\\/aconteceunovale.com.br\\\/portal\\\/#website\"},\"primaryImageOfPage\":{\"@id\":\"https:\\\/\\\/aconteceunovale.com.br\\\/portal\\\/?p=181111#primaryimage\"},\"image\":{\"@id\":\"https:\\\/\\\/aconteceunovale.com.br\\\/portal\\\/?p=181111#primaryimage\"},\"thumbnailUrl\":\"https:\\\/\\\/aconteceunovale.com.br\\\/portal\\\/wp-content\\\/uploads\\\/2021\\\/08\\\/moraes.jpg\",\"datePublished\":\"2021-08-21T12:05:53+00:00\",\"dateModified\":\"2021-08-21T12:11:26+00:00\",\"author\":{\"@id\":\"https:\\\/\\\/aconteceunovale.com.br\\\/portal\\\/#\\\/schema\\\/person\\\/7d2f26d1483f8a63de73da1ee0754d35\"},\"breadcrumb\":{\"@id\":\"https:\\\/\\\/aconteceunovale.com.br\\\/portal\\\/?p=181111#breadcrumb\"},\"inLanguage\":\"pt-BR\",\"potentialAction\":[{\"@type\":\"ReadAction\",\"target\":[\"https:\\\/\\\/aconteceunovale.com.br\\\/portal\\\/?p=181111\"]}]},{\"@type\":\"ImageObject\",\"inLanguage\":\"pt-BR\",\"@id\":\"https:\\\/\\\/aconteceunovale.com.br\\\/portal\\\/?p=181111#primaryimage\",\"url\":\"https:\\\/\\\/aconteceunovale.com.br\\\/portal\\\/wp-content\\\/uploads\\\/2021\\\/08\\\/moraes.jpg\",\"contentUrl\":\"https:\\\/\\\/aconteceunovale.com.br\\\/portal\\\/wp-content\\\/uploads\\\/2021\\\/08\\\/moraes.jpg\",\"width\":678,\"height\":406,\"caption\":\"O ministro Alexandre de Moraes, durante sess\u00e3o de julgamento sobre limite para compartilhamento de dados fiscais\"},{\"@type\":\"BreadcrumbList\",\"@id\":\"https:\\\/\\\/aconteceunovale.com.br\\\/portal\\\/?p=181111#breadcrumb\",\"itemListElement\":[{\"@type\":\"ListItem\",\"position\":1,\"name\":\"In\u00edcio\",\"item\":\"https:\\\/\\\/aconteceunovale.com.br\\\/portal\\\/\"},{\"@type\":\"ListItem\",\"position\":2,\"name\":\"Jair Bolsonaro formaliza pedido de impeachment do ministro Alexandre de Moraes\"}]},{\"@type\":\"WebSite\",\"@id\":\"https:\\\/\\\/aconteceunovale.com.br\\\/portal\\\/#website\",\"url\":\"https:\\\/\\\/aconteceunovale.com.br\\\/portal\\\/\",\"name\":\"Aconteceu no Vale\",\"description\":\"Portal de Not\u00edcias\",\"potentialAction\":[{\"@type\":\"SearchAction\",\"target\":{\"@type\":\"EntryPoint\",\"urlTemplate\":\"https:\\\/\\\/aconteceunovale.com.br\\\/portal\\\/?s={search_term_string}\"},\"query-input\":{\"@type\":\"PropertyValueSpecification\",\"valueRequired\":true,\"valueName\":\"search_term_string\"}}],\"inLanguage\":\"pt-BR\"},{\"@type\":\"Person\",\"@id\":\"https:\\\/\\\/aconteceunovale.com.br\\\/portal\\\/#\\\/schema\\\/person\\\/7d2f26d1483f8a63de73da1ee0754d35\",\"name\":\"Reda\u00e7\u00e3o Aconteceu no Vale\",\"description\":\"Equipe de reportagem do Aconteceu no Vale, portal de not\u00edcias do Vale do Jequitinhonha, em Minas Gerais. Cobrimos as 51 cidades do Vale desde 2013. Sugest\u00f5es de pauta e pedidos de corre\u00e7\u00e3o: contato@aconteceunovale.com.br\",\"url\":\"https:\\\/\\\/aconteceunovale.com.br\\\/portal\\\/?author=4\"}]}<\/script>\n<!-- \/ Yoast SEO plugin. -->","yoast_head_json":{"title":"Jair Bolsonaro formaliza pedido de impeachment do ministro Alexandre de Moraes - Aconteceu no Vale","robots":{"index":"index","follow":"follow","max-snippet":"max-snippet:-1","max-image-preview":"max-image-preview:large","max-video-preview":"max-video-preview:-1"},"canonical":"https:\/\/aconteceunovale.com.br\/portal\/?p=181111","og_locale":"pt_BR","og_type":"article","og_title":"Jair Bolsonaro formaliza pedido de impeachment do ministro Alexandre de Moraes - Aconteceu no Vale","og_description":"O presidente Jair Bolsonaro entrou com\u00a0pedido de\u00a0impeachment\u00a0contra o ministro Alexandre de Moraes, do Supremo Tribunal Federal (STF), na noite desta sexta-feira (20\/8\/2021). O texto foi protocolado no Senado Federal. O presidente passou o dia fora de Bras\u00edlia, em viagem ao Vale do Ribeira, interior de S\u00e3o Paulo.\u00a0 O Artigo 52 da Constitui\u00e7\u00e3o Federal prev\u00ea que [&hellip;]","og_url":"https:\/\/aconteceunovale.com.br\/portal\/?p=181111","og_site_name":"Aconteceu no Vale","article_publisher":"https:\/\/www.facebook.com\/aconteceunovale\/","article_published_time":"2021-08-21T12:05:53+00:00","article_modified_time":"2021-08-21T12:11:26+00:00","og_image":[{"width":678,"height":406,"url":"https:\/\/aconteceunovale.com.br\/portal\/wp-content\/uploads\/2021\/08\/moraes.jpg","type":"image\/jpeg"}],"author":"Reda\u00e7\u00e3o Aconteceu no Vale","twitter_card":"summary_large_image","twitter_creator":"@noticiadosvales","twitter_site":"@noticiadosvales","twitter_misc":{"Escrito por":"Reda\u00e7\u00e3o Aconteceu no Vale","Est. tempo de leitura":"3 minutos"},"schema":{"@context":"https:\/\/schema.org","@graph":[{"@type":"Article","@id":"https:\/\/aconteceunovale.com.br\/portal\/?p=181111#article","isPartOf":{"@id":"https:\/\/aconteceunovale.com.br\/portal\/?p=181111"},"author":{"name":"Reda\u00e7\u00e3o Aconteceu no Vale","@id":"https:\/\/aconteceunovale.com.br\/portal\/#\/schema\/person\/7d2f26d1483f8a63de73da1ee0754d35"},"headline":"Jair Bolsonaro formaliza pedido de impeachment do ministro Alexandre de Moraes","datePublished":"2021-08-21T12:05:53+00:00","dateModified":"2021-08-21T12:11:26+00:00","mainEntityOfPage":{"@id":"https:\/\/aconteceunovale.com.br\/portal\/?p=181111"},"wordCount":592,"commentCount":0,"image":{"@id":"https:\/\/aconteceunovale.com.br\/portal\/?p=181111#primaryimage"},"thumbnailUrl":"https:\/\/aconteceunovale.com.br\/portal\/wp-content\/uploads\/2021\/08\/moraes.jpg","keywords":["Alexandre de Moraes","Bolsonaro","Bolsonaro pede Impeachment de Alexandre de Moraes","Bras\u00edlia","Cantor S\u00e9rgio Reis e deputado Otoni de Paula s\u00e3o alvos de opera\u00e7\u00e3o da Pol\u00edcia Federal","Cantor S\u00e9rgio Reis organiza manifesta\u00e7\u00e3o com caminhoneiros a favor de do presidente Jair Bolsonaro","Conselho Nacional do Transporte Rodovi\u00e1rio de Cargas","Deputado Federal Otoni de Paula","Deputado Otoni de Paula","destaque","GBN Pr\u00f3-caminhoneiro aut\u00f4nomo independente","Impeachment Alexandre de Moraes","Investigados por ataques contra o STF","Jair Bolsonaro","Jair Bolsonaro formaliza pedido de impeachment do ministro Alexandre de Moraes","Joelmes Correia","Manifesta\u00e7\u00e3o 7 de setembro S\u00e9rgio Reis","Manifesta\u00e7\u00e3o caminhoneiros cantor S\u00e9rgio Reis","Manifesta\u00e7\u00e3o caminhoneiros S\u00e9rgio Reis","Manifesta\u00e7\u00e3o cantor S\u00e9rgio Reis","manifesta\u00e7\u00e3o de caminhoneiros","Manifesta\u00e7\u00e3o S\u00e9rgio Reis","Ministro Alexandre de Moraes","Ministro Alexandre de Morais","Opera\u00e7\u00e3o da PF contra S\u00e9rgio Reis","Paralisa\u00e7\u00e3o 7 de setembro S\u00e9rgio Reis","paralisa\u00e7\u00e3o de caminhoneiros","Pedido de Impeachment de Alexandre de Moraes","PF Otoni de Paula","PF S\u00e9rgio Reis","Pl\u00ednio Dias","Pol\u00edcia Federal Otoni de Paula","Pol\u00edcia Federal S\u00e9rgio Reis","Presidente Jair Bolsonaro","protesto de caminhoneiros","Senado","Senado Federal","S\u00e9rgio Reis","STF","Supremo","Supremo Tribunal Federal","TSE"],"articleSection":["Brasil","Pol\u00edtica"],"inLanguage":"pt-BR","potentialAction":[{"@type":"CommentAction","name":"Comment","target":["https:\/\/aconteceunovale.com.br\/portal\/?p=181111#respond"]}]},{"@type":"WebPage","@id":"https:\/\/aconteceunovale.com.br\/portal\/?p=181111","url":"https:\/\/aconteceunovale.com.br\/portal\/?p=181111","name":"Jair Bolsonaro formaliza pedido de impeachment do ministro Alexandre de Moraes - Aconteceu no Vale","isPartOf":{"@id":"https:\/\/aconteceunovale.com.br\/portal\/#website"},"primaryImageOfPage":{"@id":"https:\/\/aconteceunovale.com.br\/portal\/?p=181111#primaryimage"},"image":{"@id":"https:\/\/aconteceunovale.com.br\/portal\/?p=181111#primaryimage"},"thumbnailUrl":"https:\/\/aconteceunovale.com.br\/portal\/wp-content\/uploads\/2021\/08\/moraes.jpg","datePublished":"2021-08-21T12:05:53+00:00","dateModified":"2021-08-21T12:11:26+00:00","author":{"@id":"https:\/\/aconteceunovale.com.br\/portal\/#\/schema\/person\/7d2f26d1483f8a63de73da1ee0754d35"},"breadcrumb":{"@id":"https:\/\/aconteceunovale.com.br\/portal\/?p=181111#breadcrumb"},"inLanguage":"pt-BR","potentialAction":[{"@type":"ReadAction","target":["https:\/\/aconteceunovale.com.br\/portal\/?p=181111"]}]},{"@type":"ImageObject","inLanguage":"pt-BR","@id":"https:\/\/aconteceunovale.com.br\/portal\/?p=181111#primaryimage","url":"https:\/\/aconteceunovale.com.br\/portal\/wp-content\/uploads\/2021\/08\/moraes.jpg","contentUrl":"https:\/\/aconteceunovale.com.br\/portal\/wp-content\/uploads\/2021\/08\/moraes.jpg","width":678,"height":406,"caption":"O ministro Alexandre de Moraes, durante sess\u00e3o de julgamento sobre limite para compartilhamento de dados fiscais"},{"@type":"BreadcrumbList","@id":"https:\/\/aconteceunovale.com.br\/portal\/?p=181111#breadcrumb","itemListElement":[{"@type":"ListItem","position":1,"name":"In\u00edcio","item":"https:\/\/aconteceunovale.com.br\/portal\/"},{"@type":"ListItem","position":2,"name":"Jair Bolsonaro formaliza pedido de impeachment do ministro Alexandre de Moraes"}]},{"@type":"WebSite","@id":"https:\/\/aconteceunovale.com.br\/portal\/#website","url":"https:\/\/aconteceunovale.com.br\/portal\/","name":"Aconteceu no Vale","description":"Portal de Not\u00edcias","potentialAction":[{"@type":"SearchAction","target":{"@type":"EntryPoint","urlTemplate":"https:\/\/aconteceunovale.com.br\/portal\/?s={search_term_string}"},"query-input":{"@type":"PropertyValueSpecification","valueRequired":true,"valueName":"search_term_string"}}],"inLanguage":"pt-BR"},{"@type":"Person","@id":"https:\/\/aconteceunovale.com.br\/portal\/#\/schema\/person\/7d2f26d1483f8a63de73da1ee0754d35","name":"Reda\u00e7\u00e3o Aconteceu no Vale","description":"Equipe de reportagem do Aconteceu no Vale, portal de not\u00edcias do Vale do Jequitinhonha, em Minas Gerais. Cobrimos as 51 cidades do Vale desde 2013. Sugest\u00f5es de pauta e pedidos de corre\u00e7\u00e3o: contato@aconteceunovale.com.br","url":"https:\/\/aconteceunovale.com.br\/portal\/?author=4"}]}},"_links":{"self":[{"href":"https:\/\/aconteceunovale.com.br\/portal\/index.php?rest_route=\/wp\/v2\/posts\/181111","targetHints":{"allow":["GET"]}}],"collection":[{"href":"https:\/\/aconteceunovale.com.br\/portal\/index.php?rest_route=\/wp\/v2\/posts"}],"about":[{"href":"https:\/\/aconteceunovale.com.br\/portal\/index.php?rest_route=\/wp\/v2\/types\/post"}],"author":[{"embeddable":true,"href":"https:\/\/aconteceunovale.com.br\/portal\/index.php?rest_route=\/wp\/v2\/users\/4"}],"replies":[{"embeddable":true,"href":"https:\/\/aconteceunovale.com.br\/portal\/index.php?rest_route=%2Fwp%2Fv2%2Fcomments&post=181111"}],"version-history":[{"count":1,"href":"https:\/\/aconteceunovale.com.br\/portal\/index.php?rest_route=\/wp\/v2\/posts\/181111\/revisions"}],"predecessor-version":[{"id":181113,"href":"https:\/\/aconteceunovale.com.br\/portal\/index.php?rest_route=\/wp\/v2\/posts\/181111\/revisions\/181113"}],"wp:featuredmedia":[{"embeddable":true,"href":"https:\/\/aconteceunovale.com.br\/portal\/index.php?rest_route=\/wp\/v2\/media\/181112"}],"wp:attachment":[{"href":"https:\/\/aconteceunovale.com.br\/portal\/index.php?rest_route=%2Fwp%2Fv2%2Fmedia&parent=181111"}],"wp:term":[{"taxonomy":"category","embeddable":true,"href":"https:\/\/aconteceunovale.com.br\/portal\/index.php?rest_route=%2Fwp%2Fv2%2Fcategories&post=181111"},{"taxonomy":"post_tag","embeddable":true,"href":"https:\/\/aconteceunovale.com.br\/portal\/index.php?rest_route=%2Fwp%2Fv2%2Ftags&post=181111"}],"curies":[{"name":"wp","href":"https:\/\/api.w.org\/{rel}","templated":true}]}}