{"id":181108,"date":"2021-08-21T08:55:38","date_gmt":"2021-08-21T11:55:38","guid":{"rendered":"https:\/\/aconteceunovale.com.br\/portal\/?p=181108"},"modified":"2021-08-21T08:56:34","modified_gmt":"2021-08-21T11:56:34","slug":"presidente-jair-bolsonaro-veta-fundo-eleitoral-de-r-57-bilhoes-para-2022","status":"publish","type":"post","link":"https:\/\/aconteceunovale.com.br\/portal\/?p=181108","title":{"rendered":"Presidente Jair Bolsonaro veta fundo eleitoral de R$ 5,7 bilh\u00f5es para 2022"},"content":{"rendered":"\n<p class=\"wp-block-paragraph\">O presidente Jair Bolsonaro sancionou nesta sexta-feira (20\/8\/2021), com vetos parciais, a Lei de Diretrizes Or\u00e7ament\u00e1rias (LDO) de 2022. O\u00a0texto foi aprovado\u00a0pelo Congresso Nacional h\u00e1 pouco mais de um m\u00eas e o prazo para san\u00e7\u00e3o terminava justamente nesta sexta. Ponto mais pol\u00eamico da proposta, o aumento do Fundo Eleitoral, de R$ R$ 2 bilh\u00f5es para mais de R$ 5,7 bilh\u00f5es, foi\u00a0vetado pelo presidente. A LDO sancionada ser\u00e1 publicada na edi\u00e7\u00e3o do Di\u00e1rio Oficial da Uni\u00e3o (DOU) na segunda-feira (23).<\/p>\n\n\n\n<figure class=\"wp-block-gallery columns-1 is-cropped wp-block-gallery-1 is-layout-flex wp-block-gallery-is-layout-flex\"><ul class=\"blocks-gallery-grid\"><li class=\"blocks-gallery-item\"><figure><img loading=\"lazy\" decoding=\"async\" width=\"678\" height=\"406\" src=\"https:\/\/aconteceunovale.com.br\/portal\/wp-content\/uploads\/2021\/08\/palacio_planalto.jpg\" alt=\"\" data-id=\"181109\" data-full-url=\"https:\/\/aconteceunovale.com.br\/portal\/wp-content\/uploads\/2021\/08\/palacio_planalto.jpg\" data-link=\"https:\/\/aconteceunovale.com.br\/portal\/?attachment_id=181109\" class=\"wp-image-181109\" srcset=\"https:\/\/aconteceunovale.com.br\/portal\/wp-content\/uploads\/2021\/08\/palacio_planalto.jpg 678w, https:\/\/aconteceunovale.com.br\/portal\/wp-content\/uploads\/2021\/08\/palacio_planalto-300x180.jpg 300w\" sizes=\"auto, (max-width: 678px) 100vw, 678px\" \/><figcaption class=\"blocks-gallery-item__caption\"><em>Pal\u00e1cio do Planalto &#8211; Foto: Fabio Rodrigues Pozzebom\/Ag\u00eancia Brasil<\/em><\/figcaption><\/figure><\/li><\/ul><\/figure>\n\n\n\n<p class=\"wp-block-paragraph\">Pelo texto aprovado no Congresso, a verba do Fundo Especial de Campanha seria vinculada ao or\u00e7amento do Tribunal Superior Eleitoral (TSE),&nbsp;prevendo 25% da soma dos or\u00e7amentos de 2021 e 2022. Por esses c\u00e1lculos, o valor do Fundo praticamente triplicaria em rela\u00e7\u00e3o ao or\u00e7amento das elei\u00e7\u00f5es de 2018 e 2020. Em nota, a Secretaria-Geral da Presid\u00eancia da Rep\u00fablica informou que o novo valor do fundo ser\u00e1 definido pelo TSE e inclu\u00eddo no Projeto de Lei Or\u00e7ament\u00e1ria Anual (PLOA) do ano que vem.&nbsp;&nbsp;&nbsp;<\/p>\n\n\n\n<p class=\"wp-block-paragraph\">&#8220;Em rela\u00e7\u00e3o ao Fundo Eleitoral, a Lei Or\u00e7ament\u00e1ria contar\u00e1 com o valor que ser\u00e1 definido pelo Tribunal Superior Eleitoral para o ano de 2022, com base nos par\u00e2metros previstos em lei, a ser divulgado com o envio do Ploa-2022&#8221;. A pasta tamb\u00e9m confirmou que houve veto das despesas previstas para o ressarcimento das emissoras de r\u00e1dio e de televis\u00e3o pela inser\u00e7\u00e3o de propaganda partid\u00e1ria.&nbsp;<\/p>\n\n\n\n<p class=\"wp-block-paragraph\">Alegando quest\u00f5es fiscais, o presidente tamb\u00e9m vetou dois dispositivos das chamadas emendas de relator-geral do or\u00e7amento (RP-8 e RP-9). &#8220;Trata-se de dispositivos inseridos pelo Poder Legislativo e que j\u00e1 foram vetados em anos anteriores&#8221;, informou a Presid\u00eancia da Rep\u00fablica.&nbsp;<\/p>\n\n\n\n<h2 class=\"wp-block-heading\">Metas<\/h2>\n\n\n\n<p class=\"wp-block-paragraph\">Para 2022, a LDO fixou uma meta de d\u00e9ficit prim\u00e1rio de R$ 170,47 bilh\u00f5es para o Or\u00e7amento Fiscal e da Seguridade Social e de d\u00e9ficit de R$ 4,42 bilh\u00f5es para as empresas estatais.<\/p>\n\n\n\n<p class=\"wp-block-paragraph\">Quanto aos aspectos macroecon\u00f4micos, a LDO de 2022 foi elaborada considerando o crescimento real do Produto Interno Bruto (PIB, soma dos bens e servi\u00e7os produzidos no pa\u00eds) de 2,5% para o ano que vem. O \u00cdndice Nacional de Pre\u00e7os ao Consumidor Amplo (IPCA), principal indicador da infla\u00e7\u00e3o, foi fixado em 3,5%. J\u00e1 a taxa b\u00e1sica de juros, a Selic, foi projetada em 4,74%, e a taxa de c\u00e2mbio m\u00e9dia do d\u00f3lar em R$ 5,15.&nbsp;<\/p>\n\n\n\n<p class=\"wp-block-paragraph\">Em rela\u00e7\u00e3o ao sal\u00e1rio m\u00ednimo, o projeto prev\u00ea que, para o ano que vem, o valor passar\u00e1 para R$ 1.147, com corre\u00e7\u00e3o monet\u00e1ria do \u00cdndice Nacional de Pre\u00e7os ao Consumidor (INPC). Para ser confirmado, o aumento do sal\u00e1rio m\u00ednimo precisa ser aprovado Projeto de Lei Or\u00e7ament\u00e1ria de 2022.<\/p>\n\n\n\n<h2 class=\"wp-block-heading\">O que \u00e9 a LDO<\/h2>\n\n\n\n<p class=\"wp-block-paragraph\">A Lei de Diretrizes Or\u00e7ament\u00e1rias indica as pol\u00edticas p\u00fablicas e respectivas prioridades para o exerc\u00edcio seguinte, no caso 2022. Ela define as metas e prioridades da administra\u00e7\u00e3o p\u00fablica federal, incluindo as despesas para o exerc\u00edcio subsequente, orientando a elabora\u00e7\u00e3o da Lei Or\u00e7ament\u00e1ria Anual (LOA) do ano seguinte. O Poder Executivo envia ao Congresso Nacional, que deve discuti-la&nbsp;e vot\u00e1-la.<\/p>\n\n\n\n<p class=\"wp-block-paragraph\">Entre as defini\u00e7\u00f5es est\u00e3o a meta fiscal, os programas priorit\u00e1rios e o sal\u00e1rio m\u00ednimo. Al\u00e9m disso, o texto pode autorizar o aumento das despesas com pessoal, regulamentar as transfer\u00eancias a entes p\u00fablicos e privados, disciplinar o equil\u00edbrio entre as receitas e as despesas e indicar prioridades para os financiamentos pelos bancos p\u00fablicos, entre outras. \u00c9 com base nessas diretrizes da LDO que o Poder Executivo apresenta o or\u00e7amento de 2022 para a Uni\u00e3o, que deve ser enviado at\u00e9 o pr\u00f3ximo dia 31 de agosto.<\/p>\n\n\n\n<p class=\"wp-block-paragraph\">&#8212;&#8212;&#8212;&#8212;&#8212;&#8212;<br><em>Quer receber as not\u00edcias do <strong>Aconteceu no Vale<\/strong> em primeira m\u00e3o? Siga-nos no Facebook <a rel=\"noreferrer noopener\" href=\"http:\/\/facebook.com\/aconteceunovale\" target=\"_blank\">@aconteceunovale<\/a>, Twitter <a rel=\"noreferrer noopener\" href=\"https:\/\/twitter.com\/noticiadosvales\" target=\"_blank\">@noticiadosvales<\/a> e Instagram <a rel=\"noreferrer noopener\" href=\"https:\/\/www.instagram.com\/aconteceunovale\" target=\"_blank\">@aconteceunovale<\/a>.<\/em><\/p>\n","protected":false},"excerpt":{"rendered":"<p>O presidente Jair Bolsonaro sancionou nesta sexta-feira (20\/8\/2021), com vetos parciais, a Lei de Diretrizes Or\u00e7ament\u00e1rias (LDO) de 2022. O\u00a0texto foi aprovado\u00a0pelo Congresso Nacional h\u00e1 pouco mais de um m\u00eas e o prazo para san\u00e7\u00e3o terminava justamente nesta sexta. Ponto mais pol\u00eamico da proposta, o aumento do Fundo Eleitoral, de R$ R$ 2 bilh\u00f5es para [&hellip;]<\/p>\n","protected":false},"author":4,"featured_media":181109,"comment_status":"open","ping_status":"closed","sticky":false,"template":"","format":"standard","meta":{"amp_status":"","footnotes":""},"categories":[6,249933,40240],"tags":[248025,248023,248022,248026,100375,48796,1018,71053,248148,4610,243248,53607,26436,243252,248021,248024,243254,184661,243253,243251,243255,243249,243250,248147],"class_list":["post-181108","post","type-post","status-publish","format-standard","has-post-thumbnail","hentry","category-br","category-eleicoes-2022","category-politica","tag-aumento-do-fundo-eleitoral","tag-aumento-do-fundo-eleitoral-em-2022","tag-aumento-do-fundo-eleitoral-para-quase-r-6-bilhoes","tag-aumento-do-valor-do-fundo-eleitoral","tag-bolsonaro","tag-congresso-nacional","tag-destaque","tag-fundao","tag-fundao-eleitoral","tag-governo-federal","tag-governo-federal-propoe-salario-minimo-de-r-1-147-em-2022","tag-inpc","tag-jair-bolsonaro","tag-ldo-2022","tag-ldo-de-2022","tag-lei-de-diretrizes-orcamentarias-2022","tag-minimo-de-2022","tag-ministerio-da-economia","tag-pldo-2022","tag-proposta-de-salario-minimo-para-2022","tag-salario-minimo-de-r-1-147-em-2022","tag-salario-minimo-em-2022","tag-valor-do-salario-minimo-em-2022","tag-veto-ao-fundo-eleitoral"],"yoast_head":"<!-- This site is optimized with the Yoast SEO plugin v28.3 - https:\/\/yoast.com\/product\/yoast-seo-wordpress\/ -->\n<title>Presidente Jair Bolsonaro veta fundo eleitoral de R$ 5,7 bilh\u00f5es para 2022 - Aconteceu no Vale<\/title>\n<meta name=\"robots\" content=\"index, follow, max-snippet:-1, max-image-preview:large, max-video-preview:-1\" \/>\n<link rel=\"canonical\" href=\"https:\/\/aconteceunovale.com.br\/portal\/?p=181108\" \/>\n<meta property=\"og:locale\" content=\"pt_BR\" \/>\n<meta property=\"og:type\" content=\"article\" \/>\n<meta property=\"og:title\" content=\"Presidente Jair Bolsonaro veta fundo eleitoral de R$ 5,7 bilh\u00f5es para 2022 - Aconteceu no Vale\" \/>\n<meta property=\"og:description\" content=\"O presidente Jair Bolsonaro sancionou nesta sexta-feira (20\/8\/2021), com vetos parciais, a Lei de Diretrizes Or\u00e7ament\u00e1rias (LDO) de 2022. O\u00a0texto foi aprovado\u00a0pelo Congresso Nacional h\u00e1 pouco mais de um m\u00eas e o prazo para san\u00e7\u00e3o terminava justamente nesta sexta. Ponto mais pol\u00eamico da proposta, o aumento do Fundo Eleitoral, de R$ R$ 2 bilh\u00f5es para [&hellip;]\" \/>\n<meta property=\"og:url\" content=\"https:\/\/aconteceunovale.com.br\/portal\/?p=181108\" \/>\n<meta property=\"og:site_name\" content=\"Aconteceu no Vale\" \/>\n<meta property=\"article:publisher\" content=\"https:\/\/www.facebook.com\/aconteceunovale\/\" \/>\n<meta property=\"article:published_time\" content=\"2021-08-21T11:55:38+00:00\" \/>\n<meta property=\"article:modified_time\" content=\"2021-08-21T11:56:34+00:00\" \/>\n<meta property=\"og:image\" content=\"https:\/\/aconteceunovale.com.br\/portal\/wp-content\/uploads\/2021\/08\/palacio_planalto.jpg\" \/>\n\t<meta property=\"og:image:width\" content=\"678\" \/>\n\t<meta property=\"og:image:height\" content=\"406\" \/>\n\t<meta property=\"og:image:type\" content=\"image\/jpeg\" \/>\n<meta name=\"author\" content=\"Reda\u00e7\u00e3o Aconteceu no Vale\" \/>\n<meta name=\"twitter:card\" content=\"summary_large_image\" \/>\n<meta name=\"twitter:creator\" content=\"@noticiadosvales\" \/>\n<meta name=\"twitter:site\" content=\"@noticiadosvales\" \/>\n<meta name=\"twitter:label1\" content=\"Escrito por\" \/>\n\t<meta name=\"twitter:data1\" content=\"Reda\u00e7\u00e3o Aconteceu no Vale\" \/>\n\t<meta name=\"twitter:label2\" content=\"Est. tempo de leitura\" \/>\n\t<meta name=\"twitter:data2\" content=\"3 minutos\" \/>\n<script type=\"application\/ld+json\" class=\"yoast-schema-graph\">{\"@context\":\"https:\\\/\\\/schema.org\",\"@graph\":[{\"@type\":\"Article\",\"@id\":\"https:\\\/\\\/aconteceunovale.com.br\\\/portal\\\/?p=181108#article\",\"isPartOf\":{\"@id\":\"https:\\\/\\\/aconteceunovale.com.br\\\/portal\\\/?p=181108\"},\"author\":{\"name\":\"Reda\u00e7\u00e3o Aconteceu no Vale\",\"@id\":\"https:\\\/\\\/aconteceunovale.com.br\\\/portal\\\/#\\\/schema\\\/person\\\/7d2f26d1483f8a63de73da1ee0754d35\"},\"headline\":\"Presidente Jair Bolsonaro veta fundo eleitoral de R$ 5,7 bilh\u00f5es para 2022\",\"datePublished\":\"2021-08-21T11:55:38+00:00\",\"dateModified\":\"2021-08-21T11:56:34+00:00\",\"mainEntityOfPage\":{\"@id\":\"https:\\\/\\\/aconteceunovale.com.br\\\/portal\\\/?p=181108\"},\"wordCount\":684,\"commentCount\":0,\"image\":{\"@id\":\"https:\\\/\\\/aconteceunovale.com.br\\\/portal\\\/?p=181108#primaryimage\"},\"thumbnailUrl\":\"https:\\\/\\\/aconteceunovale.com.br\\\/portal\\\/wp-content\\\/uploads\\\/2021\\\/08\\\/palacio_planalto.jpg\",\"keywords\":[\"Aumento do fundo eleitoral\",\"Aumento do fundo eleitoral em 2022\",\"Aumento do fundo eleitoral para quase R$ 6 bilh\u00f5es\",\"Aumento do valor do fundo eleitoral\",\"Bolsonaro\",\"Congresso Nacional\",\"destaque\",\"fund\u00e3o\",\"Fund\u00e3o eleitoral\",\"Governo Federal\",\"Governo federal prop\u00f5e sal\u00e1rio m\u00ednimo de R$ 1.147 em 2022\",\"INPC\",\"Jair Bolsonaro\",\"LDO 2022\",\"LDO de 2022\",\"Lei de Diretrizes Or\u00e7ament\u00e1rias 2022\",\"M\u00ednimo de 2022\",\"Minist\u00e9rio da Economia\",\"PLDO 2022\",\"Proposta de sal\u00e1rio m\u00ednimo para 2022\",\"Sal\u00e1rio m\u00ednimo de R$ 1.147 em 2022\",\"Sal\u00e1rio m\u00ednimo em 2022\",\"Valor do sal\u00e1rio m\u00ednimo em 2022\",\"Veto ao fundo eleitoral\"],\"articleSection\":[\"Brasil\",\"Elei\u00e7\u00f5es 2022\",\"Pol\u00edtica\"],\"inLanguage\":\"pt-BR\",\"potentialAction\":[{\"@type\":\"CommentAction\",\"name\":\"Comment\",\"target\":[\"https:\\\/\\\/aconteceunovale.com.br\\\/portal\\\/?p=181108#respond\"]}]},{\"@type\":\"WebPage\",\"@id\":\"https:\\\/\\\/aconteceunovale.com.br\\\/portal\\\/?p=181108\",\"url\":\"https:\\\/\\\/aconteceunovale.com.br\\\/portal\\\/?p=181108\",\"name\":\"Presidente Jair Bolsonaro veta fundo eleitoral de R$ 5,7 bilh\u00f5es para 2022 - Aconteceu no Vale\",\"isPartOf\":{\"@id\":\"https:\\\/\\\/aconteceunovale.com.br\\\/portal\\\/#website\"},\"primaryImageOfPage\":{\"@id\":\"https:\\\/\\\/aconteceunovale.com.br\\\/portal\\\/?p=181108#primaryimage\"},\"image\":{\"@id\":\"https:\\\/\\\/aconteceunovale.com.br\\\/portal\\\/?p=181108#primaryimage\"},\"thumbnailUrl\":\"https:\\\/\\\/aconteceunovale.com.br\\\/portal\\\/wp-content\\\/uploads\\\/2021\\\/08\\\/palacio_planalto.jpg\",\"datePublished\":\"2021-08-21T11:55:38+00:00\",\"dateModified\":\"2021-08-21T11:56:34+00:00\",\"author\":{\"@id\":\"https:\\\/\\\/aconteceunovale.com.br\\\/portal\\\/#\\\/schema\\\/person\\\/7d2f26d1483f8a63de73da1ee0754d35\"},\"breadcrumb\":{\"@id\":\"https:\\\/\\\/aconteceunovale.com.br\\\/portal\\\/?p=181108#breadcrumb\"},\"inLanguage\":\"pt-BR\",\"potentialAction\":[{\"@type\":\"ReadAction\",\"target\":[\"https:\\\/\\\/aconteceunovale.com.br\\\/portal\\\/?p=181108\"]}]},{\"@type\":\"ImageObject\",\"inLanguage\":\"pt-BR\",\"@id\":\"https:\\\/\\\/aconteceunovale.com.br\\\/portal\\\/?p=181108#primaryimage\",\"url\":\"https:\\\/\\\/aconteceunovale.com.br\\\/portal\\\/wp-content\\\/uploads\\\/2021\\\/08\\\/palacio_planalto.jpg\",\"contentUrl\":\"https:\\\/\\\/aconteceunovale.com.br\\\/portal\\\/wp-content\\\/uploads\\\/2021\\\/08\\\/palacio_planalto.jpg\",\"width\":678,\"height\":406,\"caption\":\"Pal\u00e1cio do Planalto na Pra\u00e7a dos Tr\u00eas Poderes em Bras\u00edlia\"},{\"@type\":\"BreadcrumbList\",\"@id\":\"https:\\\/\\\/aconteceunovale.com.br\\\/portal\\\/?p=181108#breadcrumb\",\"itemListElement\":[{\"@type\":\"ListItem\",\"position\":1,\"name\":\"In\u00edcio\",\"item\":\"https:\\\/\\\/aconteceunovale.com.br\\\/portal\\\/\"},{\"@type\":\"ListItem\",\"position\":2,\"name\":\"Presidente Jair Bolsonaro veta fundo eleitoral de R$ 5,7 bilh\u00f5es para 2022\"}]},{\"@type\":\"WebSite\",\"@id\":\"https:\\\/\\\/aconteceunovale.com.br\\\/portal\\\/#website\",\"url\":\"https:\\\/\\\/aconteceunovale.com.br\\\/portal\\\/\",\"name\":\"Aconteceu no Vale\",\"description\":\"Portal de Not\u00edcias\",\"potentialAction\":[{\"@type\":\"SearchAction\",\"target\":{\"@type\":\"EntryPoint\",\"urlTemplate\":\"https:\\\/\\\/aconteceunovale.com.br\\\/portal\\\/?s={search_term_string}\"},\"query-input\":{\"@type\":\"PropertyValueSpecification\",\"valueRequired\":true,\"valueName\":\"search_term_string\"}}],\"inLanguage\":\"pt-BR\"},{\"@type\":\"Person\",\"@id\":\"https:\\\/\\\/aconteceunovale.com.br\\\/portal\\\/#\\\/schema\\\/person\\\/7d2f26d1483f8a63de73da1ee0754d35\",\"name\":\"Reda\u00e7\u00e3o Aconteceu no Vale\",\"description\":\"Equipe de reportagem do Aconteceu no Vale, portal de not\u00edcias do Vale do Jequitinhonha, em Minas Gerais. Cobrimos as 51 cidades do Vale desde 2013. Sugest\u00f5es de pauta e pedidos de corre\u00e7\u00e3o: contato@aconteceunovale.com.br\",\"url\":\"https:\\\/\\\/aconteceunovale.com.br\\\/portal\\\/?author=4\"}]}<\/script>\n<!-- \/ Yoast SEO plugin. -->","yoast_head_json":{"title":"Presidente Jair Bolsonaro veta fundo eleitoral de R$ 5,7 bilh\u00f5es para 2022 - Aconteceu no Vale","robots":{"index":"index","follow":"follow","max-snippet":"max-snippet:-1","max-image-preview":"max-image-preview:large","max-video-preview":"max-video-preview:-1"},"canonical":"https:\/\/aconteceunovale.com.br\/portal\/?p=181108","og_locale":"pt_BR","og_type":"article","og_title":"Presidente Jair Bolsonaro veta fundo eleitoral de R$ 5,7 bilh\u00f5es para 2022 - Aconteceu no Vale","og_description":"O presidente Jair Bolsonaro sancionou nesta sexta-feira (20\/8\/2021), com vetos parciais, a Lei de Diretrizes Or\u00e7ament\u00e1rias (LDO) de 2022. O\u00a0texto foi aprovado\u00a0pelo Congresso Nacional h\u00e1 pouco mais de um m\u00eas e o prazo para san\u00e7\u00e3o terminava justamente nesta sexta. Ponto mais pol\u00eamico da proposta, o aumento do Fundo Eleitoral, de R$ R$ 2 bilh\u00f5es para [&hellip;]","og_url":"https:\/\/aconteceunovale.com.br\/portal\/?p=181108","og_site_name":"Aconteceu no Vale","article_publisher":"https:\/\/www.facebook.com\/aconteceunovale\/","article_published_time":"2021-08-21T11:55:38+00:00","article_modified_time":"2021-08-21T11:56:34+00:00","og_image":[{"width":678,"height":406,"url":"https:\/\/aconteceunovale.com.br\/portal\/wp-content\/uploads\/2021\/08\/palacio_planalto.jpg","type":"image\/jpeg"}],"author":"Reda\u00e7\u00e3o Aconteceu no Vale","twitter_card":"summary_large_image","twitter_creator":"@noticiadosvales","twitter_site":"@noticiadosvales","twitter_misc":{"Escrito por":"Reda\u00e7\u00e3o Aconteceu no Vale","Est. tempo de leitura":"3 minutos"},"schema":{"@context":"https:\/\/schema.org","@graph":[{"@type":"Article","@id":"https:\/\/aconteceunovale.com.br\/portal\/?p=181108#article","isPartOf":{"@id":"https:\/\/aconteceunovale.com.br\/portal\/?p=181108"},"author":{"name":"Reda\u00e7\u00e3o Aconteceu no Vale","@id":"https:\/\/aconteceunovale.com.br\/portal\/#\/schema\/person\/7d2f26d1483f8a63de73da1ee0754d35"},"headline":"Presidente Jair Bolsonaro veta fundo eleitoral de R$ 5,7 bilh\u00f5es para 2022","datePublished":"2021-08-21T11:55:38+00:00","dateModified":"2021-08-21T11:56:34+00:00","mainEntityOfPage":{"@id":"https:\/\/aconteceunovale.com.br\/portal\/?p=181108"},"wordCount":684,"commentCount":0,"image":{"@id":"https:\/\/aconteceunovale.com.br\/portal\/?p=181108#primaryimage"},"thumbnailUrl":"https:\/\/aconteceunovale.com.br\/portal\/wp-content\/uploads\/2021\/08\/palacio_planalto.jpg","keywords":["Aumento do fundo eleitoral","Aumento do fundo eleitoral em 2022","Aumento do fundo eleitoral para quase R$ 6 bilh\u00f5es","Aumento do valor do fundo eleitoral","Bolsonaro","Congresso Nacional","destaque","fund\u00e3o","Fund\u00e3o eleitoral","Governo Federal","Governo federal prop\u00f5e sal\u00e1rio m\u00ednimo de R$ 1.147 em 2022","INPC","Jair Bolsonaro","LDO 2022","LDO de 2022","Lei de Diretrizes Or\u00e7ament\u00e1rias 2022","M\u00ednimo de 2022","Minist\u00e9rio da Economia","PLDO 2022","Proposta de sal\u00e1rio m\u00ednimo para 2022","Sal\u00e1rio m\u00ednimo de R$ 1.147 em 2022","Sal\u00e1rio m\u00ednimo em 2022","Valor do sal\u00e1rio m\u00ednimo em 2022","Veto ao fundo eleitoral"],"articleSection":["Brasil","Elei\u00e7\u00f5es 2022","Pol\u00edtica"],"inLanguage":"pt-BR","potentialAction":[{"@type":"CommentAction","name":"Comment","target":["https:\/\/aconteceunovale.com.br\/portal\/?p=181108#respond"]}]},{"@type":"WebPage","@id":"https:\/\/aconteceunovale.com.br\/portal\/?p=181108","url":"https:\/\/aconteceunovale.com.br\/portal\/?p=181108","name":"Presidente Jair Bolsonaro veta fundo eleitoral de R$ 5,7 bilh\u00f5es para 2022 - Aconteceu no Vale","isPartOf":{"@id":"https:\/\/aconteceunovale.com.br\/portal\/#website"},"primaryImageOfPage":{"@id":"https:\/\/aconteceunovale.com.br\/portal\/?p=181108#primaryimage"},"image":{"@id":"https:\/\/aconteceunovale.com.br\/portal\/?p=181108#primaryimage"},"thumbnailUrl":"https:\/\/aconteceunovale.com.br\/portal\/wp-content\/uploads\/2021\/08\/palacio_planalto.jpg","datePublished":"2021-08-21T11:55:38+00:00","dateModified":"2021-08-21T11:56:34+00:00","author":{"@id":"https:\/\/aconteceunovale.com.br\/portal\/#\/schema\/person\/7d2f26d1483f8a63de73da1ee0754d35"},"breadcrumb":{"@id":"https:\/\/aconteceunovale.com.br\/portal\/?p=181108#breadcrumb"},"inLanguage":"pt-BR","potentialAction":[{"@type":"ReadAction","target":["https:\/\/aconteceunovale.com.br\/portal\/?p=181108"]}]},{"@type":"ImageObject","inLanguage":"pt-BR","@id":"https:\/\/aconteceunovale.com.br\/portal\/?p=181108#primaryimage","url":"https:\/\/aconteceunovale.com.br\/portal\/wp-content\/uploads\/2021\/08\/palacio_planalto.jpg","contentUrl":"https:\/\/aconteceunovale.com.br\/portal\/wp-content\/uploads\/2021\/08\/palacio_planalto.jpg","width":678,"height":406,"caption":"Pal\u00e1cio do Planalto na Pra\u00e7a dos Tr\u00eas Poderes em Bras\u00edlia"},{"@type":"BreadcrumbList","@id":"https:\/\/aconteceunovale.com.br\/portal\/?p=181108#breadcrumb","itemListElement":[{"@type":"ListItem","position":1,"name":"In\u00edcio","item":"https:\/\/aconteceunovale.com.br\/portal\/"},{"@type":"ListItem","position":2,"name":"Presidente Jair Bolsonaro veta fundo eleitoral de R$ 5,7 bilh\u00f5es para 2022"}]},{"@type":"WebSite","@id":"https:\/\/aconteceunovale.com.br\/portal\/#website","url":"https:\/\/aconteceunovale.com.br\/portal\/","name":"Aconteceu no Vale","description":"Portal de Not\u00edcias","potentialAction":[{"@type":"SearchAction","target":{"@type":"EntryPoint","urlTemplate":"https:\/\/aconteceunovale.com.br\/portal\/?s={search_term_string}"},"query-input":{"@type":"PropertyValueSpecification","valueRequired":true,"valueName":"search_term_string"}}],"inLanguage":"pt-BR"},{"@type":"Person","@id":"https:\/\/aconteceunovale.com.br\/portal\/#\/schema\/person\/7d2f26d1483f8a63de73da1ee0754d35","name":"Reda\u00e7\u00e3o Aconteceu no Vale","description":"Equipe de reportagem do Aconteceu no Vale, portal de not\u00edcias do Vale do Jequitinhonha, em Minas Gerais. Cobrimos as 51 cidades do Vale desde 2013. Sugest\u00f5es de pauta e pedidos de corre\u00e7\u00e3o: contato@aconteceunovale.com.br","url":"https:\/\/aconteceunovale.com.br\/portal\/?author=4"}]}},"_links":{"self":[{"href":"https:\/\/aconteceunovale.com.br\/portal\/index.php?rest_route=\/wp\/v2\/posts\/181108","targetHints":{"allow":["GET"]}}],"collection":[{"href":"https:\/\/aconteceunovale.com.br\/portal\/index.php?rest_route=\/wp\/v2\/posts"}],"about":[{"href":"https:\/\/aconteceunovale.com.br\/portal\/index.php?rest_route=\/wp\/v2\/types\/post"}],"author":[{"embeddable":true,"href":"https:\/\/aconteceunovale.com.br\/portal\/index.php?rest_route=\/wp\/v2\/users\/4"}],"replies":[{"embeddable":true,"href":"https:\/\/aconteceunovale.com.br\/portal\/index.php?rest_route=%2Fwp%2Fv2%2Fcomments&post=181108"}],"version-history":[{"count":1,"href":"https:\/\/aconteceunovale.com.br\/portal\/index.php?rest_route=\/wp\/v2\/posts\/181108\/revisions"}],"predecessor-version":[{"id":181110,"href":"https:\/\/aconteceunovale.com.br\/portal\/index.php?rest_route=\/wp\/v2\/posts\/181108\/revisions\/181110"}],"wp:featuredmedia":[{"embeddable":true,"href":"https:\/\/aconteceunovale.com.br\/portal\/index.php?rest_route=\/wp\/v2\/media\/181109"}],"wp:attachment":[{"href":"https:\/\/aconteceunovale.com.br\/portal\/index.php?rest_route=%2Fwp%2Fv2%2Fmedia&parent=181108"}],"wp:term":[{"taxonomy":"category","embeddable":true,"href":"https:\/\/aconteceunovale.com.br\/portal\/index.php?rest_route=%2Fwp%2Fv2%2Fcategories&post=181108"},{"taxonomy":"post_tag","embeddable":true,"href":"https:\/\/aconteceunovale.com.br\/portal\/index.php?rest_route=%2Fwp%2Fv2%2Ftags&post=181108"}],"curies":[{"name":"wp","href":"https:\/\/api.w.org\/{rel}","templated":true}]}}