{"id":181101,"date":"2021-08-20T20:55:32","date_gmt":"2021-08-20T23:55:32","guid":{"rendered":"https:\/\/aconteceunovale.com.br\/portal\/?p=181101"},"modified":"2021-08-20T20:56:03","modified_gmt":"2021-08-20T23:56:03","slug":"minas-gerais-distribuira-mais-825-190-doses-de-vacinas-contra-covid-19","status":"publish","type":"post","link":"https:\/\/aconteceunovale.com.br\/portal\/?p=181101","title":{"rendered":"Minas Gerais distribuir\u00e1 mais 825.190 doses de vacinas contra Covid-19"},"content":{"rendered":"\n<p>O\u00a0Governo de Minas\u00a0inicia, na segunda-feira (23\/8\/2021), a distribui\u00e7\u00e3o de mais 825.190 imunizantes contra covid-19. Essa \u00e9 a 41\u00aa remessa enviada pelo Minist\u00e9rio da Sa\u00fade e conta com 419.200 doses da CoronaVac e 405.990 da Pfizer. No fim de semana ser\u00e1 realizada a log\u00edstica de distribui\u00e7\u00e3o dos imunizantes \u2013 contagem e separa\u00e7\u00e3o dos quantitativos que ser\u00e3o encaminhados \u00e0s Unidades Regionais de Sa\u00fade (URSs) e aos munic\u00edpios.<\/p>\n\n\n\n<figure class=\"wp-block-gallery columns-1 is-cropped wp-block-gallery-1 is-layout-flex wp-block-gallery-is-layout-flex\"><ul class=\"blocks-gallery-grid\"><li class=\"blocks-gallery-item\"><figure><img loading=\"lazy\" decoding=\"async\" width=\"675\" height=\"450\" src=\"https:\/\/aconteceunovale.com.br\/portal\/wp-content\/uploads\/2021\/08\/distribuicao_mg_vacinas.jpg\" alt=\"\" data-id=\"181103\" data-full-url=\"https:\/\/aconteceunovale.com.br\/portal\/wp-content\/uploads\/2021\/08\/distribuicao_mg_vacinas.jpg\" data-link=\"https:\/\/aconteceunovale.com.br\/portal\/?attachment_id=181103\" class=\"wp-image-181103\" srcset=\"https:\/\/aconteceunovale.com.br\/portal\/wp-content\/uploads\/2021\/08\/distribuicao_mg_vacinas.jpg 675w, https:\/\/aconteceunovale.com.br\/portal\/wp-content\/uploads\/2021\/08\/distribuicao_mg_vacinas-300x200.jpg 300w, https:\/\/aconteceunovale.com.br\/portal\/wp-content\/uploads\/2021\/08\/distribuicao_mg_vacinas-630x420.jpg 630w\" sizes=\"auto, (max-width: 675px) 100vw, 675px\" \/><figcaption class=\"blocks-gallery-item__caption\"><em>Foto: F\u00e1bio Marchetto \/ Ag\u00eancia Minas<\/em><\/figcaption><\/figure><\/li><\/ul><\/figure>\n\n\n\n<p>As doses ser\u00e3o direcionadas para o atendimento das pessoas por faixa et\u00e1ria descendente. Caber\u00e1 aos gestores municipais, ao identificar especificidade local que possa trazer riscos de manuten\u00e7\u00e3o das atividades essenciais, imunizar as pessoas envolvidas, seguindo a faixa et\u00e1ria na ordem descendente, utilizando as doses j\u00e1 enviadas pela\u00a0Secretaria de Estado de Sa\u00fade de Minas Gerais (SES-MG).<\/p>\n\n\n\n<ul class=\"wp-block-list\"><li><a href=\"https:\/\/aconteceunovale.com.br\/portal\/wp-content\/uploads\/2021\/08\/41_remessa_para_jornalismo.xlsx\" target=\"_blank\" rel=\"noreferrer noopener\">Clique aqui<\/a>\u00a0para acessar a planilha de distribui\u00e7\u00e3o da 41\u00aa remessa.<\/li><\/ul>\n\n\n\n<h3 class=\"wp-block-heading\"><strong>Acompanhe o quantitativo de cada remessa:<\/strong><\/h3>\n\n\n\n<p><strong>1\u00aa remessa &#8211; 18\/1\/2021<br><\/strong>&#8211; 577.480 doses de CoronaVac<\/p>\n\n\n\n<p><strong>2\u00aa remessa &#8211; 24\/1\/2021<br><\/strong>&#8211; 190.500 doses da AstraZeneca<\/p>\n\n\n\n<p><strong>3\u00aa remessa &#8211; 25\/1\/2021<br><\/strong>&#8211; 87.600 doses de CoronaVac<\/p>\n\n\n\n<p><strong>4\u00aa remessa &#8211; 7\/2\/2021<br><\/strong>&#8211; 315.600 doses de CoronaVac<\/p>\n\n\n\n<p><strong>5\u00aa remessa &#8211; 23\/2\/2021<br><\/strong>&#8211; 220.000 doses da AstraZeneca e 137.400 de CoronaVac<\/p>\n\n\n\n<p><strong>6\u00aa remessa &#8211; 3\/3\/2021<br><\/strong>&#8211; 285.200 doses de CoronaVac<\/p>\n\n\n\n<p><strong>7\u00aa remessa &#8211; 9\/3\/2021<br><\/strong>&#8211; 303.600 doses de CoronaVac<\/p>\n\n\n\n<p><strong>8\u00aa remessa &#8211; 17\/3\/2021<br><\/strong>&#8211; 509.800 doses de CoronaVac<\/p>\n\n\n\n<p><strong>9\u00aa remessa &#8211; 20\/3\/2021<br><\/strong>&#8211; 86.750 doses da AstraZeneca e 455.800 de CoronaVac<\/p>\n\n\n\n<p><strong>10\u00aa remessa &#8211; 26\/3\/2021<br><\/strong>&#8211; 116.600 doses da AstraZeneca e 359.000 de CoronaVac<\/p>\n\n\n\n<p><strong>11\u00aa remessa &#8211; 1\/4\/2021<br><\/strong>&#8211; 73.250 doses da AstraZeneca e 943.400 de CoronaVac<\/p>\n\n\n\n<p><strong>12\u00aa remessa &#8211; 8\/4\/2021<br><\/strong>&#8211; 257.750 da AstraZeneca e 220.400 de CoronaVac<\/p>\n\n\n\n<p><strong>13\u00aa remessa &#8211; 16\/4\/2021<br><\/strong>&#8211; 426.000 da AstraZeneca e 275.200 de CoronaVac<\/p>\n\n\n\n<p><strong>14\u00aa remessa &#8211; 23\/4\/2021<br>&#8211; <\/strong>316.750 doses da AstraZeneca e 73.800 de CoronaVac<\/p>\n\n\n\n<p><strong>15\u00aa remessa &#8211; 29\/4\/2021<br><\/strong>&#8211; 578.000 doses da AstraZeneca e 11.800 de CoronaVac<\/p>\n\n\n\n<p><strong>16\u00aa remessa<br><\/strong>&#8211; 30.400 doses de CoronaVac em 1\/5\/2021<br>&#8211; 676.250 doses da AstraZeneca em 3\/5\/2021<\/p>\n\n\n\n<p><strong>17\u00aa remessa &#8211; 3\/5\/2021<br><\/strong>&#8211; 50.310 doses da Pfizer<\/p>\n\n\n\n<p><strong>18\u00aa remessa<br><\/strong>&#8211; 396.500 doses da AstraZeneca em 6\/5\/2021<br>&#8211; 100.200 doses de CoronaVac em 8\/5\/2021<br>&#8211; 112.434 doses da Pfizer em 10\/5\/2021<\/p>\n\n\n\n<p><strong>19\u00aa remessa<br><\/strong>&#8211; 422.750 doses da AstraZeneca e 207.800 de CoronaVac em 13\/5\/2021<br>&#8211; 101.600 doses de CoronaVac em 14\/5\/2021<\/p>\n\n\n\n<p><strong>20\u00aa remessa &#8211; 18\/5\/2021<br><\/strong>&#8211; 435.500 doses da AstraZeneca, 8.200 de Coronavac e 64.350 da Pfizer<\/p>\n\n\n\n<p><strong>21\u00aa remessa &#8211; 26\/5\/2021<br><\/strong>&#8211; 561.750 doses da AstraZeneca e 60.840 da Pfizer<\/p>\n\n\n\n<p><strong>22\u00aa remessa<br><\/strong>&#8211; 588.500 doses da AstraZeneca em 2\/6\/2021<br>&#8211; 62.010 doses da Pfizer em 3\/6\/2021<\/p>\n\n\n\n<p><strong>23\u00aa remessa &#8211; 8\/6\/2021<br><\/strong>&#8211; 237.510 doses da Pfizer<\/p>\n\n\n\n<p><strong>24\u00aa remessa &#8211; 9\/6\/2021<br><\/strong>&#8211; 362.750 doses da AstraZeneca<\/p>\n\n\n\n<p><strong>25\u00aa remessa &#8211; 18\/6\/2021<br><\/strong>&#8211; 235.170 doses da Pfizer e 273.000 de CoronaVac<\/p>\n\n\n\n<p><strong>26\u00aa remessa &#8211; 21\/6\/2021<br><\/strong>&#8211; 862.000 doses da AstraZeneca<\/p>\n\n\n\n<p><strong>27\u00aa remessa &#8211; 24\/6\/2021<br><\/strong>&#8211; 346.800 doses de CoronaVac, 281.970 da Pfizer e 149.550 da Janssen<\/p>\n\n\n\n<p><strong>28\u00aa remessa<br><\/strong>&#8211; 624.500 doses da AstraZeneca em 30\/6\/2021<br>&#8211; 112.320 doses da Pfizer em 1\/7\/2021<br>&#8211; 342.300 doses da Janssen, 304.750 da AstraZeneca e 219.960 da Pfizer em 3\/7\/2021<\/p>\n\n\n\n<p><strong>29\u00aa remessa &#8211; 9\/7\/2021<br><\/strong>&#8211; 271.440 doses da Pfizer e 79.600 de CoronaVac<\/p>\n\n\n\n<p><strong>30\u00aa remessa &#8211; 15\/7\/2021<\/strong><br>&#8211; 379.750 doses da AstraZeneca<\/p>\n\n\n\n<p><strong>31\u00aa remessa<\/strong><br>&#8211; 171.400 doses de CoronaVac em 19\/7\/2021<br>&#8211; 550.050 doses da AstraZeneca e 120.510 doses da Pfizer em 20\/7\/2021<\/p>\n\n\n\n<p><strong>32\u00aa remessa<\/strong><br>&#8211; 330.600 doses de CoronaVac, 103.260 da AstraZeneca e 209.430 da Pfizer em 27\/7\/2021<br>&#8211; 234.750 doses da AstraZeneca em 28\/7\/2021<\/p>\n\n\n\n<p><strong>33\u00aa remessa &#8211; 30\/7\/72021<\/strong><br>&#8211; 351.000 doses da Pfizer e 290.200 de CoronaVac<\/p>\n\n\n\n<p><strong>34\u00aa remessa &#8211; 4\/8\/2021<\/strong><br>&#8211; 221.130 doses da Pfizer e 118.400 de CoronaVac<\/p>\n\n\n\n<p><strong>35\u00aa remessa &#8211; 6\/8\/2021<\/strong><br>&#8211; 349.830 doses da Pfizer, 425.650 da AstraZeneca e 8.650 da Janssen<\/p>\n\n\n\n<p><strong>36\u00aa remessa &#8211; 9\/8\/2021<\/strong><br>&#8211; 141.200 doses de CoronaVac e 296.010 da Pfizer<\/p>\n\n\n\n<p><strong>37\u00aa remessa &#8211; 11\/8\/2021<\/strong><br>&#8211; 104.130 doses da Pfizer e 104.250 da AstraZeneca&nbsp;<\/p>\n\n\n\n<p><strong>38\u00aa remessa &#8211; 13\/8\/2021<br><\/strong>&#8211; 162.630 doses da Pfizer e 257.480 de CoronaVac<\/p>\n\n\n\n<p><strong>39\u00aa remessa<\/strong><br>&#8211; 192.600 doses da CoronaVac e 322.920 da Pfizer<\/p>\n\n\n\n<p><strong>40\u00aa remessa<\/strong><br>&#8211; 301.250 doses da AstraZeneca e 131.040 da Pfizer<\/p>\n\n\n\n<p><strong>41\u00aa remessa &#8211; 20\/8\/2021<br><\/strong>419.200 doses de CoronaVac e 405.990 da Pfizer<\/p>\n\n\n\n<p><strong>Total: 22.108.004\u00a0doses<\/strong><\/p>\n\n\n\n<p>&#8212;&#8212;&#8212;&#8212;&#8212;&#8212;<br><em>Quer receber as not\u00edcias do <strong>Aconteceu no Vale<\/strong> em primeira m\u00e3o? Siga-nos no Facebook <a rel=\"noreferrer noopener\" href=\"http:\/\/facebook.com\/aconteceunovale\" target=\"_blank\">@aconteceunovale<\/a>, Twitter <a rel=\"noreferrer noopener\" href=\"https:\/\/twitter.com\/noticiadosvales\" target=\"_blank\">@noticiadosvales<\/a> e Instagram <a rel=\"noreferrer noopener\" href=\"https:\/\/www.instagram.com\/aconteceunovale\" target=\"_blank\">@aconteceunovale<\/a>.<\/em><\/p>\n","protected":false},"excerpt":{"rendered":"<p>O\u00a0Governo de Minas\u00a0inicia, na segunda-feira (23\/8\/2021), a distribui\u00e7\u00e3o de mais 825.190 imunizantes contra covid-19. Essa \u00e9 a 41\u00aa remessa enviada pelo Minist\u00e9rio da Sa\u00fade e conta com 419.200 doses da CoronaVac e 405.990 da Pfizer. No fim de semana ser\u00e1 realizada a log\u00edstica de distribui\u00e7\u00e3o dos imunizantes \u2013 contagem e separa\u00e7\u00e3o dos quantitativos que ser\u00e3o [&hellip;]<\/p>\n","protected":false},"author":4,"featured_media":181103,"comment_status":"open","ping_status":"closed","sticky":false,"template":"","format":"standard","meta":{"amp_status":"","footnotes":""},"categories":[123,40242],"tags":[240692,235100,235104,225081,246366,194,246611,217799,219851,235098,219853,22090,214884,216498,236448,239797,221718,1018,235105,231330,231334,184213,235103,135894,235094,235096,235097,249807,249924,246207,235095,246109,240007,235015,244364,243267,240691,241552,244425,240634,242407,235101,219855,215653,244868,221717,219854,219852,217692,231333,231337,231332,231336,246365,236858,221719,246107,178207,220285,220287,220286,235102,235099,234307,246364,231331,234309,249116,231335,246108],"class_list":["post-181101","post","type-post","status-publish","format-standard","has-post-thumbnail","hentry","category-gerais","category-saude-2","tag-6-mil-doses-de-vacinas-contra-covid-19-e-ampliara-imunizacao-para-idosos-de-65-a-69-anos","tag-adileia-pereira-de-jesus-cardoso","tag-adriana-vilella-avila-de-castro","tag-aplicativo-saude-digital","tag-app-saude-digital","tag-belo-horizonte","tag-calendario-da-vacinacao-contra-covid-19-em-minas-gerais","tag-casos-de-coronavirus-em-minas-gerais","tag-casos-de-covid-19-em-minas-gerais","tag-cece","tag-cidades-com-casos-de-coronavirus-em-minas-gerais","tag-confins","tag-coronavirus","tag-covid-19","tag-covid-19-minas-gerais-bate-novo-recorde-ao-registrar-mais-de-10-mil-casos-em-24h","tag-covid-19-minas-gerais-tem-recorde-de-mortes-e-de-casos-em-24h","tag-curados-do-coronavirus-em-minas-gerais","tag-destaque","tag-distribuicao-da-vacina-em-minas-gerais","tag-governador-detalha-plano-de-contingencia-para-vacinacao-contra-a-covid-19-em-minas-gerais","tag-governador-detalha-plano-de-contingencia-para-vacinacao-contra-o-novo-coronavirus-em-minas-gerais","tag-governador-romeu-zema","tag-hem","tag-hospital-eduardo-de-menezes","tag-iniciada-a-maior-operacao-de-vacinacao-da-historia-de-minas-gerais","tag-maior-operacao-de-vacinacao-da-historia-de-minas-gerais","tag-maria-bom-sucesso-pereira","tag-minas-gerais-distribui-mais-947-mil-doses-de-vacinas-contra-a-covid-19","tag-minas-gerais-distribuira-mais-825-190-doses-de-vacinas-contra-covid-19","tag-minas-gerais-e-o-segundo-estado-do-brasil-na-vacinacao-contra-a-covid-19","tag-minas-gerais-inicia-a-maior-operacao-de-vacinacao-da-sua-historia","tag-minas-gerais-passa-a-marca-de-41-mil-vidas-perdidas-para-a-covid-19","tag-minas-gerais-recebe-542-550-novas-doses-de-vacinas-contra-covid-19","tag-minas-gerais-recebe-561-mil-doses-da-coronavac","tag-minas-gerais-recebe-hoje-mais-589-800-doses-de-vacinas-contra-covid-19","tag-minas-gerais-recebe-hoje-mais-701-200-doses-de-vacinas-contra-covid-19","tag-minas-gerais-recebe-mais-475","tag-minas-gerais-recebe-mais-de-1-milhao-de-doses-de-vacinas-contra-covid-19","tag-minas-gerais-recebe-novas-doses-para-ampliar-vacinacao-contra-a-covid-19","tag-minas-gerais-recebera-mais-475-600-doses-de-vacinas-contra-a-covid-19","tag-minas-gerais-recebera-mais-478-150-doses-de-vacinas-contra-covid-19","tag-moises-alves-senra","tag-mortes-por-coronavirus-em-minas-gerais","tag-novo-coronavirus","tag-novo-lote-de-vacinas-vai-ampliar-vacinacao-de-grupos-prioritarios-em-minas-gerais","tag-numero-de-curados-do-coronavirus-em-minas-gerais","tag-numeros-do-coronavirus-em-minas-gerais","tag-obitos-por-coronavirus-em-minas-gerias","tag-pandemia-de-coronavirus","tag-plano-de-contingencia-para-vacinacao-contra-a-covid-19-em-minas-gerais","tag-plano-de-contingencia-para-vacinacao-contra-o-novo-coronavirus-em-minas-gerais","tag-plano-para-vacinacao-contra-a-covid-19-em-minas-gerais","tag-plano-para-vacinacao-contra-o-novo-coronavirus-em-minas-gerais","tag-previsao-de-vacinacao-de-todos-os-mineiros-contra-a-covid-19","tag-primeira-pessoa-vacinada-contra-a-covid-19-em-minas-gerais-recebe-a-segunda-dose","tag-recuperados-do-coronavirus-em-minas-gerais","tag-remessa-com-mais-de-650-mil-doses-de-vacinas-contra-covid-19-vai-estender-imunizacao-de-trabalhadores-da-educacao","tag-romeu-zema","tag-secretaria-de-saude-atualiza-numeros-do-coronavirus-em-minas-gerais","tag-secretaria-de-saude-de-minas-gerais-atualiza-numeros-do-coronavirus","tag-ses-mg-atualiza-numeros-do-coronavirus","tag-teresa-gamarano-barros","tag-thiago-liberio-santana-medina","tag-vacina-contra-covid-19-em-minas-gerais","tag-vacina-contra-covid-19-secretario-de-saude-estima-que-mineiros-receberao-pelo-menos-a-primeira-dose-ate-dezembro","tag-vacinacao-contra-a-covid-19-em-minas-gerais","tag-vacinacao-contra-covid-19-em-minas-gerais","tag-vacinacao-contra-covid-19-ultrapassa-marca-de-10-milhoes-de-primeiras-doses-aplicadas-em-minas-gerais","tag-vacinacao-contra-o-novo-coronavirus-em-minas-gerais","tag-vacinacao-de-professores-e-trabalhadores-da-educacao-em-minas-gerais"],"_links":{"self":[{"href":"https:\/\/aconteceunovale.com.br\/portal\/index.php?rest_route=\/wp\/v2\/posts\/181101","targetHints":{"allow":["GET"]}}],"collection":[{"href":"https:\/\/aconteceunovale.com.br\/portal\/index.php?rest_route=\/wp\/v2\/posts"}],"about":[{"href":"https:\/\/aconteceunovale.com.br\/portal\/index.php?rest_route=\/wp\/v2\/types\/post"}],"author":[{"embeddable":true,"href":"https:\/\/aconteceunovale.com.br\/portal\/index.php?rest_route=\/wp\/v2\/users\/4"}],"replies":[{"embeddable":true,"href":"https:\/\/aconteceunovale.com.br\/portal\/index.php?rest_route=%2Fwp%2Fv2%2Fcomments&post=181101"}],"version-history":[{"count":1,"href":"https:\/\/aconteceunovale.com.br\/portal\/index.php?rest_route=\/wp\/v2\/posts\/181101\/revisions"}],"predecessor-version":[{"id":181104,"href":"https:\/\/aconteceunovale.com.br\/portal\/index.php?rest_route=\/wp\/v2\/posts\/181101\/revisions\/181104"}],"wp:featuredmedia":[{"embeddable":true,"href":"https:\/\/aconteceunovale.com.br\/portal\/index.php?rest_route=\/wp\/v2\/media\/181103"}],"wp:attachment":[{"href":"https:\/\/aconteceunovale.com.br\/portal\/index.php?rest_route=%2Fwp%2Fv2%2Fmedia&parent=181101"}],"wp:term":[{"taxonomy":"category","embeddable":true,"href":"https:\/\/aconteceunovale.com.br\/portal\/index.php?rest_route=%2Fwp%2Fv2%2Fcategories&post=181101"},{"taxonomy":"post_tag","embeddable":true,"href":"https:\/\/aconteceunovale.com.br\/portal\/index.php?rest_route=%2Fwp%2Fv2%2Ftags&post=181101"}],"curies":[{"name":"wp","href":"https:\/\/api.w.org\/{rel}","templated":true}]}}