{"id":181093,"date":"2021-08-20T19:35:37","date_gmt":"2021-08-20T22:35:37","guid":{"rendered":"https:\/\/aconteceunovale.com.br\/portal\/?p=181093"},"modified":"2021-08-20T19:35:49","modified_gmt":"2021-08-20T22:35:49","slug":"tecnologia-faz-safra-de-alho-aumentar-30-em-gouveia-no-vale-do-jequitinhonha","status":"publish","type":"post","link":"https:\/\/aconteceunovale.com.br\/portal\/?p=181093","title":{"rendered":"Tecnologia faz safra de alho aumentar 30% em Gouveia, no Vale do Jequitinhonha"},"content":{"rendered":"\n<p>A colheita da safra do alho em Gouveia, no Vale do Jequitinhonha, deve atingir 210 toneladas entre agosto e setembro. Esta \u00e9 a expectativa da\u00a0<a rel=\"noreferrer noopener\" href=\"https:\/\/www.emater.mg.gov.br\/\" target=\"_blank\">Empresa de Assist\u00eancia T\u00e9cnica e Extens\u00e3o Rural do Estado de Minas Gerais (Emater-MG)<\/a>, que auxilia produtores na implanta\u00e7\u00e3o da tecnologia de produ\u00e7\u00e3o de alho livre de v\u00edrus, desde 2016, em parceria com a Embrapa e a prefeitura local.<\/p>\n\n\n\n<figure class=\"wp-block-gallery columns-1 is-cropped wp-block-gallery-1 is-layout-flex wp-block-gallery-is-layout-flex\"><ul class=\"blocks-gallery-grid\"><li class=\"blocks-gallery-item\"><figure><img loading=\"lazy\" decoding=\"async\" width=\"678\" height=\"425\" src=\"https:\/\/aconteceunovale.com.br\/portal\/wp-content\/uploads\/2021\/08\/alho_gouveia_1.jpg\" alt=\"\" data-id=\"181094\" data-full-url=\"https:\/\/aconteceunovale.com.br\/portal\/wp-content\/uploads\/2021\/08\/alho_gouveia_1.jpg\" data-link=\"https:\/\/aconteceunovale.com.br\/portal\/?attachment_id=181094\" class=\"wp-image-181094\" srcset=\"https:\/\/aconteceunovale.com.br\/portal\/wp-content\/uploads\/2021\/08\/alho_gouveia_1.jpg 678w, https:\/\/aconteceunovale.com.br\/portal\/wp-content\/uploads\/2021\/08\/alho_gouveia_1-300x188.jpg 300w, https:\/\/aconteceunovale.com.br\/portal\/wp-content\/uploads\/2021\/08\/alho_gouveia_1-670x420.jpg 670w\" sizes=\"auto, (max-width: 678px) 100vw, 678px\" \/><figcaption class=\"blocks-gallery-item__caption\"><em>Foto: Divulga\u00e7\u00e3o \/ Emater-MG<\/em><\/figcaption><\/figure><\/li><\/ul><\/figure>\n\n\n\n<p>A \u00e1rea cultivada (cerca de 15 hectares) deve alcan\u00e7ar uma produtividade de 14 toneladas por hectare, um aumento de 30% em rela\u00e7\u00e3o ao ano passado, tamb\u00e9m em fun\u00e7\u00e3o da cultivar livre de v\u00edrus desenvolvida pela Embrapa Hortali\u00e7as. Al\u00e9m da implanta\u00e7\u00e3o da variedade, a Emater-MG ainda ajudou na instala\u00e7\u00e3o de uma unidade de multiplica\u00e7\u00e3o deste tipo de alho.<\/p>\n\n\n\n<p>\u201cA parceria com a Embrapa fortaleceu muito a cultura do alho no munic\u00edpio. Com ela foi poss\u00edvel adquirir um telado (c\u00f4modo com estrutura em madeira e tela), em que cultivamos a variedade Amarante livre de v\u00edrus. Com essa cultivar, estamos tendo uma grande melhoria da produ\u00e7\u00e3o e na qualidade do alho do munic\u00edpio\u201d, explica o extensionista da Emater-MG, Adriano de Carvalho Gomes.<\/p>\n\n\n\n<p><br>Atualmente, em Gouveia, mais de cem produtores trabalham com o cultivo do alho. \u201cA cultura \u00e9 uma importante fonte de renda no munic\u00edpio e nossa meta \u00e9 crescer todo ano at\u00e9 atingir posi\u00e7\u00e3o de destaque nacional\u201d, diz a chefe do Departamento de Agricultura e Meio Ambiente da Prefeitura de Gouveia, Paula Aparecida Trindade.<\/p>\n\n\n\n<h2 class=\"wp-block-heading\"><strong>Clima prop\u00edcio<\/strong><\/h2>\n\n\n\n<p>O produtor Jurandir Pereira diz que o munic\u00edpio tem uma produ\u00e7\u00e3o agropecu\u00e1ria variada, mas o principal produto de Gouveia \u00e9 mesmo o alho. \u201c\u00c9 uma tradi\u00e7\u00e3o passada de pai para filho e depois neto. Assim, a gente vai dando continuidade ao trabalho com a cultura\u201d, conta.\u00a0<\/p>\n\n\n\n<p>O t\u00e9cnico da Emater comenta que a regi\u00e3o tem um clima prop\u00edcio para a produ\u00e7\u00e3o de alho, por causa da altitude (acima de 1.000 metros) e da boa oferta de \u00e1gua, necess\u00e1ria para a irriga\u00e7\u00e3o da lavoura, cujo plantio ocorre no m\u00eas de abril (in\u00edcio do per\u00edodo seco).<\/p>\n\n\n\n<figure class=\"wp-block-gallery columns-1 is-cropped wp-block-gallery-2 is-layout-flex wp-block-gallery-is-layout-flex\"><ul class=\"blocks-gallery-grid\"><li class=\"blocks-gallery-item\"><figure><img loading=\"lazy\" decoding=\"async\" width=\"678\" height=\"419\" src=\"https:\/\/aconteceunovale.com.br\/portal\/wp-content\/uploads\/2021\/08\/alho_gouveia_2.jpg\" alt=\"\" data-id=\"181095\" data-full-url=\"https:\/\/aconteceunovale.com.br\/portal\/wp-content\/uploads\/2021\/08\/alho_gouveia_2.jpg\" data-link=\"https:\/\/aconteceunovale.com.br\/portal\/?attachment_id=181095\" class=\"wp-image-181095\" srcset=\"https:\/\/aconteceunovale.com.br\/portal\/wp-content\/uploads\/2021\/08\/alho_gouveia_2.jpg 678w, https:\/\/aconteceunovale.com.br\/portal\/wp-content\/uploads\/2021\/08\/alho_gouveia_2-300x185.jpg 300w, https:\/\/aconteceunovale.com.br\/portal\/wp-content\/uploads\/2021\/08\/alho_gouveia_2-356x220.jpg 356w\" sizes=\"auto, (max-width: 678px) 100vw, 678px\" \/><figcaption class=\"blocks-gallery-item__caption\"><em>Foto: Divulga\u00e7\u00e3o \/ Emater-MG<\/em><\/figcaption><\/figure><\/li><\/ul><\/figure>\n\n\n\n<h2 class=\"wp-block-heading\"><strong>Mercado<\/strong><\/h2>\n\n\n\n<p>O consumo de alho cresceu 20% no Brasil em 2020, segundo estimativa da Embrapa Hortali\u00e7as.\u00a0<\/p>\n\n\n\n<p>J\u00e1 a produ\u00e7\u00e3o do bulbo atingiu 36 milh\u00f5es de caixas de 10 quilos, confirmado uma boa expans\u00e3o da cultura no pa\u00eds nos \u00faltimos anos.\u00a0<\/p>\n\n\n\n<p>Em seis anos, as lavouras sa\u00edram de menos de 10 mil hectares para 14 mil hectares, enquanto a produtividade saltou de nove para 15 toneladas por hectare no per\u00edodo.<\/p>\n\n\n\n<p>&#8212;&#8212;&#8212;&#8212;&#8212;&#8212;<br><em>Quer receber as not\u00edcias do <strong>Aconteceu no Vale<\/strong> em primeira m\u00e3o? Siga-nos no Facebook <a rel=\"noreferrer noopener\" href=\"http:\/\/facebook.com\/aconteceunovale\" target=\"_blank\">@aconteceunovale<\/a>, Twitter <a rel=\"noreferrer noopener\" href=\"https:\/\/twitter.com\/noticiadosvales\" target=\"_blank\">@noticiadosvales<\/a> e Instagram <a rel=\"noreferrer noopener\" href=\"https:\/\/www.instagram.com\/aconteceunovale\" target=\"_blank\">@aconteceunovale<\/a>.<\/em><\/p>\n","protected":false},"excerpt":{"rendered":"<p>A colheita da safra do alho em Gouveia, no Vale do Jequitinhonha, deve atingir 210 toneladas entre agosto e setembro. Esta \u00e9 a expectativa da\u00a0Empresa de Assist\u00eancia T\u00e9cnica e Extens\u00e3o Rural do Estado de Minas Gerais (Emater-MG), que auxilia produtores na implanta\u00e7\u00e3o da tecnologia de produ\u00e7\u00e3o de alho livre de v\u00edrus, desde 2016, em parceria [&hellip;]<\/p>\n","protected":false},"author":4,"featured_media":181094,"comment_status":"open","ping_status":"closed","sticky":false,"template":"","format":"standard","meta":{"amp_status":"","footnotes":""},"categories":[120],"tags":[249908,249904,246028,249911,249905,249902,249903,249909,1018,25775,246025,2998,249912,249913,249910,249907,249901,249899,249900,249906],"class_list":["post-181093","post","type-post","status-publish","format-standard","has-post-thumbnail","hentry","category-jequi","tag-adriano-de-carvalho-gomes","tag-alho-gouveia","tag-alho-livre-de-virus","tag-clima-propicio-para-o-alho","tag-colheita-de-alho-em-gouveia","tag-cultivo-de-alho-em-gouveia","tag-cultura-de-alho-em-gouveia","tag-departamento-de-agricultura-e-meio-ambiente-da-prefeitura-de-gouveia","tag-destaque","tag-emater-mg","tag-embrapa-hortalicas","tag-gouveia","tag-jurandir-pereira","tag-mercado-do-alho","tag-paula-aparecida-trindade","tag-prefeitura-de-gouveia","tag-producao-de-alho-em-gouveia","tag-produtores-de-gouveia-vao-colher-uma-safra-de-alho-30-maior","tag-safra-de-alho-em-gouveia","tag-tecnologia-faz-safra-de-alho-aumentar-30-em-gouveia"],"_links":{"self":[{"href":"https:\/\/aconteceunovale.com.br\/portal\/index.php?rest_route=\/wp\/v2\/posts\/181093","targetHints":{"allow":["GET"]}}],"collection":[{"href":"https:\/\/aconteceunovale.com.br\/portal\/index.php?rest_route=\/wp\/v2\/posts"}],"about":[{"href":"https:\/\/aconteceunovale.com.br\/portal\/index.php?rest_route=\/wp\/v2\/types\/post"}],"author":[{"embeddable":true,"href":"https:\/\/aconteceunovale.com.br\/portal\/index.php?rest_route=\/wp\/v2\/users\/4"}],"replies":[{"embeddable":true,"href":"https:\/\/aconteceunovale.com.br\/portal\/index.php?rest_route=%2Fwp%2Fv2%2Fcomments&post=181093"}],"version-history":[{"count":1,"href":"https:\/\/aconteceunovale.com.br\/portal\/index.php?rest_route=\/wp\/v2\/posts\/181093\/revisions"}],"predecessor-version":[{"id":181096,"href":"https:\/\/aconteceunovale.com.br\/portal\/index.php?rest_route=\/wp\/v2\/posts\/181093\/revisions\/181096"}],"wp:featuredmedia":[{"embeddable":true,"href":"https:\/\/aconteceunovale.com.br\/portal\/index.php?rest_route=\/wp\/v2\/media\/181094"}],"wp:attachment":[{"href":"https:\/\/aconteceunovale.com.br\/portal\/index.php?rest_route=%2Fwp%2Fv2%2Fmedia&parent=181093"}],"wp:term":[{"taxonomy":"category","embeddable":true,"href":"https:\/\/aconteceunovale.com.br\/portal\/index.php?rest_route=%2Fwp%2Fv2%2Fcategories&post=181093"},{"taxonomy":"post_tag","embeddable":true,"href":"https:\/\/aconteceunovale.com.br\/portal\/index.php?rest_route=%2Fwp%2Fv2%2Ftags&post=181093"}],"curies":[{"name":"wp","href":"https:\/\/api.w.org\/{rel}","templated":true}]}}