{"id":181091,"date":"2021-08-20T19:10:26","date_gmt":"2021-08-20T22:10:26","guid":{"rendered":"https:\/\/aconteceunovale.com.br\/portal\/?p=181091"},"modified":"2021-08-20T19:11:28","modified_gmt":"2021-08-20T22:11:28","slug":"85-milhoes-de-pessoas-estao-atrasadas-com-a-2a-dose-de-vacina-contra-covid-19","status":"publish","type":"post","link":"https:\/\/aconteceunovale.com.br\/portal\/?p=181091","title":{"rendered":"8,5 milh\u00f5es de pessoas est\u00e3o atrasadas com a 2\u00aa dose de vacina contra Covid-19"},"content":{"rendered":"\n<p>No Brasil, cerca de 8,5 milh\u00f5es de pessoas est\u00e3o atrasadas para tomar a segunda dose de imunizantes contra a covid-19, revela levantamento feito pelo Minist\u00e9rio da Sa\u00fade, que alerta para os riscos das pessoas n\u00e3o completarem o ciclo vacinal.<\/p>\n\n\n\n<p>Conforme os dados mais recentes do painel de vacina\u00e7\u00e3o do minist\u00e9rio, 53,2 milh\u00f5es de pessoas tomaram a segunda dose. O n\u00famero de atrasados corresponde a 16% dos brasileiros que completaram o ciclo.<\/p>\n\n\n\n<p>Na avalia\u00e7\u00e3o por estados, os que t\u00eam mais pessoas em atraso s\u00e3o, na ordem, S\u00e3o Paulo, com 1,69 milh\u00e3o; Rio&nbsp;de Janeiro, com 1,06 milh\u00e3o; e Minas Gerais, com 1,02 milh\u00e3o.<\/p>\n\n\n\n<p>Especialistas e autoridades do setor de sa\u00fade consideram fundamental a conclus\u00e3o do ciclo vacinal, uma vez que apenas a primeira dose de imunizante n\u00e3o garante prote\u00e7\u00e3o adequada contra o v\u00edrus, especialmente com a dissemina\u00e7\u00e3o da variante Delta.<\/p>\n\n\n\n<p>Um estudo de feito por institui\u00e7\u00f5es de pesquisa e universidades inglesas, publicado no peri\u00f3dico cient\u00edfico&nbsp;<em>New England Journal of Medicine<\/em>&nbsp;no dia 12 deste m\u00eas, trata da efic\u00e1cia de vacinas contra as variantes Alfa e Delta. Segundo a publica\u00e7\u00e3o, a efic\u00e1cia da vacina da AstraZeneca na variante Alfa foi de 48,7% com a primeira dose e de 74,5%. com a segunda. J\u00e1, quando analisada a din\u00e2mica do imunizante com a variante Delta, a efic\u00e1cia foi de 30% com a primeira dose e de 67%, com a segunda.<\/p>\n\n\n\n<p>Para a vacina da Pfizer\/BioNTech, os \u00edndices de efic\u00e1cia para a variante Alfa foram de 47,5% na primeira dose e de 93,7%, com a segunda. Nos casos de infec\u00e7\u00e3o com a variante Delta, os percentuais atingiram 35,6% com a primeira dose e 88%, com a segunda.<\/p>\n\n\n\n<p>\u201cDiferen\u00e7as absolutas na efic\u00e1cia das vacinas foram mais marcadas ap\u00f3s a primeira dose. Essa conclus\u00e3o vai ao encontro dos esfor\u00e7os para maximizar o avan\u00e7o da vacina\u00e7\u00e3o com duas doses entre popula\u00e7\u00f5es vulner\u00e1veis\u201d, concluem os autores do estudo.<\/p>\n\n\n\n<p>&#8212;&#8212;&#8212;&#8212;&#8212;&#8212;<br><em>Quer receber as not\u00edcias do <strong>Aconteceu no Vale<\/strong> em primeira m\u00e3o? Siga-nos no Facebook <a rel=\"noreferrer noopener\" href=\"http:\/\/facebook.com\/aconteceunovale\" target=\"_blank\">@aconteceunovale<\/a>, Twitter <a rel=\"noreferrer noopener\" href=\"https:\/\/twitter.com\/noticiadosvales\" target=\"_blank\">@noticiadosvales<\/a> e Instagram <a rel=\"noreferrer noopener\" href=\"https:\/\/www.instagram.com\/aconteceunovale\" target=\"_blank\">@aconteceunovale<\/a>.<\/em><\/p>\n","protected":false},"excerpt":{"rendered":"<p>No Brasil, cerca de 8,5 milh\u00f5es de pessoas est\u00e3o atrasadas para tomar a segunda dose de imunizantes contra a covid-19, revela levantamento feito pelo Minist\u00e9rio da Sa\u00fade, que alerta para os riscos das pessoas n\u00e3o completarem o ciclo vacinal. Conforme os dados mais recentes do painel de vacina\u00e7\u00e3o do minist\u00e9rio, 53,2 milh\u00f5es de pessoas tomaram [&hellip;]<\/p>\n","protected":false},"author":4,"featured_media":180773,"comment_status":"open","ping_status":"closed","sticky":false,"template":"","format":"standard","meta":{"amp_status":"","footnotes":""},"categories":[6,40242],"tags":[248769,4785,249773,215394,218043,1018,246445,224484,134903,241171,248771,248770,239472],"class_list":["post-181091","post","type-post","status-publish","format-standard","has-post-thumbnail","hentry","category-br","category-saude-2","tag-40-milhoes-de-pessoas-ja-completaram-o-ciclo-de-vacinacao-contra-a-covid-19-no-brasil","tag-brasil","tag-brasil-atinge-50-milhoes-de-pessoas-com-vacinacao-completa-contra-covid-19","tag-coronavirus-no-brasil","tag-covid-19-no-brasil","tag-destaque","tag-imunizacao-contra-covid-19-no-brasil","tag-pandemia-no-brasil","tag-pni","tag-programa-nacional-de-imunizacao","tag-totalmente-imunizado-no-brasil","tag-vacinacao-completa-no-brasil","tag-vacinacao-contra-covid-19-no-brasil"],"_links":{"self":[{"href":"https:\/\/aconteceunovale.com.br\/portal\/index.php?rest_route=\/wp\/v2\/posts\/181091","targetHints":{"allow":["GET"]}}],"collection":[{"href":"https:\/\/aconteceunovale.com.br\/portal\/index.php?rest_route=\/wp\/v2\/posts"}],"about":[{"href":"https:\/\/aconteceunovale.com.br\/portal\/index.php?rest_route=\/wp\/v2\/types\/post"}],"author":[{"embeddable":true,"href":"https:\/\/aconteceunovale.com.br\/portal\/index.php?rest_route=\/wp\/v2\/users\/4"}],"replies":[{"embeddable":true,"href":"https:\/\/aconteceunovale.com.br\/portal\/index.php?rest_route=%2Fwp%2Fv2%2Fcomments&post=181091"}],"version-history":[{"count":1,"href":"https:\/\/aconteceunovale.com.br\/portal\/index.php?rest_route=\/wp\/v2\/posts\/181091\/revisions"}],"predecessor-version":[{"id":181092,"href":"https:\/\/aconteceunovale.com.br\/portal\/index.php?rest_route=\/wp\/v2\/posts\/181091\/revisions\/181092"}],"wp:featuredmedia":[{"embeddable":true,"href":"https:\/\/aconteceunovale.com.br\/portal\/index.php?rest_route=\/wp\/v2\/media\/180773"}],"wp:attachment":[{"href":"https:\/\/aconteceunovale.com.br\/portal\/index.php?rest_route=%2Fwp%2Fv2%2Fmedia&parent=181091"}],"wp:term":[{"taxonomy":"category","embeddable":true,"href":"https:\/\/aconteceunovale.com.br\/portal\/index.php?rest_route=%2Fwp%2Fv2%2Fcategories&post=181091"},{"taxonomy":"post_tag","embeddable":true,"href":"https:\/\/aconteceunovale.com.br\/portal\/index.php?rest_route=%2Fwp%2Fv2%2Ftags&post=181091"}],"curies":[{"name":"wp","href":"https:\/\/api.w.org\/{rel}","templated":true}]}}