{"id":181088,"date":"2021-08-20T19:05:35","date_gmt":"2021-08-20T22:05:35","guid":{"rendered":"https:\/\/aconteceunovale.com.br\/portal\/?p=181088"},"modified":"2021-08-20T19:07:06","modified_gmt":"2021-08-20T22:07:06","slug":"cantor-sergio-reis-e-deputado-otoni-de-paula-sao-alvos-de-operacao-da-policia-federal","status":"publish","type":"post","link":"https:\/\/aconteceunovale.com.br\/portal\/?p=181088","title":{"rendered":"Cantor S\u00e9rgio Reis e deputado Otoni de Paula s\u00e3o alvos de opera\u00e7\u00e3o da Pol\u00edcia Federal"},"content":{"rendered":"\n<p>A Pol\u00edcia Federal cumpriu, na manh\u00e3 desta sexta-feira (20\/8\/2021), mandados de busca e apreens\u00e3o em opera\u00e7\u00e3o que teve entre os alvos o cantor S\u00e9rgio Reis e o deputado federal Otoni de Paula (PSC-RJ). As determina\u00e7\u00f5es foram expedidas pelo ministro Alexandre de Moraes, do Supremo Tribunal Federal (STF), a pedido da Procuradoria-Geral da Rep\u00fablica no \u00e2mbito das investiga\u00e7\u00f5es sobre ataques a institui\u00e7\u00f5es.<\/p>\n\n\n\n<figure class=\"wp-block-gallery columns-1 is-cropped wp-block-gallery-1 is-layout-flex wp-block-gallery-is-layout-flex\"><ul class=\"blocks-gallery-grid\"><li class=\"blocks-gallery-item\"><figure><img loading=\"lazy\" decoding=\"async\" width=\"678\" height=\"447\" src=\"https:\/\/aconteceunovale.com.br\/portal\/wp-content\/uploads\/2021\/08\/sergio_reis_otoni.png\" alt=\"\" data-id=\"181089\" data-full-url=\"https:\/\/aconteceunovale.com.br\/portal\/wp-content\/uploads\/2021\/08\/sergio_reis_otoni.png\" data-link=\"https:\/\/aconteceunovale.com.br\/portal\/?attachment_id=181089\" class=\"wp-image-181089\" srcset=\"https:\/\/aconteceunovale.com.br\/portal\/wp-content\/uploads\/2021\/08\/sergio_reis_otoni.png 678w, https:\/\/aconteceunovale.com.br\/portal\/wp-content\/uploads\/2021\/08\/sergio_reis_otoni-300x198.png 300w, https:\/\/aconteceunovale.com.br\/portal\/wp-content\/uploads\/2021\/08\/sergio_reis_otoni-637x420.png 637w\" sizes=\"auto, (max-width: 678px) 100vw, 678px\" \/><figcaption class=\"blocks-gallery-item__caption\"><em>Fotos: Reprodu\u00e7\u00e3o \/ C\u00e2mara dos Deputados<\/em><\/figcaption><\/figure><\/li><\/ul><\/figure>\n\n\n\n<p>A a\u00e7\u00e3o da Pol\u00edcia Federal ocorreu em seis estados \u2013 Santa Catarina, S\u00e3o Paulo, Rio de Janeiro, Mato Grosso, Cear\u00e1 e Paran\u00e1 \u2013 e no Distrito Federal. Segundo a PF, o objetivo \u00e9 apurar <em>\u201co eventual cometimento do crime de incitar a popula\u00e7\u00e3o, atrav\u00e9s das redes sociais, a praticar atos violentos e amea\u00e7adores contra a democracia, o Estado de Direito e suas institui\u00e7\u00f5es, bem como contra os membros dos Poderes\u201d.<\/em><\/p>\n\n\n\n<p>Um dos locais de busca da PF na manh\u00e3 de hoje foi o gabinete do deputado Otoni de Paula, em Bras\u00edlia. Diante da opera\u00e7\u00e3o, o parlamentar divulgou um v\u00eddeo pelo Facebook no qual defende o direito de expressar seus pensamentos. <em>\u201cN\u00e3o vou recuar um mil\u00edmetro dentro do que a democracia me permite, dentro do que a Constitui\u00e7\u00e3o me permite. Esse deputado federal aqui, esse cidad\u00e3o brasileiro aqui investido da autoridade parlamentar n\u00e3o vai recuar um mil\u00edmetro. Se algu\u00e9m pensa que vou deixar de falar o que penso, se algu\u00e9m pensa que vou deixar de ter a mesma postura que tenho, eu n\u00e3o vou deixar de ter. Algu\u00e9m poder\u00e1 dizer, voc\u00ea acha que pode ser preso? N\u00e3o! Eu n\u00e3o fiz nada para ser preso. Claro que estamos vivendo em um estado exce\u00e7\u00e3o no Brasil\u201d,<\/em> afirmou.<\/p>\n\n\n\n<p>Nesta semana, ap\u00f3s vir a p\u00fablico um v\u00eddeo em que convocava caminhoneiros para um protesto no dia 7 de setembro contra o STF, S\u00e9rgio Reis passou a ser investigado em um inqu\u00e9rito aberto pela Pol\u00edcia Civil do Distrito Federal. O artista tamb\u00e9m \u00e9 alvo de uma representa\u00e7\u00e3o assinada por 29 subprocuradores gerais da Rep\u00fablica.<\/p>\n\n\n\n<p>Durante a semana, o cantor disse que estava arrependido, mas que n\u00e3o tem medo de ser preso. <em>\u201cSe n\u00e3o fizer uma paralisa\u00e7\u00e3o, n\u00e3o muda este pa\u00eds. N\u00e3o sou frouxo. N\u00e3o sou mulher. Cadeia \u00e9 para homem. Eu n\u00e3o sa\u00ed daqui de casa. Estou aqui em casa quietinho. Se a [Pol\u00edcia] Federal vier me buscar, eu vou. N\u00e3o matei ningu\u00e9m. N\u00e3o prejudiquei ningu\u00e9m. Nunca falei mal de nenhum ministro\u201d, <\/em>afirmou.<\/p>\n\n\n\n<h2 class=\"wp-block-heading\">Inqu\u00e9rito<\/h2>\n\n\n\n<p>O ministro Alexandre de Moraes determinou a instaura\u00e7\u00e3o de inqu\u00e9rito solicitada pela Procuradoria-Geral da Rep\u00fablica, para investigar Otoni de Paula, S\u00e9rgio Reis e outras oito pessoas.<\/p>\n\n\n\n<p>Al\u00e9m da abertura de inqu\u00e9rito, o ministro determinou oitivas dos investigados logo ap\u00f3s a realiza\u00e7\u00e3o da busca e apreens\u00e3o.<\/p>\n\n\n\n<p>Tamb\u00e9m foi definida restri\u00e7\u00e3o dos investigados de aproxima\u00e7\u00e3o de 1 km de raio da pra\u00e7a dos tr\u00eas Poderes, dos ministros do STF e dos senadores. <em>\u201cA presente restri\u00e7\u00e3o somente n\u00e3o se aplicar\u00e1 ao deputado federal Otoni Moura de Paulo J\u00fanior, em raz\u00e3o da necessidade do exerc\u00edcio de suas atividades parlamentares\u201d,<\/em> diz a decis\u00e3o.<\/p>\n\n\n\n<p>&#8212;&#8212;&#8212;&#8212;&#8212;&#8212;<br><em>Quer receber as not\u00edcias do <strong>Aconteceu no Vale<\/strong> em primeira m\u00e3o? Siga-nos no Facebook <a rel=\"noreferrer noopener\" href=\"http:\/\/facebook.com\/aconteceunovale\" target=\"_blank\">@aconteceunovale<\/a>, Twitter <a rel=\"noreferrer noopener\" href=\"https:\/\/twitter.com\/noticiadosvales\" target=\"_blank\">@noticiadosvales<\/a> e Instagram <a rel=\"noreferrer noopener\" href=\"https:\/\/www.instagram.com\/aconteceunovale\" target=\"_blank\">@aconteceunovale<\/a>.<\/em><\/p>\n","protected":false},"excerpt":{"rendered":"<p>A Pol\u00edcia Federal cumpriu, na manh\u00e3 desta sexta-feira (20\/8\/2021), mandados de busca e apreens\u00e3o em opera\u00e7\u00e3o que teve entre os alvos o cantor S\u00e9rgio Reis e o deputado federal Otoni de Paula (PSC-RJ). As determina\u00e7\u00f5es foram expedidas pelo ministro Alexandre de Moraes, do Supremo Tribunal Federal (STF), a pedido da Procuradoria-Geral da Rep\u00fablica no \u00e2mbito [&hellip;]<\/p>\n","protected":false},"author":4,"featured_media":181089,"comment_status":"open","ping_status":"closed","sticky":false,"template":"","format":"standard","meta":{"amp_status":"","footnotes":""},"categories":[6,40240],"tags":[35211,100375,4606,249889,249664,249672,249896,249895,1018,249675,249898,26436,249674,249670,249669,249667,249668,35849,249666,249897,249890,249671,174636,249893,249891,249673,249894,249892,174222,65755,249665,28511,28510],"class_list":["post-181088","post","type-post","status-publish","format-standard","has-post-thumbnail","hentry","category-br","category-politica-2","tag-alexandre-de-moraes","tag-bolsonaro","tag-brasilia","tag-cantor-sergio-reis-e-deputado-otoni-de-paula-sao-alvos-de-operacao-da-policia-federal","tag-cantor-sergio-reis-organiza-manifestacao-com-caminhoneiros-a-favor-de-do-presidente-jair-bolsonaro","tag-conselho-nacional-do-transporte-rodoviario-de-cargas","tag-deputado-federal-otoni-de-paula","tag-deputado-otoni-de-paula","tag-destaque","tag-gbn-pro-caminhoneiro-autonomo-independente","tag-investigados-por-ataques-contra-o-stf","tag-jair-bolsonaro","tag-joelmes-correia","tag-manifestacao-7-de-setembro-sergio-reis","tag-manifestacao-caminhoneiros-cantor-sergio-reis","tag-manifestacao-caminhoneiros-sergio-reis","tag-manifestacao-cantor-sergio-reis","tag-manifestacao-de-caminhoneiros","tag-manifestacao-sergio-reis","tag-ministro-alexandre-de-morais","tag-operacao-da-pf-contra-sergio-reis","tag-paralisacao-7-de-setembro-sergio-reis","tag-paralisacao-de-caminhoneiros","tag-pf-otoni-de-paula","tag-pf-sergio-reis","tag-plinio-dias","tag-policia-federal-otoni-de-paula","tag-policia-federal-sergio-reis","tag-presidente-jair-bolsonaro","tag-protesto-de-caminhoneiros","tag-sergio-reis","tag-stf","tag-supremo-tribunal-federal"],"_links":{"self":[{"href":"https:\/\/aconteceunovale.com.br\/portal\/index.php?rest_route=\/wp\/v2\/posts\/181088","targetHints":{"allow":["GET"]}}],"collection":[{"href":"https:\/\/aconteceunovale.com.br\/portal\/index.php?rest_route=\/wp\/v2\/posts"}],"about":[{"href":"https:\/\/aconteceunovale.com.br\/portal\/index.php?rest_route=\/wp\/v2\/types\/post"}],"author":[{"embeddable":true,"href":"https:\/\/aconteceunovale.com.br\/portal\/index.php?rest_route=\/wp\/v2\/users\/4"}],"replies":[{"embeddable":true,"href":"https:\/\/aconteceunovale.com.br\/portal\/index.php?rest_route=%2Fwp%2Fv2%2Fcomments&post=181088"}],"version-history":[{"count":1,"href":"https:\/\/aconteceunovale.com.br\/portal\/index.php?rest_route=\/wp\/v2\/posts\/181088\/revisions"}],"predecessor-version":[{"id":181090,"href":"https:\/\/aconteceunovale.com.br\/portal\/index.php?rest_route=\/wp\/v2\/posts\/181088\/revisions\/181090"}],"wp:featuredmedia":[{"embeddable":true,"href":"https:\/\/aconteceunovale.com.br\/portal\/index.php?rest_route=\/wp\/v2\/media\/181089"}],"wp:attachment":[{"href":"https:\/\/aconteceunovale.com.br\/portal\/index.php?rest_route=%2Fwp%2Fv2%2Fmedia&parent=181088"}],"wp:term":[{"taxonomy":"category","embeddable":true,"href":"https:\/\/aconteceunovale.com.br\/portal\/index.php?rest_route=%2Fwp%2Fv2%2Fcategories&post=181088"},{"taxonomy":"post_tag","embeddable":true,"href":"https:\/\/aconteceunovale.com.br\/portal\/index.php?rest_route=%2Fwp%2Fv2%2Ftags&post=181088"}],"curies":[{"name":"wp","href":"https:\/\/api.w.org\/{rel}","templated":true}]}}