{"id":181068,"date":"2021-08-20T12:10:56","date_gmt":"2021-08-20T15:10:56","guid":{"rendered":"https:\/\/aconteceunovale.com.br\/portal\/?p=181068"},"modified":"2021-08-20T18:33:50","modified_gmt":"2021-08-20T21:33:50","slug":"ex-comandante-do-19o-batalhao-da-pmmg-morre-em-acidente-na-br-116","status":"publish","type":"post","link":"https:\/\/aconteceunovale.com.br\/portal\/?p=181068","title":{"rendered":"Ex-comandante do 19\u00ba Batalh\u00e3o da PMMG morre em acidente na BR-116"},"content":{"rendered":"\n<p>Um grav\u00edssimo acidente de tr\u00e2nsito, registrado na manh\u00e3 desta sexta-feira (20\/8\/2021), causou a morte do Coronel Aposentado Luiz Carlos Miranda de Menezes. As informa\u00e7\u00f5es iniciais indicam que o ve\u00edculo conduzido pelo militar saiu da pista da BR-116, na altura da comunidade da Jaqueira, no munic\u00edpio de Te\u00f3filo Otoni, e caiu em uma ribanceira de aproximadamente 100 metros.<\/p>\n\n\n\n<figure class=\"wp-block-gallery aligncenter columns-1 is-cropped wp-block-gallery-1 is-layout-flex wp-block-gallery-is-layout-flex\"><ul class=\"blocks-gallery-grid\"><li class=\"blocks-gallery-item\"><figure><img loading=\"lazy\" decoding=\"async\" width=\"621\" height=\"414\" src=\"https:\/\/aconteceunovale.com.br\/portal\/wp-content\/uploads\/2021\/08\/coronel_miranda.jpg\" alt=\"\" data-id=\"181069\" data-full-url=\"https:\/\/aconteceunovale.com.br\/portal\/wp-content\/uploads\/2021\/08\/coronel_miranda.jpg\" data-link=\"https:\/\/aconteceunovale.com.br\/portal\/?attachment_id=181069\" class=\"wp-image-181069\" srcset=\"https:\/\/aconteceunovale.com.br\/portal\/wp-content\/uploads\/2021\/08\/coronel_miranda.jpg 621w, https:\/\/aconteceunovale.com.br\/portal\/wp-content\/uploads\/2021\/08\/coronel_miranda-300x200.jpg 300w\" sizes=\"auto, (max-width: 621px) 100vw, 621px\" \/><figcaption class=\"blocks-gallery-item__caption\"><em>Foto: Reprodu\u00e7\u00e3o\/WhatsApp<\/em><\/figcaption><\/figure><\/li><\/ul><\/figure>\n\n\n\n<p>No momento do acidente, conforme informa\u00e7\u00f5es repassadas ao Aconteceu no Vale, o militar aposentado se deslocava para a formatura de novos sargentos da Pol\u00edcia Militar de Minas Gerais (PMMG) em Te\u00f3filo Otoni.<\/p>\n\n\n\n<p>Coronel Miranda foi comandante do 19\u00ba Batalh\u00e3o de Pol\u00edcia Militar, em Te\u00f3filo Otoni, nos anos 2012 e 2013. Nas elei\u00e7\u00f5es municipais de 2020, ele foi candidato a prefeito de Governador Valadares pelo Partido Renovador Trabalhista Brasileiro (PRTB) e, atualmente, ocupava o cargo de assessor parlamentar do deputado estadual Coronel Sandro (PSL).<\/p>\n\n\n\n<figure class=\"wp-block-gallery columns-1 is-cropped wp-block-gallery-2 is-layout-flex wp-block-gallery-is-layout-flex\"><ul class=\"blocks-gallery-grid\"><li class=\"blocks-gallery-item\"><figure><img loading=\"lazy\" decoding=\"async\" width=\"678\" height=\"321\" src=\"https:\/\/aconteceunovale.com.br\/portal\/wp-content\/uploads\/2021\/08\/acidente_coronel.jpg\" alt=\"\" data-id=\"181085\" data-full-url=\"https:\/\/aconteceunovale.com.br\/portal\/wp-content\/uploads\/2021\/08\/acidente_coronel.jpg\" data-link=\"https:\/\/aconteceunovale.com.br\/portal\/?attachment_id=181085\" class=\"wp-image-181085\" srcset=\"https:\/\/aconteceunovale.com.br\/portal\/wp-content\/uploads\/2021\/08\/acidente_coronel.jpg 678w, https:\/\/aconteceunovale.com.br\/portal\/wp-content\/uploads\/2021\/08\/acidente_coronel-300x142.jpg 300w\" sizes=\"auto, (max-width: 678px) 100vw, 678px\" \/><figcaption class=\"blocks-gallery-item__caption\"><em>Local do acidente &#8211; Foto: Victor Couy \/ Reprodu\u00e7\u00e3o<\/em><\/figcaption><\/figure><\/li><\/ul><\/figure>\n\n\n\n<p>&#8212;&#8212;&#8212;&#8212;&#8212;&#8212;<br><em>Quer receber as not\u00edcias do <strong>Aconteceu no Vale<\/strong> em primeira m\u00e3o? Siga-nos no Facebook <a rel=\"noreferrer noopener\" href=\"http:\/\/facebook.com\/aconteceunovale\" target=\"_blank\">@aconteceunovale<\/a>, Twitter <a rel=\"noreferrer noopener\" href=\"https:\/\/twitter.com\/noticiadosvales\" target=\"_blank\">@noticiadosvales<\/a> e Instagram <a rel=\"noreferrer noopener\" href=\"https:\/\/www.instagram.com\/aconteceunovale\" target=\"_blank\">@aconteceunovale<\/a>.<\/em><\/p>\n","protected":false},"excerpt":{"rendered":"<p>Um grav\u00edssimo acidente de tr\u00e2nsito, registrado na manh\u00e3 desta sexta-feira (20\/8\/2021), causou a morte do Coronel Aposentado Luiz Carlos Miranda de Menezes. As informa\u00e7\u00f5es iniciais indicam que o ve\u00edculo conduzido pelo militar saiu da pista da BR-116, na altura da comunidade da Jaqueira, no munic\u00edpio de Te\u00f3filo Otoni, e caiu em uma ribanceira de aproximadamente [&hellip;]<\/p>\n","protected":false},"author":4,"featured_media":181069,"comment_status":"open","ping_status":"closed","sticky":false,"template":"","format":"standard","meta":{"amp_status":"","footnotes":""},"categories":[122],"tags":[249871,249865,249869,249868,249867,31846,3945,249870,182,249866,196174,1018,249863,249864,247,38187,18801],"class_list":["post-181068","post","type-post","status-publish","format-standard","has-post-thumbnail","hentry","category-mucuri","tag-acidente-com-assessor-do-deputado-coronel-sandro","tag-acidente-com-o-coronel-miranda","tag-acidente-com-o-coronel-miranda-em-teofilo-otoni","tag-acidente-com-o-coronel-miranda-na-br-116","tag-acidente-de-transito-com-o-coronel-miranda","tag-acidente-na-br-116-em-teofilo-otoni","tag-acidente-na-br-116","tag-assessor-do-deputado-coronel-sandro","tag-br-116","tag-coronel-miranda","tag-coronel-sandro","tag-destaque","tag-ex-comandante-do-19o-batalhao-da-pmmg-morre-em-acidente-na-br-116","tag-ex-comandante-do-19o-batalhao-de-teofilo-otoni-morre-em-acidente-na-br-116","tag-governador-valadares","tag-pmmg","tag-valadares"],"_links":{"self":[{"href":"https:\/\/aconteceunovale.com.br\/portal\/index.php?rest_route=\/wp\/v2\/posts\/181068","targetHints":{"allow":["GET"]}}],"collection":[{"href":"https:\/\/aconteceunovale.com.br\/portal\/index.php?rest_route=\/wp\/v2\/posts"}],"about":[{"href":"https:\/\/aconteceunovale.com.br\/portal\/index.php?rest_route=\/wp\/v2\/types\/post"}],"author":[{"embeddable":true,"href":"https:\/\/aconteceunovale.com.br\/portal\/index.php?rest_route=\/wp\/v2\/users\/4"}],"replies":[{"embeddable":true,"href":"https:\/\/aconteceunovale.com.br\/portal\/index.php?rest_route=%2Fwp%2Fv2%2Fcomments&post=181068"}],"version-history":[{"count":3,"href":"https:\/\/aconteceunovale.com.br\/portal\/index.php?rest_route=\/wp\/v2\/posts\/181068\/revisions"}],"predecessor-version":[{"id":181086,"href":"https:\/\/aconteceunovale.com.br\/portal\/index.php?rest_route=\/wp\/v2\/posts\/181068\/revisions\/181086"}],"wp:featuredmedia":[{"embeddable":true,"href":"https:\/\/aconteceunovale.com.br\/portal\/index.php?rest_route=\/wp\/v2\/media\/181069"}],"wp:attachment":[{"href":"https:\/\/aconteceunovale.com.br\/portal\/index.php?rest_route=%2Fwp%2Fv2%2Fmedia&parent=181068"}],"wp:term":[{"taxonomy":"category","embeddable":true,"href":"https:\/\/aconteceunovale.com.br\/portal\/index.php?rest_route=%2Fwp%2Fv2%2Fcategories&post=181068"},{"taxonomy":"post_tag","embeddable":true,"href":"https:\/\/aconteceunovale.com.br\/portal\/index.php?rest_route=%2Fwp%2Fv2%2Ftags&post=181068"}],"curies":[{"name":"wp","href":"https:\/\/api.w.org\/{rel}","templated":true}]}}