{"id":180762,"date":"2021-08-08T20:13:42","date_gmt":"2021-08-08T23:13:42","guid":{"rendered":"https:\/\/aconteceunovale.com.br\/portal\/?p=180762"},"modified":"2026-09-02T12:47:27","modified_gmt":"2026-09-02T15:47:27","slug":"vitimas-de-incendio-em-residencia-sao-sepultadas-em-diamantina","status":"publish","type":"post","link":"https:\/\/aconteceunovale.com.br\/portal\/?p=180762","title":{"rendered":"V\u00edtimas de inc\u00eandio em resid\u00eancia s\u00e3o sepultadas em Diamantina"},"content":{"rendered":"\n<p class=\"wp-block-paragraph\">M\u00e3e e filha\u00a0morreram em um inc\u00eandio no\u00a0apartamento\u00a0onde elas moravam em Diamantina,\u00a0no Vale do Jequitinhonha, na\u00a0noite da \u00faltima\u00a0sexta-feira\u00a0(6\/8\/2021).\u00a0A\u00a0Pol\u00edcia Civil de Minas Gerais (PCMG) realizou per\u00edcia no local e as causas da trag\u00e9dia s\u00e3o investigadas.\u00a0Neste domingo (8), os corpos da\u00a0mulher, de 41 anos, e da crian\u00e7a, de apenas dois anos e quatro meses, foram sepultados em um cemit\u00e9rio da cidade.\u00a0<\/p>\n\n\n\n<figure class=\"wp-block-gallery columns-1 is-cropped wp-block-gallery-1 is-layout-flex wp-block-gallery-is-layout-flex\"><ul class=\"blocks-gallery-grid\"><li class=\"blocks-gallery-item\"><figure><img loading=\"lazy\" decoding=\"async\" width=\"673\" height=\"450\" src=\"https:\/\/aconteceunovale.com.br\/portal\/wp-content\/uploads\/2021\/08\/incendio_diamantina_3.jpg\" alt=\"\" data-id=\"180763\" data-full-url=\"https:\/\/aconteceunovale.com.br\/portal\/wp-content\/uploads\/2021\/08\/incendio_diamantina_3.jpg\" data-link=\"https:\/\/aconteceunovale.com.br\/portal\/?attachment_id=180763\" class=\"wp-image-180763\" srcset=\"https:\/\/aconteceunovale.com.br\/portal\/wp-content\/uploads\/2021\/08\/incendio_diamantina_3.jpg 673w, https:\/\/aconteceunovale.com.br\/portal\/wp-content\/uploads\/2021\/08\/incendio_diamantina_3-300x201.jpg 300w, https:\/\/aconteceunovale.com.br\/portal\/wp-content\/uploads\/2021\/08\/incendio_diamantina_3-628x420.jpg 628w\" sizes=\"auto, (max-width: 673px) 100vw, 673px\" \/><figcaption class=\"blocks-gallery-item__caption\"><em>Foto: Corpo de Bombeiros de Diamantina \/ Divulga\u00e7\u00e3o<\/em><\/figcaption><\/figure><\/li><\/ul><\/figure>\n\n\n\n<p class=\"wp-block-paragraph\">De acordo com informa\u00e7\u00f5es do Corpo de Bombeiros,&nbsp;o&nbsp;inc\u00eandio teve in\u00edcio em um dos&nbsp;quartos do&nbsp;apartamento, localizado na Rua do Bicame,&nbsp;e se espalhou para outros c\u00f4modos.&nbsp;As chamas comprometeram as paredes e o teto do&nbsp;im\u00f3vel.&nbsp;Cerca de 3.000 litros de \u00e1gua foram&nbsp;utilizados&nbsp;no combate&nbsp;ao inc\u00eandio. O fogo n\u00e3o afetou os outros apartamentos do pr\u00e9dio.&nbsp;<\/p>\n\n\n\n<p class=\"wp-block-paragraph\">Ainda conforme os bombeiros, as duas v\u00edtimas tiveram extensas queimaduras pelo corpo.\u00a0 A menina foi resgatada por vizinhos e transportada por uma viatura da Pol\u00edcia Militar (PMMG) para o Hospital Nossa Senhora da Sa\u00fade. J\u00e1 a m\u00e3e dela, foi atendida pelos bombeiros e\u00a0levada para receber atendimento m\u00e9dico no Pronto Atendimento Santa Isabel. As duas n\u00e3o resistiram aos ferimentos e morreram horas depois\u00a0de receberem atendimento m\u00e9dico.\u00a0Os corpos das v\u00edtimas\u00a0foram liberados do Instituto M\u00e9dico Legal (IML)\u00a0e sepultados neste domingo (8).\u00a0<\/p>\n\n\n\n<figure class=\"wp-block-gallery columns-1 is-cropped wp-block-gallery-2 is-layout-flex wp-block-gallery-is-layout-flex\"><ul class=\"blocks-gallery-grid\"><li class=\"blocks-gallery-item\"><figure><img loading=\"lazy\" decoding=\"async\" width=\"678\" height=\"443\" src=\"https:\/\/aconteceunovale.com.br\/portal\/wp-content\/uploads\/2021\/08\/incendio_diamantina_1.jpg\" alt=\"\" data-id=\"180766\" data-full-url=\"https:\/\/aconteceunovale.com.br\/portal\/wp-content\/uploads\/2021\/08\/incendio_diamantina_1.jpg\" data-link=\"https:\/\/aconteceunovale.com.br\/portal\/?attachment_id=180766\" class=\"wp-image-180766\" srcset=\"https:\/\/aconteceunovale.com.br\/portal\/wp-content\/uploads\/2021\/08\/incendio_diamantina_1.jpg 678w, https:\/\/aconteceunovale.com.br\/portal\/wp-content\/uploads\/2021\/08\/incendio_diamantina_1-300x196.jpg 300w, https:\/\/aconteceunovale.com.br\/portal\/wp-content\/uploads\/2021\/08\/incendio_diamantina_1-643x420.jpg 643w\" sizes=\"auto, (max-width: 678px) 100vw, 678px\" \/><figcaption class=\"blocks-gallery-item__caption\"><em>Foto: Reprodu\u00e7\u00e3o \/ Redes Sociais<\/em><\/figcaption><\/figure><\/li><\/ul><\/figure>\n\n\n\n<h2 class=\"wp-block-heading\"><strong>Investiga\u00e7\u00f5es<\/strong><\/h2>\n\n\n\n<p class=\"wp-block-paragraph\">De acordo com informa\u00e7\u00f5es do delegado regional em Diamantina, Carlos Eduardo Santos Rodrigues, os levantamentos preliminares indicam que n\u00e3o houve sinais de arrombamento e ainda sinalizam que o inc\u00eandio teria se iniciado provavelmente no quarto em que&nbsp;as v\u00edtimas&nbsp;dormiam. <em>&#8220;As per\u00edcias para casos de inc\u00eandio s\u00e3o mais&nbsp;complexas&nbsp;e, por isso, teremos que aguardar pela conclus\u00e3o do laudo e outros levantamentos investigativos para prestar mais informa\u00e7\u00f5es&#8221;, <\/em>afirmou, adiantando que os corpos das v\u00edtimas passaram por necropsia, constatando-se&nbsp;a morte&nbsp;de ambas por decorr\u00eancia de les\u00f5es provocadas pelo inc\u00eandio.&nbsp;<\/p>\n\n\n\n<h2 class=\"wp-block-heading\"><strong>Cachorrinho&nbsp;da fam\u00edlia sobreviveu&nbsp;<\/strong><\/h2>\n\n\n\n<p class=\"wp-block-paragraph\">O c\u00e3ozinho de estima\u00e7\u00e3o da fam\u00edlia\u00a0foi encontrado embaixo de uma cama, sem ferimentos, e entregue aos cuidados de vizinhos.<\/p>\n\n\n\n<figure class=\"wp-block-gallery columns-1 is-cropped wp-block-gallery-3 is-layout-flex wp-block-gallery-is-layout-flex\"><ul class=\"blocks-gallery-grid\"><li class=\"blocks-gallery-item\"><figure><img loading=\"lazy\" decoding=\"async\" width=\"678\" height=\"441\" src=\"https:\/\/aconteceunovale.com.br\/portal\/wp-content\/uploads\/2021\/08\/incendio_diamantina_2.jpg\" alt=\"\" data-id=\"180764\" data-full-url=\"https:\/\/aconteceunovale.com.br\/portal\/wp-content\/uploads\/2021\/08\/incendio_diamantina_2.jpg\" data-link=\"https:\/\/aconteceunovale.com.br\/portal\/?attachment_id=180764\" class=\"wp-image-180764\" srcset=\"https:\/\/aconteceunovale.com.br\/portal\/wp-content\/uploads\/2021\/08\/incendio_diamantina_2.jpg 678w, https:\/\/aconteceunovale.com.br\/portal\/wp-content\/uploads\/2021\/08\/incendio_diamantina_2-300x195.jpg 300w, https:\/\/aconteceunovale.com.br\/portal\/wp-content\/uploads\/2021\/08\/incendio_diamantina_2-646x420.jpg 646w\" sizes=\"auto, (max-width: 678px) 100vw, 678px\" \/><figcaption class=\"blocks-gallery-item__caption\"> <em>Foto: Corpo de Bombeiros de Diamantina \/ Divulga\u00e7\u00e3o<\/em> <\/figcaption><\/figure><\/li><li class=\"blocks-gallery-item\"><figure><img loading=\"lazy\" decoding=\"async\" width=\"678\" height=\"436\" src=\"https:\/\/aconteceunovale.com.br\/portal\/wp-content\/uploads\/2021\/08\/incendio_diamantina_4.jpg\" alt=\"\" data-id=\"180765\" data-full-url=\"https:\/\/aconteceunovale.com.br\/portal\/wp-content\/uploads\/2021\/08\/incendio_diamantina_4.jpg\" data-link=\"https:\/\/aconteceunovale.com.br\/portal\/?attachment_id=180765\" class=\"wp-image-180765\" srcset=\"https:\/\/aconteceunovale.com.br\/portal\/wp-content\/uploads\/2021\/08\/incendio_diamantina_4.jpg 678w, https:\/\/aconteceunovale.com.br\/portal\/wp-content\/uploads\/2021\/08\/incendio_diamantina_4-300x193.jpg 300w, https:\/\/aconteceunovale.com.br\/portal\/wp-content\/uploads\/2021\/08\/incendio_diamantina_4-653x420.jpg 653w\" sizes=\"auto, (max-width: 678px) 100vw, 678px\" \/><figcaption class=\"blocks-gallery-item__caption\"> <em>Foto: Corpo de Bombeiros de Diamantina \/ Divulga\u00e7\u00e3o<\/em> <\/figcaption><\/figure><\/li><\/ul><\/figure>\n\n\n\n<p class=\"wp-block-paragraph\">&#8212;&#8212;&#8212;&#8212;&#8212;&#8212;<br><em>Quer receber as not\u00edcias do <strong>Aconteceu no Vale<\/strong> em primeira m\u00e3o? Siga-nos no Facebook <a rel=\"noreferrer noopener\" href=\"http:\/\/facebook.com\/aconteceunovale\" target=\"_blank\">@aconteceunovale<\/a>, Twitter <a rel=\"noreferrer noopener\" href=\"https:\/\/twitter.com\/noticiadosvales\" target=\"_blank\">@noticiadosvales<\/a> e Instagram <a rel=\"noreferrer noopener\" href=\"https:\/\/www.instagram.com\/aconteceunovale\" target=\"_blank\">@aconteceunovale<\/a>.<\/em><\/p>\n","protected":false},"excerpt":{"rendered":"<p>M\u00e3e e filha\u00a0morreram em um inc\u00eandio no\u00a0apartamento\u00a0onde elas moravam em Diamantina,\u00a0no Vale do Jequitinhonha, na\u00a0noite da \u00faltima\u00a0sexta-feira\u00a0(6\/8\/2021).\u00a0A\u00a0Pol\u00edcia Civil de Minas Gerais (PCMG) realizou per\u00edcia no local e as causas da trag\u00e9dia s\u00e3o investigadas.\u00a0Neste domingo (8), os corpos da\u00a0mulher, de 41 anos, e da crian\u00e7a, de apenas dois anos e quatro meses, foram sepultados em um [&hellip;]<\/p>\n","protected":false},"author":4,"featured_media":180763,"comment_status":"open","ping_status":"closed","sticky":false,"template":"","format":"standard","meta":{"amp_status":"","footnotes":""},"categories":[272543,120],"tags":[1018,249350,72548,249351,249354,249349,249353,249352],"class_list":["post-180762","post","type-post","status-publish","format-standard","has-post-thumbnail","hentry","category-diamantina","category-jequi","tag-destaque","tag-incendio-em-apartamento-de-diamantina","tag-incendio-em-diamantina","tag-incendio-na-rua-do-bicame-em-diamantina","tag-mae-e-filha-morrem-vitimas-de-incendio-em-diamantina","tag-vitimas-de-incendio-em-apartamento-sao-sepultadas-em-diamantina","tag-vitimas-de-incendio-em-residencia-sao-sepultadas-em-diamantina","tag-vitimas-de-incendio-sao-sepultadas-em-diamantina"],"yoast_head":"<!-- This site is optimized with the Yoast SEO plugin v28.3 - https:\/\/yoast.com\/product\/yoast-seo-wordpress\/ -->\n<title>V\u00edtimas de inc\u00eandio em resid\u00eancia s\u00e3o sepultadas em Diamantina - Aconteceu no Vale<\/title>\n<meta name=\"robots\" content=\"index, follow, max-snippet:-1, max-image-preview:large, max-video-preview:-1\" \/>\n<link rel=\"canonical\" href=\"https:\/\/aconteceunovale.com.br\/portal\/?p=180762\" \/>\n<meta property=\"og:locale\" content=\"pt_BR\" \/>\n<meta property=\"og:type\" content=\"article\" \/>\n<meta property=\"og:title\" content=\"V\u00edtimas de inc\u00eandio em resid\u00eancia s\u00e3o sepultadas em Diamantina - Aconteceu no Vale\" \/>\n<meta property=\"og:description\" content=\"M\u00e3e e filha\u00a0morreram em um inc\u00eandio no\u00a0apartamento\u00a0onde elas moravam em Diamantina,\u00a0no Vale do Jequitinhonha, na\u00a0noite da \u00faltima\u00a0sexta-feira\u00a0(6\/8\/2021).\u00a0A\u00a0Pol\u00edcia Civil de Minas Gerais (PCMG) realizou per\u00edcia no local e as causas da trag\u00e9dia s\u00e3o investigadas.\u00a0Neste domingo (8), os corpos da\u00a0mulher, de 41 anos, e da crian\u00e7a, de apenas dois anos e quatro meses, foram sepultados em um [&hellip;]\" \/>\n<meta property=\"og:url\" content=\"https:\/\/aconteceunovale.com.br\/portal\/?p=180762\" \/>\n<meta property=\"og:site_name\" content=\"Aconteceu no Vale\" \/>\n<meta property=\"article:publisher\" content=\"https:\/\/www.facebook.com\/aconteceunovale\/\" \/>\n<meta property=\"article:published_time\" content=\"2021-08-08T23:13:42+00:00\" \/>\n<meta property=\"article:modified_time\" content=\"2026-09-02T15:47:27+00:00\" \/>\n<meta property=\"og:image\" content=\"https:\/\/aconteceunovale.com.br\/portal\/wp-content\/uploads\/2021\/08\/incendio_diamantina_3.jpg\" \/>\n\t<meta property=\"og:image:width\" content=\"673\" \/>\n\t<meta property=\"og:image:height\" content=\"450\" \/>\n\t<meta property=\"og:image:type\" content=\"image\/jpeg\" \/>\n<meta name=\"author\" content=\"Reda\u00e7\u00e3o Aconteceu no Vale\" \/>\n<meta name=\"twitter:card\" content=\"summary_large_image\" \/>\n<meta name=\"twitter:creator\" content=\"@noticiadosvales\" \/>\n<meta name=\"twitter:site\" content=\"@noticiadosvales\" \/>\n<meta name=\"twitter:label1\" content=\"Escrito por\" \/>\n\t<meta name=\"twitter:data1\" content=\"Reda\u00e7\u00e3o Aconteceu no Vale\" \/>\n\t<meta name=\"twitter:label2\" content=\"Est. tempo de leitura\" \/>\n\t<meta name=\"twitter:data2\" content=\"2 minutos\" \/>\n<script type=\"application\/ld+json\" class=\"yoast-schema-graph\">{\"@context\":\"https:\\\/\\\/schema.org\",\"@graph\":[{\"@type\":\"Article\",\"@id\":\"https:\\\/\\\/aconteceunovale.com.br\\\/portal\\\/?p=180762#article\",\"isPartOf\":{\"@id\":\"https:\\\/\\\/aconteceunovale.com.br\\\/portal\\\/?p=180762\"},\"author\":{\"name\":\"Reda\u00e7\u00e3o Aconteceu no Vale\",\"@id\":\"https:\\\/\\\/aconteceunovale.com.br\\\/portal\\\/#\\\/schema\\\/person\\\/7d2f26d1483f8a63de73da1ee0754d35\"},\"headline\":\"V\u00edtimas de inc\u00eandio em resid\u00eancia s\u00e3o sepultadas em Diamantina\",\"datePublished\":\"2021-08-08T23:13:42+00:00\",\"dateModified\":\"2026-09-02T15:47:27+00:00\",\"mainEntityOfPage\":{\"@id\":\"https:\\\/\\\/aconteceunovale.com.br\\\/portal\\\/?p=180762\"},\"wordCount\":450,\"commentCount\":0,\"image\":{\"@id\":\"https:\\\/\\\/aconteceunovale.com.br\\\/portal\\\/?p=180762#primaryimage\"},\"thumbnailUrl\":\"https:\\\/\\\/aconteceunovale.com.br\\\/portal\\\/wp-content\\\/uploads\\\/2021\\\/08\\\/incendio_diamantina_3.jpg\",\"keywords\":[\"destaque\",\"Inc\u00eandio em apartamento de Diamantina\",\"inc\u00eandio em Diamantina\",\"Inc\u00eandio na rua do Bicame em Diamantina\",\"M\u00e3e e filha morrem v\u00edtimas de inc\u00eandio em Diamantina\",\"V\u00edtimas de inc\u00eandio em apartamento s\u00e3o sepultadas em Diamantina\",\"V\u00edtimas de inc\u00eandio em resid\u00eancia s\u00e3o sepultadas em Diamantina\",\"V\u00edtimas de inc\u00eandio s\u00e3o sepultadas em Diamantina\"],\"articleSection\":[\"Diamantina\",\"Vale do Jequitinhonha\"],\"inLanguage\":\"pt-BR\",\"potentialAction\":[{\"@type\":\"CommentAction\",\"name\":\"Comment\",\"target\":[\"https:\\\/\\\/aconteceunovale.com.br\\\/portal\\\/?p=180762#respond\"]}]},{\"@type\":\"WebPage\",\"@id\":\"https:\\\/\\\/aconteceunovale.com.br\\\/portal\\\/?p=180762\",\"url\":\"https:\\\/\\\/aconteceunovale.com.br\\\/portal\\\/?p=180762\",\"name\":\"V\u00edtimas de inc\u00eandio em resid\u00eancia s\u00e3o sepultadas em Diamantina - Aconteceu no Vale\",\"isPartOf\":{\"@id\":\"https:\\\/\\\/aconteceunovale.com.br\\\/portal\\\/#website\"},\"primaryImageOfPage\":{\"@id\":\"https:\\\/\\\/aconteceunovale.com.br\\\/portal\\\/?p=180762#primaryimage\"},\"image\":{\"@id\":\"https:\\\/\\\/aconteceunovale.com.br\\\/portal\\\/?p=180762#primaryimage\"},\"thumbnailUrl\":\"https:\\\/\\\/aconteceunovale.com.br\\\/portal\\\/wp-content\\\/uploads\\\/2021\\\/08\\\/incendio_diamantina_3.jpg\",\"datePublished\":\"2021-08-08T23:13:42+00:00\",\"dateModified\":\"2026-09-02T15:47:27+00:00\",\"author\":{\"@id\":\"https:\\\/\\\/aconteceunovale.com.br\\\/portal\\\/#\\\/schema\\\/person\\\/7d2f26d1483f8a63de73da1ee0754d35\"},\"breadcrumb\":{\"@id\":\"https:\\\/\\\/aconteceunovale.com.br\\\/portal\\\/?p=180762#breadcrumb\"},\"inLanguage\":\"pt-BR\",\"potentialAction\":[{\"@type\":\"ReadAction\",\"target\":[\"https:\\\/\\\/aconteceunovale.com.br\\\/portal\\\/?p=180762\"]}]},{\"@type\":\"ImageObject\",\"inLanguage\":\"pt-BR\",\"@id\":\"https:\\\/\\\/aconteceunovale.com.br\\\/portal\\\/?p=180762#primaryimage\",\"url\":\"https:\\\/\\\/aconteceunovale.com.br\\\/portal\\\/wp-content\\\/uploads\\\/2021\\\/08\\\/incendio_diamantina_3.jpg\",\"contentUrl\":\"https:\\\/\\\/aconteceunovale.com.br\\\/portal\\\/wp-content\\\/uploads\\\/2021\\\/08\\\/incendio_diamantina_3.jpg\",\"width\":673,\"height\":450},{\"@type\":\"BreadcrumbList\",\"@id\":\"https:\\\/\\\/aconteceunovale.com.br\\\/portal\\\/?p=180762#breadcrumb\",\"itemListElement\":[{\"@type\":\"ListItem\",\"position\":1,\"name\":\"In\u00edcio\",\"item\":\"https:\\\/\\\/aconteceunovale.com.br\\\/portal\\\/\"},{\"@type\":\"ListItem\",\"position\":2,\"name\":\"V\u00edtimas de inc\u00eandio em resid\u00eancia s\u00e3o sepultadas em Diamantina\"}]},{\"@type\":\"WebSite\",\"@id\":\"https:\\\/\\\/aconteceunovale.com.br\\\/portal\\\/#website\",\"url\":\"https:\\\/\\\/aconteceunovale.com.br\\\/portal\\\/\",\"name\":\"Aconteceu no Vale\",\"description\":\"Portal de Not\u00edcias\",\"potentialAction\":[{\"@type\":\"SearchAction\",\"target\":{\"@type\":\"EntryPoint\",\"urlTemplate\":\"https:\\\/\\\/aconteceunovale.com.br\\\/portal\\\/?s={search_term_string}\"},\"query-input\":{\"@type\":\"PropertyValueSpecification\",\"valueRequired\":true,\"valueName\":\"search_term_string\"}}],\"inLanguage\":\"pt-BR\"},{\"@type\":\"Person\",\"@id\":\"https:\\\/\\\/aconteceunovale.com.br\\\/portal\\\/#\\\/schema\\\/person\\\/7d2f26d1483f8a63de73da1ee0754d35\",\"name\":\"Reda\u00e7\u00e3o Aconteceu no Vale\",\"description\":\"Equipe de reportagem do Aconteceu no Vale, portal de not\u00edcias do Vale do Jequitinhonha, em Minas Gerais. Cobrimos as 51 cidades do Vale desde 2013. Sugest\u00f5es de pauta e pedidos de corre\u00e7\u00e3o: contato@aconteceunovale.com.br\",\"url\":\"https:\\\/\\\/aconteceunovale.com.br\\\/portal\\\/?author=4\"}]}<\/script>\n<!-- \/ Yoast SEO plugin. -->","yoast_head_json":{"title":"V\u00edtimas de inc\u00eandio em resid\u00eancia s\u00e3o sepultadas em Diamantina - Aconteceu no Vale","robots":{"index":"index","follow":"follow","max-snippet":"max-snippet:-1","max-image-preview":"max-image-preview:large","max-video-preview":"max-video-preview:-1"},"canonical":"https:\/\/aconteceunovale.com.br\/portal\/?p=180762","og_locale":"pt_BR","og_type":"article","og_title":"V\u00edtimas de inc\u00eandio em resid\u00eancia s\u00e3o sepultadas em Diamantina - Aconteceu no Vale","og_description":"M\u00e3e e filha\u00a0morreram em um inc\u00eandio no\u00a0apartamento\u00a0onde elas moravam em Diamantina,\u00a0no Vale do Jequitinhonha, na\u00a0noite da \u00faltima\u00a0sexta-feira\u00a0(6\/8\/2021).\u00a0A\u00a0Pol\u00edcia Civil de Minas Gerais (PCMG) realizou per\u00edcia no local e as causas da trag\u00e9dia s\u00e3o investigadas.\u00a0Neste domingo (8), os corpos da\u00a0mulher, de 41 anos, e da crian\u00e7a, de apenas dois anos e quatro meses, foram sepultados em um [&hellip;]","og_url":"https:\/\/aconteceunovale.com.br\/portal\/?p=180762","og_site_name":"Aconteceu no Vale","article_publisher":"https:\/\/www.facebook.com\/aconteceunovale\/","article_published_time":"2021-08-08T23:13:42+00:00","article_modified_time":"2026-09-02T15:47:27+00:00","og_image":[{"width":673,"height":450,"url":"https:\/\/aconteceunovale.com.br\/portal\/wp-content\/uploads\/2021\/08\/incendio_diamantina_3.jpg","type":"image\/jpeg"}],"author":"Reda\u00e7\u00e3o Aconteceu no Vale","twitter_card":"summary_large_image","twitter_creator":"@noticiadosvales","twitter_site":"@noticiadosvales","twitter_misc":{"Escrito por":"Reda\u00e7\u00e3o Aconteceu no Vale","Est. tempo de leitura":"2 minutos"},"schema":{"@context":"https:\/\/schema.org","@graph":[{"@type":"Article","@id":"https:\/\/aconteceunovale.com.br\/portal\/?p=180762#article","isPartOf":{"@id":"https:\/\/aconteceunovale.com.br\/portal\/?p=180762"},"author":{"name":"Reda\u00e7\u00e3o Aconteceu no Vale","@id":"https:\/\/aconteceunovale.com.br\/portal\/#\/schema\/person\/7d2f26d1483f8a63de73da1ee0754d35"},"headline":"V\u00edtimas de inc\u00eandio em resid\u00eancia s\u00e3o sepultadas em Diamantina","datePublished":"2021-08-08T23:13:42+00:00","dateModified":"2026-09-02T15:47:27+00:00","mainEntityOfPage":{"@id":"https:\/\/aconteceunovale.com.br\/portal\/?p=180762"},"wordCount":450,"commentCount":0,"image":{"@id":"https:\/\/aconteceunovale.com.br\/portal\/?p=180762#primaryimage"},"thumbnailUrl":"https:\/\/aconteceunovale.com.br\/portal\/wp-content\/uploads\/2021\/08\/incendio_diamantina_3.jpg","keywords":["destaque","Inc\u00eandio em apartamento de Diamantina","inc\u00eandio em Diamantina","Inc\u00eandio na rua do Bicame em Diamantina","M\u00e3e e filha morrem v\u00edtimas de inc\u00eandio em Diamantina","V\u00edtimas de inc\u00eandio em apartamento s\u00e3o sepultadas em Diamantina","V\u00edtimas de inc\u00eandio em resid\u00eancia s\u00e3o sepultadas em Diamantina","V\u00edtimas de inc\u00eandio s\u00e3o sepultadas em Diamantina"],"articleSection":["Diamantina","Vale do Jequitinhonha"],"inLanguage":"pt-BR","potentialAction":[{"@type":"CommentAction","name":"Comment","target":["https:\/\/aconteceunovale.com.br\/portal\/?p=180762#respond"]}]},{"@type":"WebPage","@id":"https:\/\/aconteceunovale.com.br\/portal\/?p=180762","url":"https:\/\/aconteceunovale.com.br\/portal\/?p=180762","name":"V\u00edtimas de inc\u00eandio em resid\u00eancia s\u00e3o sepultadas em Diamantina - Aconteceu no Vale","isPartOf":{"@id":"https:\/\/aconteceunovale.com.br\/portal\/#website"},"primaryImageOfPage":{"@id":"https:\/\/aconteceunovale.com.br\/portal\/?p=180762#primaryimage"},"image":{"@id":"https:\/\/aconteceunovale.com.br\/portal\/?p=180762#primaryimage"},"thumbnailUrl":"https:\/\/aconteceunovale.com.br\/portal\/wp-content\/uploads\/2021\/08\/incendio_diamantina_3.jpg","datePublished":"2021-08-08T23:13:42+00:00","dateModified":"2026-09-02T15:47:27+00:00","author":{"@id":"https:\/\/aconteceunovale.com.br\/portal\/#\/schema\/person\/7d2f26d1483f8a63de73da1ee0754d35"},"breadcrumb":{"@id":"https:\/\/aconteceunovale.com.br\/portal\/?p=180762#breadcrumb"},"inLanguage":"pt-BR","potentialAction":[{"@type":"ReadAction","target":["https:\/\/aconteceunovale.com.br\/portal\/?p=180762"]}]},{"@type":"ImageObject","inLanguage":"pt-BR","@id":"https:\/\/aconteceunovale.com.br\/portal\/?p=180762#primaryimage","url":"https:\/\/aconteceunovale.com.br\/portal\/wp-content\/uploads\/2021\/08\/incendio_diamantina_3.jpg","contentUrl":"https:\/\/aconteceunovale.com.br\/portal\/wp-content\/uploads\/2021\/08\/incendio_diamantina_3.jpg","width":673,"height":450},{"@type":"BreadcrumbList","@id":"https:\/\/aconteceunovale.com.br\/portal\/?p=180762#breadcrumb","itemListElement":[{"@type":"ListItem","position":1,"name":"In\u00edcio","item":"https:\/\/aconteceunovale.com.br\/portal\/"},{"@type":"ListItem","position":2,"name":"V\u00edtimas de inc\u00eandio em resid\u00eancia s\u00e3o sepultadas em Diamantina"}]},{"@type":"WebSite","@id":"https:\/\/aconteceunovale.com.br\/portal\/#website","url":"https:\/\/aconteceunovale.com.br\/portal\/","name":"Aconteceu no Vale","description":"Portal de Not\u00edcias","potentialAction":[{"@type":"SearchAction","target":{"@type":"EntryPoint","urlTemplate":"https:\/\/aconteceunovale.com.br\/portal\/?s={search_term_string}"},"query-input":{"@type":"PropertyValueSpecification","valueRequired":true,"valueName":"search_term_string"}}],"inLanguage":"pt-BR"},{"@type":"Person","@id":"https:\/\/aconteceunovale.com.br\/portal\/#\/schema\/person\/7d2f26d1483f8a63de73da1ee0754d35","name":"Reda\u00e7\u00e3o Aconteceu no Vale","description":"Equipe de reportagem do Aconteceu no Vale, portal de not\u00edcias do Vale do Jequitinhonha, em Minas Gerais. Cobrimos as 51 cidades do Vale desde 2013. Sugest\u00f5es de pauta e pedidos de corre\u00e7\u00e3o: contato@aconteceunovale.com.br","url":"https:\/\/aconteceunovale.com.br\/portal\/?author=4"}]}},"_links":{"self":[{"href":"https:\/\/aconteceunovale.com.br\/portal\/index.php?rest_route=\/wp\/v2\/posts\/180762","targetHints":{"allow":["GET"]}}],"collection":[{"href":"https:\/\/aconteceunovale.com.br\/portal\/index.php?rest_route=\/wp\/v2\/posts"}],"about":[{"href":"https:\/\/aconteceunovale.com.br\/portal\/index.php?rest_route=\/wp\/v2\/types\/post"}],"author":[{"embeddable":true,"href":"https:\/\/aconteceunovale.com.br\/portal\/index.php?rest_route=\/wp\/v2\/users\/4"}],"replies":[{"embeddable":true,"href":"https:\/\/aconteceunovale.com.br\/portal\/index.php?rest_route=%2Fwp%2Fv2%2Fcomments&post=180762"}],"version-history":[{"count":1,"href":"https:\/\/aconteceunovale.com.br\/portal\/index.php?rest_route=\/wp\/v2\/posts\/180762\/revisions"}],"predecessor-version":[{"id":180767,"href":"https:\/\/aconteceunovale.com.br\/portal\/index.php?rest_route=\/wp\/v2\/posts\/180762\/revisions\/180767"}],"wp:featuredmedia":[{"embeddable":true,"href":"https:\/\/aconteceunovale.com.br\/portal\/index.php?rest_route=\/wp\/v2\/media\/180763"}],"wp:attachment":[{"href":"https:\/\/aconteceunovale.com.br\/portal\/index.php?rest_route=%2Fwp%2Fv2%2Fmedia&parent=180762"}],"wp:term":[{"taxonomy":"category","embeddable":true,"href":"https:\/\/aconteceunovale.com.br\/portal\/index.php?rest_route=%2Fwp%2Fv2%2Fcategories&post=180762"},{"taxonomy":"post_tag","embeddable":true,"href":"https:\/\/aconteceunovale.com.br\/portal\/index.php?rest_route=%2Fwp%2Fv2%2Ftags&post=180762"}],"curies":[{"name":"wp","href":"https:\/\/api.w.org\/{rel}","templated":true}]}}