{"id":180743,"date":"2021-08-08T10:39:14","date_gmt":"2021-08-08T13:39:14","guid":{"rendered":"https:\/\/aconteceunovale.com.br\/portal\/?p=180743"},"modified":"2021-08-08T10:43:47","modified_gmt":"2021-08-08T13:43:47","slug":"brasil-e-prata-no-volei-feminino","status":"publish","type":"post","link":"https:\/\/aconteceunovale.com.br\/portal\/?p=180743","title":{"rendered":"Brasil \u00e9 prata no v\u00f4lei feminino"},"content":{"rendered":"\n<p class=\"wp-block-paragraph\">Os Estados Unidos n\u00e3o deram chance ao Brasil e conquistaram o ouro ol\u00edmpico no v\u00f4lei feminino ao vencerem a final por 3 sets a 0 (parciais de 25\/21, 25\/20 e 25\/14), em 1 hora e 22 minutos de jogo. Na decis\u00e3o realizada na Arena de Ariake na madrugada deste domingo (8\/8\/2021), as americanas finalmente chegaram ao primeiro t\u00edtulo em Olimp\u00edadas na modalidade, ap\u00f3s tr\u00eas pratas e dois bronzes. J\u00e1 as brasileiras tiveram frustrado o sonho do terceiro ouro. Curiosamente, os outros dois foram conquistados em finais diante dos Estados Unidos (Pequim 2008 e Londres 2012).<\/p>\n\n\n\n<figure class=\"wp-block-gallery columns-1 is-cropped wp-block-gallery-1 is-layout-flex wp-block-gallery-is-layout-flex\"><ul class=\"blocks-gallery-grid\"><li class=\"blocks-gallery-item\"><figure><img loading=\"lazy\" decoding=\"async\" width=\"678\" height=\"406\" src=\"https:\/\/aconteceunovale.com.br\/portal\/wp-content\/uploads\/2021\/08\/volei_prata_toquio_1.jpg\" alt=\"\" data-id=\"180744\" data-full-url=\"https:\/\/aconteceunovale.com.br\/portal\/wp-content\/uploads\/2021\/08\/volei_prata_toquio_1.jpg\" data-link=\"https:\/\/aconteceunovale.com.br\/portal\/?attachment_id=180744\" class=\"wp-image-180744\" srcset=\"https:\/\/aconteceunovale.com.br\/portal\/wp-content\/uploads\/2021\/08\/volei_prata_toquio_1.jpg 678w, https:\/\/aconteceunovale.com.br\/portal\/wp-content\/uploads\/2021\/08\/volei_prata_toquio_1-300x180.jpg 300w\" sizes=\"auto, (max-width: 678px) 100vw, 678px\" \/><figcaption class=\"blocks-gallery-item__caption\"><em>Foto: Gaspar N\u00f3brega\/COB<\/em><\/figcaption><\/figure><\/li><\/ul><\/figure>\n\n\n\n<p class=\"wp-block-paragraph\">A decis\u00e3o em T\u00f3quio colocou frente a frente as duas equipes que estiveram na final da Liga das Na\u00e7\u00f5es, em junho, que terminou com t\u00edtulo americano. Na campanha at\u00e9 o \u00faltimo jogo, a sele\u00e7\u00e3o brasileira chegou invicta, enquanto os Estados Unidos perderam somente uma partida.<\/p>\n\n\n\n<p class=\"wp-block-paragraph\">No entanto, na final, as americanas pareceram bem mais alinhadas, abrindo 4 a 0 na primeira parcial e estando \u00e0 frente no placar praticamente durante todo o tempo. Encontraram alguma resist\u00eancia nos dois primeiros sets, vencidos por 25\/21 e 25\/20, antes de dominarem completamente a \u00faltima parcial por 25\/14. O destaque ficou por conta da oposta Andrea Drews, principal pontuadora da final com 15 pontos.<\/p>\n\n\n\n<p class=\"wp-block-paragraph\">A prata em T\u00f3quio, a terceira medalha nos \u00faltimos quatro ciclos ol\u00edmpicos, representou o fim de uma hist\u00f3ria para pelo menos duas atletas do Brasil. Fernanda Garay e Camila Brait n\u00e3o voltar\u00e3o a vestir a camisa da sele\u00e7\u00e3o. A sensa\u00e7\u00e3o ao final da partida era um misto de orgulho pela campanha e tristeza pela derrota.<\/p>\n\n\n\n<figure class=\"wp-block-gallery columns-1 is-cropped wp-block-gallery-2 is-layout-flex wp-block-gallery-is-layout-flex\"><ul class=\"blocks-gallery-grid\"><li class=\"blocks-gallery-item\"><figure><img loading=\"lazy\" decoding=\"async\" width=\"675\" height=\"450\" src=\"https:\/\/aconteceunovale.com.br\/portal\/wp-content\/uploads\/2021\/08\/volei_prata_toquio_3.jpg\" alt=\"\" data-id=\"180746\" data-full-url=\"https:\/\/aconteceunovale.com.br\/portal\/wp-content\/uploads\/2021\/08\/volei_prata_toquio_3.jpg\" data-link=\"https:\/\/aconteceunovale.com.br\/portal\/?attachment_id=180746\" class=\"wp-image-180746\" srcset=\"https:\/\/aconteceunovale.com.br\/portal\/wp-content\/uploads\/2021\/08\/volei_prata_toquio_3.jpg 675w, https:\/\/aconteceunovale.com.br\/portal\/wp-content\/uploads\/2021\/08\/volei_prata_toquio_3-300x200.jpg 300w, https:\/\/aconteceunovale.com.br\/portal\/wp-content\/uploads\/2021\/08\/volei_prata_toquio_3-630x420.jpg 630w\" sizes=\"auto, (max-width: 675px) 100vw, 675px\" \/><figcaption class=\"blocks-gallery-item__caption\"><em>Foto: Gaspar N\u00f3brega\/COB<\/em><\/figcaption><\/figure><\/li><\/ul><\/figure>\n\n\n\n<p class=\"wp-block-paragraph\">\u201cAntes de a gente vir para os Jogos sab\u00edamos que \u00e9ramos a terceira, quarta ou at\u00e9 quinta for\u00e7a desses Jogos e o nosso time foi se reinventando durante a competi\u00e7\u00e3o. Fomos melhorando, estamos jogando bem, sab\u00edamos que chegar \u00e0 final seria dif\u00edcil e conseguimos. Foi m\u00e9rito nosso e enfrentamos as americanas, e elas estavam muito inspiradas hoje. Eu n\u00e3o vou mais jogar pela sele\u00e7\u00e3o, j\u00e1 tinha avisado para as meninas. Para mim foi muito especial, valeu a pena ter ficado longe da minha fam\u00edlia, mas ano que vem eu n\u00e3o volto, agora \u00e9 de verdade. Eu tenho outros planos para mim daqui para frente\u201d, disse a l\u00edbero de 32 anos.<\/p>\n\n\n\n<figure class=\"wp-block-gallery columns-1 is-cropped wp-block-gallery-3 is-layout-flex wp-block-gallery-is-layout-flex\"><ul class=\"blocks-gallery-grid\"><li class=\"blocks-gallery-item\"><figure><img loading=\"lazy\" decoding=\"async\" width=\"675\" height=\"450\" src=\"https:\/\/aconteceunovale.com.br\/portal\/wp-content\/uploads\/2021\/08\/volei_prata_toquio_2.jpg\" alt=\"\" data-id=\"180745\" data-full-url=\"https:\/\/aconteceunovale.com.br\/portal\/wp-content\/uploads\/2021\/08\/volei_prata_toquio_2.jpg\" data-link=\"https:\/\/aconteceunovale.com.br\/portal\/?attachment_id=180745\" class=\"wp-image-180745\" srcset=\"https:\/\/aconteceunovale.com.br\/portal\/wp-content\/uploads\/2021\/08\/volei_prata_toquio_2.jpg 675w, https:\/\/aconteceunovale.com.br\/portal\/wp-content\/uploads\/2021\/08\/volei_prata_toquio_2-300x200.jpg 300w, https:\/\/aconteceunovale.com.br\/portal\/wp-content\/uploads\/2021\/08\/volei_prata_toquio_2-630x420.jpg 630w\" sizes=\"auto, (max-width: 675px) 100vw, 675px\" \/><figcaption class=\"blocks-gallery-item__caption\"><em>Foto: Gaspar N\u00f3brega\/COB<\/em><\/figcaption><\/figure><\/li><\/ul><\/figure>\n\n\n\n<p class=\"wp-block-paragraph\">&#8212;&#8212;&#8212;&#8212;&#8212;&#8212;<br><em>Quer receber as not\u00edcias do <strong>Aconteceu no Vale<\/strong> em primeira m\u00e3o? Siga-nos no Facebook <a rel=\"noreferrer noopener\" href=\"http:\/\/facebook.com\/aconteceunovale\" target=\"_blank\">@aconteceunovale<\/a>, Twitter <a rel=\"noreferrer noopener\" href=\"https:\/\/twitter.com\/noticiadosvales\" target=\"_blank\">@noticiadosvales<\/a> e Instagram <a rel=\"noreferrer noopener\" href=\"https:\/\/www.instagram.com\/aconteceunovale\" target=\"_blank\">@aconteceunovale<\/a>.<\/em><\/p>\n","protected":false},"excerpt":{"rendered":"<p>Os Estados Unidos n\u00e3o deram chance ao Brasil e conquistaram o ouro ol\u00edmpico no v\u00f4lei feminino ao vencerem a final por 3 sets a 0 (parciais de 25\/21, 25\/20 e 25\/14), em 1 hora e 22 minutos de jogo. Na decis\u00e3o realizada na Arena de Ariake na madrugada deste domingo (8\/8\/2021), as americanas finalmente chegaram [&hellip;]<\/p>\n","protected":false},"author":4,"featured_media":180744,"comment_status":"open","ping_status":"closed","sticky":false,"template":"","format":"standard","meta":{"amp_status":"","footnotes":""},"categories":[6,59,28848],"tags":[249010,248735,248734,248738,248744,249319,249013,249318,249012,248750,248746,248745,249314,249316,248739,248741,4785,249317,221548,6600,4825,248751,1018,15469,50315,249320,249011,249005,249009,249004,249008,248742,18645,248307,248258,248259,475,248743,248749,249315,248740,218575,248268,248272,218569,248748,249006,248308,248309,249007,248747,32318,108293,248737,248736,248310,203845],"class_list":["post-180743","post","type-post","status-publish","format-standard","has-post-thumbnail","hentry","category-br","category-esportes","category-mundo","tag-abilkhan-amankul","tag-abner-teixeira","tag-abner-teixeira-garante-medalha-para-o-brasil-no-boxe","tag-abner-teixeira-nas-quartas","tag-abner-x-hussein","tag-andrea-drews","tag-andy-cruz","tag-arena-ariake","tag-beatriz-ferreira","tag-benjamin-whittaker","tag-bia-ferreira","tag-bia-ferreira-atropela-shih-yi-wu","tag-bia-ferreira-fica-com-a-medalha-de-prata-no-boxe","tag-bia-ferreira-medalha-de-prata","tag-boxe-brasileiro","tag-boxe-brasileiro-garante-medalha-em-toquio","tag-brasil","tag-brasil-e-prata-no-volei-feminino","tag-camila-brait","tag-coreia-do-sul","tag-cuba","tag-daxiang-chen","tag-destaque","tag-estados-unidos","tag-eua","tag-fernanda-garay","tag-gleb-bakshi","tag-hebert-conceicao","tag-hebert-conceicao-bronze-em-toquio","tag-hebert-conceicao-garante-a-segunda-medalha-do-boxe-brasileiro-em-toquio","tag-hebert-conceicao-medalha-em-toquio","tag-hussein-eishaishna","tag-japao","tag-jogos-de-toquio-brasil-derrota-a-coreia-do-sul-na-estreia-do-volei-feminino","tag-jogos-olimpicos-de-toquio","tag-jogos-olimpicos-do-japao","tag-jordania","tag-julio-cesar-la-cruz","tag-keno-marley","tag-medalha-de-prata-bia-ferreira","tag-medalha-olimpica-no-boxe","tag-olimpiada-de-toquio","tag-olimpiada-de-toquio-2020","tag-olimpiada-de-toquio-2021","tag-olimpiada-do-japao","tag-raykhona-kodirova","tag-segunda-medalha-do-boxe-brasileiro-em-toquio","tag-selecao-brasileira-de-volei-feminino","tag-selecao-brasileira-feminina-de-volei","tag-servilio-de-oliveira","tag-shih-yi-wu","tag-taiwan","tag-toquio","tag-vitoria-de-abner-teixeira","tag-vitoria-do-brasileiro-abner-teixeira","tag-volei-do-brasil","tag-wanderson-oliveira"],"yoast_head":"<!-- This site is optimized with the Yoast SEO plugin v28.3 - https:\/\/yoast.com\/product\/yoast-seo-wordpress\/ -->\n<title>Brasil \u00e9 prata no v\u00f4lei feminino - Aconteceu no Vale<\/title>\n<meta name=\"robots\" content=\"index, follow, max-snippet:-1, max-image-preview:large, max-video-preview:-1\" \/>\n<link rel=\"canonical\" href=\"https:\/\/aconteceunovale.com.br\/portal\/?p=180743\" \/>\n<meta property=\"og:locale\" content=\"pt_BR\" \/>\n<meta property=\"og:type\" content=\"article\" \/>\n<meta property=\"og:title\" content=\"Brasil \u00e9 prata no v\u00f4lei feminino - Aconteceu no Vale\" \/>\n<meta property=\"og:description\" content=\"Os Estados Unidos n\u00e3o deram chance ao Brasil e conquistaram o ouro ol\u00edmpico no v\u00f4lei feminino ao vencerem a final por 3 sets a 0 (parciais de 25\/21, 25\/20 e 25\/14), em 1 hora e 22 minutos de jogo. Na decis\u00e3o realizada na Arena de Ariake na madrugada deste domingo (8\/8\/2021), as americanas finalmente chegaram [&hellip;]\" \/>\n<meta property=\"og:url\" content=\"https:\/\/aconteceunovale.com.br\/portal\/?p=180743\" \/>\n<meta property=\"og:site_name\" content=\"Aconteceu no Vale\" \/>\n<meta property=\"article:publisher\" content=\"https:\/\/www.facebook.com\/aconteceunovale\/\" \/>\n<meta property=\"article:published_time\" content=\"2021-08-08T13:39:14+00:00\" \/>\n<meta property=\"article:modified_time\" content=\"2021-08-08T13:43:47+00:00\" \/>\n<meta property=\"og:image\" content=\"https:\/\/aconteceunovale.com.br\/portal\/wp-content\/uploads\/2021\/08\/volei_prata_toquio_1.jpg\" \/>\n\t<meta property=\"og:image:width\" content=\"678\" \/>\n\t<meta property=\"og:image:height\" content=\"406\" \/>\n\t<meta property=\"og:image:type\" content=\"image\/jpeg\" \/>\n<meta name=\"author\" content=\"Reda\u00e7\u00e3o Aconteceu no Vale\" \/>\n<meta name=\"twitter:card\" content=\"summary_large_image\" \/>\n<meta name=\"twitter:creator\" content=\"@noticiadosvales\" \/>\n<meta name=\"twitter:site\" content=\"@noticiadosvales\" \/>\n<meta name=\"twitter:label1\" content=\"Escrito por\" \/>\n\t<meta name=\"twitter:data1\" content=\"Reda\u00e7\u00e3o Aconteceu no Vale\" \/>\n\t<meta name=\"twitter:label2\" content=\"Est. tempo de leitura\" \/>\n\t<meta name=\"twitter:data2\" content=\"2 minutos\" \/>\n<script type=\"application\/ld+json\" class=\"yoast-schema-graph\">{\"@context\":\"https:\\\/\\\/schema.org\",\"@graph\":[{\"@type\":\"Article\",\"@id\":\"https:\\\/\\\/aconteceunovale.com.br\\\/portal\\\/?p=180743#article\",\"isPartOf\":{\"@id\":\"https:\\\/\\\/aconteceunovale.com.br\\\/portal\\\/?p=180743\"},\"author\":{\"name\":\"Reda\u00e7\u00e3o Aconteceu no Vale\",\"@id\":\"https:\\\/\\\/aconteceunovale.com.br\\\/portal\\\/#\\\/schema\\\/person\\\/7d2f26d1483f8a63de73da1ee0754d35\"},\"headline\":\"Brasil \u00e9 prata no v\u00f4lei feminino\",\"datePublished\":\"2021-08-08T13:39:14+00:00\",\"dateModified\":\"2021-08-08T13:43:47+00:00\",\"mainEntityOfPage\":{\"@id\":\"https:\\\/\\\/aconteceunovale.com.br\\\/portal\\\/?p=180743\"},\"wordCount\":426,\"commentCount\":0,\"image\":{\"@id\":\"https:\\\/\\\/aconteceunovale.com.br\\\/portal\\\/?p=180743#primaryimage\"},\"thumbnailUrl\":\"https:\\\/\\\/aconteceunovale.com.br\\\/portal\\\/wp-content\\\/uploads\\\/2021\\\/08\\\/volei_prata_toquio_1.jpg\",\"keywords\":[\"Abilkhan Amankul\",\"Abner Teixeira\",\"Abner Teixeira garante medalha para o Brasil no boxe\",\"Abner Teixeira nas quartas\",\"Abner x Hussein\",\"Andrea Drews\",\"Andy Cruz\",\"Arena Ariake\",\"Beatriz Ferreira\",\"Benjamin Whittaker\",\"Bia Ferreira\",\"Bia Ferreira atropela Shih-Yi Wu\",\"Bia Ferreira fica com a medalha de prata no boxe\",\"Bia Ferreira medalha de prata\",\"Boxe brasileiro\",\"Boxe brasileiro garante medalha em T\u00f3quio\",\"brasil\",\"Brasil \u00e9 prata no v\u00f4lei feminino\",\"Camila Brait\",\"Cor\u00e9ia do Sul\",\"Cuba\",\"Daxiang Chen\",\"destaque\",\"Estados Unidos\",\"EUA\",\"Fernanda Garay\",\"Gleb Bakshi\",\"Hebert Concei\u00e7\u00e3o\",\"Hebert Concei\u00e7\u00e3o bronze em T\u00f3quio\",\"Hebert Concei\u00e7\u00e3o garante a segunda medalha do boxe brasileiro em T\u00f3quio\",\"Hebert Concei\u00e7\u00e3o medalha em T\u00f3quio\",\"Hussein Eishaishna\",\"Jap\u00e3o\",\"Jogos de T\u00f3quio: Brasil derrota a Coreia do Sul na estreia do v\u00f4lei feminino\",\"Jogos ol\u00edmpicos de T\u00f3quio\",\"Jogos ol\u00edmpicos do Jap\u00e3o\",\"Jord\u00e2nia\",\"Julio C\u00e9sar La Cruz\",\"Keno Marley\",\"Medalha de prata Bia Ferreira\",\"Medalha ol\u00edmpica no boxe\",\"Olimp\u00edada de T\u00f3quio\",\"Olimp\u00edada de T\u00f3quio 2020\",\"Olimp\u00edada de T\u00f3quio 2021\",\"Olimp\u00edada do Jap\u00e3o\",\"Raykhona Kodirova\",\"Segunda medalha do boxe brasileiro em T\u00f3quio\",\"Sele\u00e7\u00e3o brasileira de v\u00f4lei feminino\",\"Sele\u00e7\u00e3o brasileira feminina de v\u00f4lei\",\"Serv\u00edlio de Oliveira\",\"Shih-Yi Wu\",\"Taiwan\",\"T\u00f3quio\",\"Vit\u00f3ria de Abner Teixeira\",\"Vit\u00f3ria do brasileiro Abner Teixeira\",\"V\u00f4lei do Brasil\",\"Wanderson Oliveira\"],\"articleSection\":[\"Brasil\",\"Esportes\",\"Mundo\"],\"inLanguage\":\"pt-BR\",\"potentialAction\":[{\"@type\":\"CommentAction\",\"name\":\"Comment\",\"target\":[\"https:\\\/\\\/aconteceunovale.com.br\\\/portal\\\/?p=180743#respond\"]}]},{\"@type\":\"WebPage\",\"@id\":\"https:\\\/\\\/aconteceunovale.com.br\\\/portal\\\/?p=180743\",\"url\":\"https:\\\/\\\/aconteceunovale.com.br\\\/portal\\\/?p=180743\",\"name\":\"Brasil \u00e9 prata no v\u00f4lei feminino - Aconteceu no Vale\",\"isPartOf\":{\"@id\":\"https:\\\/\\\/aconteceunovale.com.br\\\/portal\\\/#website\"},\"primaryImageOfPage\":{\"@id\":\"https:\\\/\\\/aconteceunovale.com.br\\\/portal\\\/?p=180743#primaryimage\"},\"image\":{\"@id\":\"https:\\\/\\\/aconteceunovale.com.br\\\/portal\\\/?p=180743#primaryimage\"},\"thumbnailUrl\":\"https:\\\/\\\/aconteceunovale.com.br\\\/portal\\\/wp-content\\\/uploads\\\/2021\\\/08\\\/volei_prata_toquio_1.jpg\",\"datePublished\":\"2021-08-08T13:39:14+00:00\",\"dateModified\":\"2021-08-08T13:43:47+00:00\",\"author\":{\"@id\":\"https:\\\/\\\/aconteceunovale.com.br\\\/portal\\\/#\\\/schema\\\/person\\\/7d2f26d1483f8a63de73da1ee0754d35\"},\"breadcrumb\":{\"@id\":\"https:\\\/\\\/aconteceunovale.com.br\\\/portal\\\/?p=180743#breadcrumb\"},\"inLanguage\":\"pt-BR\",\"potentialAction\":[{\"@type\":\"ReadAction\",\"target\":[\"https:\\\/\\\/aconteceunovale.com.br\\\/portal\\\/?p=180743\"]}]},{\"@type\":\"ImageObject\",\"inLanguage\":\"pt-BR\",\"@id\":\"https:\\\/\\\/aconteceunovale.com.br\\\/portal\\\/?p=180743#primaryimage\",\"url\":\"https:\\\/\\\/aconteceunovale.com.br\\\/portal\\\/wp-content\\\/uploads\\\/2021\\\/08\\\/volei_prata_toquio_1.jpg\",\"contentUrl\":\"https:\\\/\\\/aconteceunovale.com.br\\\/portal\\\/wp-content\\\/uploads\\\/2021\\\/08\\\/volei_prata_toquio_1.jpg\",\"width\":678,\"height\":406},{\"@type\":\"BreadcrumbList\",\"@id\":\"https:\\\/\\\/aconteceunovale.com.br\\\/portal\\\/?p=180743#breadcrumb\",\"itemListElement\":[{\"@type\":\"ListItem\",\"position\":1,\"name\":\"In\u00edcio\",\"item\":\"https:\\\/\\\/aconteceunovale.com.br\\\/portal\\\/\"},{\"@type\":\"ListItem\",\"position\":2,\"name\":\"Brasil \u00e9 prata no v\u00f4lei feminino\"}]},{\"@type\":\"WebSite\",\"@id\":\"https:\\\/\\\/aconteceunovale.com.br\\\/portal\\\/#website\",\"url\":\"https:\\\/\\\/aconteceunovale.com.br\\\/portal\\\/\",\"name\":\"Aconteceu no Vale\",\"description\":\"Portal de Not\u00edcias\",\"potentialAction\":[{\"@type\":\"SearchAction\",\"target\":{\"@type\":\"EntryPoint\",\"urlTemplate\":\"https:\\\/\\\/aconteceunovale.com.br\\\/portal\\\/?s={search_term_string}\"},\"query-input\":{\"@type\":\"PropertyValueSpecification\",\"valueRequired\":true,\"valueName\":\"search_term_string\"}}],\"inLanguage\":\"pt-BR\"},{\"@type\":\"Person\",\"@id\":\"https:\\\/\\\/aconteceunovale.com.br\\\/portal\\\/#\\\/schema\\\/person\\\/7d2f26d1483f8a63de73da1ee0754d35\",\"name\":\"Reda\u00e7\u00e3o Aconteceu no Vale\",\"description\":\"Equipe de reportagem do Aconteceu no Vale, portal de not\u00edcias do Vale do Jequitinhonha, em Minas Gerais. Cobrimos as 51 cidades do Vale desde 2013. Sugest\u00f5es de pauta e pedidos de corre\u00e7\u00e3o: contato@aconteceunovale.com.br\",\"url\":\"https:\\\/\\\/aconteceunovale.com.br\\\/portal\\\/?author=4\"}]}<\/script>\n<!-- \/ Yoast SEO plugin. -->","yoast_head_json":{"title":"Brasil \u00e9 prata no v\u00f4lei feminino - Aconteceu no Vale","robots":{"index":"index","follow":"follow","max-snippet":"max-snippet:-1","max-image-preview":"max-image-preview:large","max-video-preview":"max-video-preview:-1"},"canonical":"https:\/\/aconteceunovale.com.br\/portal\/?p=180743","og_locale":"pt_BR","og_type":"article","og_title":"Brasil \u00e9 prata no v\u00f4lei feminino - Aconteceu no Vale","og_description":"Os Estados Unidos n\u00e3o deram chance ao Brasil e conquistaram o ouro ol\u00edmpico no v\u00f4lei feminino ao vencerem a final por 3 sets a 0 (parciais de 25\/21, 25\/20 e 25\/14), em 1 hora e 22 minutos de jogo. Na decis\u00e3o realizada na Arena de Ariake na madrugada deste domingo (8\/8\/2021), as americanas finalmente chegaram [&hellip;]","og_url":"https:\/\/aconteceunovale.com.br\/portal\/?p=180743","og_site_name":"Aconteceu no Vale","article_publisher":"https:\/\/www.facebook.com\/aconteceunovale\/","article_published_time":"2021-08-08T13:39:14+00:00","article_modified_time":"2021-08-08T13:43:47+00:00","og_image":[{"width":678,"height":406,"url":"https:\/\/aconteceunovale.com.br\/portal\/wp-content\/uploads\/2021\/08\/volei_prata_toquio_1.jpg","type":"image\/jpeg"}],"author":"Reda\u00e7\u00e3o Aconteceu no Vale","twitter_card":"summary_large_image","twitter_creator":"@noticiadosvales","twitter_site":"@noticiadosvales","twitter_misc":{"Escrito por":"Reda\u00e7\u00e3o Aconteceu no Vale","Est. tempo de leitura":"2 minutos"},"schema":{"@context":"https:\/\/schema.org","@graph":[{"@type":"Article","@id":"https:\/\/aconteceunovale.com.br\/portal\/?p=180743#article","isPartOf":{"@id":"https:\/\/aconteceunovale.com.br\/portal\/?p=180743"},"author":{"name":"Reda\u00e7\u00e3o Aconteceu no Vale","@id":"https:\/\/aconteceunovale.com.br\/portal\/#\/schema\/person\/7d2f26d1483f8a63de73da1ee0754d35"},"headline":"Brasil \u00e9 prata no v\u00f4lei feminino","datePublished":"2021-08-08T13:39:14+00:00","dateModified":"2021-08-08T13:43:47+00:00","mainEntityOfPage":{"@id":"https:\/\/aconteceunovale.com.br\/portal\/?p=180743"},"wordCount":426,"commentCount":0,"image":{"@id":"https:\/\/aconteceunovale.com.br\/portal\/?p=180743#primaryimage"},"thumbnailUrl":"https:\/\/aconteceunovale.com.br\/portal\/wp-content\/uploads\/2021\/08\/volei_prata_toquio_1.jpg","keywords":["Abilkhan Amankul","Abner Teixeira","Abner Teixeira garante medalha para o Brasil no boxe","Abner Teixeira nas quartas","Abner x Hussein","Andrea Drews","Andy Cruz","Arena Ariake","Beatriz Ferreira","Benjamin Whittaker","Bia Ferreira","Bia Ferreira atropela Shih-Yi Wu","Bia Ferreira fica com a medalha de prata no boxe","Bia Ferreira medalha de prata","Boxe brasileiro","Boxe brasileiro garante medalha em T\u00f3quio","brasil","Brasil \u00e9 prata no v\u00f4lei feminino","Camila Brait","Cor\u00e9ia do Sul","Cuba","Daxiang Chen","destaque","Estados Unidos","EUA","Fernanda Garay","Gleb Bakshi","Hebert Concei\u00e7\u00e3o","Hebert Concei\u00e7\u00e3o bronze em T\u00f3quio","Hebert Concei\u00e7\u00e3o garante a segunda medalha do boxe brasileiro em T\u00f3quio","Hebert Concei\u00e7\u00e3o medalha em T\u00f3quio","Hussein Eishaishna","Jap\u00e3o","Jogos de T\u00f3quio: Brasil derrota a Coreia do Sul na estreia do v\u00f4lei feminino","Jogos ol\u00edmpicos de T\u00f3quio","Jogos ol\u00edmpicos do Jap\u00e3o","Jord\u00e2nia","Julio C\u00e9sar La Cruz","Keno Marley","Medalha de prata Bia Ferreira","Medalha ol\u00edmpica no boxe","Olimp\u00edada de T\u00f3quio","Olimp\u00edada de T\u00f3quio 2020","Olimp\u00edada de T\u00f3quio 2021","Olimp\u00edada do Jap\u00e3o","Raykhona Kodirova","Segunda medalha do boxe brasileiro em T\u00f3quio","Sele\u00e7\u00e3o brasileira de v\u00f4lei feminino","Sele\u00e7\u00e3o brasileira feminina de v\u00f4lei","Serv\u00edlio de Oliveira","Shih-Yi Wu","Taiwan","T\u00f3quio","Vit\u00f3ria de Abner Teixeira","Vit\u00f3ria do brasileiro Abner Teixeira","V\u00f4lei do Brasil","Wanderson Oliveira"],"articleSection":["Brasil","Esportes","Mundo"],"inLanguage":"pt-BR","potentialAction":[{"@type":"CommentAction","name":"Comment","target":["https:\/\/aconteceunovale.com.br\/portal\/?p=180743#respond"]}]},{"@type":"WebPage","@id":"https:\/\/aconteceunovale.com.br\/portal\/?p=180743","url":"https:\/\/aconteceunovale.com.br\/portal\/?p=180743","name":"Brasil \u00e9 prata no v\u00f4lei feminino - Aconteceu no Vale","isPartOf":{"@id":"https:\/\/aconteceunovale.com.br\/portal\/#website"},"primaryImageOfPage":{"@id":"https:\/\/aconteceunovale.com.br\/portal\/?p=180743#primaryimage"},"image":{"@id":"https:\/\/aconteceunovale.com.br\/portal\/?p=180743#primaryimage"},"thumbnailUrl":"https:\/\/aconteceunovale.com.br\/portal\/wp-content\/uploads\/2021\/08\/volei_prata_toquio_1.jpg","datePublished":"2021-08-08T13:39:14+00:00","dateModified":"2021-08-08T13:43:47+00:00","author":{"@id":"https:\/\/aconteceunovale.com.br\/portal\/#\/schema\/person\/7d2f26d1483f8a63de73da1ee0754d35"},"breadcrumb":{"@id":"https:\/\/aconteceunovale.com.br\/portal\/?p=180743#breadcrumb"},"inLanguage":"pt-BR","potentialAction":[{"@type":"ReadAction","target":["https:\/\/aconteceunovale.com.br\/portal\/?p=180743"]}]},{"@type":"ImageObject","inLanguage":"pt-BR","@id":"https:\/\/aconteceunovale.com.br\/portal\/?p=180743#primaryimage","url":"https:\/\/aconteceunovale.com.br\/portal\/wp-content\/uploads\/2021\/08\/volei_prata_toquio_1.jpg","contentUrl":"https:\/\/aconteceunovale.com.br\/portal\/wp-content\/uploads\/2021\/08\/volei_prata_toquio_1.jpg","width":678,"height":406},{"@type":"BreadcrumbList","@id":"https:\/\/aconteceunovale.com.br\/portal\/?p=180743#breadcrumb","itemListElement":[{"@type":"ListItem","position":1,"name":"In\u00edcio","item":"https:\/\/aconteceunovale.com.br\/portal\/"},{"@type":"ListItem","position":2,"name":"Brasil \u00e9 prata no v\u00f4lei feminino"}]},{"@type":"WebSite","@id":"https:\/\/aconteceunovale.com.br\/portal\/#website","url":"https:\/\/aconteceunovale.com.br\/portal\/","name":"Aconteceu no Vale","description":"Portal de Not\u00edcias","potentialAction":[{"@type":"SearchAction","target":{"@type":"EntryPoint","urlTemplate":"https:\/\/aconteceunovale.com.br\/portal\/?s={search_term_string}"},"query-input":{"@type":"PropertyValueSpecification","valueRequired":true,"valueName":"search_term_string"}}],"inLanguage":"pt-BR"},{"@type":"Person","@id":"https:\/\/aconteceunovale.com.br\/portal\/#\/schema\/person\/7d2f26d1483f8a63de73da1ee0754d35","name":"Reda\u00e7\u00e3o Aconteceu no Vale","description":"Equipe de reportagem do Aconteceu no Vale, portal de not\u00edcias do Vale do Jequitinhonha, em Minas Gerais. Cobrimos as 51 cidades do Vale desde 2013. Sugest\u00f5es de pauta e pedidos de corre\u00e7\u00e3o: contato@aconteceunovale.com.br","url":"https:\/\/aconteceunovale.com.br\/portal\/?author=4"}]}},"_links":{"self":[{"href":"https:\/\/aconteceunovale.com.br\/portal\/index.php?rest_route=\/wp\/v2\/posts\/180743","targetHints":{"allow":["GET"]}}],"collection":[{"href":"https:\/\/aconteceunovale.com.br\/portal\/index.php?rest_route=\/wp\/v2\/posts"}],"about":[{"href":"https:\/\/aconteceunovale.com.br\/portal\/index.php?rest_route=\/wp\/v2\/types\/post"}],"author":[{"embeddable":true,"href":"https:\/\/aconteceunovale.com.br\/portal\/index.php?rest_route=\/wp\/v2\/users\/4"}],"replies":[{"embeddable":true,"href":"https:\/\/aconteceunovale.com.br\/portal\/index.php?rest_route=%2Fwp%2Fv2%2Fcomments&post=180743"}],"version-history":[{"count":1,"href":"https:\/\/aconteceunovale.com.br\/portal\/index.php?rest_route=\/wp\/v2\/posts\/180743\/revisions"}],"predecessor-version":[{"id":180747,"href":"https:\/\/aconteceunovale.com.br\/portal\/index.php?rest_route=\/wp\/v2\/posts\/180743\/revisions\/180747"}],"wp:featuredmedia":[{"embeddable":true,"href":"https:\/\/aconteceunovale.com.br\/portal\/index.php?rest_route=\/wp\/v2\/media\/180744"}],"wp:attachment":[{"href":"https:\/\/aconteceunovale.com.br\/portal\/index.php?rest_route=%2Fwp%2Fv2%2Fmedia&parent=180743"}],"wp:term":[{"taxonomy":"category","embeddable":true,"href":"https:\/\/aconteceunovale.com.br\/portal\/index.php?rest_route=%2Fwp%2Fv2%2Fcategories&post=180743"},{"taxonomy":"post_tag","embeddable":true,"href":"https:\/\/aconteceunovale.com.br\/portal\/index.php?rest_route=%2Fwp%2Fv2%2Ftags&post=180743"}],"curies":[{"name":"wp","href":"https:\/\/api.w.org\/{rel}","templated":true}]}}