{"id":180739,"date":"2021-08-08T10:11:08","date_gmt":"2021-08-08T13:11:08","guid":{"rendered":"https:\/\/aconteceunovale.com.br\/portal\/?p=180739"},"modified":"2021-08-08T10:29:20","modified_gmt":"2021-08-08T13:29:20","slug":"bia-ferreira-fica-com-a-medalha-de-prata-no-boxe","status":"publish","type":"post","link":"https:\/\/aconteceunovale.com.br\/portal\/?p=180739","title":{"rendered":"Bia Ferreira fica com a medalha de prata no boxe"},"content":{"rendered":"\n<p class=\"wp-block-paragraph\">O sonho era de uma medalha de ouro, mas Bia Ferreira fez hist\u00f3ria na Olimp\u00edada de T\u00f3quio (Jap\u00e3o) ao conquistar a prata ap\u00f3s perder a final da categoria at\u00e9 60 kg do boxe para a irlandesa Kellie Harrington, por decis\u00e3o un\u00e2nime dos ju\u00edzes, na madrugada deste domingo (8\/8\/2021) na Arena Kokugikan.<\/p>\n\n\n\n<figure class=\"wp-block-gallery columns-1 is-cropped wp-block-gallery-1 is-layout-flex wp-block-gallery-is-layout-flex\"><ul class=\"blocks-gallery-grid\"><li class=\"blocks-gallery-item\"><figure><img loading=\"lazy\" decoding=\"async\" width=\"674\" height=\"450\" src=\"https:\/\/aconteceunovale.com.br\/portal\/wp-content\/uploads\/2021\/08\/bia_ferreira_prata.jpg\" alt=\"\" data-id=\"180740\" data-full-url=\"https:\/\/aconteceunovale.com.br\/portal\/wp-content\/uploads\/2021\/08\/bia_ferreira_prata.jpg\" data-link=\"https:\/\/aconteceunovale.com.br\/portal\/?attachment_id=180740\" class=\"wp-image-180740\" srcset=\"https:\/\/aconteceunovale.com.br\/portal\/wp-content\/uploads\/2021\/08\/bia_ferreira_prata.jpg 674w, https:\/\/aconteceunovale.com.br\/portal\/wp-content\/uploads\/2021\/08\/bia_ferreira_prata-300x200.jpg 300w, https:\/\/aconteceunovale.com.br\/portal\/wp-content\/uploads\/2021\/08\/bia_ferreira_prata-629x420.jpg 629w\" sizes=\"auto, (max-width: 674px) 100vw, 674px\" \/><figcaption class=\"blocks-gallery-item__caption\"><em>Bia Ferreira conquistou a medalha de prata &#8211; Foto: Jonne Roriz\/COB<\/em><\/figcaption><\/figure><\/li><\/ul><\/figure>\n\n\n\n<p class=\"wp-block-paragraph\"><em>\u201cO atleta sempre quer ganhar. Sabia que estava sendo uma luta parelha. Ela foi superior, mas acredito que foi um belo combate, ela usou a estrat\u00e9gia de anular meu jogo e n\u00e3o consegui mudar isso. Mas estou feliz de estar nesse p\u00f3dio, ter conseguido a prata, foi muito importante j\u00e1 que venho participando de campeonatos e, apenas em um at\u00e9 hoje, eu n\u00e3o consegui estar no p\u00f3dio. Ent\u00e3o estar aqui tem o mesmo peso, como se fosse ouro. \u00c9 duro, mas \u00e9 gratificante ver que eu trabalhei, fiz as melhores escolhas\u201d,<\/em> disse a pugilista, ap\u00f3s a luta, ao Comit\u00ea Ol\u00edmpico do Brasil (COB).<\/p>\n\n\n\n<p class=\"wp-block-paragraph\">E Bia tamb\u00e9m expressou o desejo de, na pr\u00f3xima edi\u00e7\u00e3o dos Jogos, em Paris, buscar a t\u00e3o sonhada medalha dourada: <em>\u201cT\u00f3quio acabou, mas esse ano ainda temos mundial, ent\u00e3o n\u00e3o podemos parar. E a\u00ed Paris? Vou conversar com meu treinador ali e vamos ver. Por mim sim. Quero mudar a cor dessa medalha\u201d.<\/em> <\/p>\n\n\n\n<p class=\"wp-block-paragraph\">Com a prata de Bia Ferreira, o boxe brasileiro encerra os Jogos de T\u00f3quio com tr\u00eas medalhas. Antes vieram o ouro de Hebert Concei\u00e7\u00e3o, na categoria at\u00e9 75 quilos, e o bronze de Abner Teixeira, na categoria at\u00e9 91 quilos.<\/p>\n\n\n\n<h3 class=\"wp-block-heading\">Confira a campanha de Bia nos Jogos Ol\u00edmpicos:<\/h3>\n\n\n\n<ul class=\"wp-block-list\"><li>Oitavas de final: 5 x 0 sobre Shih-Yi Wu (Taipei)<\/li><li>Quartas de final: 5 x 0 sobre Raykhona Kodirova (Uzbequist\u00e3o)<\/li><li>Semifinal: 5 x 0 sobre Mira Potkonen (Finl\u00e2ndia)<\/li><li>Final: 5 x 0 para Kellie Anne Harrington (Irlanda)<\/li><\/ul>\n\n\n\n<p class=\"wp-block-paragraph\">&#8212;&#8212;&#8212;&#8212;&#8212;&#8212;<br><em>Quer receber as not\u00edcias do <strong>Aconteceu no Vale<\/strong> em primeira m\u00e3o? Siga-nos no Facebook <a rel=\"noreferrer noopener\" href=\"http:\/\/facebook.com\/aconteceunovale\" target=\"_blank\">@aconteceunovale<\/a>, Twitter <a rel=\"noreferrer noopener\" href=\"https:\/\/twitter.com\/noticiadosvales\" target=\"_blank\">@noticiadosvales<\/a> e Instagram <a rel=\"noreferrer noopener\" href=\"https:\/\/www.instagram.com\/aconteceunovale\" target=\"_blank\">@aconteceunovale<\/a>.<\/em><\/p>\n","protected":false},"excerpt":{"rendered":"<p>O sonho era de uma medalha de ouro, mas Bia Ferreira fez hist\u00f3ria na Olimp\u00edada de T\u00f3quio (Jap\u00e3o) ao conquistar a prata ap\u00f3s perder a final da categoria at\u00e9 60 kg do boxe para a irlandesa Kellie Harrington, por decis\u00e3o un\u00e2nime dos ju\u00edzes, na madrugada deste domingo (8\/8\/2021) na Arena Kokugikan. \u201cO atleta sempre quer [&hellip;]<\/p>\n","protected":false},"author":4,"featured_media":180740,"comment_status":"open","ping_status":"closed","sticky":false,"template":"","format":"standard","meta":{"amp_status":"","footnotes":""},"categories":[6,59,28848],"tags":[249010,248735,248734,248738,248744,249013,249012,248750,248746,248745,249314,249316,248739,248741,4785,4825,248751,1018,249011,249005,249009,249004,249008,248742,18645,248258,248259,475,248743,248749,249315,248740,218575,248268,248272,218569,248748,249006,249007,248747,32318,108293,248737,248736,203845],"class_list":["post-180739","post","type-post","status-publish","format-standard","has-post-thumbnail","hentry","category-br","category-esportes","category-mundo","tag-abilkhan-amankul","tag-abner-teixeira","tag-abner-teixeira-garante-medalha-para-o-brasil-no-boxe","tag-abner-teixeira-nas-quartas","tag-abner-x-hussein","tag-andy-cruz","tag-beatriz-ferreira","tag-benjamin-whittaker","tag-bia-ferreira","tag-bia-ferreira-atropela-shih-yi-wu","tag-bia-ferreira-fica-com-a-medalha-de-prata-no-boxe","tag-bia-ferreira-medalha-de-prata","tag-boxe-brasileiro","tag-boxe-brasileiro-garante-medalha-em-toquio","tag-brasil","tag-cuba","tag-daxiang-chen","tag-destaque","tag-gleb-bakshi","tag-hebert-conceicao","tag-hebert-conceicao-bronze-em-toquio","tag-hebert-conceicao-garante-a-segunda-medalha-do-boxe-brasileiro-em-toquio","tag-hebert-conceicao-medalha-em-toquio","tag-hussein-eishaishna","tag-japao","tag-jogos-olimpicos-de-toquio","tag-jogos-olimpicos-do-japao","tag-jordania","tag-julio-cesar-la-cruz","tag-keno-marley","tag-medalha-de-prata-bia-ferreira","tag-medalha-olimpica-no-boxe","tag-olimpiada-de-toquio","tag-olimpiada-de-toquio-2020","tag-olimpiada-de-toquio-2021","tag-olimpiada-do-japao","tag-raykhona-kodirova","tag-segunda-medalha-do-boxe-brasileiro-em-toquio","tag-servilio-de-oliveira","tag-shih-yi-wu","tag-taiwan","tag-toquio","tag-vitoria-de-abner-teixeira","tag-vitoria-do-brasileiro-abner-teixeira","tag-wanderson-oliveira"],"yoast_head":"<!-- This site is optimized with the Yoast SEO plugin v28.3 - https:\/\/yoast.com\/product\/yoast-seo-wordpress\/ -->\n<title>Bia Ferreira fica com a medalha de prata no boxe - Aconteceu no Vale<\/title>\n<meta name=\"robots\" content=\"index, follow, max-snippet:-1, max-image-preview:large, max-video-preview:-1\" \/>\n<link rel=\"canonical\" href=\"https:\/\/aconteceunovale.com.br\/portal\/?p=180739\" \/>\n<meta property=\"og:locale\" content=\"pt_BR\" \/>\n<meta property=\"og:type\" content=\"article\" \/>\n<meta property=\"og:title\" content=\"Bia Ferreira fica com a medalha de prata no boxe - Aconteceu no Vale\" \/>\n<meta property=\"og:description\" content=\"O sonho era de uma medalha de ouro, mas Bia Ferreira fez hist\u00f3ria na Olimp\u00edada de T\u00f3quio (Jap\u00e3o) ao conquistar a prata ap\u00f3s perder a final da categoria at\u00e9 60 kg do boxe para a irlandesa Kellie Harrington, por decis\u00e3o un\u00e2nime dos ju\u00edzes, na madrugada deste domingo (8\/8\/2021) na Arena Kokugikan. \u201cO atleta sempre quer [&hellip;]\" \/>\n<meta property=\"og:url\" content=\"https:\/\/aconteceunovale.com.br\/portal\/?p=180739\" \/>\n<meta property=\"og:site_name\" content=\"Aconteceu no Vale\" \/>\n<meta property=\"article:publisher\" content=\"https:\/\/www.facebook.com\/aconteceunovale\/\" \/>\n<meta property=\"article:published_time\" content=\"2021-08-08T13:11:08+00:00\" \/>\n<meta property=\"article:modified_time\" content=\"2021-08-08T13:29:20+00:00\" \/>\n<meta property=\"og:image\" content=\"https:\/\/aconteceunovale.com.br\/portal\/wp-content\/uploads\/2021\/08\/bia_ferreira_prata.jpg\" \/>\n\t<meta property=\"og:image:width\" content=\"674\" \/>\n\t<meta property=\"og:image:height\" content=\"450\" \/>\n\t<meta property=\"og:image:type\" content=\"image\/jpeg\" \/>\n<meta name=\"author\" content=\"Reda\u00e7\u00e3o Aconteceu no Vale\" \/>\n<meta name=\"twitter:card\" content=\"summary_large_image\" \/>\n<meta name=\"twitter:creator\" content=\"@noticiadosvales\" \/>\n<meta name=\"twitter:site\" content=\"@noticiadosvales\" \/>\n<meta name=\"twitter:label1\" content=\"Escrito por\" \/>\n\t<meta name=\"twitter:data1\" content=\"Reda\u00e7\u00e3o Aconteceu no Vale\" \/>\n\t<meta name=\"twitter:label2\" content=\"Est. tempo de leitura\" \/>\n\t<meta name=\"twitter:data2\" content=\"2 minutos\" \/>\n<script type=\"application\/ld+json\" class=\"yoast-schema-graph\">{\"@context\":\"https:\\\/\\\/schema.org\",\"@graph\":[{\"@type\":\"Article\",\"@id\":\"https:\\\/\\\/aconteceunovale.com.br\\\/portal\\\/?p=180739#article\",\"isPartOf\":{\"@id\":\"https:\\\/\\\/aconteceunovale.com.br\\\/portal\\\/?p=180739\"},\"author\":{\"name\":\"Reda\u00e7\u00e3o Aconteceu no Vale\",\"@id\":\"https:\\\/\\\/aconteceunovale.com.br\\\/portal\\\/#\\\/schema\\\/person\\\/7d2f26d1483f8a63de73da1ee0754d35\"},\"headline\":\"Bia Ferreira fica com a medalha de prata no boxe\",\"datePublished\":\"2021-08-08T13:11:08+00:00\",\"dateModified\":\"2021-08-08T13:29:20+00:00\",\"mainEntityOfPage\":{\"@id\":\"https:\\\/\\\/aconteceunovale.com.br\\\/portal\\\/?p=180739\"},\"wordCount\":352,\"commentCount\":0,\"image\":{\"@id\":\"https:\\\/\\\/aconteceunovale.com.br\\\/portal\\\/?p=180739#primaryimage\"},\"thumbnailUrl\":\"https:\\\/\\\/aconteceunovale.com.br\\\/portal\\\/wp-content\\\/uploads\\\/2021\\\/08\\\/bia_ferreira_prata.jpg\",\"keywords\":[\"Abilkhan Amankul\",\"Abner Teixeira\",\"Abner Teixeira garante medalha para o Brasil no boxe\",\"Abner Teixeira nas quartas\",\"Abner x Hussein\",\"Andy Cruz\",\"Beatriz Ferreira\",\"Benjamin Whittaker\",\"Bia Ferreira\",\"Bia Ferreira atropela Shih-Yi Wu\",\"Bia Ferreira fica com a medalha de prata no boxe\",\"Bia Ferreira medalha de prata\",\"Boxe brasileiro\",\"Boxe brasileiro garante medalha em T\u00f3quio\",\"brasil\",\"Cuba\",\"Daxiang Chen\",\"destaque\",\"Gleb Bakshi\",\"Hebert Concei\u00e7\u00e3o\",\"Hebert Concei\u00e7\u00e3o bronze em T\u00f3quio\",\"Hebert Concei\u00e7\u00e3o garante a segunda medalha do boxe brasileiro em T\u00f3quio\",\"Hebert Concei\u00e7\u00e3o medalha em T\u00f3quio\",\"Hussein Eishaishna\",\"Jap\u00e3o\",\"Jogos ol\u00edmpicos de T\u00f3quio\",\"Jogos ol\u00edmpicos do Jap\u00e3o\",\"Jord\u00e2nia\",\"Julio C\u00e9sar La Cruz\",\"Keno Marley\",\"Medalha de prata Bia Ferreira\",\"Medalha ol\u00edmpica no boxe\",\"Olimp\u00edada de T\u00f3quio\",\"Olimp\u00edada de T\u00f3quio 2020\",\"Olimp\u00edada de T\u00f3quio 2021\",\"Olimp\u00edada do Jap\u00e3o\",\"Raykhona Kodirova\",\"Segunda medalha do boxe brasileiro em T\u00f3quio\",\"Serv\u00edlio de Oliveira\",\"Shih-Yi Wu\",\"Taiwan\",\"T\u00f3quio\",\"Vit\u00f3ria de Abner Teixeira\",\"Vit\u00f3ria do brasileiro Abner Teixeira\",\"Wanderson Oliveira\"],\"articleSection\":[\"Brasil\",\"Esportes\",\"Mundo\"],\"inLanguage\":\"pt-BR\",\"potentialAction\":[{\"@type\":\"CommentAction\",\"name\":\"Comment\",\"target\":[\"https:\\\/\\\/aconteceunovale.com.br\\\/portal\\\/?p=180739#respond\"]}]},{\"@type\":\"WebPage\",\"@id\":\"https:\\\/\\\/aconteceunovale.com.br\\\/portal\\\/?p=180739\",\"url\":\"https:\\\/\\\/aconteceunovale.com.br\\\/portal\\\/?p=180739\",\"name\":\"Bia Ferreira fica com a medalha de prata no boxe - Aconteceu no Vale\",\"isPartOf\":{\"@id\":\"https:\\\/\\\/aconteceunovale.com.br\\\/portal\\\/#website\"},\"primaryImageOfPage\":{\"@id\":\"https:\\\/\\\/aconteceunovale.com.br\\\/portal\\\/?p=180739#primaryimage\"},\"image\":{\"@id\":\"https:\\\/\\\/aconteceunovale.com.br\\\/portal\\\/?p=180739#primaryimage\"},\"thumbnailUrl\":\"https:\\\/\\\/aconteceunovale.com.br\\\/portal\\\/wp-content\\\/uploads\\\/2021\\\/08\\\/bia_ferreira_prata.jpg\",\"datePublished\":\"2021-08-08T13:11:08+00:00\",\"dateModified\":\"2021-08-08T13:29:20+00:00\",\"author\":{\"@id\":\"https:\\\/\\\/aconteceunovale.com.br\\\/portal\\\/#\\\/schema\\\/person\\\/7d2f26d1483f8a63de73da1ee0754d35\"},\"breadcrumb\":{\"@id\":\"https:\\\/\\\/aconteceunovale.com.br\\\/portal\\\/?p=180739#breadcrumb\"},\"inLanguage\":\"pt-BR\",\"potentialAction\":[{\"@type\":\"ReadAction\",\"target\":[\"https:\\\/\\\/aconteceunovale.com.br\\\/portal\\\/?p=180739\"]}]},{\"@type\":\"ImageObject\",\"inLanguage\":\"pt-BR\",\"@id\":\"https:\\\/\\\/aconteceunovale.com.br\\\/portal\\\/?p=180739#primaryimage\",\"url\":\"https:\\\/\\\/aconteceunovale.com.br\\\/portal\\\/wp-content\\\/uploads\\\/2021\\\/08\\\/bia_ferreira_prata.jpg\",\"contentUrl\":\"https:\\\/\\\/aconteceunovale.com.br\\\/portal\\\/wp-content\\\/uploads\\\/2021\\\/08\\\/bia_ferreira_prata.jpg\",\"width\":674,\"height\":450},{\"@type\":\"BreadcrumbList\",\"@id\":\"https:\\\/\\\/aconteceunovale.com.br\\\/portal\\\/?p=180739#breadcrumb\",\"itemListElement\":[{\"@type\":\"ListItem\",\"position\":1,\"name\":\"In\u00edcio\",\"item\":\"https:\\\/\\\/aconteceunovale.com.br\\\/portal\\\/\"},{\"@type\":\"ListItem\",\"position\":2,\"name\":\"Bia Ferreira fica com a medalha de prata no boxe\"}]},{\"@type\":\"WebSite\",\"@id\":\"https:\\\/\\\/aconteceunovale.com.br\\\/portal\\\/#website\",\"url\":\"https:\\\/\\\/aconteceunovale.com.br\\\/portal\\\/\",\"name\":\"Aconteceu no Vale\",\"description\":\"Portal de Not\u00edcias\",\"potentialAction\":[{\"@type\":\"SearchAction\",\"target\":{\"@type\":\"EntryPoint\",\"urlTemplate\":\"https:\\\/\\\/aconteceunovale.com.br\\\/portal\\\/?s={search_term_string}\"},\"query-input\":{\"@type\":\"PropertyValueSpecification\",\"valueRequired\":true,\"valueName\":\"search_term_string\"}}],\"inLanguage\":\"pt-BR\"},{\"@type\":\"Person\",\"@id\":\"https:\\\/\\\/aconteceunovale.com.br\\\/portal\\\/#\\\/schema\\\/person\\\/7d2f26d1483f8a63de73da1ee0754d35\",\"name\":\"Reda\u00e7\u00e3o Aconteceu no Vale\",\"description\":\"Equipe de reportagem do Aconteceu no Vale, portal de not\u00edcias do Vale do Jequitinhonha, em Minas Gerais. Cobrimos as 51 cidades do Vale desde 2013. Sugest\u00f5es de pauta e pedidos de corre\u00e7\u00e3o: contato@aconteceunovale.com.br\",\"url\":\"https:\\\/\\\/aconteceunovale.com.br\\\/portal\\\/?author=4\"}]}<\/script>\n<!-- \/ Yoast SEO plugin. -->","yoast_head_json":{"title":"Bia Ferreira fica com a medalha de prata no boxe - Aconteceu no Vale","robots":{"index":"index","follow":"follow","max-snippet":"max-snippet:-1","max-image-preview":"max-image-preview:large","max-video-preview":"max-video-preview:-1"},"canonical":"https:\/\/aconteceunovale.com.br\/portal\/?p=180739","og_locale":"pt_BR","og_type":"article","og_title":"Bia Ferreira fica com a medalha de prata no boxe - Aconteceu no Vale","og_description":"O sonho era de uma medalha de ouro, mas Bia Ferreira fez hist\u00f3ria na Olimp\u00edada de T\u00f3quio (Jap\u00e3o) ao conquistar a prata ap\u00f3s perder a final da categoria at\u00e9 60 kg do boxe para a irlandesa Kellie Harrington, por decis\u00e3o un\u00e2nime dos ju\u00edzes, na madrugada deste domingo (8\/8\/2021) na Arena Kokugikan. \u201cO atleta sempre quer [&hellip;]","og_url":"https:\/\/aconteceunovale.com.br\/portal\/?p=180739","og_site_name":"Aconteceu no Vale","article_publisher":"https:\/\/www.facebook.com\/aconteceunovale\/","article_published_time":"2021-08-08T13:11:08+00:00","article_modified_time":"2021-08-08T13:29:20+00:00","og_image":[{"width":674,"height":450,"url":"https:\/\/aconteceunovale.com.br\/portal\/wp-content\/uploads\/2021\/08\/bia_ferreira_prata.jpg","type":"image\/jpeg"}],"author":"Reda\u00e7\u00e3o Aconteceu no Vale","twitter_card":"summary_large_image","twitter_creator":"@noticiadosvales","twitter_site":"@noticiadosvales","twitter_misc":{"Escrito por":"Reda\u00e7\u00e3o Aconteceu no Vale","Est. tempo de leitura":"2 minutos"},"schema":{"@context":"https:\/\/schema.org","@graph":[{"@type":"Article","@id":"https:\/\/aconteceunovale.com.br\/portal\/?p=180739#article","isPartOf":{"@id":"https:\/\/aconteceunovale.com.br\/portal\/?p=180739"},"author":{"name":"Reda\u00e7\u00e3o Aconteceu no Vale","@id":"https:\/\/aconteceunovale.com.br\/portal\/#\/schema\/person\/7d2f26d1483f8a63de73da1ee0754d35"},"headline":"Bia Ferreira fica com a medalha de prata no boxe","datePublished":"2021-08-08T13:11:08+00:00","dateModified":"2021-08-08T13:29:20+00:00","mainEntityOfPage":{"@id":"https:\/\/aconteceunovale.com.br\/portal\/?p=180739"},"wordCount":352,"commentCount":0,"image":{"@id":"https:\/\/aconteceunovale.com.br\/portal\/?p=180739#primaryimage"},"thumbnailUrl":"https:\/\/aconteceunovale.com.br\/portal\/wp-content\/uploads\/2021\/08\/bia_ferreira_prata.jpg","keywords":["Abilkhan Amankul","Abner Teixeira","Abner Teixeira garante medalha para o Brasil no boxe","Abner Teixeira nas quartas","Abner x Hussein","Andy Cruz","Beatriz Ferreira","Benjamin Whittaker","Bia Ferreira","Bia Ferreira atropela Shih-Yi Wu","Bia Ferreira fica com a medalha de prata no boxe","Bia Ferreira medalha de prata","Boxe brasileiro","Boxe brasileiro garante medalha em T\u00f3quio","brasil","Cuba","Daxiang Chen","destaque","Gleb Bakshi","Hebert Concei\u00e7\u00e3o","Hebert Concei\u00e7\u00e3o bronze em T\u00f3quio","Hebert Concei\u00e7\u00e3o garante a segunda medalha do boxe brasileiro em T\u00f3quio","Hebert Concei\u00e7\u00e3o medalha em T\u00f3quio","Hussein Eishaishna","Jap\u00e3o","Jogos ol\u00edmpicos de T\u00f3quio","Jogos ol\u00edmpicos do Jap\u00e3o","Jord\u00e2nia","Julio C\u00e9sar La Cruz","Keno Marley","Medalha de prata Bia Ferreira","Medalha ol\u00edmpica no boxe","Olimp\u00edada de T\u00f3quio","Olimp\u00edada de T\u00f3quio 2020","Olimp\u00edada de T\u00f3quio 2021","Olimp\u00edada do Jap\u00e3o","Raykhona Kodirova","Segunda medalha do boxe brasileiro em T\u00f3quio","Serv\u00edlio de Oliveira","Shih-Yi Wu","Taiwan","T\u00f3quio","Vit\u00f3ria de Abner Teixeira","Vit\u00f3ria do brasileiro Abner Teixeira","Wanderson Oliveira"],"articleSection":["Brasil","Esportes","Mundo"],"inLanguage":"pt-BR","potentialAction":[{"@type":"CommentAction","name":"Comment","target":["https:\/\/aconteceunovale.com.br\/portal\/?p=180739#respond"]}]},{"@type":"WebPage","@id":"https:\/\/aconteceunovale.com.br\/portal\/?p=180739","url":"https:\/\/aconteceunovale.com.br\/portal\/?p=180739","name":"Bia Ferreira fica com a medalha de prata no boxe - Aconteceu no Vale","isPartOf":{"@id":"https:\/\/aconteceunovale.com.br\/portal\/#website"},"primaryImageOfPage":{"@id":"https:\/\/aconteceunovale.com.br\/portal\/?p=180739#primaryimage"},"image":{"@id":"https:\/\/aconteceunovale.com.br\/portal\/?p=180739#primaryimage"},"thumbnailUrl":"https:\/\/aconteceunovale.com.br\/portal\/wp-content\/uploads\/2021\/08\/bia_ferreira_prata.jpg","datePublished":"2021-08-08T13:11:08+00:00","dateModified":"2021-08-08T13:29:20+00:00","author":{"@id":"https:\/\/aconteceunovale.com.br\/portal\/#\/schema\/person\/7d2f26d1483f8a63de73da1ee0754d35"},"breadcrumb":{"@id":"https:\/\/aconteceunovale.com.br\/portal\/?p=180739#breadcrumb"},"inLanguage":"pt-BR","potentialAction":[{"@type":"ReadAction","target":["https:\/\/aconteceunovale.com.br\/portal\/?p=180739"]}]},{"@type":"ImageObject","inLanguage":"pt-BR","@id":"https:\/\/aconteceunovale.com.br\/portal\/?p=180739#primaryimage","url":"https:\/\/aconteceunovale.com.br\/portal\/wp-content\/uploads\/2021\/08\/bia_ferreira_prata.jpg","contentUrl":"https:\/\/aconteceunovale.com.br\/portal\/wp-content\/uploads\/2021\/08\/bia_ferreira_prata.jpg","width":674,"height":450},{"@type":"BreadcrumbList","@id":"https:\/\/aconteceunovale.com.br\/portal\/?p=180739#breadcrumb","itemListElement":[{"@type":"ListItem","position":1,"name":"In\u00edcio","item":"https:\/\/aconteceunovale.com.br\/portal\/"},{"@type":"ListItem","position":2,"name":"Bia Ferreira fica com a medalha de prata no boxe"}]},{"@type":"WebSite","@id":"https:\/\/aconteceunovale.com.br\/portal\/#website","url":"https:\/\/aconteceunovale.com.br\/portal\/","name":"Aconteceu no Vale","description":"Portal de Not\u00edcias","potentialAction":[{"@type":"SearchAction","target":{"@type":"EntryPoint","urlTemplate":"https:\/\/aconteceunovale.com.br\/portal\/?s={search_term_string}"},"query-input":{"@type":"PropertyValueSpecification","valueRequired":true,"valueName":"search_term_string"}}],"inLanguage":"pt-BR"},{"@type":"Person","@id":"https:\/\/aconteceunovale.com.br\/portal\/#\/schema\/person\/7d2f26d1483f8a63de73da1ee0754d35","name":"Reda\u00e7\u00e3o Aconteceu no Vale","description":"Equipe de reportagem do Aconteceu no Vale, portal de not\u00edcias do Vale do Jequitinhonha, em Minas Gerais. Cobrimos as 51 cidades do Vale desde 2013. Sugest\u00f5es de pauta e pedidos de corre\u00e7\u00e3o: contato@aconteceunovale.com.br","url":"https:\/\/aconteceunovale.com.br\/portal\/?author=4"}]}},"_links":{"self":[{"href":"https:\/\/aconteceunovale.com.br\/portal\/index.php?rest_route=\/wp\/v2\/posts\/180739","targetHints":{"allow":["GET"]}}],"collection":[{"href":"https:\/\/aconteceunovale.com.br\/portal\/index.php?rest_route=\/wp\/v2\/posts"}],"about":[{"href":"https:\/\/aconteceunovale.com.br\/portal\/index.php?rest_route=\/wp\/v2\/types\/post"}],"author":[{"embeddable":true,"href":"https:\/\/aconteceunovale.com.br\/portal\/index.php?rest_route=\/wp\/v2\/users\/4"}],"replies":[{"embeddable":true,"href":"https:\/\/aconteceunovale.com.br\/portal\/index.php?rest_route=%2Fwp%2Fv2%2Fcomments&post=180739"}],"version-history":[{"count":2,"href":"https:\/\/aconteceunovale.com.br\/portal\/index.php?rest_route=\/wp\/v2\/posts\/180739\/revisions"}],"predecessor-version":[{"id":180742,"href":"https:\/\/aconteceunovale.com.br\/portal\/index.php?rest_route=\/wp\/v2\/posts\/180739\/revisions\/180742"}],"wp:featuredmedia":[{"embeddable":true,"href":"https:\/\/aconteceunovale.com.br\/portal\/index.php?rest_route=\/wp\/v2\/media\/180740"}],"wp:attachment":[{"href":"https:\/\/aconteceunovale.com.br\/portal\/index.php?rest_route=%2Fwp%2Fv2%2Fmedia&parent=180739"}],"wp:term":[{"taxonomy":"category","embeddable":true,"href":"https:\/\/aconteceunovale.com.br\/portal\/index.php?rest_route=%2Fwp%2Fv2%2Fcategories&post=180739"},{"taxonomy":"post_tag","embeddable":true,"href":"https:\/\/aconteceunovale.com.br\/portal\/index.php?rest_route=%2Fwp%2Fv2%2Ftags&post=180739"}],"curies":[{"name":"wp","href":"https:\/\/api.w.org\/{rel}","templated":true}]}}