{"id":180736,"date":"2021-08-08T00:40:12","date_gmt":"2021-08-08T03:40:12","guid":{"rendered":"https:\/\/aconteceunovale.com.br\/portal\/?p=180736"},"modified":"2021-08-08T00:41:41","modified_gmt":"2021-08-08T03:41:41","slug":"homem-e-preso-apos-ameacar-esposa-em-governador-valadares","status":"publish","type":"post","link":"https:\/\/aconteceunovale.com.br\/portal\/?p=180736","title":{"rendered":"Homem \u00e9 preso ap\u00f3s amea\u00e7ar esposa em Governador Valadares"},"content":{"rendered":"\n<p class=\"wp-block-paragraph\">Um idoso de 65 anos foi preso ap\u00f3s tentar amea\u00e7ar a esposa, de 45 anos, com uma faca, durante uma discuss\u00e3o em Governador Valadares, na regi\u00e3o do Rio Doce, nessa sexta-feira (6\/8\/2021). Segundo informa\u00e7\u00f5es da Pol\u00edcia Militar (PM), o filho do casal, um adolescente de 15 anos, impediu que a m\u00e3e fosse esfaqueada.<\/p>\n\n\n\n<figure class=\"wp-block-gallery columns-1 is-cropped wp-block-gallery-1 is-layout-flex wp-block-gallery-is-layout-flex\"><ul class=\"blocks-gallery-grid\"><li class=\"blocks-gallery-item\"><figure><img loading=\"lazy\" decoding=\"async\" width=\"675\" height=\"450\" src=\"https:\/\/aconteceunovale.com.br\/portal\/wp-content\/uploads\/2021\/08\/arma_gv_apreendida.jpg\" alt=\"\" data-id=\"180737\" data-full-url=\"https:\/\/aconteceunovale.com.br\/portal\/wp-content\/uploads\/2021\/08\/arma_gv_apreendida.jpg\" data-link=\"https:\/\/aconteceunovale.com.br\/portal\/?attachment_id=180737\" class=\"wp-image-180737\" srcset=\"https:\/\/aconteceunovale.com.br\/portal\/wp-content\/uploads\/2021\/08\/arma_gv_apreendida.jpg 675w, https:\/\/aconteceunovale.com.br\/portal\/wp-content\/uploads\/2021\/08\/arma_gv_apreendida-300x200.jpg 300w, https:\/\/aconteceunovale.com.br\/portal\/wp-content\/uploads\/2021\/08\/arma_gv_apreendida-630x420.jpg 630w\" sizes=\"auto, (max-width: 675px) 100vw, 675px\" \/><figcaption class=\"blocks-gallery-item__caption\"><em>Foto: Divulga\u00e7\u00e3o \/ PMMG<\/em><\/figcaption><\/figure><\/li><\/ul><\/figure>\n\n\n\n<p class=\"wp-block-paragraph\">De acordo com a vers\u00e3o da mulher no boletim de ocorr\u00eancia, o marido foi at\u00e9 um bar no final da tarde de sexta-feira. Mais a noite, ela foi at\u00e9 o local pedir que ele voltasse para casa. O homem continuou no local, mas a mulher foi embora do estabelecimento com a carteira do marido. Ela relatou que em outros oportunidades, ap\u00f3s beber, o homem foi roubado e por isso, os dois concordaram de que ela devia levar a carteira dele para casa.<\/p>\n\n\n\n<p class=\"wp-block-paragraph\">Mais tarde, quando o homem chegou \u00e0 resid\u00eancia, ele teria iniciado uma discuss\u00e3o com a esposa. A v\u00edtima contou que o marido estava bastante alterado e dizendo que n\u00e3o era respeitado em casa. Ele ent\u00e3o teria empunhado uma faca e amea\u00e7ado esfaquear a mulher.&nbsp; O filho do casal, de 15 anos, interveio na situa\u00e7\u00e3o e conseguiu impedir que o pai esfaqueasse a m\u00e3e. Ap\u00f3s a interven\u00e7\u00e3o, o pai se desequilibrou e caiu ao ch\u00e3o, tendo apenas um corte no cotovelo.<\/p>\n\n\n\n<p class=\"wp-block-paragraph\">A mulher relatou aos policiais que tinha medo do marido, por ele guardar uma arma em casa, em um local de f\u00e1cil acesso. A arma foi entregue para os militares que verificaram que ela pertencia ao pai do suspeito, j\u00e1 falecido. A ocorr\u00eancia foi encerrada na Delegacia de Plant\u00e3o da Pol\u00edcia Civil em Governador Valadares.<\/p>\n\n\n\n<p class=\"wp-block-paragraph\">&#8212;&#8212;&#8212;&#8212;&#8212;&#8212;<br><em>Quer receber as not\u00edcias do <strong>Aconteceu no Vale<\/strong> em primeira m\u00e3o? Siga-nos no Facebook <a rel=\"noreferrer noopener\" href=\"http:\/\/facebook.com\/aconteceunovale\" target=\"_blank\">@aconteceunovale<\/a>, Twitter <a rel=\"noreferrer noopener\" href=\"https:\/\/twitter.com\/noticiadosvales\" target=\"_blank\">@noticiadosvales<\/a> e Instagram <a rel=\"noreferrer noopener\" href=\"https:\/\/www.instagram.com\/aconteceunovale\" target=\"_blank\">@aconteceunovale<\/a>.<\/em><\/p>\n","protected":false},"excerpt":{"rendered":"<p>Um idoso de 65 anos foi preso ap\u00f3s tentar amea\u00e7ar a esposa, de 45 anos, com uma faca, durante uma discuss\u00e3o em Governador Valadares, na regi\u00e3o do Rio Doce, nessa sexta-feira (6\/8\/2021). Segundo informa\u00e7\u00f5es da Pol\u00edcia Militar (PM), o filho do casal, um adolescente de 15 anos, impediu que a m\u00e3e fosse esfaqueada. De acordo [&hellip;]<\/p>\n","protected":false},"author":4,"featured_media":180737,"comment_status":"open","ping_status":"closed","sticky":false,"template":"","format":"standard","meta":{"amp_status":"","footnotes":""},"categories":[121],"tags":[195687,127520,247,249311,48037,249312,249313],"class_list":["post-180736","post","type-post","status-publish","format-standard","has-post-thumbnail","hentry","category-leste","tag-apreensao-de-arma-em-governador-valadares","tag-arma-apreendida-em-governador-valadares","tag-governador-valadares","tag-homem-e-preso-apos-ameacar-esposa-em-governador-valadares","tag-preso-em-governador-valadares","tag-preso-por-ameacar-esposa-em-governador-valadares","tag-preso-por-ameacar-mulher-em-governador-valadares"],"yoast_head":"<!-- This site is optimized with the Yoast SEO plugin v28.3 - https:\/\/yoast.com\/product\/yoast-seo-wordpress\/ -->\n<title>Homem \u00e9 preso ap\u00f3s amea\u00e7ar esposa em Governador Valadares - Aconteceu no Vale<\/title>\n<meta name=\"robots\" content=\"index, follow, max-snippet:-1, max-image-preview:large, max-video-preview:-1\" \/>\n<link rel=\"canonical\" href=\"https:\/\/aconteceunovale.com.br\/portal\/?p=180736\" \/>\n<meta property=\"og:locale\" content=\"pt_BR\" \/>\n<meta property=\"og:type\" content=\"article\" \/>\n<meta property=\"og:title\" content=\"Homem \u00e9 preso ap\u00f3s amea\u00e7ar esposa em Governador Valadares - Aconteceu no Vale\" \/>\n<meta property=\"og:description\" content=\"Um idoso de 65 anos foi preso ap\u00f3s tentar amea\u00e7ar a esposa, de 45 anos, com uma faca, durante uma discuss\u00e3o em Governador Valadares, na regi\u00e3o do Rio Doce, nessa sexta-feira (6\/8\/2021). Segundo informa\u00e7\u00f5es da Pol\u00edcia Militar (PM), o filho do casal, um adolescente de 15 anos, impediu que a m\u00e3e fosse esfaqueada. De acordo [&hellip;]\" \/>\n<meta property=\"og:url\" content=\"https:\/\/aconteceunovale.com.br\/portal\/?p=180736\" \/>\n<meta property=\"og:site_name\" content=\"Aconteceu no Vale\" \/>\n<meta property=\"article:publisher\" content=\"https:\/\/www.facebook.com\/aconteceunovale\/\" \/>\n<meta property=\"article:published_time\" content=\"2021-08-08T03:40:12+00:00\" \/>\n<meta property=\"article:modified_time\" content=\"2021-08-08T03:41:41+00:00\" \/>\n<meta property=\"og:image\" content=\"https:\/\/aconteceunovale.com.br\/portal\/wp-content\/uploads\/2021\/08\/arma_gv_apreendida.jpg\" \/>\n\t<meta property=\"og:image:width\" content=\"675\" \/>\n\t<meta property=\"og:image:height\" content=\"450\" \/>\n\t<meta property=\"og:image:type\" content=\"image\/jpeg\" \/>\n<meta name=\"author\" content=\"Reda\u00e7\u00e3o Aconteceu no Vale\" \/>\n<meta name=\"twitter:card\" content=\"summary_large_image\" \/>\n<meta name=\"twitter:creator\" content=\"@noticiadosvales\" \/>\n<meta name=\"twitter:site\" content=\"@noticiadosvales\" \/>\n<meta name=\"twitter:label1\" content=\"Escrito por\" \/>\n\t<meta name=\"twitter:data1\" content=\"Reda\u00e7\u00e3o Aconteceu no Vale\" \/>\n\t<meta name=\"twitter:label2\" content=\"Est. tempo de leitura\" \/>\n\t<meta name=\"twitter:data2\" content=\"2 minutos\" \/>\n<script type=\"application\/ld+json\" class=\"yoast-schema-graph\">{\"@context\":\"https:\\\/\\\/schema.org\",\"@graph\":[{\"@type\":\"Article\",\"@id\":\"https:\\\/\\\/aconteceunovale.com.br\\\/portal\\\/?p=180736#article\",\"isPartOf\":{\"@id\":\"https:\\\/\\\/aconteceunovale.com.br\\\/portal\\\/?p=180736\"},\"author\":{\"name\":\"Reda\u00e7\u00e3o Aconteceu no Vale\",\"@id\":\"https:\\\/\\\/aconteceunovale.com.br\\\/portal\\\/#\\\/schema\\\/person\\\/7d2f26d1483f8a63de73da1ee0754d35\"},\"headline\":\"Homem \u00e9 preso ap\u00f3s amea\u00e7ar esposa em Governador Valadares\",\"datePublished\":\"2021-08-08T03:40:12+00:00\",\"dateModified\":\"2021-08-08T03:41:41+00:00\",\"mainEntityOfPage\":{\"@id\":\"https:\\\/\\\/aconteceunovale.com.br\\\/portal\\\/?p=180736\"},\"wordCount\":327,\"commentCount\":0,\"image\":{\"@id\":\"https:\\\/\\\/aconteceunovale.com.br\\\/portal\\\/?p=180736#primaryimage\"},\"thumbnailUrl\":\"https:\\\/\\\/aconteceunovale.com.br\\\/portal\\\/wp-content\\\/uploads\\\/2021\\\/08\\\/arma_gv_apreendida.jpg\",\"keywords\":[\"Apreens\u00e3o de arma em Governador Valadares\",\"Arma apreendida em Governador Valadares\",\"Governador Valadares\",\"Homem \u00e9 preso ap\u00f3s amea\u00e7ar esposa em Governador Valadares\",\"preso em Governador Valadares\",\"Preso por amea\u00e7ar esposa em Governador Valadares\",\"Preso por amea\u00e7ar mulher em Governador Valadares\"],\"articleSection\":[\"Leste de Minas\"],\"inLanguage\":\"pt-BR\",\"potentialAction\":[{\"@type\":\"CommentAction\",\"name\":\"Comment\",\"target\":[\"https:\\\/\\\/aconteceunovale.com.br\\\/portal\\\/?p=180736#respond\"]}]},{\"@type\":\"WebPage\",\"@id\":\"https:\\\/\\\/aconteceunovale.com.br\\\/portal\\\/?p=180736\",\"url\":\"https:\\\/\\\/aconteceunovale.com.br\\\/portal\\\/?p=180736\",\"name\":\"Homem \u00e9 preso ap\u00f3s amea\u00e7ar esposa em Governador Valadares - Aconteceu no Vale\",\"isPartOf\":{\"@id\":\"https:\\\/\\\/aconteceunovale.com.br\\\/portal\\\/#website\"},\"primaryImageOfPage\":{\"@id\":\"https:\\\/\\\/aconteceunovale.com.br\\\/portal\\\/?p=180736#primaryimage\"},\"image\":{\"@id\":\"https:\\\/\\\/aconteceunovale.com.br\\\/portal\\\/?p=180736#primaryimage\"},\"thumbnailUrl\":\"https:\\\/\\\/aconteceunovale.com.br\\\/portal\\\/wp-content\\\/uploads\\\/2021\\\/08\\\/arma_gv_apreendida.jpg\",\"datePublished\":\"2021-08-08T03:40:12+00:00\",\"dateModified\":\"2021-08-08T03:41:41+00:00\",\"author\":{\"@id\":\"https:\\\/\\\/aconteceunovale.com.br\\\/portal\\\/#\\\/schema\\\/person\\\/7d2f26d1483f8a63de73da1ee0754d35\"},\"breadcrumb\":{\"@id\":\"https:\\\/\\\/aconteceunovale.com.br\\\/portal\\\/?p=180736#breadcrumb\"},\"inLanguage\":\"pt-BR\",\"potentialAction\":[{\"@type\":\"ReadAction\",\"target\":[\"https:\\\/\\\/aconteceunovale.com.br\\\/portal\\\/?p=180736\"]}]},{\"@type\":\"ImageObject\",\"inLanguage\":\"pt-BR\",\"@id\":\"https:\\\/\\\/aconteceunovale.com.br\\\/portal\\\/?p=180736#primaryimage\",\"url\":\"https:\\\/\\\/aconteceunovale.com.br\\\/portal\\\/wp-content\\\/uploads\\\/2021\\\/08\\\/arma_gv_apreendida.jpg\",\"contentUrl\":\"https:\\\/\\\/aconteceunovale.com.br\\\/portal\\\/wp-content\\\/uploads\\\/2021\\\/08\\\/arma_gv_apreendida.jpg\",\"width\":675,\"height\":450},{\"@type\":\"BreadcrumbList\",\"@id\":\"https:\\\/\\\/aconteceunovale.com.br\\\/portal\\\/?p=180736#breadcrumb\",\"itemListElement\":[{\"@type\":\"ListItem\",\"position\":1,\"name\":\"In\u00edcio\",\"item\":\"https:\\\/\\\/aconteceunovale.com.br\\\/portal\\\/\"},{\"@type\":\"ListItem\",\"position\":2,\"name\":\"Homem \u00e9 preso ap\u00f3s amea\u00e7ar esposa em Governador Valadares\"}]},{\"@type\":\"WebSite\",\"@id\":\"https:\\\/\\\/aconteceunovale.com.br\\\/portal\\\/#website\",\"url\":\"https:\\\/\\\/aconteceunovale.com.br\\\/portal\\\/\",\"name\":\"Aconteceu no Vale\",\"description\":\"Portal de Not\u00edcias\",\"potentialAction\":[{\"@type\":\"SearchAction\",\"target\":{\"@type\":\"EntryPoint\",\"urlTemplate\":\"https:\\\/\\\/aconteceunovale.com.br\\\/portal\\\/?s={search_term_string}\"},\"query-input\":{\"@type\":\"PropertyValueSpecification\",\"valueRequired\":true,\"valueName\":\"search_term_string\"}}],\"inLanguage\":\"pt-BR\"},{\"@type\":\"Person\",\"@id\":\"https:\\\/\\\/aconteceunovale.com.br\\\/portal\\\/#\\\/schema\\\/person\\\/7d2f26d1483f8a63de73da1ee0754d35\",\"name\":\"Reda\u00e7\u00e3o Aconteceu no Vale\",\"description\":\"Equipe de reportagem do Aconteceu no Vale, portal de not\u00edcias do Vale do Jequitinhonha, em Minas Gerais. Cobrimos as 51 cidades do Vale desde 2013. Sugest\u00f5es de pauta e pedidos de corre\u00e7\u00e3o: contato@aconteceunovale.com.br\",\"url\":\"https:\\\/\\\/aconteceunovale.com.br\\\/portal\\\/?author=4\"}]}<\/script>\n<!-- \/ Yoast SEO plugin. -->","yoast_head_json":{"title":"Homem \u00e9 preso ap\u00f3s amea\u00e7ar esposa em Governador Valadares - Aconteceu no Vale","robots":{"index":"index","follow":"follow","max-snippet":"max-snippet:-1","max-image-preview":"max-image-preview:large","max-video-preview":"max-video-preview:-1"},"canonical":"https:\/\/aconteceunovale.com.br\/portal\/?p=180736","og_locale":"pt_BR","og_type":"article","og_title":"Homem \u00e9 preso ap\u00f3s amea\u00e7ar esposa em Governador Valadares - Aconteceu no Vale","og_description":"Um idoso de 65 anos foi preso ap\u00f3s tentar amea\u00e7ar a esposa, de 45 anos, com uma faca, durante uma discuss\u00e3o em Governador Valadares, na regi\u00e3o do Rio Doce, nessa sexta-feira (6\/8\/2021). Segundo informa\u00e7\u00f5es da Pol\u00edcia Militar (PM), o filho do casal, um adolescente de 15 anos, impediu que a m\u00e3e fosse esfaqueada. De acordo [&hellip;]","og_url":"https:\/\/aconteceunovale.com.br\/portal\/?p=180736","og_site_name":"Aconteceu no Vale","article_publisher":"https:\/\/www.facebook.com\/aconteceunovale\/","article_published_time":"2021-08-08T03:40:12+00:00","article_modified_time":"2021-08-08T03:41:41+00:00","og_image":[{"width":675,"height":450,"url":"https:\/\/aconteceunovale.com.br\/portal\/wp-content\/uploads\/2021\/08\/arma_gv_apreendida.jpg","type":"image\/jpeg"}],"author":"Reda\u00e7\u00e3o Aconteceu no Vale","twitter_card":"summary_large_image","twitter_creator":"@noticiadosvales","twitter_site":"@noticiadosvales","twitter_misc":{"Escrito por":"Reda\u00e7\u00e3o Aconteceu no Vale","Est. tempo de leitura":"2 minutos"},"schema":{"@context":"https:\/\/schema.org","@graph":[{"@type":"Article","@id":"https:\/\/aconteceunovale.com.br\/portal\/?p=180736#article","isPartOf":{"@id":"https:\/\/aconteceunovale.com.br\/portal\/?p=180736"},"author":{"name":"Reda\u00e7\u00e3o Aconteceu no Vale","@id":"https:\/\/aconteceunovale.com.br\/portal\/#\/schema\/person\/7d2f26d1483f8a63de73da1ee0754d35"},"headline":"Homem \u00e9 preso ap\u00f3s amea\u00e7ar esposa em Governador Valadares","datePublished":"2021-08-08T03:40:12+00:00","dateModified":"2021-08-08T03:41:41+00:00","mainEntityOfPage":{"@id":"https:\/\/aconteceunovale.com.br\/portal\/?p=180736"},"wordCount":327,"commentCount":0,"image":{"@id":"https:\/\/aconteceunovale.com.br\/portal\/?p=180736#primaryimage"},"thumbnailUrl":"https:\/\/aconteceunovale.com.br\/portal\/wp-content\/uploads\/2021\/08\/arma_gv_apreendida.jpg","keywords":["Apreens\u00e3o de arma em Governador Valadares","Arma apreendida em Governador Valadares","Governador Valadares","Homem \u00e9 preso ap\u00f3s amea\u00e7ar esposa em Governador Valadares","preso em Governador Valadares","Preso por amea\u00e7ar esposa em Governador Valadares","Preso por amea\u00e7ar mulher em Governador Valadares"],"articleSection":["Leste de Minas"],"inLanguage":"pt-BR","potentialAction":[{"@type":"CommentAction","name":"Comment","target":["https:\/\/aconteceunovale.com.br\/portal\/?p=180736#respond"]}]},{"@type":"WebPage","@id":"https:\/\/aconteceunovale.com.br\/portal\/?p=180736","url":"https:\/\/aconteceunovale.com.br\/portal\/?p=180736","name":"Homem \u00e9 preso ap\u00f3s amea\u00e7ar esposa em Governador Valadares - Aconteceu no Vale","isPartOf":{"@id":"https:\/\/aconteceunovale.com.br\/portal\/#website"},"primaryImageOfPage":{"@id":"https:\/\/aconteceunovale.com.br\/portal\/?p=180736#primaryimage"},"image":{"@id":"https:\/\/aconteceunovale.com.br\/portal\/?p=180736#primaryimage"},"thumbnailUrl":"https:\/\/aconteceunovale.com.br\/portal\/wp-content\/uploads\/2021\/08\/arma_gv_apreendida.jpg","datePublished":"2021-08-08T03:40:12+00:00","dateModified":"2021-08-08T03:41:41+00:00","author":{"@id":"https:\/\/aconteceunovale.com.br\/portal\/#\/schema\/person\/7d2f26d1483f8a63de73da1ee0754d35"},"breadcrumb":{"@id":"https:\/\/aconteceunovale.com.br\/portal\/?p=180736#breadcrumb"},"inLanguage":"pt-BR","potentialAction":[{"@type":"ReadAction","target":["https:\/\/aconteceunovale.com.br\/portal\/?p=180736"]}]},{"@type":"ImageObject","inLanguage":"pt-BR","@id":"https:\/\/aconteceunovale.com.br\/portal\/?p=180736#primaryimage","url":"https:\/\/aconteceunovale.com.br\/portal\/wp-content\/uploads\/2021\/08\/arma_gv_apreendida.jpg","contentUrl":"https:\/\/aconteceunovale.com.br\/portal\/wp-content\/uploads\/2021\/08\/arma_gv_apreendida.jpg","width":675,"height":450},{"@type":"BreadcrumbList","@id":"https:\/\/aconteceunovale.com.br\/portal\/?p=180736#breadcrumb","itemListElement":[{"@type":"ListItem","position":1,"name":"In\u00edcio","item":"https:\/\/aconteceunovale.com.br\/portal\/"},{"@type":"ListItem","position":2,"name":"Homem \u00e9 preso ap\u00f3s amea\u00e7ar esposa em Governador Valadares"}]},{"@type":"WebSite","@id":"https:\/\/aconteceunovale.com.br\/portal\/#website","url":"https:\/\/aconteceunovale.com.br\/portal\/","name":"Aconteceu no Vale","description":"Portal de Not\u00edcias","potentialAction":[{"@type":"SearchAction","target":{"@type":"EntryPoint","urlTemplate":"https:\/\/aconteceunovale.com.br\/portal\/?s={search_term_string}"},"query-input":{"@type":"PropertyValueSpecification","valueRequired":true,"valueName":"search_term_string"}}],"inLanguage":"pt-BR"},{"@type":"Person","@id":"https:\/\/aconteceunovale.com.br\/portal\/#\/schema\/person\/7d2f26d1483f8a63de73da1ee0754d35","name":"Reda\u00e7\u00e3o Aconteceu no Vale","description":"Equipe de reportagem do Aconteceu no Vale, portal de not\u00edcias do Vale do Jequitinhonha, em Minas Gerais. Cobrimos as 51 cidades do Vale desde 2013. Sugest\u00f5es de pauta e pedidos de corre\u00e7\u00e3o: contato@aconteceunovale.com.br","url":"https:\/\/aconteceunovale.com.br\/portal\/?author=4"}]}},"_links":{"self":[{"href":"https:\/\/aconteceunovale.com.br\/portal\/index.php?rest_route=\/wp\/v2\/posts\/180736","targetHints":{"allow":["GET"]}}],"collection":[{"href":"https:\/\/aconteceunovale.com.br\/portal\/index.php?rest_route=\/wp\/v2\/posts"}],"about":[{"href":"https:\/\/aconteceunovale.com.br\/portal\/index.php?rest_route=\/wp\/v2\/types\/post"}],"author":[{"embeddable":true,"href":"https:\/\/aconteceunovale.com.br\/portal\/index.php?rest_route=\/wp\/v2\/users\/4"}],"replies":[{"embeddable":true,"href":"https:\/\/aconteceunovale.com.br\/portal\/index.php?rest_route=%2Fwp%2Fv2%2Fcomments&post=180736"}],"version-history":[{"count":1,"href":"https:\/\/aconteceunovale.com.br\/portal\/index.php?rest_route=\/wp\/v2\/posts\/180736\/revisions"}],"predecessor-version":[{"id":180738,"href":"https:\/\/aconteceunovale.com.br\/portal\/index.php?rest_route=\/wp\/v2\/posts\/180736\/revisions\/180738"}],"wp:featuredmedia":[{"embeddable":true,"href":"https:\/\/aconteceunovale.com.br\/portal\/index.php?rest_route=\/wp\/v2\/media\/180737"}],"wp:attachment":[{"href":"https:\/\/aconteceunovale.com.br\/portal\/index.php?rest_route=%2Fwp%2Fv2%2Fmedia&parent=180736"}],"wp:term":[{"taxonomy":"category","embeddable":true,"href":"https:\/\/aconteceunovale.com.br\/portal\/index.php?rest_route=%2Fwp%2Fv2%2Fcategories&post=180736"},{"taxonomy":"post_tag","embeddable":true,"href":"https:\/\/aconteceunovale.com.br\/portal\/index.php?rest_route=%2Fwp%2Fv2%2Ftags&post=180736"}],"curies":[{"name":"wp","href":"https:\/\/api.w.org\/{rel}","templated":true}]}}