{"id":180722,"date":"2021-08-07T12:29:28","date_gmt":"2021-08-07T15:29:28","guid":{"rendered":"https:\/\/aconteceunovale.com.br\/portal\/?p=180722"},"modified":"2021-08-07T12:33:01","modified_gmt":"2021-08-07T15:33:01","slug":"brasil-tem-mais-de-150-milhoes-de-doses-de-vacinas-contra-covid-19-aplicadas","status":"publish","type":"post","link":"https:\/\/aconteceunovale.com.br\/portal\/?p=180722","title":{"rendered":"Brasil tem mais de 150 milh\u00f5es de doses de vacinas contra Covid-19 aplicadas"},"content":{"rendered":"\n<p class=\"wp-block-paragraph\">Mais de 150 milh\u00f5es de doses de vacinas contra covid-19 j\u00e1 foram aplicadas no pa\u00eds, informou hoje (7\/8\/2021), em Bras\u00edlia, o Minist\u00e9rio da Sa\u00fade.<\/p>\n\n\n\n<p class=\"wp-block-paragraph\">A primeira dose da vacina chegou para mais de 106 milh\u00f5es de brasileiros, o que representa 66,3% da popula\u00e7\u00e3o acima de 18 anos. A segunda dose ou a vacina de dose \u00fanica imunizou mais de 44,8 milh\u00f5es de pessoas, o que representa 28% do p\u00fablico-alvo.<\/p>\n\n\n\n<p class=\"wp-block-paragraph\">O minist\u00e9rio destacou que a vacina\u00e7\u00e3o \u00e9 a prioridade da pasta para acabar com car\u00e1ter pand\u00eamico da covid-19 e \u201cos reflexos da imuniza\u00e7\u00e3o aparecem h\u00e1 algumas semanas\u201d.<\/p>\n\n\n\n<figure class=\"wp-block-gallery columns-1 is-cropped wp-block-gallery-1 is-layout-flex wp-block-gallery-is-layout-flex\"><ul class=\"blocks-gallery-grid\"><li class=\"blocks-gallery-item\"><figure><img loading=\"lazy\" decoding=\"async\" width=\"678\" height=\"406\" src=\"https:\/\/aconteceunovale.com.br\/portal\/wp-content\/uploads\/2021\/08\/vacina_covid-.jpg\" alt=\"\" data-id=\"180723\" data-full-url=\"https:\/\/aconteceunovale.com.br\/portal\/wp-content\/uploads\/2021\/08\/vacina_covid-.jpg\" data-link=\"https:\/\/aconteceunovale.com.br\/portal\/?attachment_id=180723\" class=\"wp-image-180723\" srcset=\"https:\/\/aconteceunovale.com.br\/portal\/wp-content\/uploads\/2021\/08\/vacina_covid-.jpg 678w, https:\/\/aconteceunovale.com.br\/portal\/wp-content\/uploads\/2021\/08\/vacina_covid--300x180.jpg 300w\" sizes=\"auto, (max-width: 678px) 100vw, 678px\" \/><figcaption class=\"blocks-gallery-item__caption\"><em>Foto: Fabio Rodrigues Pozzebom\/Ag\u00eancia Brasil<\/em><\/figcaption><\/figure><\/li><\/ul><\/figure>\n\n\n\n<h2 class=\"wp-block-heading\">Redu\u00e7\u00e3o de mortes<\/h2>\n\n\n\n<p class=\"wp-block-paragraph\">De acordo com o minist\u00e9rio, na \u00faltima sexta-feira (6), o Brasil registrou a menor m\u00e9dia m\u00f3vel de casos e mortes pela covid-19 desde janeiro. Nos \u00faltimos quatro meses, a m\u00e9dia m\u00f3vel de casos caiu 46% e a de \u00f3bitos registrou uma redu\u00e7\u00e3o ainda maior &#8211; cerca de 65%.<\/p>\n\n\n\n<h2 class=\"wp-block-heading\">Entrega de vacinas<\/h2>\n\n\n\n<p class=\"wp-block-paragraph\">Mais de 9,7 milh\u00f5es de doses de vacinas contra covid-19 foram entregues ao Programa Nacional de Imuniza\u00e7\u00e3o (PNI) do Minist\u00e9rio da Sa\u00fade nesta semana. Do dia 1\u00ba de agosto ao dia 6, o Brasil recebeu 2 milh\u00f5es de doses da CoronaVac, produzidas pelo Instituto Butantan; 6,7 milh\u00f5es de Pfizer e 1 milh\u00e3o de AstraZeneca, produzidas pela Funda\u00e7\u00e3o Oswaldo Cruz (Fiocruz).<\/p>\n\n\n\n<p class=\"wp-block-paragraph\">Segundo balan\u00e7o do Minist\u00e9rio da Sa\u00fade, s\u00e3o mais de 184 milh\u00f5es de imunizantes enviados aos estados, dos quais 89,5 milh\u00f5es vieram da Fiocruz; 62,8 milh\u00f5es do Instituto Butantan; 27,5 milh\u00f5es da Pfizer; e 4,7 milh\u00f5es da Janssen.<\/p>\n\n\n\n<h2 class=\"wp-block-heading\">Recurso para leitos<\/h2>\n\n\n\n<p class=\"wp-block-paragraph\">O minist\u00e9rio anunciou, ainda, que nesta semana mais 17 estados receberam recursos do governo federal para atendimento a pacientes com covid-19. Foram autorizados 457 leitos de unidade de tratamento intensivo (UTI), sendo 25 pedi\u00e1tricos, e 431 leitos de suporte ventilat\u00f3rio pulmonar.<\/p>\n\n\n\n<p class=\"wp-block-paragraph\">As novas autoriza\u00e7\u00f5es contemplaram Bahia, Cear\u00e1, Distrito Federal, Goi\u00e1s, Maranh\u00e3o, Mato Grosso, Mato Grosso do Sul, Minas Gerais, Par\u00e1, Paran\u00e1, Para\u00edba, Pernambuco, Piau\u00ed, Rio de Janeiro, S\u00e3o Paulo, Santa Catarina e Tocantins. O investimento total \u00e9 de R$ 31 milh\u00f5es.<\/p>\n\n\n\n<p class=\"wp-block-paragraph\">&#8212;&#8212;&#8212;&#8212;&#8212;&#8212;<br><em>Quer receber as not\u00edcias do <strong>Aconteceu no Vale<\/strong> em primeira m\u00e3o? Siga-nos no Facebook <a rel=\"noreferrer noopener\" href=\"http:\/\/facebook.com\/aconteceunovale\" target=\"_blank\">@aconteceunovale<\/a>, Twitter <a rel=\"noreferrer noopener\" href=\"https:\/\/twitter.com\/noticiadosvales\" target=\"_blank\">@noticiadosvales<\/a> e Instagram <a rel=\"noreferrer noopener\" href=\"https:\/\/www.instagram.com\/aconteceunovale\" target=\"_blank\">@aconteceunovale<\/a>.<\/em><\/p>\n","protected":false},"excerpt":{"rendered":"<p>Mais de 150 milh\u00f5es de doses de vacinas contra covid-19 j\u00e1 foram aplicadas no pa\u00eds, informou hoje (7\/8\/2021), em Bras\u00edlia, o Minist\u00e9rio da Sa\u00fade. A primeira dose da vacina chegou para mais de 106 milh\u00f5es de brasileiros, o que representa 66,3% da popula\u00e7\u00e3o acima de 18 anos. A segunda dose ou a vacina de dose [&hellip;]<\/p>\n","protected":false},"author":4,"featured_media":180723,"comment_status":"open","ping_status":"closed","sticky":false,"template":"","format":"standard","meta":{"amp_status":"","footnotes":""},"categories":[6,40242],"tags":[248769,4785,248876,249289,215394,218043,1018,246445,224484,134903,241171,248771,248770,239472],"class_list":["post-180722","post","type-post","status-publish","format-standard","has-post-thumbnail","hentry","category-br","category-saude-2","tag-40-milhoes-de-pessoas-ja-completaram-o-ciclo-de-vacinacao-contra-a-covid-19-no-brasil","tag-brasil","tag-brasil-bate-a-marca-de-100-milhoes-de-pessoas-vacinadas-contra-a-covid-19","tag-brasil-tem-mais-de-150-milhoes-de-doses-de-vacinas-contra-covid-19-aplicadas","tag-coronavirus-no-brasil","tag-covid-19-no-brasil","tag-destaque","tag-imunizacao-contra-covid-19-no-brasil","tag-pandemia-no-brasil","tag-pni","tag-programa-nacional-de-imunizacao","tag-totalmente-imunizado-no-brasil","tag-vacinacao-completa-no-brasil","tag-vacinacao-contra-covid-19-no-brasil"],"yoast_head":"<!-- This site is optimized with the Yoast SEO plugin v28.3 - https:\/\/yoast.com\/product\/yoast-seo-wordpress\/ -->\n<title>Brasil tem mais de 150 milh\u00f5es de doses de vacinas contra Covid-19 aplicadas - Aconteceu no Vale<\/title>\n<meta name=\"robots\" content=\"index, follow, max-snippet:-1, max-image-preview:large, max-video-preview:-1\" \/>\n<link rel=\"canonical\" href=\"https:\/\/aconteceunovale.com.br\/portal\/?p=180722\" \/>\n<meta property=\"og:locale\" content=\"pt_BR\" \/>\n<meta property=\"og:type\" content=\"article\" \/>\n<meta property=\"og:title\" content=\"Brasil tem mais de 150 milh\u00f5es de doses de vacinas contra Covid-19 aplicadas - Aconteceu no Vale\" \/>\n<meta property=\"og:description\" content=\"Mais de 150 milh\u00f5es de doses de vacinas contra covid-19 j\u00e1 foram aplicadas no pa\u00eds, informou hoje (7\/8\/2021), em Bras\u00edlia, o Minist\u00e9rio da Sa\u00fade. A primeira dose da vacina chegou para mais de 106 milh\u00f5es de brasileiros, o que representa 66,3% da popula\u00e7\u00e3o acima de 18 anos. A segunda dose ou a vacina de dose [&hellip;]\" \/>\n<meta property=\"og:url\" content=\"https:\/\/aconteceunovale.com.br\/portal\/?p=180722\" \/>\n<meta property=\"og:site_name\" content=\"Aconteceu no Vale\" \/>\n<meta property=\"article:publisher\" content=\"https:\/\/www.facebook.com\/aconteceunovale\/\" \/>\n<meta property=\"article:published_time\" content=\"2021-08-07T15:29:28+00:00\" \/>\n<meta property=\"article:modified_time\" content=\"2021-08-07T15:33:01+00:00\" \/>\n<meta property=\"og:image\" content=\"https:\/\/aconteceunovale.com.br\/portal\/wp-content\/uploads\/2021\/08\/vacina_covid-.jpg\" \/>\n\t<meta property=\"og:image:width\" content=\"678\" \/>\n\t<meta property=\"og:image:height\" content=\"406\" \/>\n\t<meta property=\"og:image:type\" content=\"image\/jpeg\" \/>\n<meta name=\"author\" content=\"Reda\u00e7\u00e3o Aconteceu no Vale\" \/>\n<meta name=\"twitter:card\" content=\"summary_large_image\" \/>\n<meta name=\"twitter:creator\" content=\"@noticiadosvales\" \/>\n<meta name=\"twitter:site\" content=\"@noticiadosvales\" \/>\n<meta name=\"twitter:label1\" content=\"Escrito por\" \/>\n\t<meta name=\"twitter:data1\" content=\"Reda\u00e7\u00e3o Aconteceu no Vale\" \/>\n\t<meta name=\"twitter:label2\" content=\"Est. tempo de leitura\" \/>\n\t<meta name=\"twitter:data2\" content=\"2 minutos\" \/>\n<script type=\"application\/ld+json\" class=\"yoast-schema-graph\">{\"@context\":\"https:\\\/\\\/schema.org\",\"@graph\":[{\"@type\":\"Article\",\"@id\":\"https:\\\/\\\/aconteceunovale.com.br\\\/portal\\\/?p=180722#article\",\"isPartOf\":{\"@id\":\"https:\\\/\\\/aconteceunovale.com.br\\\/portal\\\/?p=180722\"},\"author\":{\"name\":\"Reda\u00e7\u00e3o Aconteceu no Vale\",\"@id\":\"https:\\\/\\\/aconteceunovale.com.br\\\/portal\\\/#\\\/schema\\\/person\\\/7d2f26d1483f8a63de73da1ee0754d35\"},\"headline\":\"Brasil tem mais de 150 milh\u00f5es de doses de vacinas contra Covid-19 aplicadas\",\"datePublished\":\"2021-08-07T15:29:28+00:00\",\"dateModified\":\"2021-08-07T15:33:01+00:00\",\"mainEntityOfPage\":{\"@id\":\"https:\\\/\\\/aconteceunovale.com.br\\\/portal\\\/?p=180722\"},\"wordCount\":393,\"commentCount\":0,\"image\":{\"@id\":\"https:\\\/\\\/aconteceunovale.com.br\\\/portal\\\/?p=180722#primaryimage\"},\"thumbnailUrl\":\"https:\\\/\\\/aconteceunovale.com.br\\\/portal\\\/wp-content\\\/uploads\\\/2021\\\/08\\\/vacina_covid-.jpg\",\"keywords\":[\"40 milh\u00f5es de pessoas j\u00e1 completaram o ciclo de vacina\u00e7\u00e3o contra a Covid-19 no Brasil\",\"brasil\",\"Brasil bate a marca de 100 milh\u00f5es de pessoas vacinadas contra a Covid-19\",\"Brasil tem mais de 150 milh\u00f5es de doses de vacinas contra Covid-19 aplicadas\",\"Coronav\u00edrus no Brasil\",\"Covid-19 no Brasil\",\"destaque\",\"Imuniza\u00e7\u00e3o contra covid-19 no Brasil\",\"Pandemia no Brasil\",\"PNI\",\"Programa Nacional de Imuniza\u00e7\u00e3o\",\"Totalmente imunizado no Brasil\",\"Vacina\u00e7\u00e3o completa no Brasil\",\"Vacina\u00e7\u00e3o contra covid-19 no Brasil\"],\"articleSection\":[\"Brasil\",\"Sa\u00fade\"],\"inLanguage\":\"pt-BR\",\"potentialAction\":[{\"@type\":\"CommentAction\",\"name\":\"Comment\",\"target\":[\"https:\\\/\\\/aconteceunovale.com.br\\\/portal\\\/?p=180722#respond\"]}]},{\"@type\":\"WebPage\",\"@id\":\"https:\\\/\\\/aconteceunovale.com.br\\\/portal\\\/?p=180722\",\"url\":\"https:\\\/\\\/aconteceunovale.com.br\\\/portal\\\/?p=180722\",\"name\":\"Brasil tem mais de 150 milh\u00f5es de doses de vacinas contra Covid-19 aplicadas - Aconteceu no Vale\",\"isPartOf\":{\"@id\":\"https:\\\/\\\/aconteceunovale.com.br\\\/portal\\\/#website\"},\"primaryImageOfPage\":{\"@id\":\"https:\\\/\\\/aconteceunovale.com.br\\\/portal\\\/?p=180722#primaryimage\"},\"image\":{\"@id\":\"https:\\\/\\\/aconteceunovale.com.br\\\/portal\\\/?p=180722#primaryimage\"},\"thumbnailUrl\":\"https:\\\/\\\/aconteceunovale.com.br\\\/portal\\\/wp-content\\\/uploads\\\/2021\\\/08\\\/vacina_covid-.jpg\",\"datePublished\":\"2021-08-07T15:29:28+00:00\",\"dateModified\":\"2021-08-07T15:33:01+00:00\",\"author\":{\"@id\":\"https:\\\/\\\/aconteceunovale.com.br\\\/portal\\\/#\\\/schema\\\/person\\\/7d2f26d1483f8a63de73da1ee0754d35\"},\"breadcrumb\":{\"@id\":\"https:\\\/\\\/aconteceunovale.com.br\\\/portal\\\/?p=180722#breadcrumb\"},\"inLanguage\":\"pt-BR\",\"potentialAction\":[{\"@type\":\"ReadAction\",\"target\":[\"https:\\\/\\\/aconteceunovale.com.br\\\/portal\\\/?p=180722\"]}]},{\"@type\":\"ImageObject\",\"inLanguage\":\"pt-BR\",\"@id\":\"https:\\\/\\\/aconteceunovale.com.br\\\/portal\\\/?p=180722#primaryimage\",\"url\":\"https:\\\/\\\/aconteceunovale.com.br\\\/portal\\\/wp-content\\\/uploads\\\/2021\\\/08\\\/vacina_covid-.jpg\",\"contentUrl\":\"https:\\\/\\\/aconteceunovale.com.br\\\/portal\\\/wp-content\\\/uploads\\\/2021\\\/08\\\/vacina_covid-.jpg\",\"width\":678,\"height\":406,\"caption\":\"O Distrito Federal come\u00e7a neste s\u00e1bado (19) a vacinar pessoas com 49 anos, em Cinco pontos de vacina\u00e7\u00e3o, que atender\u00e3o esse grupo durante o fim de semana\"},{\"@type\":\"BreadcrumbList\",\"@id\":\"https:\\\/\\\/aconteceunovale.com.br\\\/portal\\\/?p=180722#breadcrumb\",\"itemListElement\":[{\"@type\":\"ListItem\",\"position\":1,\"name\":\"In\u00edcio\",\"item\":\"https:\\\/\\\/aconteceunovale.com.br\\\/portal\\\/\"},{\"@type\":\"ListItem\",\"position\":2,\"name\":\"Brasil tem mais de 150 milh\u00f5es de doses de vacinas contra Covid-19 aplicadas\"}]},{\"@type\":\"WebSite\",\"@id\":\"https:\\\/\\\/aconteceunovale.com.br\\\/portal\\\/#website\",\"url\":\"https:\\\/\\\/aconteceunovale.com.br\\\/portal\\\/\",\"name\":\"Aconteceu no Vale\",\"description\":\"Portal de Not\u00edcias\",\"potentialAction\":[{\"@type\":\"SearchAction\",\"target\":{\"@type\":\"EntryPoint\",\"urlTemplate\":\"https:\\\/\\\/aconteceunovale.com.br\\\/portal\\\/?s={search_term_string}\"},\"query-input\":{\"@type\":\"PropertyValueSpecification\",\"valueRequired\":true,\"valueName\":\"search_term_string\"}}],\"inLanguage\":\"pt-BR\"},{\"@type\":\"Person\",\"@id\":\"https:\\\/\\\/aconteceunovale.com.br\\\/portal\\\/#\\\/schema\\\/person\\\/7d2f26d1483f8a63de73da1ee0754d35\",\"name\":\"Reda\u00e7\u00e3o Aconteceu no Vale\",\"description\":\"Equipe de reportagem do Aconteceu no Vale, portal de not\u00edcias do Vale do Jequitinhonha, em Minas Gerais. Cobrimos as 51 cidades do Vale desde 2013. Sugest\u00f5es de pauta e pedidos de corre\u00e7\u00e3o: contato@aconteceunovale.com.br\",\"url\":\"https:\\\/\\\/aconteceunovale.com.br\\\/portal\\\/?author=4\"}]}<\/script>\n<!-- \/ Yoast SEO plugin. -->","yoast_head_json":{"title":"Brasil tem mais de 150 milh\u00f5es de doses de vacinas contra Covid-19 aplicadas - Aconteceu no Vale","robots":{"index":"index","follow":"follow","max-snippet":"max-snippet:-1","max-image-preview":"max-image-preview:large","max-video-preview":"max-video-preview:-1"},"canonical":"https:\/\/aconteceunovale.com.br\/portal\/?p=180722","og_locale":"pt_BR","og_type":"article","og_title":"Brasil tem mais de 150 milh\u00f5es de doses de vacinas contra Covid-19 aplicadas - Aconteceu no Vale","og_description":"Mais de 150 milh\u00f5es de doses de vacinas contra covid-19 j\u00e1 foram aplicadas no pa\u00eds, informou hoje (7\/8\/2021), em Bras\u00edlia, o Minist\u00e9rio da Sa\u00fade. A primeira dose da vacina chegou para mais de 106 milh\u00f5es de brasileiros, o que representa 66,3% da popula\u00e7\u00e3o acima de 18 anos. A segunda dose ou a vacina de dose [&hellip;]","og_url":"https:\/\/aconteceunovale.com.br\/portal\/?p=180722","og_site_name":"Aconteceu no Vale","article_publisher":"https:\/\/www.facebook.com\/aconteceunovale\/","article_published_time":"2021-08-07T15:29:28+00:00","article_modified_time":"2021-08-07T15:33:01+00:00","og_image":[{"width":678,"height":406,"url":"https:\/\/aconteceunovale.com.br\/portal\/wp-content\/uploads\/2021\/08\/vacina_covid-.jpg","type":"image\/jpeg"}],"author":"Reda\u00e7\u00e3o Aconteceu no Vale","twitter_card":"summary_large_image","twitter_creator":"@noticiadosvales","twitter_site":"@noticiadosvales","twitter_misc":{"Escrito por":"Reda\u00e7\u00e3o Aconteceu no Vale","Est. tempo de leitura":"2 minutos"},"schema":{"@context":"https:\/\/schema.org","@graph":[{"@type":"Article","@id":"https:\/\/aconteceunovale.com.br\/portal\/?p=180722#article","isPartOf":{"@id":"https:\/\/aconteceunovale.com.br\/portal\/?p=180722"},"author":{"name":"Reda\u00e7\u00e3o Aconteceu no Vale","@id":"https:\/\/aconteceunovale.com.br\/portal\/#\/schema\/person\/7d2f26d1483f8a63de73da1ee0754d35"},"headline":"Brasil tem mais de 150 milh\u00f5es de doses de vacinas contra Covid-19 aplicadas","datePublished":"2021-08-07T15:29:28+00:00","dateModified":"2021-08-07T15:33:01+00:00","mainEntityOfPage":{"@id":"https:\/\/aconteceunovale.com.br\/portal\/?p=180722"},"wordCount":393,"commentCount":0,"image":{"@id":"https:\/\/aconteceunovale.com.br\/portal\/?p=180722#primaryimage"},"thumbnailUrl":"https:\/\/aconteceunovale.com.br\/portal\/wp-content\/uploads\/2021\/08\/vacina_covid-.jpg","keywords":["40 milh\u00f5es de pessoas j\u00e1 completaram o ciclo de vacina\u00e7\u00e3o contra a Covid-19 no Brasil","brasil","Brasil bate a marca de 100 milh\u00f5es de pessoas vacinadas contra a Covid-19","Brasil tem mais de 150 milh\u00f5es de doses de vacinas contra Covid-19 aplicadas","Coronav\u00edrus no Brasil","Covid-19 no Brasil","destaque","Imuniza\u00e7\u00e3o contra covid-19 no Brasil","Pandemia no Brasil","PNI","Programa Nacional de Imuniza\u00e7\u00e3o","Totalmente imunizado no Brasil","Vacina\u00e7\u00e3o completa no Brasil","Vacina\u00e7\u00e3o contra covid-19 no Brasil"],"articleSection":["Brasil","Sa\u00fade"],"inLanguage":"pt-BR","potentialAction":[{"@type":"CommentAction","name":"Comment","target":["https:\/\/aconteceunovale.com.br\/portal\/?p=180722#respond"]}]},{"@type":"WebPage","@id":"https:\/\/aconteceunovale.com.br\/portal\/?p=180722","url":"https:\/\/aconteceunovale.com.br\/portal\/?p=180722","name":"Brasil tem mais de 150 milh\u00f5es de doses de vacinas contra Covid-19 aplicadas - Aconteceu no Vale","isPartOf":{"@id":"https:\/\/aconteceunovale.com.br\/portal\/#website"},"primaryImageOfPage":{"@id":"https:\/\/aconteceunovale.com.br\/portal\/?p=180722#primaryimage"},"image":{"@id":"https:\/\/aconteceunovale.com.br\/portal\/?p=180722#primaryimage"},"thumbnailUrl":"https:\/\/aconteceunovale.com.br\/portal\/wp-content\/uploads\/2021\/08\/vacina_covid-.jpg","datePublished":"2021-08-07T15:29:28+00:00","dateModified":"2021-08-07T15:33:01+00:00","author":{"@id":"https:\/\/aconteceunovale.com.br\/portal\/#\/schema\/person\/7d2f26d1483f8a63de73da1ee0754d35"},"breadcrumb":{"@id":"https:\/\/aconteceunovale.com.br\/portal\/?p=180722#breadcrumb"},"inLanguage":"pt-BR","potentialAction":[{"@type":"ReadAction","target":["https:\/\/aconteceunovale.com.br\/portal\/?p=180722"]}]},{"@type":"ImageObject","inLanguage":"pt-BR","@id":"https:\/\/aconteceunovale.com.br\/portal\/?p=180722#primaryimage","url":"https:\/\/aconteceunovale.com.br\/portal\/wp-content\/uploads\/2021\/08\/vacina_covid-.jpg","contentUrl":"https:\/\/aconteceunovale.com.br\/portal\/wp-content\/uploads\/2021\/08\/vacina_covid-.jpg","width":678,"height":406,"caption":"O Distrito Federal come\u00e7a neste s\u00e1bado (19) a vacinar pessoas com 49 anos, em Cinco pontos de vacina\u00e7\u00e3o, que atender\u00e3o esse grupo durante o fim de semana"},{"@type":"BreadcrumbList","@id":"https:\/\/aconteceunovale.com.br\/portal\/?p=180722#breadcrumb","itemListElement":[{"@type":"ListItem","position":1,"name":"In\u00edcio","item":"https:\/\/aconteceunovale.com.br\/portal\/"},{"@type":"ListItem","position":2,"name":"Brasil tem mais de 150 milh\u00f5es de doses de vacinas contra Covid-19 aplicadas"}]},{"@type":"WebSite","@id":"https:\/\/aconteceunovale.com.br\/portal\/#website","url":"https:\/\/aconteceunovale.com.br\/portal\/","name":"Aconteceu no Vale","description":"Portal de Not\u00edcias","potentialAction":[{"@type":"SearchAction","target":{"@type":"EntryPoint","urlTemplate":"https:\/\/aconteceunovale.com.br\/portal\/?s={search_term_string}"},"query-input":{"@type":"PropertyValueSpecification","valueRequired":true,"valueName":"search_term_string"}}],"inLanguage":"pt-BR"},{"@type":"Person","@id":"https:\/\/aconteceunovale.com.br\/portal\/#\/schema\/person\/7d2f26d1483f8a63de73da1ee0754d35","name":"Reda\u00e7\u00e3o Aconteceu no Vale","description":"Equipe de reportagem do Aconteceu no Vale, portal de not\u00edcias do Vale do Jequitinhonha, em Minas Gerais. Cobrimos as 51 cidades do Vale desde 2013. Sugest\u00f5es de pauta e pedidos de corre\u00e7\u00e3o: contato@aconteceunovale.com.br","url":"https:\/\/aconteceunovale.com.br\/portal\/?author=4"}]}},"_links":{"self":[{"href":"https:\/\/aconteceunovale.com.br\/portal\/index.php?rest_route=\/wp\/v2\/posts\/180722","targetHints":{"allow":["GET"]}}],"collection":[{"href":"https:\/\/aconteceunovale.com.br\/portal\/index.php?rest_route=\/wp\/v2\/posts"}],"about":[{"href":"https:\/\/aconteceunovale.com.br\/portal\/index.php?rest_route=\/wp\/v2\/types\/post"}],"author":[{"embeddable":true,"href":"https:\/\/aconteceunovale.com.br\/portal\/index.php?rest_route=\/wp\/v2\/users\/4"}],"replies":[{"embeddable":true,"href":"https:\/\/aconteceunovale.com.br\/portal\/index.php?rest_route=%2Fwp%2Fv2%2Fcomments&post=180722"}],"version-history":[{"count":1,"href":"https:\/\/aconteceunovale.com.br\/portal\/index.php?rest_route=\/wp\/v2\/posts\/180722\/revisions"}],"predecessor-version":[{"id":180724,"href":"https:\/\/aconteceunovale.com.br\/portal\/index.php?rest_route=\/wp\/v2\/posts\/180722\/revisions\/180724"}],"wp:featuredmedia":[{"embeddable":true,"href":"https:\/\/aconteceunovale.com.br\/portal\/index.php?rest_route=\/wp\/v2\/media\/180723"}],"wp:attachment":[{"href":"https:\/\/aconteceunovale.com.br\/portal\/index.php?rest_route=%2Fwp%2Fv2%2Fmedia&parent=180722"}],"wp:term":[{"taxonomy":"category","embeddable":true,"href":"https:\/\/aconteceunovale.com.br\/portal\/index.php?rest_route=%2Fwp%2Fv2%2Fcategories&post=180722"},{"taxonomy":"post_tag","embeddable":true,"href":"https:\/\/aconteceunovale.com.br\/portal\/index.php?rest_route=%2Fwp%2Fv2%2Ftags&post=180722"}],"curies":[{"name":"wp","href":"https:\/\/api.w.org\/{rel}","templated":true}]}}