{"id":18072,"date":"2014-01-09T17:54:20","date_gmt":"2014-01-09T19:54:20","guid":{"rendered":"http:\/\/aconteceunovale.com.br\/portal\/?p=18072"},"modified":"2014-01-09T17:54:20","modified_gmt":"2014-01-09T19:54:20","slug":"cronista-e-jornalista-guanhanense-marcio-rubens-prado-e-sepultado-em-belo-horizonte","status":"publish","type":"post","link":"https:\/\/aconteceunovale.com.br\/portal\/?p=18072","title":{"rendered":"Cronista e jornalista guanhanense, M\u00e1rcio Rubens Prado, \u00e9 sepultado em Belo Horizonte"},"content":{"rendered":"<p>Na tarde dessa quarta-feira (08\/01), \u00e0s 17h, um dos maiores cronistas de Minas e do pa\u00eds, o guanhanense e jornalista M\u00e1rcio Rubens Prado, foi sepultado no Cemit\u00e9rio do Bonfim, em Belo Horizonte.<\/p>\n<p><img decoding=\"async\" src=\"http:\/\/aconteceunovale.com.br\/portal\/wp-content\/uploads\/2014\/01\/jornalista_guanhaes.jpg\" alt=\"\" \/><\/p>\n<p>Conhecido por seu belo texto, a paix\u00e3o pela arte e as mulheres, e a habilidade \u00fanica em contar hist\u00f3rias, que sempre encantaram quem estivesse por perto, M\u00e1rcio estava internado desde o \u00faltimo dia 2, com problemas card\u00edacos. O guanhanense morreu aos 80 anos, na capital mineira.<\/p>\n<p>Filho de Djalma Prado e Iracy Castro, irm\u00e3o de quatro homens e uma mulher, M\u00e1rcio nasceu em 26 de maio de 1933. O menino parece j\u00e1 ter nascido habilmente pronto para as letras. Com o amigo de inf\u00e2ncia, Roberto Drummond, fundou o primeiro jornal aos 12 anos, batizado Rio Branco Not\u00edcias, que atualizava o que acontecia na rua onde morava. Produzido a l\u00e1pis em folha de papel alma\u00e7o, o \u00fanico exemplar era comprado pelo pai do colega de gin\u00e1sio, e os 10 cruzeiros rendiam uma semana inteira de cinema.<\/p>\n<p>M\u00e1rcio come\u00e7ou a incurs\u00e3o pelo jornalismo esportivo (uma de suas principais \u00e1reas de atua\u00e7\u00e3o) na \u00e9poca da inaugura\u00e7\u00e3o do Mineir\u00e3o, e conviveu com grandes nomes da imprensa nesta oportunidade. \u00c9 autor de sete livros e recentemente trabalhava na produ\u00e7\u00e3o de uma obra sobre sua inf\u00e2ncia, que foi interrompida. Um dos maiores sonhos era ver o Am\u00e9rica-MG, time de paix\u00e3o, ser campe\u00e3o da S\u00e9rie A.<\/p>\n<p>Ele deixa quatro filhos e tr\u00eas netos.<\/p>\n<p><strong>Anastasia lamenta a morte do jornalista<\/strong><\/p>\n<p>Em nota, o governador Ant\u00f4nio Anastasia, expressou seus sentimentos pela morte do jornalista. \u201cMinas Gerais perdeu, na madrugada desta quarta-feira, um dos maiores jornalistas e cronistas do cotidiano, com a morte de M\u00e1rcio Rubens Prado. Nascido em Guanh\u00e3es e fiel torcedor do Am\u00e9rica, Prado nos deixa uma bela hist\u00f3ria no campo do jornalismo, que revela seu apuro na profiss\u00e3o, e uma obra liter\u00e1ria apaixonada, fruto de sua habilidade \u00edmpar de contar hist\u00f3rias. Em nome de todos os mineiros, transmito meus mais profundos sentimentos \u00e0 sua fam\u00edlia, aos colegas e amigos.\u201d<\/p>\n<p><em>Fonte: Portal Uai<\/em><\/p>\n","protected":false},"excerpt":{"rendered":"<p>Na tarde dessa quarta-feira (08\/01), \u00e0s 17h, um dos maiores cronistas de Minas e do pa\u00eds, o guanhanense e jornalista M\u00e1rcio Rubens Prado, foi sepultado no Cemit\u00e9rio do Bonfim, em Belo Horizonte. Conhecido por seu belo texto, a paix\u00e3o pela arte e as mulheres, e a habilidade \u00fanica em contar hist\u00f3rias, que sempre encantaram quem [&hellip;]<\/p>\n","protected":false},"author":1,"featured_media":0,"comment_status":"open","ping_status":"closed","sticky":false,"template":"","format":"standard","meta":{"amp_status":"","footnotes":""},"categories":[123],"tags":[194,155,2726],"class_list":["post-18072","post","type-post","status-publish","format-standard","hentry","category-gerais","tag-belo-horizonte","tag-guanhaes","tag-marcio-rubens-prado"],"_links":{"self":[{"href":"https:\/\/aconteceunovale.com.br\/portal\/index.php?rest_route=\/wp\/v2\/posts\/18072","targetHints":{"allow":["GET"]}}],"collection":[{"href":"https:\/\/aconteceunovale.com.br\/portal\/index.php?rest_route=\/wp\/v2\/posts"}],"about":[{"href":"https:\/\/aconteceunovale.com.br\/portal\/index.php?rest_route=\/wp\/v2\/types\/post"}],"author":[{"embeddable":true,"href":"https:\/\/aconteceunovale.com.br\/portal\/index.php?rest_route=\/wp\/v2\/users\/1"}],"replies":[{"embeddable":true,"href":"https:\/\/aconteceunovale.com.br\/portal\/index.php?rest_route=%2Fwp%2Fv2%2Fcomments&post=18072"}],"version-history":[{"count":0,"href":"https:\/\/aconteceunovale.com.br\/portal\/index.php?rest_route=\/wp\/v2\/posts\/18072\/revisions"}],"wp:attachment":[{"href":"https:\/\/aconteceunovale.com.br\/portal\/index.php?rest_route=%2Fwp%2Fv2%2Fmedia&parent=18072"}],"wp:term":[{"taxonomy":"category","embeddable":true,"href":"https:\/\/aconteceunovale.com.br\/portal\/index.php?rest_route=%2Fwp%2Fv2%2Fcategories&post=18072"},{"taxonomy":"post_tag","embeddable":true,"href":"https:\/\/aconteceunovale.com.br\/portal\/index.php?rest_route=%2Fwp%2Fv2%2Ftags&post=18072"}],"curies":[{"name":"wp","href":"https:\/\/api.w.org\/{rel}","templated":true}]}}