{"id":18060,"date":"2014-01-09T16:53:09","date_gmt":"2014-01-09T18:53:09","guid":{"rendered":"http:\/\/aconteceunovale.com.br\/portal\/?p=18060"},"modified":"2014-01-09T16:53:09","modified_gmt":"2014-01-09T18:53:09","slug":"secretaria-de-saude-abre-selecao-publica-para-vagas-de-nivel-superior-em-cidades-da-regiao","status":"publish","type":"post","link":"https:\/\/aconteceunovale.com.br\/portal\/?p=18060","title":{"rendered":"Secretaria de sa\u00fade abre sele\u00e7\u00e3o p\u00fablica para vagas de n\u00edvel superior em cidades da regi\u00e3o"},"content":{"rendered":"<p><em><strong>Inscri\u00e7\u00f5es j\u00e1 est\u00e3o abertas e podem ser feitas at\u00e9 o dia 14 de janeiro pela internet<\/strong><\/em><\/p>\n<p>A Secretaria de Estado de Sa\u00fade de Minas Gerais (SES-MG) promover\u00e1 sele\u00e7\u00e3o p\u00fablica simplificada, que visa preencher 53 vagas para qualquer forma\u00e7\u00e3o superior na \u00e1rea da sa\u00fade por contrato administrativo com base na Lei n\u00b0 18.185\/2009 e no Decreto regulamentar estadual n\u00b0 45.155\/2009.<\/p>\n<p>As vagas s\u00e3o para as cidades de Alfenas, Barbacena, Belo Horizonte, Coronel Fabriciano, Diamantina, Divin\u00f3polis, Governador Valadares, Itabira, Janu\u00e1ria, Juiz de Fora, Leopoldina, Manhumirim, Montes Claros, Passos, Patos de Minas, Pedra Azul, Ponte Nova, Pouso Alegre, S\u00e3o Jo\u00e3o del Rei, Sete Lagoas, Te\u00f3filo Otoni, Ub\u00e1, Uberaba, Uberl\u00e2ndia, Una\u00ed e Varginha.<\/p>\n<p>Os candidatos devem ter n\u00edvel superior e ser\u00e3o selecionados aqueles de qualquer forma\u00e7\u00e3o na \u00e1rea da sa\u00fade com registro em \u00f3rg\u00e3o de conselho de classe, de acordo com a RESOLU\u00c7\u00c3O N\u00ba 287\/1998 do Conselho Nacional de Sa\u00fade. O sal\u00e1rio \u00e9 de R$ 2.292,10.<\/p>\n<p>O Processo Seletivo P\u00fablico Simplificado ser\u00e1 conduzido pela Diretoria de Inova\u00e7\u00e3o e Pesquisa em Gest\u00e3o de Pessoas da Superintend\u00eancia de Gest\u00e3o de Pessoas da SES-MG e ser\u00e1 composto de duas etapas, ambas de car\u00e1ter eliminat\u00f3rio e classificat\u00f3rio:<\/p>\n<p>I &#8211; Habilita\u00e7\u00e3o M\u00ednima Exigida, An\u00e1lise Curricular e Experi\u00eancia Profissional para a comprova\u00e7\u00e3o de preenchimento de requisitos, t\u00edtulos e experi\u00eancia profissional; e<\/p>\n<p>II &#8211; Entrevista de conhecimentos t\u00e9cnicos da \u00e1rea de atua\u00e7\u00e3o.<\/p>\n<p><strong>Informa\u00e7\u00f5es sobre inscri\u00e7\u00f5es:<\/strong><\/p>\n<p>\u2022N\u00e3o ser\u00e1 cobrado nenhum valor a t\u00edtulo de taxa de inscri\u00e7\u00e3o;<\/p>\n<p>\u2022As inscri\u00e7\u00f5es ser\u00e3o realizadas entre os dias 8 e 14 de janeiro de 2014, de 8 \u00e0s 16 horas, atrav\u00e9s do preenchimento do formul\u00e1rio de inscri\u00e7\u00e3o, pela internet. Clique no link da cidade para qual deseja fazer a inscri\u00e7\u00e3o: Alfenas, Barbacena, Belo Horizonte, Coronel Fabriciano, Diamantina, Divin\u00f3polis, Governador Valadares, Itabira, Janu\u00e1ria, Juiz de Fora, Leopoldina, Manhumirim, Montes Claros, Passos, Patos de Minas, Pedra Azul, Ponte Nova, Pouso Alegre, S\u00e3o Jo\u00e3o del Rei, Sete Lagoas, Te\u00f3filo Otoni, Ub\u00e1, Uberaba, Uberl\u00e2ndia, Una\u00ed e Varginha.<\/p>\n<p>\u2022 As informa\u00e7\u00f5es declaradas pelo candidato no Formul\u00e1rio de Habilita\u00e7\u00e3o, Experi\u00eancias Profissionais e Titula\u00e7\u00f5es ser\u00e3o comprovadas mediante a apresenta\u00e7\u00e3o de documentos originais ou autenticados em cart\u00f3rio na data definida para entrevista.<\/p>\n<p>\u2022 As informa\u00e7\u00f5es constantes nos Formul\u00e1rios de Inscri\u00e7\u00e3o e Habilita\u00e7\u00e3o, Experi\u00eancias Profissionais e Titula\u00e7\u00f5es de s\u00e3o de inteira responsabilidade do candidato, sendo que a declara\u00e7\u00e3o falsa, inexata ou intempestiva dos dados ou a falta de documenta\u00e7\u00e3o comprobat\u00f3ria da habilita\u00e7\u00e3o m\u00ednima, determinar\u00e1 a elimina\u00e7\u00e3o imediata do candidato e a anula\u00e7\u00e3o de todos os atos dela decorrentes, em qualquer \u00e9poca, sem preju\u00edzo da possibilidade de responsabiliza\u00e7\u00e3o c\u00edvel ou criminal pela falsidade da declara\u00e7\u00e3o e\/ou do documento.<\/p>\n<p>Aten\u00e7\u00e3o: \u00e9 vedado ao pessoal contratado com base na Lei n\u00b0 18.185\/2009 ser novamente contratado antes de decorridos vinte e quatro meses do encerramento de seu contrato anterior (art.10\u00b0, III da lei n\u00b0 18.185\/2009).<\/p>\n<p><strong>Links \u00fateis<\/strong><\/p>\n<p><a href=\"http:\/\/www.agenciaminas.mg.gov.br\/media\/uploads\/2014\/01\/09\/ato-de-abertura-de-processo-seletivo-1.pdf\" target=\"_blank\"><strong>Acesse aqui o quadro de vagas, crit\u00e9rios de pontua\u00e7\u00e3o e bibliografia<\/strong><\/a><\/p>\n<p><a href=\"http:\/\/www.agenciaminas.mg.gov.br\/media\/uploads\/2014\/01\/09\/resolucao_4097.pdf\" target=\"_blank\"><strong>Leia a RESOLU\u00c7\u00c3O SES\/MG N. 4097 DE 26 DE DEZEMBRO DE 2013<\/strong><\/a><\/p>\n<p><a href=\"http:\/\/www.saude.mg.gov.br\/component\/gmg\/page\/1512-processo-seletivo-simplificado-01-2014\" target=\"_blank\"><strong>Clique aqui para acessar outras informa\u00e7\u00f5es sobre a sele\u00e7\u00e3o p\u00fablica<\/strong><\/a><\/p>\n<p><img decoding=\"async\" src=\"http:\/\/aconteceunovale.com.br\/portal\/wp-content\/uploads\/2014\/01\/secretaria_saude_mg.jpg\" alt=\"\" \/><\/p>\n","protected":false},"excerpt":{"rendered":"<p>Inscri\u00e7\u00f5es j\u00e1 est\u00e3o abertas e podem ser feitas at\u00e9 o dia 14 de janeiro pela internet A Secretaria de Estado de Sa\u00fade de Minas Gerais (SES-MG) promover\u00e1 sele\u00e7\u00e3o p\u00fablica simplificada, que visa preencher 53 vagas para qualquer forma\u00e7\u00e3o superior na \u00e1rea da sa\u00fade por contrato administrativo com base na Lei n\u00b0 18.185\/2009 e no Decreto [&hellip;]<\/p>\n","protected":false},"author":1,"featured_media":0,"comment_status":"open","ping_status":"closed","sticky":false,"template":"","format":"standard","meta":{"amp_status":"","footnotes":""},"categories":[123],"tags":[957,193,194,1524,198,199,247,202,205,206,208,1523,210,213,214,455,217,216,218,2717,2716,1532,164,219,220,221,222,223],"class_list":["post-18060","post","type-post","status-publish","format-standard","hentry","category-gerais","tag-alfenas","tag-barbacena","tag-belo-horizonte","tag-coronel-fabriciano","tag-diamantina","tag-divinopolis","tag-governador-valadares","tag-itabira","tag-januaria","tag-juiz-de-fora","tag-leopoldina","tag-manhumirim","tag-montes-claros","tag-passos","tag-patos-de-minas","tag-pedra-azul","tag-ponte-nova","tag-pouso-alegre","tag-sao-joao-del-rei","tag-secretaria-de-saude-abre-selecao-publica-para-53-vagas-de-nivel-superior","tag-secretaria-de-saude-abre-selecao-publica-para-vagas-de-nivel-superior-em-cidades-da-regiao","tag-sete-lagoas","tag-teofilo-otoni","tag-uba","tag-uberaba","tag-uberlandia","tag-unai","tag-varginha"],"_links":{"self":[{"href":"https:\/\/aconteceunovale.com.br\/portal\/index.php?rest_route=\/wp\/v2\/posts\/18060","targetHints":{"allow":["GET"]}}],"collection":[{"href":"https:\/\/aconteceunovale.com.br\/portal\/index.php?rest_route=\/wp\/v2\/posts"}],"about":[{"href":"https:\/\/aconteceunovale.com.br\/portal\/index.php?rest_route=\/wp\/v2\/types\/post"}],"author":[{"embeddable":true,"href":"https:\/\/aconteceunovale.com.br\/portal\/index.php?rest_route=\/wp\/v2\/users\/1"}],"replies":[{"embeddable":true,"href":"https:\/\/aconteceunovale.com.br\/portal\/index.php?rest_route=%2Fwp%2Fv2%2Fcomments&post=18060"}],"version-history":[{"count":0,"href":"https:\/\/aconteceunovale.com.br\/portal\/index.php?rest_route=\/wp\/v2\/posts\/18060\/revisions"}],"wp:attachment":[{"href":"https:\/\/aconteceunovale.com.br\/portal\/index.php?rest_route=%2Fwp%2Fv2%2Fmedia&parent=18060"}],"wp:term":[{"taxonomy":"category","embeddable":true,"href":"https:\/\/aconteceunovale.com.br\/portal\/index.php?rest_route=%2Fwp%2Fv2%2Fcategories&post=18060"},{"taxonomy":"post_tag","embeddable":true,"href":"https:\/\/aconteceunovale.com.br\/portal\/index.php?rest_route=%2Fwp%2Fv2%2Ftags&post=18060"}],"curies":[{"name":"wp","href":"https:\/\/api.w.org\/{rel}","templated":true}]}}