{"id":180546,"date":"2021-08-01T19:08:25","date_gmt":"2021-08-01T22:08:25","guid":{"rendered":"https:\/\/aconteceunovale.com.br\/portal\/?p=180546"},"modified":"2021-08-01T19:10:41","modified_gmt":"2021-08-01T22:10:41","slug":"impostometro-atinge-a-marca-de-r-15-trilhao","status":"publish","type":"post","link":"https:\/\/aconteceunovale.com.br\/portal\/?p=180546","title":{"rendered":"Impost\u00f4metro atinge a marca de R$ 1,5 trilh\u00e3o"},"content":{"rendered":"\n<p>O <a href=\"https:\/\/impostometro.com.br\/\" target=\"_blank\" rel=\"noreferrer noopener\">Impost\u00f4metro<\/a>, medidor da Associa\u00e7\u00e3o Comercial de S\u00e3o Paulo (ACSP) da carga tribut\u00e1ria dos brasileiros, marcou R$ 1,5 trilh\u00e3o na madrugada de hoje (1\/8\/2021). Esse \u00e9 o montante que foi pago desde o primeiro dia em tributos federais, estaduais e municipais.<\/p>\n\n\n\n<p>Em 2020, o mesmo valor foi atingido no dia 28 de setembro, o que mostra que, este ano, os brasileiros est\u00e3o pagando mais impostos. Segundo a ACSP, parte da alta na arrecada\u00e7\u00e3o acontece devido a recupera\u00e7\u00e3o econ\u00f4mica, impactada pela crise gerada pela pandemia de coronav\u00edrus.<\/p>\n\n\n\n<p>&#8220;Boa parte do aumento da arrecada\u00e7\u00e3o deste ano \u00e9 explicada pela melhora da economia, que est\u00e1 menos sujeita a restri\u00e7\u00f5es de funcionamento&#8221;, analisa o economista da ACSP, Marcel Solimeo, sobre o abrandamento das quarentenas para reduzir a dissemina\u00e7\u00e3o da covid-19.<\/p>\n\n\n\n<p>Por outro lado, o aumento da carga tribut\u00e1ria tamb\u00e9m \u00e9 reflexo, de acordo com a associa\u00e7\u00e3o, da eleva\u00e7\u00e3o dos pre\u00e7os dos produtos e servi\u00e7os. Em nota, a entidade lembra que o \u00cdndice Nacional de Pre\u00e7os ao Consumidor Amplo (IPCA) acumula alta de 8,6% em doze meses e o \u00cdndice Geral de Pre\u00e7os (IGP), de 33%.<\/p>\n\n\n\n<p>&#8212;&#8212;&#8212;&#8212;&#8212;&#8212;<br><em>Quer receber as not\u00edcias do <strong>Aconteceu no Vale<\/strong> em primeira m\u00e3o? Siga-nos no Facebook <a rel=\"noreferrer noopener\" href=\"http:\/\/facebook.com\/aconteceunovale\" target=\"_blank\">@aconteceunovale<\/a>, Twitter <a rel=\"noreferrer noopener\" href=\"https:\/\/twitter.com\/noticiadosvales\" target=\"_blank\">@noticiadosvales<\/a> e Instagram <a rel=\"noreferrer noopener\" href=\"https:\/\/www.instagram.com\/aconteceunovale\" target=\"_blank\">@aconteceunovale<\/a>.<\/em><\/p>\n","protected":false},"excerpt":{"rendered":"<p>O Impost\u00f4metro, medidor da Associa\u00e7\u00e3o Comercial de S\u00e3o Paulo (ACSP) da carga tribut\u00e1ria dos brasileiros, marcou R$ 1,5 trilh\u00e3o na madrugada de hoje (1\/8\/2021). Esse \u00e9 o montante que foi pago desde o primeiro dia em tributos federais, estaduais e municipais. Em 2020, o mesmo valor foi atingido no dia 28 de setembro, o que [&hellip;]<\/p>\n","protected":false},"author":4,"featured_media":180547,"comment_status":"open","ping_status":"closed","sticky":false,"template":"","format":"standard","meta":{"amp_status":"","footnotes":""},"categories":[6],"tags":[123011,98632,1018,13712,248977,153231,153230,248978,248981,248979,248980],"class_list":["post-180546","post","type-post","status-publish","format-standard","has-post-thumbnail","hentry","category-br","tag-acsp","tag-associacao-comercial-de-sao-paulo","tag-destaque","tag-impostometro","tag-impostometro-atinge-a-marca-de-r-1-5-trilhao","tag-impostometro-da-acsp","tag-impostometro-da-associacao-comercial-de-sao-paulo","tag-impostometro-do-brasil","tag-marcel-solimeo","tag-total-de-impostos-pagos-pelos-brasileiros","tag-total-de-tributos-pagos-pelos-brasileiros"],"_links":{"self":[{"href":"https:\/\/aconteceunovale.com.br\/portal\/index.php?rest_route=\/wp\/v2\/posts\/180546","targetHints":{"allow":["GET"]}}],"collection":[{"href":"https:\/\/aconteceunovale.com.br\/portal\/index.php?rest_route=\/wp\/v2\/posts"}],"about":[{"href":"https:\/\/aconteceunovale.com.br\/portal\/index.php?rest_route=\/wp\/v2\/types\/post"}],"author":[{"embeddable":true,"href":"https:\/\/aconteceunovale.com.br\/portal\/index.php?rest_route=\/wp\/v2\/users\/4"}],"replies":[{"embeddable":true,"href":"https:\/\/aconteceunovale.com.br\/portal\/index.php?rest_route=%2Fwp%2Fv2%2Fcomments&post=180546"}],"version-history":[{"count":1,"href":"https:\/\/aconteceunovale.com.br\/portal\/index.php?rest_route=\/wp\/v2\/posts\/180546\/revisions"}],"predecessor-version":[{"id":180548,"href":"https:\/\/aconteceunovale.com.br\/portal\/index.php?rest_route=\/wp\/v2\/posts\/180546\/revisions\/180548"}],"wp:featuredmedia":[{"embeddable":true,"href":"https:\/\/aconteceunovale.com.br\/portal\/index.php?rest_route=\/wp\/v2\/media\/180547"}],"wp:attachment":[{"href":"https:\/\/aconteceunovale.com.br\/portal\/index.php?rest_route=%2Fwp%2Fv2%2Fmedia&parent=180546"}],"wp:term":[{"taxonomy":"category","embeddable":true,"href":"https:\/\/aconteceunovale.com.br\/portal\/index.php?rest_route=%2Fwp%2Fv2%2Fcategories&post=180546"},{"taxonomy":"post_tag","embeddable":true,"href":"https:\/\/aconteceunovale.com.br\/portal\/index.php?rest_route=%2Fwp%2Fv2%2Ftags&post=180546"}],"curies":[{"name":"wp","href":"https:\/\/api.w.org\/{rel}","templated":true}]}}