{"id":18047,"date":"2014-01-09T14:22:47","date_gmt":"2014-01-09T16:22:47","guid":{"rendered":"http:\/\/aconteceunovale.com.br\/portal\/?p=18047"},"modified":"2014-01-09T14:22:47","modified_gmt":"2014-01-09T16:22:47","slug":"trecho-mineiro-da-br-251-contabiliza-459-acidentes-em-10-meses","status":"publish","type":"post","link":"https:\/\/aconteceunovale.com.br\/portal\/?p=18047","title":{"rendered":"Trecho mineiro da BR-251 contabiliza 459 acidentes em 10 meses"},"content":{"rendered":"<p>O trecho mineiro da BR-251 sofre com problemas de manuten\u00e7\u00e3o. Motoristas que acessam importantes cidades do interior, como Salinas e Montes Claros, devem redobrar a aten\u00e7\u00e3o por conta de buracos. S\u00f3 no ano passado, no per\u00edodo entre janeiro e outubro, a Pol\u00edcia Rodovi\u00e1ria Federal computou 459 acidentes na rodovia, cuja responsabilidade \u00e9 do governo federal.<\/p>\n<p><img decoding=\"async\" src=\"http:\/\/aconteceunovale.com.br\/portal\/wp-content\/uploads\/2014\/01\/br_251_calamidade.jpg\" alt=\"\" \/><br \/>\n<em>(V\u00e1rios pontos da rodovia est\u00e3o cheios de buracos)<\/em><\/p>\n<p>Nas colis\u00f5es, 259 pessoas ficaram feridas levemente, 94 graves e 51 morreram. Em 2012, foram 510 os acidentes, com 246 v\u00edtimas leves, 96 em estado grave e 53 mortos. Vale ressaltar, contudo, que os dados de 2012 levam em considera\u00e7\u00e3o o ano todo, enquanto que o de 2013, apenas os meses entre janeiro a outubro.<\/p>\n<p>Procurado pela reportagem, o Departamento Nacional de Infraestrutura de Transportes (DNIT) se limitou a dizer que \u201cest\u00e1 em fase de contrata\u00e7\u00e3o da empresa que ir\u00e1 realizar a manuten\u00e7\u00e3o nesse segmento rodovi\u00e1rio\u201d. As principais cidades em que passa a rodovia s\u00e3o, al\u00e9m de Salinas e Montes Claros, Fruta de Leite, Padre Carvalho, Gr\u00e3o Mogol, Francisco S\u00e1, Pedra Azul e Curral de Dentro.<\/p>\n<p><iframe loading=\"lazy\" width=\"640\" height=\"360\" src=\"\/\/www.youtube.com\/embed\/z4y5JoDJ7n0\" frameborder=\"0\" allowfullscreen><\/iframe><\/p>\n","protected":false},"excerpt":{"rendered":"<p>O trecho mineiro da BR-251 sofre com problemas de manuten\u00e7\u00e3o. Motoristas que acessam importantes cidades do interior, como Salinas e Montes Claros, devem redobrar a aten\u00e7\u00e3o por conta de buracos. S\u00f3 no ano passado, no per\u00edodo entre janeiro e outubro, a Pol\u00edcia Rodovi\u00e1ria Federal computou 459 acidentes na rodovia, cuja responsabilidade \u00e9 do governo federal. [&hellip;]<\/p>\n","protected":false},"author":1,"featured_media":0,"comment_status":"open","ping_status":"closed","sticky":false,"template":"","format":"standard","meta":{"amp_status":"","footnotes":""},"categories":[1236],"tags":[1702,1395,1034,1153,210,877,455,190,2711],"class_list":["post-18047","post","type-post","status-publish","format-standard","hentry","category-norte_de_minas","tag-curral-de-dentro","tag-francisco-sa","tag-fruta-de-leite","tag-grao-mogol","tag-montes-claros","tag-padre-carvalho","tag-pedra-azul","tag-salinas","tag-trecho-mineiro-da-br-251-contabiliza-459-acidentes-em-10-meses"],"_links":{"self":[{"href":"https:\/\/aconteceunovale.com.br\/portal\/index.php?rest_route=\/wp\/v2\/posts\/18047","targetHints":{"allow":["GET"]}}],"collection":[{"href":"https:\/\/aconteceunovale.com.br\/portal\/index.php?rest_route=\/wp\/v2\/posts"}],"about":[{"href":"https:\/\/aconteceunovale.com.br\/portal\/index.php?rest_route=\/wp\/v2\/types\/post"}],"author":[{"embeddable":true,"href":"https:\/\/aconteceunovale.com.br\/portal\/index.php?rest_route=\/wp\/v2\/users\/1"}],"replies":[{"embeddable":true,"href":"https:\/\/aconteceunovale.com.br\/portal\/index.php?rest_route=%2Fwp%2Fv2%2Fcomments&post=18047"}],"version-history":[{"count":0,"href":"https:\/\/aconteceunovale.com.br\/portal\/index.php?rest_route=\/wp\/v2\/posts\/18047\/revisions"}],"wp:attachment":[{"href":"https:\/\/aconteceunovale.com.br\/portal\/index.php?rest_route=%2Fwp%2Fv2%2Fmedia&parent=18047"}],"wp:term":[{"taxonomy":"category","embeddable":true,"href":"https:\/\/aconteceunovale.com.br\/portal\/index.php?rest_route=%2Fwp%2Fv2%2Fcategories&post=18047"},{"taxonomy":"post_tag","embeddable":true,"href":"https:\/\/aconteceunovale.com.br\/portal\/index.php?rest_route=%2Fwp%2Fv2%2Ftags&post=18047"}],"curies":[{"name":"wp","href":"https:\/\/api.w.org\/{rel}","templated":true}]}}