{"id":18031,"date":"2014-01-09T07:47:23","date_gmt":"2014-01-09T09:47:23","guid":{"rendered":"http:\/\/aconteceunovale.com.br\/portal\/?p=18031"},"modified":"2014-01-09T07:47:23","modified_gmt":"2014-01-09T09:47:23","slug":"conceicao-do-mato-dentro-crescimento-desordenado-aumenta-violencia-na-cidade-e-regiao","status":"publish","type":"post","link":"https:\/\/aconteceunovale.com.br\/portal\/?p=18031","title":{"rendered":"CONCEI\u00c7\u00c3O DO MATO DENTRO: Crescimento desordenado aumenta viol\u00eancia na cidade e regi\u00e3o"},"content":{"rendered":"<p>O crescimento desordenado de Concei\u00e7\u00e3o do Mato Dentro causado pela chegada de cerca de 9 mil trabalhadores para a minera\u00e7\u00e3o \u00e9 apontado como uma das causas da viol\u00eancia na Serra do Cip\u00f3, por ter atra\u00eddo criminosos, devido \u00e0 presen\u00e7a de turistas. Funcion\u00e1ria de uma das pousadas mais tradicionais da regi\u00e3o, Bianca Santos Ferreira, de 24 anos, moradora da regi\u00e3o, contou que portas e janelas que ficavam abertas, agora s\u00f3 ficam trancadas. \u201cA cidade est\u00e1 ficando perigosa. A sensa\u00e7\u00e3o \u00e9 de que o sossego acabou. O policiamento \u00e9 pouco e s\u00f3 aumenta em feriados e em alta temporada\u201d, afirmou.<\/p>\n<p>Segundo ela, arrombamentos de casas se tornaram constantes. \u201cO crescimento de Concei\u00e7\u00e3o fez tamb\u00e9m o movimento de turistas aqui aumentar e, como o pessoal est\u00e1 vindo bastante, os bandidos ficam sabendo\u201d, relata.<\/p>\n<p>Propriet\u00e1rio de pousada, Marcos Diniz espera que a tranquilidade do distrito n\u00e3o seja comprometida. \u201cEstou aqui h\u00e1 15 anos e \u00e9 a primeira vez que isso ocorre. \u00c9 coisa do progresso, mas vamos acompanhar e torcer para n\u00e3o se repetir. Aqui ainda \u00e9 muito bom e muito tranquilo\u201d, relata.<\/p>\n<p>Em Concei\u00e7\u00e3o, a pr\u00f3pria PM diz que, nos \u00faltimos anos, houve explos\u00e3o da criminalidade na cidade, que tem cerca de 20 mil habitantes fixos e outros 9 mil flutuantes. Apesar disso, conta com somente 15 militares, dos quais 10 est\u00e3o dispon\u00edveis para cobrir a cidade e 14 distritos.<\/p>\n<p>Como o munic\u00edpio n\u00e3o tem cadeia, os criminosos s\u00e3o conduzidos para Jaboticatubas ou, se h\u00e1 flagrante, para Guanh\u00e3es, a 84 quil\u00f4metros. \u201c\u00c9 uma \u00e1rea extensa e, por isso, a cidade fica desguarnecida. \u00c9 nesses momentos que os bandidos aproveitam para cometer os crimes. A gente trabalha no estresse. A prefeitura j\u00e1 correu atr\u00e1s, mas at\u00e9 hoje n\u00e3o se conseguiu aumentar o efetivo\u201d, afirmou o sargento Ant\u00f4nio Marcos de Souza.<\/p>\n<p><img decoding=\"async\" src=\"http:\/\/aconteceunovale.com.br\/portal\/wp-content\/uploads\/2014\/01\/violencia_aumenta_no_vale.jpg\" alt=\"\" \/><\/p>\n<p><em>Fonte: Estado de Minas<\/em><\/p>\n","protected":false},"excerpt":{"rendered":"<p>O crescimento desordenado de Concei\u00e7\u00e3o do Mato Dentro causado pela chegada de cerca de 9 mil trabalhadores para a minera\u00e7\u00e3o \u00e9 apontado como uma das causas da viol\u00eancia na Serra do Cip\u00f3, por ter atra\u00eddo criminosos, devido \u00e0 presen\u00e7a de turistas. Funcion\u00e1ria de uma das pousadas mais tradicionais da regi\u00e3o, Bianca Santos Ferreira, de 24 [&hellip;]<\/p>\n","protected":false},"author":1,"featured_media":0,"comment_status":"open","ping_status":"closed","sticky":false,"template":"","format":"standard","meta":{"amp_status":"","footnotes":""},"categories":[123],"tags":[628,2699,2700],"class_list":["post-18031","post","type-post","status-publish","format-standard","hentry","category-gerais","tag-conceicao-do-mato-dentro","tag-conceicao-do-mato-dentro-crescimento-desordenado-aumenta-violencia-na-cidade-e-regiao","tag-crescimento-desordenado-de-conceicao-do-mato-dentro-aumenta-violencia-na-regiao"],"_links":{"self":[{"href":"https:\/\/aconteceunovale.com.br\/portal\/index.php?rest_route=\/wp\/v2\/posts\/18031","targetHints":{"allow":["GET"]}}],"collection":[{"href":"https:\/\/aconteceunovale.com.br\/portal\/index.php?rest_route=\/wp\/v2\/posts"}],"about":[{"href":"https:\/\/aconteceunovale.com.br\/portal\/index.php?rest_route=\/wp\/v2\/types\/post"}],"author":[{"embeddable":true,"href":"https:\/\/aconteceunovale.com.br\/portal\/index.php?rest_route=\/wp\/v2\/users\/1"}],"replies":[{"embeddable":true,"href":"https:\/\/aconteceunovale.com.br\/portal\/index.php?rest_route=%2Fwp%2Fv2%2Fcomments&post=18031"}],"version-history":[{"count":0,"href":"https:\/\/aconteceunovale.com.br\/portal\/index.php?rest_route=\/wp\/v2\/posts\/18031\/revisions"}],"wp:attachment":[{"href":"https:\/\/aconteceunovale.com.br\/portal\/index.php?rest_route=%2Fwp%2Fv2%2Fmedia&parent=18031"}],"wp:term":[{"taxonomy":"category","embeddable":true,"href":"https:\/\/aconteceunovale.com.br\/portal\/index.php?rest_route=%2Fwp%2Fv2%2Fcategories&post=18031"},{"taxonomy":"post_tag","embeddable":true,"href":"https:\/\/aconteceunovale.com.br\/portal\/index.php?rest_route=%2Fwp%2Fv2%2Ftags&post=18031"}],"curies":[{"name":"wp","href":"https:\/\/api.w.org\/{rel}","templated":true}]}}