{"id":180069,"date":"2021-07-17T19:15:12","date_gmt":"2021-07-17T22:15:12","guid":{"rendered":"https:\/\/aconteceunovale.com.br\/portal\/?p=180069"},"modified":"2021-07-17T19:17:26","modified_gmt":"2021-07-17T22:17:26","slug":"frente-fria-avanca-sobre-sul-e-sudeste-do-brasil","status":"publish","type":"post","link":"https:\/\/aconteceunovale.com.br\/portal\/?p=180069","title":{"rendered":"Frente fria avan\u00e7a sobre Sul e Sudeste do Brasil"},"content":{"rendered":"\n<p>Os pr\u00f3ximos dias devem ser de frio intenso nas regi\u00f5es Sul e Sudeste do Brasil. Um frente fria de origem polar avan\u00e7a sobre os estados do Rio Grande do Sul, Santa Catarina, Paran\u00e1, S\u00e3o Paulo e partes do Mato Grosso do Sul.<\/p>\n\n\n\n<p>Segundo o Centro de Previs\u00e3o de Tempo e Estudos Clim\u00e1ticos (CPTEC), vinculado Instituto Nacional de Pesquisas Espaciais (INPE), a temperatura m\u00ednima em Porto Alegre cai para 5\u00ba Celsius na\u00a0segunda-feira (19), com m\u00e1xima de 14\u00ba. Na\u00a0ter\u00e7a-feira (20), a m\u00ednima na capital ga\u00facha ser\u00e1 de 3\u00bae m\u00e1xima de 17\u00ba.\u00a0<\/p>\n\n\n\n<p>Em Curitiba, a previs\u00e3o \u00e9 que j\u00e1 neste&nbsp;domingo&nbsp;a temperatura fique em, no m\u00e1ximo, 15\u00ba, com 7\u00ba de m\u00ednima. No dia seguinte, a m\u00ednima na capital paranaense deve chegar a 1\u00ba, com m\u00e1xima de 12\u00ba, atingindo temperatura negativa na&nbsp;ter\u00e7a-feira, com -3\u00ba de m\u00ednima. Em Chapec\u00f3, oeste catarinense, tamb\u00e9m est\u00e1 previsto temperatura negativa, com m\u00ednima de -2\u00ba na&nbsp;ter\u00e7a-feira, e m\u00e1xima de 19\u00ba.&nbsp;<\/p>\n\n\n\n<p>A cidade de S\u00e3o Paulo come\u00e7a a sentir os efeitos da frente fria neste&nbsp;domingo&nbsp;(18), com m\u00e1xima de 22\u00b0 C e m\u00ednima de 12\u00b0 C. A&nbsp;segunda-feira (19) tem previs\u00e3o m\u00e1xima de 20\u00b0C e m\u00ednima de 9\u00b0C. J\u00e1 a&nbsp;ter\u00e7a deve registrar a temperatura mais baixa da semana, m\u00ednima de 7 \u00b0C e m\u00e1xima de 20\u00ba.<\/p>\n\n\n\n<p>Em Dourados, no Mato Grosso do Sul, a m\u00ednima pode chegar a -2\u00ba na&nbsp;ter\u00e7a, com m\u00e1xima de 22\u00ba. Na capital, Campo Grande, a pr\u00f3xima&nbsp;segunda&nbsp;ter\u00e1 18\u00ba de m\u00e1xima, com a m\u00ednima chegando a 6\u00ba. No dia seguinte, a temperatura varia entre 7\u00ba e 22\u00ba.&nbsp;<\/p>\n\n\n\n<figure class=\"wp-block-gallery columns-1 is-cropped wp-block-gallery-1 is-layout-flex wp-block-gallery-is-layout-flex\"><ul class=\"blocks-gallery-grid\"><li class=\"blocks-gallery-item\"><figure><img loading=\"lazy\" decoding=\"async\" width=\"678\" height=\"406\" src=\"https:\/\/aconteceunovale.com.br\/portal\/wp-content\/uploads\/2021\/07\/frio_brasil.jpg\" alt=\"\" data-id=\"180070\" data-full-url=\"https:\/\/aconteceunovale.com.br\/portal\/wp-content\/uploads\/2021\/07\/frio_brasil.jpg\" data-link=\"https:\/\/aconteceunovale.com.br\/portal\/?attachment_id=180070\" class=\"wp-image-180070\" srcset=\"https:\/\/aconteceunovale.com.br\/portal\/wp-content\/uploads\/2021\/07\/frio_brasil.jpg 678w, https:\/\/aconteceunovale.com.br\/portal\/wp-content\/uploads\/2021\/07\/frio_brasil-300x180.jpg 300w\" sizes=\"auto, (max-width: 678px) 100vw, 678px\" \/><figcaption class=\"blocks-gallery-item__caption\"><em>Foto: Marleno Muniz Farias\/Governo de Urupema-SC<\/em><\/figcaption><\/figure><\/li><\/ul><\/figure>\n\n\n\n<h2 class=\"wp-block-heading\">Possibilidade de neve<\/h2>\n\n\n\n<p>O Centro de Informa\u00e7\u00f5es de Recursos Ambientais e de Hidrometereologia (Ciram), de Santa Catarina, informa que o estado&nbsp;ter\u00e1 frio intenso a partir de&nbsp;domingo&nbsp;(18) at\u00e9&nbsp;ter\u00e7a-feira. H\u00e1 chance de chuva congelada ou neve j\u00e1 no&nbsp;domingo&nbsp;em \u00e1reas altas, como o Meio-Oeste e o Planalto Sul, com m\u00ednima de 0\u00b0 C e umidade elevada. Tamb\u00e9m h\u00e1 possibilidade de geada. As temperaturas negativas podem chegar a -7\u00ba nas regi\u00f5es serranas, com possibilidade de ocorr\u00eancia de neve, fen\u00f4meno j\u00e1 registrado no final do m\u00eas passado.<\/p>\n\n\n\n<p>&#8212;&#8212;&#8212;&#8212;&#8212;&#8212;<br><em>Quer receber as not\u00edcias do <strong>Aconteceu no Vale<\/strong> em primeira m\u00e3o? Siga-nos no Facebook <a rel=\"noreferrer noopener\" href=\"http:\/\/facebook.com\/aconteceunovale\" target=\"_blank\">@aconteceunovale<\/a>, Twitter <a rel=\"noreferrer noopener\" href=\"https:\/\/twitter.com\/noticiadosvales\" target=\"_blank\">@noticiadosvales<\/a> e Instagram <a rel=\"noreferrer noopener\" href=\"https:\/\/www.instagram.com\/aconteceunovale\" target=\"_blank\">@aconteceunovale<\/a>.<\/em><\/p>\n","protected":false},"excerpt":{"rendered":"<p>Os pr\u00f3ximos dias devem ser de frio intenso nas regi\u00f5es Sul e Sudeste do Brasil. Um frente fria de origem polar avan\u00e7a sobre os estados do Rio Grande do Sul, Santa Catarina, Paran\u00e1, S\u00e3o Paulo e partes do Mato Grosso do Sul. Segundo o Centro de Previs\u00e3o de Tempo e Estudos Clim\u00e1ticos (CPTEC), vinculado Instituto [&hellip;]<\/p>\n","protected":false},"author":4,"featured_media":180070,"comment_status":"open","ping_status":"closed","sticky":false,"template":"","format":"standard","meta":{"amp_status":"","footnotes":""},"categories":[6],"tags":[22777,248072,229777,98898,180615,4608,148473,248066,248069,248068,98977,27111,27110,101954,248071,18373,4613,248070,248067,15954,15363,2382],"class_list":["post-180069","post","type-post","status-publish","format-standard","has-post-thumbnail","hentry","category-br","tag-campo-grande","tag-centro-de-informacoes-de-recursos-ambientais-e-de-hidrometereologia","tag-centro-de-previsao-de-tempo-e-estudos-climaticos","tag-ciram","tag-cptec","tag-curitiba","tag-dourados","tag-frente-fria-avanca-sobre-sul-e-sudeste-do-brasil","tag-frente-fria-de-origem-polar-no-brasil","tag-frente-fria-no-brasil","tag-frio-no-brasil","tag-inpe","tag-instituto-nacional-de-pesquisas-espaciais","tag-mato-grosso-do-sul","tag-neve-no-brasil","tag-parana","tag-porto-alegre","tag-possibilidade-de-neve-no-brasil","tag-queda-de-temperatura-no-brasil","tag-rio-grande-do-sul","tag-santa-catarina","tag-sao-paulo"],"_links":{"self":[{"href":"https:\/\/aconteceunovale.com.br\/portal\/index.php?rest_route=\/wp\/v2\/posts\/180069","targetHints":{"allow":["GET"]}}],"collection":[{"href":"https:\/\/aconteceunovale.com.br\/portal\/index.php?rest_route=\/wp\/v2\/posts"}],"about":[{"href":"https:\/\/aconteceunovale.com.br\/portal\/index.php?rest_route=\/wp\/v2\/types\/post"}],"author":[{"embeddable":true,"href":"https:\/\/aconteceunovale.com.br\/portal\/index.php?rest_route=\/wp\/v2\/users\/4"}],"replies":[{"embeddable":true,"href":"https:\/\/aconteceunovale.com.br\/portal\/index.php?rest_route=%2Fwp%2Fv2%2Fcomments&post=180069"}],"version-history":[{"count":2,"href":"https:\/\/aconteceunovale.com.br\/portal\/index.php?rest_route=\/wp\/v2\/posts\/180069\/revisions"}],"predecessor-version":[{"id":180072,"href":"https:\/\/aconteceunovale.com.br\/portal\/index.php?rest_route=\/wp\/v2\/posts\/180069\/revisions\/180072"}],"wp:featuredmedia":[{"embeddable":true,"href":"https:\/\/aconteceunovale.com.br\/portal\/index.php?rest_route=\/wp\/v2\/media\/180070"}],"wp:attachment":[{"href":"https:\/\/aconteceunovale.com.br\/portal\/index.php?rest_route=%2Fwp%2Fv2%2Fmedia&parent=180069"}],"wp:term":[{"taxonomy":"category","embeddable":true,"href":"https:\/\/aconteceunovale.com.br\/portal\/index.php?rest_route=%2Fwp%2Fv2%2Fcategories&post=180069"},{"taxonomy":"post_tag","embeddable":true,"href":"https:\/\/aconteceunovale.com.br\/portal\/index.php?rest_route=%2Fwp%2Fv2%2Ftags&post=180069"}],"curies":[{"name":"wp","href":"https:\/\/api.w.org\/{rel}","templated":true}]}}