{"id":180066,"date":"2021-07-17T16:55:32","date_gmt":"2021-07-17T19:55:32","guid":{"rendered":"https:\/\/aconteceunovale.com.br\/portal\/?p=180066"},"modified":"2021-07-17T16:55:41","modified_gmt":"2021-07-17T19:55:41","slug":"acordo-facilitara-circulacao-de-pessoas-em-paises-de-lingua-portuguesa","status":"publish","type":"post","link":"https:\/\/aconteceunovale.com.br\/portal\/?p=180066","title":{"rendered":"Acordo facilitar\u00e1 circula\u00e7\u00e3o de pessoas em pa\u00edses de l\u00edngua portuguesa"},"content":{"rendered":"\n<p>A Comunidade dos Pa\u00edses de L\u00edngua Portuguesa (CPLP) aprovou um acordo de mobilidade que promete facilitar a concess\u00e3o de visto e autoriza\u00e7\u00f5es de resid\u00eancia e tamb\u00e9m a circula\u00e7\u00e3o de pessoas nos pa\u00edses do grupo. O acordo foi firmado neste s\u00e1bado (17), ao t\u00e9rmino da 13\u00aa Confer\u00eancia de Chefes de Estado e de Governo da CPLP, realizada em Luanda, capital de Angola.<\/p>\n\n\n\n<figure class=\"wp-block-gallery columns-1 is-cropped wp-block-gallery-1 is-layout-flex wp-block-gallery-is-layout-flex\"><ul class=\"blocks-gallery-grid\"><li class=\"blocks-gallery-item\"><figure><img loading=\"lazy\" decoding=\"async\" width=\"678\" height=\"423\" src=\"https:\/\/aconteceunovale.com.br\/portal\/wp-content\/uploads\/2021\/07\/encontro_comunidade_portuguesa.jpg\" alt=\"\" data-id=\"180067\" data-full-url=\"https:\/\/aconteceunovale.com.br\/portal\/wp-content\/uploads\/2021\/07\/encontro_comunidade_portuguesa.jpg\" data-link=\"https:\/\/aconteceunovale.com.br\/portal\/?attachment_id=180067\" class=\"wp-image-180067\" srcset=\"https:\/\/aconteceunovale.com.br\/portal\/wp-content\/uploads\/2021\/07\/encontro_comunidade_portuguesa.jpg 678w, https:\/\/aconteceunovale.com.br\/portal\/wp-content\/uploads\/2021\/07\/encontro_comunidade_portuguesa-300x187.jpg 300w, https:\/\/aconteceunovale.com.br\/portal\/wp-content\/uploads\/2021\/07\/encontro_comunidade_portuguesa-673x420.jpg 673w\" sizes=\"auto, (max-width: 678px) 100vw, 678px\" \/><figcaption class=\"blocks-gallery-item__caption\"><em>Foto: CPLP \/ Divulga\u00e7\u00e3o \/ via Facebook<\/em><\/figcaption><\/figure><\/li><\/ul><\/figure>\n\n\n\n<p>O vice-presidente da Rep\u00fablica, Hamilton Mour\u00e3o, chefiou a delega\u00e7\u00e3o brasileira no evento. Al\u00e9m de Mour\u00e3o, integram a comitiva o ministro das Rela\u00e7\u00f5es Exteriores, Carlos Fran\u00e7a, o secret\u00e1rio de Assuntos Estrat\u00e9gicos, Flavio Rocha, e o presidente da Ag\u00eancia Brasileira de Promo\u00e7\u00e3o de Exporta\u00e7\u00f5es e Investimentos (Apex-Brasil), Augusto Pestana.<\/p>\n\n\n\n<p>Em nota sobre o acordo firmado em Luanda, o Itamaraty diz que, \u201cuma vez em vigor, o instrumento facilitar\u00e1 a circula\u00e7\u00e3o de cidad\u00e3os entre os pa\u00edses da Comunidade, permitindo o adensamento progressivo da mobilidade no espa\u00e7o da CPLP, que abrange 270 milh\u00f5es de pessoas\u201d.<\/p>\n\n\n\n<p>Ainda de acordo com o Itamaraty, os debates do encontro centraram-se na necessidade de aumentar os fluxos econ\u00f4micos e comerciais entre os estados-membros da comunidade, cuja corrente de com\u00e9rcio est\u00e1 em torno de US$ 13 bilh\u00f5es. Em conjunto, os pa\u00edses da CPLP s\u00e3o o quarto maior produtor mundial de petr\u00f3leo.<\/p>\n\n\n\n<p>No encontro, cujo tema foi Construir e Fortalecer um Futuro Comum e Sustent\u00e1vel, tamb\u00e9m foi definido que Angola exercer\u00e1 a presid\u00eancia da CPLP pelos pr\u00f3ximos dois anos. Os pa\u00edses-membros da CPLP tamb\u00e9m expressaram preocupa\u00e7\u00e3o com o aumento da fome e &#8220;das diversas formas de m\u00e1 nutri\u00e7\u00e3o no mundo&#8221;, e saudaram a convoca\u00e7\u00e3o da c\u00fapula das Na\u00e7\u00f5es Unidas Sobre Sistemas Alimentares 2021, que ser\u00e1 realizada de 26 a 28 deste m\u00eas, em Roma.<\/p>\n\n\n\n<p>Fundada em 1996 com base no idioma comum, a CPLP conta hoje com nove estados-membros: Angola, Brasil, Cabo Verde, Guin\u00e9-Bissau, Guin\u00e9 Equatorial, Mo\u00e7ambique, Portugal, S\u00e3o Tom\u00e9 e Pr\u00edncipe e Timor-Leste.<\/p>\n\n\n\n<p>O Brasil \u00e9 o maior pa\u00eds da CPLP em termos de popula\u00e7\u00e3o, territ\u00f3rio e Produto Interno Bruto (PIB, que \u00e9 a soma dos bens e servi\u00e7os produzidos pelo pa\u00eds).<\/p>\n\n\n\n<p>No ano passado, as exporta\u00e7\u00f5es do Brasil para os demais pa\u00edses da comunidade atingiram o patamar de US$ 2 bilh\u00f5es.<\/p>\n\n\n\n<p>&#8212;&#8212;&#8212;&#8212;&#8212;&#8212;<br><em>Quer receber as not\u00edcias do <strong>Aconteceu no Vale<\/strong> em primeira m\u00e3o? Siga-nos no Facebook <a rel=\"noreferrer noopener\" href=\"http:\/\/facebook.com\/aconteceunovale\" target=\"_blank\">@aconteceunovale<\/a>, Twitter <a rel=\"noreferrer noopener\" href=\"https:\/\/twitter.com\/noticiadosvales\" target=\"_blank\">@noticiadosvales<\/a> e Instagram <a rel=\"noreferrer noopener\" href=\"https:\/\/www.instagram.com\/aconteceunovale\" target=\"_blank\">@aconteceunovale<\/a>.<\/em><\/p>\n","protected":false},"excerpt":{"rendered":"<p>A Comunidade dos Pa\u00edses de L\u00edngua Portuguesa (CPLP) aprovou um acordo de mobilidade que promete facilitar a concess\u00e3o de visto e autoriza\u00e7\u00f5es de resid\u00eancia e tamb\u00e9m a circula\u00e7\u00e3o de pessoas nos pa\u00edses do grupo. O acordo foi firmado neste s\u00e1bado (17), ao t\u00e9rmino da 13\u00aa Confer\u00eancia de Chefes de Estado e de Governo da CPLP, [&hellip;]<\/p>\n","protected":false},"author":4,"featured_media":180067,"comment_status":"open","ping_status":"closed","sticky":false,"template":"","format":"standard","meta":{"amp_status":"","footnotes":""},"categories":[6,125,28848],"tags":[248061,37931,183620,4785,21036,248062,248064,248063,207801,74005,74006,30661,177538,248065,37932,74000,18919,37933,74007],"class_list":["post-180066","post","type-post","status-publish","format-standard","has-post-thumbnail","hentry","category-br","category-noticias","category-mundo","tag-acordo-facilitara-circulacao-de-pessoas-em-paises-de-lingua-portuguesa","tag-angola","tag-apex-brasil","tag-brasil","tag-cabo-verde","tag-circulacao-de-pessoas-em-paises-de-lingua-portuguesa","tag-circulacao-de-pessoas-na-cplp","tag-circulacao-em-paises-de-lingua-portuguesa","tag-comunidade-dos-paises-de-lingua-portuguesa","tag-cplp","tag-guine-equatorial","tag-guine-bissau","tag-hamilton-mourao","tag-luanda","tag-mocambique","tag-paises-de-lingua-portuguesa","tag-portugal","tag-sao-tome-e-principe","tag-timor-leste"],"_links":{"self":[{"href":"https:\/\/aconteceunovale.com.br\/portal\/index.php?rest_route=\/wp\/v2\/posts\/180066","targetHints":{"allow":["GET"]}}],"collection":[{"href":"https:\/\/aconteceunovale.com.br\/portal\/index.php?rest_route=\/wp\/v2\/posts"}],"about":[{"href":"https:\/\/aconteceunovale.com.br\/portal\/index.php?rest_route=\/wp\/v2\/types\/post"}],"author":[{"embeddable":true,"href":"https:\/\/aconteceunovale.com.br\/portal\/index.php?rest_route=\/wp\/v2\/users\/4"}],"replies":[{"embeddable":true,"href":"https:\/\/aconteceunovale.com.br\/portal\/index.php?rest_route=%2Fwp%2Fv2%2Fcomments&post=180066"}],"version-history":[{"count":1,"href":"https:\/\/aconteceunovale.com.br\/portal\/index.php?rest_route=\/wp\/v2\/posts\/180066\/revisions"}],"predecessor-version":[{"id":180068,"href":"https:\/\/aconteceunovale.com.br\/portal\/index.php?rest_route=\/wp\/v2\/posts\/180066\/revisions\/180068"}],"wp:featuredmedia":[{"embeddable":true,"href":"https:\/\/aconteceunovale.com.br\/portal\/index.php?rest_route=\/wp\/v2\/media\/180067"}],"wp:attachment":[{"href":"https:\/\/aconteceunovale.com.br\/portal\/index.php?rest_route=%2Fwp%2Fv2%2Fmedia&parent=180066"}],"wp:term":[{"taxonomy":"category","embeddable":true,"href":"https:\/\/aconteceunovale.com.br\/portal\/index.php?rest_route=%2Fwp%2Fv2%2Fcategories&post=180066"},{"taxonomy":"post_tag","embeddable":true,"href":"https:\/\/aconteceunovale.com.br\/portal\/index.php?rest_route=%2Fwp%2Fv2%2Ftags&post=180066"}],"curies":[{"name":"wp","href":"https:\/\/api.w.org\/{rel}","templated":true}]}}