{"id":180027,"date":"2021-07-14T19:30:59","date_gmt":"2021-07-14T22:30:59","guid":{"rendered":"https:\/\/aconteceunovale.com.br\/portal\/?p=180027"},"modified":"2021-07-14T19:34:01","modified_gmt":"2021-07-14T22:34:01","slug":"jair-bolsonaro-deve-ficar-internado-em-sao-paulo-pelos-proximos-tres-dias","status":"publish","type":"post","link":"https:\/\/aconteceunovale.com.br\/portal\/?p=180027","title":{"rendered":"Jair Bolsonaro deve ficar internado em S\u00e3o Paulo pelos pr\u00f3ximos tr\u00eas dias"},"content":{"rendered":"\n<p>O presidente Jair Bolsonaro chegou\u00a0a S\u00e3o Paulo no in\u00edcio da noite desta\u00a0quarta-feira (14\/7\/2021). Ele ficar\u00e1 internado no Hospital Vila Nova Star, na zona sul da capital paulista, pelos pr\u00f3ximos dias. Mais cedo, o senador Fl\u00e1vio Bolsonaro, filho do presidente, afirmou que o pai estava se sentindo bem ap\u00f3s a interna\u00e7\u00e3o no Hospital das For\u00e7as Armadas (HFA), em Bras\u00edlia. Segundo o parlamentar, o presidente ficar\u00e1 em observa\u00e7\u00e3o por tr\u00eas dias, para analisar a necessidade de procedimentos adicionais, inclusive uma eventual nova cirurgia.\u00a0\u00a0<\/p>\n\n\n\n<p>&#8220;Falei com o m\u00e9dico dele mais cedo. Ele me tranquilizou, falou para a fam\u00edlia ficar calma, que n\u00e3o tinha nada de mais grave acontecendo, que ele estaria em observa\u00e7\u00e3o. Passou o telefone para ele, [estava] um pouco grogue pela anestesia, disse para ficar tranquilo&#8221;, afirmou o senador a jornalistas.<\/p>\n\n\n\n<p>Ainda de acordo com Fl\u00e1vio, n\u00e3o h\u00e1 defini\u00e7\u00e3o se o presidente\u00a0ter\u00e1 de se licenciar do cargo.\u00a0\u00a0<\/p>\n\n\n\n<p>A decis\u00e3o de transferir Bolsonaro para S\u00e3o Paulo foi tomada pelo m\u00e9dico Antonio Luiz Macedo, respons\u00e1vel pelas cirurgias no abd\u00f4men do presidente.\u00a0Ele diagnosticou o presidente com obstru\u00e7\u00e3o intestinal.\u00a0Nos \u00faltimos dias, o presidente vinha enfrentando uma crise de solu\u00e7os.<\/p>\n\n\n\n<figure class=\"wp-block-gallery columns-1 is-cropped wp-block-gallery-1 is-layout-flex wp-block-gallery-is-layout-flex\"><ul class=\"blocks-gallery-grid\"><li class=\"blocks-gallery-item\"><figure><img loading=\"lazy\" decoding=\"async\" width=\"572\" height=\"332\" src=\"https:\/\/aconteceunovale.com.br\/portal\/wp-content\/uploads\/2021\/07\/bolsonaro_internado2.jpg\" alt=\"\" data-id=\"180029\" data-full-url=\"https:\/\/aconteceunovale.com.br\/portal\/wp-content\/uploads\/2021\/07\/bolsonaro_internado2.jpg\" data-link=\"https:\/\/aconteceunovale.com.br\/portal\/?attachment_id=180029\" class=\"wp-image-180029\" srcset=\"https:\/\/aconteceunovale.com.br\/portal\/wp-content\/uploads\/2021\/07\/bolsonaro_internado2.jpg 572w, https:\/\/aconteceunovale.com.br\/portal\/wp-content\/uploads\/2021\/07\/bolsonaro_internado2-300x174.jpg 300w\" sizes=\"auto, (max-width: 572px) 100vw, 572px\" \/><figcaption class=\"blocks-gallery-item__caption\"><em>Foto: Reprodu\u00e7\u00e3o \/ Twitter @jairbolsonaro<\/em><\/figcaption><\/figure><\/li><\/ul><\/figure>\n\n\n\n<p>Desde o atentado na campanha eleitoral de 2018, Bolsonaro j\u00e1 passou por um total de sete cirurgias na regi\u00e3o do abd\u00f4men para corre\u00e7\u00e3o das les\u00f5es sofridas no intestino. H\u00e1 alguns meses, ele afirmou a apoiadores que faria ainda uma nova opera\u00e7\u00e3o, dessa vez para remover uma h\u00e9rnia.<\/p>\n\n\n\n<p>Em postagem no Twitter, o presidente comentou sobre o seu estado de sa\u00fade e voltou a mencionar o atentado que sofreu.\u00a0 <em>&#8220;Um atentado cruel n\u00e3o s\u00f3 contra mim, mas contra a nossa democracia. Pe\u00e7o a cada um que est\u00e1 lendo essa mensagem que jamais desista das nossas cores, dos nossos valores! Temos riquezas e um povo maravilhoso que nenhum pa\u00eds no mundo tem. Com honestidade, com honra e com Deus no cora\u00e7\u00e3o \u00e9 poss\u00edvel mudar a realidade do nosso Brasil. Assim seguirei!&#8221;,<\/em> escreveu.\u00a0<\/p>\n\n\n\n<p>&#8212;&#8212;&#8212;&#8212;&#8212;&#8212;<br><em>Quer receber as not\u00edcias do <strong>Aconteceu no Vale<\/strong> em primeira m\u00e3o? Siga-nos no Facebook <a rel=\"noreferrer noopener\" href=\"http:\/\/facebook.com\/aconteceunovale\" target=\"_blank\">@aconteceunovale<\/a>, Twitter <a rel=\"noreferrer noopener\" href=\"https:\/\/twitter.com\/noticiadosvales\" target=\"_blank\">@noticiadosvales<\/a> e Instagram <a rel=\"noreferrer noopener\" href=\"https:\/\/www.instagram.com\/aconteceunovale\" target=\"_blank\">@aconteceunovale<\/a>.<\/em><\/p>\n","protected":false},"excerpt":{"rendered":"<p>O presidente Jair Bolsonaro chegou\u00a0a S\u00e3o Paulo no in\u00edcio da noite desta\u00a0quarta-feira (14\/7\/2021). Ele ficar\u00e1 internado no Hospital Vila Nova Star, na zona sul da capital paulista, pelos pr\u00f3ximos dias. Mais cedo, o senador Fl\u00e1vio Bolsonaro, filho do presidente, afirmou que o pai estava se sentindo bem ap\u00f3s a interna\u00e7\u00e3o no Hospital das For\u00e7as Armadas [&hellip;]<\/p>\n","protected":false},"author":4,"featured_media":180028,"comment_status":"open","ping_status":"closed","sticky":false,"template":"","format":"standard","meta":{"amp_status":"","footnotes":""},"categories":[6,40240],"tags":[100375,4606,1018,194527,219844,248012,26436,248011,248013,248014,248015,2382,194528],"class_list":["post-180027","post","type-post","status-publish","format-standard","has-post-thumbnail","hentry","category-br","category-politica-2","tag-bolsonaro","tag-brasilia","tag-destaque","tag-estado-de-saude-de-jair-bolsonaro","tag-hospital-das-forcas-armadas","tag-internacao-de-jair-bolsonaro","tag-jair-bolsonaro","tag-jair-bolsonaro-deve-ficar-internado-em-sao-paulo-pelos-proximos-tres-dias","tag-jair-bolsonaro-e-internado","tag-jair-bolsonaro-e-internado-em-sao-paulo","tag-jair-bolsonaro-vila-nova-star","tag-sao-paulo","tag-saude-de-jair-bolsonaro"],"_links":{"self":[{"href":"https:\/\/aconteceunovale.com.br\/portal\/index.php?rest_route=\/wp\/v2\/posts\/180027","targetHints":{"allow":["GET"]}}],"collection":[{"href":"https:\/\/aconteceunovale.com.br\/portal\/index.php?rest_route=\/wp\/v2\/posts"}],"about":[{"href":"https:\/\/aconteceunovale.com.br\/portal\/index.php?rest_route=\/wp\/v2\/types\/post"}],"author":[{"embeddable":true,"href":"https:\/\/aconteceunovale.com.br\/portal\/index.php?rest_route=\/wp\/v2\/users\/4"}],"replies":[{"embeddable":true,"href":"https:\/\/aconteceunovale.com.br\/portal\/index.php?rest_route=%2Fwp%2Fv2%2Fcomments&post=180027"}],"version-history":[{"count":1,"href":"https:\/\/aconteceunovale.com.br\/portal\/index.php?rest_route=\/wp\/v2\/posts\/180027\/revisions"}],"predecessor-version":[{"id":180030,"href":"https:\/\/aconteceunovale.com.br\/portal\/index.php?rest_route=\/wp\/v2\/posts\/180027\/revisions\/180030"}],"wp:featuredmedia":[{"embeddable":true,"href":"https:\/\/aconteceunovale.com.br\/portal\/index.php?rest_route=\/wp\/v2\/media\/180028"}],"wp:attachment":[{"href":"https:\/\/aconteceunovale.com.br\/portal\/index.php?rest_route=%2Fwp%2Fv2%2Fmedia&parent=180027"}],"wp:term":[{"taxonomy":"category","embeddable":true,"href":"https:\/\/aconteceunovale.com.br\/portal\/index.php?rest_route=%2Fwp%2Fv2%2Fcategories&post=180027"},{"taxonomy":"post_tag","embeddable":true,"href":"https:\/\/aconteceunovale.com.br\/portal\/index.php?rest_route=%2Fwp%2Fv2%2Ftags&post=180027"}],"curies":[{"name":"wp","href":"https:\/\/api.w.org\/{rel}","templated":true}]}}