{"id":180022,"date":"2021-07-13T22:30:52","date_gmt":"2021-07-14T01:30:52","guid":{"rendered":"https:\/\/aconteceunovale.com.br\/portal\/?p=180022"},"modified":"2021-07-13T22:34:49","modified_gmt":"2021-07-14T01:34:49","slug":"algumas-vacinas-contra-covid-19-demandarao-terceira-dose-diz-presidente-da-anvisa","status":"publish","type":"post","link":"https:\/\/aconteceunovale.com.br\/portal\/?p=180022","title":{"rendered":"Algumas vacinas contra Covid-19 demandar\u00e3o terceira dose, diz presidente da Anvisa"},"content":{"rendered":"\n<p>O diretor-presidente da Ag\u00eancia Nacional de Vigil\u00e2ncia Sanit\u00e1ria (Anvisa), Ant\u00f4nio Barra Torres, disse acreditar que algumas das vacinas contra a covid-19 demandar\u00e3o uma terceira dose. Convidado pela Associa\u00e7\u00e3o Comercial do Rio de Janeiro (ACRJ) para uma palestra virtual realizada\u00a0hoje\u00a0(13\/7\/2021), Barra Torres respondeu a algumas perguntas encaminhadas pelos espectadores.<\/p>\n\n\n\n<figure class=\"wp-block-gallery columns-1 is-cropped wp-block-gallery-1 is-layout-flex wp-block-gallery-is-layout-flex\"><ul class=\"blocks-gallery-grid\"><li class=\"blocks-gallery-item\"><figure><img loading=\"lazy\" decoding=\"async\" width=\"678\" height=\"450\" src=\"https:\/\/aconteceunovale.com.br\/portal\/wp-content\/uploads\/2021\/07\/barra_torres.jpg\" alt=\"\" data-id=\"180023\" data-full-url=\"https:\/\/aconteceunovale.com.br\/portal\/wp-content\/uploads\/2021\/07\/barra_torres.jpg\" data-link=\"https:\/\/aconteceunovale.com.br\/portal\/?attachment_id=180023\" class=\"wp-image-180023\" srcset=\"https:\/\/aconteceunovale.com.br\/portal\/wp-content\/uploads\/2021\/07\/barra_torres.jpg 678w, https:\/\/aconteceunovale.com.br\/portal\/wp-content\/uploads\/2021\/07\/barra_torres-300x199.jpg 300w, https:\/\/aconteceunovale.com.br\/portal\/wp-content\/uploads\/2021\/07\/barra_torres-633x420.jpg 633w\" sizes=\"auto, (max-width: 678px) 100vw, 678px\" \/><figcaption class=\"blocks-gallery-item__caption\"><em>Antonio Barra Torres &#8211; Foto: Jefferson Rudy\/Ag\u00eancia Senado<\/em><\/figcaption><\/figure><\/li><\/ul><\/figure>\n\n\n\n<p>&#8220;Acredito que algumas vacinas ter\u00e3o a necessidade de uma terceira dose. No dia de&nbsp;hoje, ainda \u00e9 dif\u00edcil dizer qual&#8221;, disse ele, destacando ser uma avalia\u00e7\u00e3o pessoal. &#8220;\u00c9 estudado no mundo inteiro. O mundo inteiro est\u00e1 debru\u00e7ado nisso, e o objetivo \u00e9 obter a imuniza\u00e7\u00e3o segura e mais duradoura&#8221;, acrescentou.<\/p>\n\n\n\n<p>A Anvisa \u00e9 respons\u00e1vel pela autoriza\u00e7\u00e3o do uso e aprova\u00e7\u00e3o das bulas de vacinas no Brasil As bulas cont\u00eam as informa\u00e7\u00f5es sobre o regime de doses. Por enquanto, nenhum imunizante&nbsp;tem&nbsp;esquema com tr\u00eas aplica\u00e7\u00f5es. Barra Torres ressaltou que todas as vacinas aprovadas pela Anvisa s\u00e3o eficazes e que a popula\u00e7\u00e3o pode confiar em qualquer uma que estiver dispon\u00edvel no posto de sa\u00fade. &#8220;A melhor \u00e9 aquela que est\u00e1 no seu bra\u00e7o&#8221;, afirmou.<\/p>\n\n\n\n<p>At\u00e9 o momento,&nbsp;receberam aval definitivo ou emergencial as vacinas AstraZeneca\/Oxford, Pfizer, CoronaVac e Janssen. As tr\u00eas primeiras s\u00e3o com duas doses e a&nbsp;quarta, com dose \u00fanica. Tamb\u00e9m com duas aplica\u00e7\u00f5es, os imunizantes Sputnik e Covaxin receberam autoriza\u00e7\u00e3o de importa\u00e7\u00e3o, mas com limita\u00e7\u00f5es.<\/p>\n\n\n\n<p>Na semana passada, a farmac\u00eautica Pfizer anunciou que\u00a0est\u00e1 desenvolvendo uma\u00a0terceira dose\u00a0da vacina contra a covid-19.\u00a0O governo do Chile tamb\u00e9m informou recentemente que\u00a0estuda a possibilidade\u00a0de distribuir uma dose de refor\u00e7o. O pa\u00eds registrava alta de casos mesmo tendo vacinado 61% do p\u00fablico-alvo com duas doses. O prefeito do Rio\u00a0de Janeiro, Eduardo Paes, tamb\u00e9m\u00a0levantou a hip\u00f3tese\u00a0de uma\u00a0terceira aplica\u00e7\u00e3o.<\/p>\n\n\n\n<h2 class=\"wp-block-heading\"><strong>Combina\u00e7\u00e3o<\/strong><\/h2>\n\n\n\n<p>O diretor-presidente da Anvisa analisou ainda a possibilidade de combinar vacinas de laborat\u00f3rios diferentes para o combate \u00e0 covid-19. &#8220;A atividade reguladora n\u00e3o \u00e9 a locomotiva desse processo. Ela \u00e9 vag\u00e3o. Vamos a reboque do desenvolvedor ou do pesquisador que nos apresentar suas conclus\u00f5es, para que possamos avaliar e referendar. Estamos falando de uma intera\u00e7\u00e3o de imunobiol\u00f3gicos de origens e plataformas diferentes. Vem muito da comunidade cient\u00edfica. No momento, estamos acompanhando algumas situa\u00e7\u00f5es que podem no futuro&nbsp;ter&nbsp;um posicionamento nosso&#8221;, disse Torres.<\/p>\n\n\n\n<p>Ele lembrou que decis\u00f5es nesse sentido t\u00eam sido tomadas por determinados pa\u00edses em alguns casos. No Brasil, a situa\u00e7\u00e3o tem ocorrido com as gestantes. A vacina AstraZeneca chegou a ser aplicada em algumas delas e depois foi suspensa pelo Minist\u00e9rio da Sa\u00fade devido a um caso suspeito de rea\u00e7\u00e3o adversa. Aquelas gr\u00e1vidas que tomaram o imunizante, posteriormente,\u00a0foram\u00a0autorizadas\u00a0pela pasta a receber a\u00a0segunda\u00a0dose da Pfizer.<\/p>\n\n\n\n<p>Torres afirmou que as medidas para evitar a doen\u00e7a j\u00e1 s\u00e3o conhecidas: m\u00e1scara, distanciamento social, higiene das m\u00e3os e vacina. &#8220;N\u00e3o \u00e9 pelo fato de tomar as duas doses de vacina que\u00a0vai poder deixar de\u00a0usar m\u00e1scara imediatamente&#8221;, acrescentou.<\/p>\n\n\n\n<p>&#8212;&#8212;&#8212;&#8212;&#8212;&#8212;<br><em>Quer receber as not\u00edcias do <strong>Aconteceu no Vale<\/strong> em primeira m\u00e3o? Siga-nos no Facebook <a rel=\"noreferrer noopener\" href=\"http:\/\/facebook.com\/aconteceunovale\" target=\"_blank\">@aconteceunovale<\/a>, Twitter <a rel=\"noreferrer noopener\" href=\"https:\/\/twitter.com\/noticiadosvales\" target=\"_blank\">@noticiadosvales<\/a> e Instagram <a rel=\"noreferrer noopener\" href=\"https:\/\/www.instagram.com\/aconteceunovale\" target=\"_blank\">@aconteceunovale<\/a>.<\/em><\/p>\n","protected":false},"excerpt":{"rendered":"<p>O diretor-presidente da Ag\u00eancia Nacional de Vigil\u00e2ncia Sanit\u00e1ria (Anvisa), Ant\u00f4nio Barra Torres, disse acreditar que algumas das vacinas contra a covid-19 demandar\u00e3o uma terceira dose. Convidado pela Associa\u00e7\u00e3o Comercial do Rio de Janeiro (ACRJ) para uma palestra virtual realizada\u00a0hoje\u00a0(13\/7\/2021), Barra Torres respondeu a algumas perguntas encaminhadas pelos espectadores. &#8220;Acredito que algumas vacinas ter\u00e3o a necessidade [&hellip;]<\/p>\n","protected":false},"author":4,"featured_media":180023,"comment_status":"open","ping_status":"closed","sticky":false,"template":"","format":"standard","meta":{"amp_status":"","footnotes":""},"categories":[6,40242],"tags":[247998,25793,247993,238171,2278,247996,247997,224214,231973,223371,248000,247999,236554,223372,231979,1018,24222,246445,43376,236485,125970,39755,247994,225780,239789,247995,239472],"class_list":["post-180022","post","type-post","status-publish","format-standard","has-post-thumbnail","hentry","category-br","category-saude-2","tag-acrj","tag-agencia-nacional-de-vigilancia-sanitaria","tag-algumas-vacinas-contra-covid-19-demandarao-terceira-dose","tag-antonio-barra-torres","tag-anvisa","tag-aplicacao-de-terceira-dose-de-vacina-contra-covid-19","tag-associacao-comercial-do-rio-de-janeiro","tag-astrazeneca","tag-biontech","tag-butantan","tag-combinacao-de-vacinas","tag-combinacao-de-vacinas-contra-covid-19","tag-comirnaty","tag-coronavac","tag-covaxin","tag-destaque","tag-fiocruz","tag-imunizacao-contra-covid-19-no-brasil","tag-instituto-butantan","tag-janssen","tag-oxford","tag-pfizer","tag-presidente-da-anvisa","tag-sinovac","tag-sputnik","tag-terceira-dose-de-vacina-contra-covid-19","tag-vacinacao-contra-covid-19-no-brasil"],"_links":{"self":[{"href":"https:\/\/aconteceunovale.com.br\/portal\/index.php?rest_route=\/wp\/v2\/posts\/180022","targetHints":{"allow":["GET"]}}],"collection":[{"href":"https:\/\/aconteceunovale.com.br\/portal\/index.php?rest_route=\/wp\/v2\/posts"}],"about":[{"href":"https:\/\/aconteceunovale.com.br\/portal\/index.php?rest_route=\/wp\/v2\/types\/post"}],"author":[{"embeddable":true,"href":"https:\/\/aconteceunovale.com.br\/portal\/index.php?rest_route=\/wp\/v2\/users\/4"}],"replies":[{"embeddable":true,"href":"https:\/\/aconteceunovale.com.br\/portal\/index.php?rest_route=%2Fwp%2Fv2%2Fcomments&post=180022"}],"version-history":[{"count":1,"href":"https:\/\/aconteceunovale.com.br\/portal\/index.php?rest_route=\/wp\/v2\/posts\/180022\/revisions"}],"predecessor-version":[{"id":180024,"href":"https:\/\/aconteceunovale.com.br\/portal\/index.php?rest_route=\/wp\/v2\/posts\/180022\/revisions\/180024"}],"wp:featuredmedia":[{"embeddable":true,"href":"https:\/\/aconteceunovale.com.br\/portal\/index.php?rest_route=\/wp\/v2\/media\/180023"}],"wp:attachment":[{"href":"https:\/\/aconteceunovale.com.br\/portal\/index.php?rest_route=%2Fwp%2Fv2%2Fmedia&parent=180022"}],"wp:term":[{"taxonomy":"category","embeddable":true,"href":"https:\/\/aconteceunovale.com.br\/portal\/index.php?rest_route=%2Fwp%2Fv2%2Fcategories&post=180022"},{"taxonomy":"post_tag","embeddable":true,"href":"https:\/\/aconteceunovale.com.br\/portal\/index.php?rest_route=%2Fwp%2Fv2%2Ftags&post=180022"}],"curies":[{"name":"wp","href":"https:\/\/api.w.org\/{rel}","templated":true}]}}