{"id":179942,"date":"2021-07-11T10:43:51","date_gmt":"2021-07-11T13:43:51","guid":{"rendered":"https:\/\/aconteceunovale.com.br\/portal\/?p=179942"},"modified":"2021-07-11T10:44:23","modified_gmt":"2021-07-11T13:44:23","slug":"papa-francisco-agradece-oracoes-de-fieis-por-sua-saude","status":"publish","type":"post","link":"https:\/\/aconteceunovale.com.br\/portal\/?p=179942","title":{"rendered":"Papa Francisco agradece ora\u00e7\u00f5es de fi\u00e9is por sua sa\u00fade"},"content":{"rendered":"\n<p class=\"wp-block-paragraph\">Do Hospital Agostino Gemelli, em Roma, onde se recupera de uma cirurgia, o Papa Francisco rezou neste domingo (11\/7\/2021) de modo especial por todos os enfermos e fez um apelo por um sistema de sa\u00fade acess\u00edvel a todos. Da janela do d\u00e9cimo andar, recebeu o carinho dos fi\u00e9is, uma imagem que n\u00e3o se via desde 2005, quando no dia 13 de mar\u00e7o S\u00e3o Jo\u00e3o Paulo II pronunciou algumas palavras em p\u00fablico ap\u00f3s uma traqueotomia.<\/p>\n\n\n\n<figure class=\"wp-block-gallery columns-1 is-cropped wp-block-gallery-1 is-layout-flex wp-block-gallery-is-layout-flex\"><ul class=\"blocks-gallery-grid\"><li class=\"blocks-gallery-item\"><figure><img loading=\"lazy\" decoding=\"async\" width=\"678\" height=\"390\" src=\"https:\/\/aconteceunovale.com.br\/portal\/wp-content\/uploads\/2021\/07\/papa_recuperacao.png\" alt=\"\" data-id=\"179943\" data-full-url=\"https:\/\/aconteceunovale.com.br\/portal\/wp-content\/uploads\/2021\/07\/papa_recuperacao.png\" data-link=\"https:\/\/aconteceunovale.com.br\/portal\/?attachment_id=179943\" class=\"wp-image-179943\" srcset=\"https:\/\/aconteceunovale.com.br\/portal\/wp-content\/uploads\/2021\/07\/papa_recuperacao.png 678w, https:\/\/aconteceunovale.com.br\/portal\/wp-content\/uploads\/2021\/07\/papa_recuperacao-300x173.png 300w\" sizes=\"auto, (max-width: 678px) 100vw, 678px\" \/><figcaption class=\"blocks-gallery-item__caption\"><em>Cr\u00e9ditos: Reprodu\u00e7\u00e3o \/ v\u00eddeo Vatican News<\/em><\/figcaption><\/figure><\/li><\/ul><\/figure>\n\n\n\n<p class=\"wp-block-paragraph\">\u201cEstou feliz por poder manter o encontro dominical do Angelus, tamb\u00e9m aqui da Policl\u00ednica Gemelli. Agrade\u00e7o a todos: senti muito a proximidade e o amparo de suas ora\u00e7\u00f5es. Obrigado de cora\u00e7\u00e3o!\u201d, disse.<\/p>\n\n\n\n<p class=\"wp-block-paragraph\">Um sentimento de gratid\u00e3o marcou o Angelus deste domingo, realizado do Hospital Agostino Gemelli, onde o papa est\u00e1 internado h\u00e1 uma semana, desde que se submeteu a uma cirurgia no intestino.<\/p>\n\n\n\n<p class=\"wp-block-paragraph\">Da janela do seu apartamento no d\u00e9cimo andar da policl\u00ednica, ele acenou aos fi\u00e9is presentes na pequena pra\u00e7a que fica na entrada da estrutura e dali fez uma breve medita\u00e7\u00e3o sobre o evangelho do dia, destacando de modo especial uma frase de Jesus aos disc\u00edpulos: &#8220;curavam numerosos doentes, ungindo-os com \u00f3leo&#8221;.<\/p>\n\n\n\n<p class=\"wp-block-paragraph\">&#8220;Este \u00f3leo \u00e9 certamente o sacramento da Un\u00e7\u00e3o dos enfermos, que d\u00e1 conforto ao esp\u00edrito e ao corpo. Mas este \u00f3leo \u00e9 tamb\u00e9m a escuta, a proximidade, o cuidado, a ternura de quem cuida da pessoa doente: \u00e9 como uma car\u00edcia que faz sentir melhor, alivia a dor.&#8221;<\/p>\n\n\n\n<p class=\"wp-block-paragraph\">Para Francisco,\u00a0mais cedo ou mais tarde, todos necessitar\u00e3o desta un\u00e7\u00e3o e todos podem oferec\u00ea-la a algu\u00e9m, com uma visita, um telefonema ou uma m\u00e3o estendida a quem necessita de ajuda.<\/p>\n\n\n\n<p class=\"wp-block-paragraph\">&#8212;&#8212;&#8212;&#8212;&#8212;&#8212;<br><em>Quer receber as not\u00edcias do <strong>Aconteceu no Vale<\/strong> em primeira m\u00e3o? Siga-nos no Facebook <a rel=\"noreferrer noopener\" href=\"http:\/\/facebook.com\/aconteceunovale\" target=\"_blank\">@aconteceunovale<\/a>, Twitter <a rel=\"noreferrer noopener\" href=\"https:\/\/twitter.com\/noticiadosvales\" target=\"_blank\">@noticiadosvales<\/a> e Instagram <a rel=\"noreferrer noopener\" href=\"https:\/\/www.instagram.com\/aconteceunovale\" target=\"_blank\">@aconteceunovale<\/a>.<\/em><\/p>\n","protected":false},"excerpt":{"rendered":"<p>Do Hospital Agostino Gemelli, em Roma, onde se recupera de uma cirurgia, o Papa Francisco rezou neste domingo (11\/7\/2021) de modo especial por todos os enfermos e fez um apelo por um sistema de sa\u00fade acess\u00edvel a todos. Da janela do d\u00e9cimo andar, recebeu o carinho dos fi\u00e9is, uma imagem que n\u00e3o se via desde [&hellip;]<\/p>\n","protected":false},"author":4,"featured_media":179943,"comment_status":"open","ping_status":"closed","sticky":false,"template":"","format":"standard","meta":{"amp_status":"","footnotes":""},"categories":[28848],"tags":[247479,1018,233771,946,247481,247482,247478,247480,247813,22662,247814],"class_list":["post-179942","post","type-post","status-publish","format-standard","has-post-thumbnail","hentry","category-mundo","tag-cirurgia-papa-francisco","tag-destaque","tag-matteo-bruni","tag-papa-francisco","tag-papa-francisco-passa-por-cirurgia","tag-papa-francisco-passa-por-procedimento-cirurgico","tag-papa-francisco-reage-bem-a-cirurgia","tag-procedimento-cirurgico-papa-francisco","tag-recuperacao-do-papa-francisco","tag-roma","tag-saude-papa-francisco"],"yoast_head":"<!-- This site is optimized with the Yoast SEO plugin v28.3 - https:\/\/yoast.com\/product\/yoast-seo-wordpress\/ -->\n<title>Papa Francisco agradece ora\u00e7\u00f5es de fi\u00e9is por sua sa\u00fade - Aconteceu no Vale<\/title>\n<meta name=\"robots\" content=\"index, follow, max-snippet:-1, max-image-preview:large, max-video-preview:-1\" \/>\n<link rel=\"canonical\" href=\"https:\/\/aconteceunovale.com.br\/portal\/?p=179942\" \/>\n<meta property=\"og:locale\" content=\"pt_BR\" \/>\n<meta property=\"og:type\" content=\"article\" \/>\n<meta property=\"og:title\" content=\"Papa Francisco agradece ora\u00e7\u00f5es de fi\u00e9is por sua sa\u00fade - Aconteceu no Vale\" \/>\n<meta property=\"og:description\" content=\"Do Hospital Agostino Gemelli, em Roma, onde se recupera de uma cirurgia, o Papa Francisco rezou neste domingo (11\/7\/2021) de modo especial por todos os enfermos e fez um apelo por um sistema de sa\u00fade acess\u00edvel a todos. Da janela do d\u00e9cimo andar, recebeu o carinho dos fi\u00e9is, uma imagem que n\u00e3o se via desde [&hellip;]\" \/>\n<meta property=\"og:url\" content=\"https:\/\/aconteceunovale.com.br\/portal\/?p=179942\" \/>\n<meta property=\"og:site_name\" content=\"Aconteceu no Vale\" \/>\n<meta property=\"article:publisher\" content=\"https:\/\/www.facebook.com\/aconteceunovale\/\" \/>\n<meta property=\"article:published_time\" content=\"2021-07-11T13:43:51+00:00\" \/>\n<meta property=\"article:modified_time\" content=\"2021-07-11T13:44:23+00:00\" \/>\n<meta property=\"og:image\" content=\"https:\/\/aconteceunovale.com.br\/portal\/wp-content\/uploads\/2021\/07\/papa_recuperacao.png\" \/>\n\t<meta property=\"og:image:width\" content=\"678\" \/>\n\t<meta property=\"og:image:height\" content=\"390\" \/>\n\t<meta property=\"og:image:type\" content=\"image\/png\" \/>\n<meta name=\"author\" content=\"Reda\u00e7\u00e3o Aconteceu no Vale\" \/>\n<meta name=\"twitter:card\" content=\"summary_large_image\" \/>\n<meta name=\"twitter:creator\" content=\"@noticiadosvales\" \/>\n<meta name=\"twitter:site\" content=\"@noticiadosvales\" \/>\n<meta name=\"twitter:label1\" content=\"Escrito por\" \/>\n\t<meta name=\"twitter:data1\" content=\"Reda\u00e7\u00e3o Aconteceu no Vale\" \/>\n\t<meta name=\"twitter:label2\" content=\"Est. tempo de leitura\" \/>\n\t<meta name=\"twitter:data2\" content=\"2 minutos\" \/>\n<script type=\"application\/ld+json\" class=\"yoast-schema-graph\">{\"@context\":\"https:\\\/\\\/schema.org\",\"@graph\":[{\"@type\":\"Article\",\"@id\":\"https:\\\/\\\/aconteceunovale.com.br\\\/portal\\\/?p=179942#article\",\"isPartOf\":{\"@id\":\"https:\\\/\\\/aconteceunovale.com.br\\\/portal\\\/?p=179942\"},\"author\":{\"name\":\"Reda\u00e7\u00e3o Aconteceu no Vale\",\"@id\":\"https:\\\/\\\/aconteceunovale.com.br\\\/portal\\\/#\\\/schema\\\/person\\\/7d2f26d1483f8a63de73da1ee0754d35\"},\"headline\":\"Papa Francisco agradece ora\u00e7\u00f5es de fi\u00e9is por sua sa\u00fade\",\"datePublished\":\"2021-07-11T13:43:51+00:00\",\"dateModified\":\"2021-07-11T13:44:23+00:00\",\"mainEntityOfPage\":{\"@id\":\"https:\\\/\\\/aconteceunovale.com.br\\\/portal\\\/?p=179942\"},\"wordCount\":335,\"commentCount\":0,\"image\":{\"@id\":\"https:\\\/\\\/aconteceunovale.com.br\\\/portal\\\/?p=179942#primaryimage\"},\"thumbnailUrl\":\"https:\\\/\\\/aconteceunovale.com.br\\\/portal\\\/wp-content\\\/uploads\\\/2021\\\/07\\\/papa_recuperacao.png\",\"keywords\":[\"Cirurgia Papa Francisco\",\"destaque\",\"Matteo Bruni\",\"papa francisco\",\"Papa Francisco passa por cirurgia\",\"Papa Francisco passa por procedimento cir\u00fargico\",\"Papa Francisco reage bem a cirurgia\",\"Procedimento cir\u00fargico Papa Francisco\",\"Recupera\u00e7\u00e3o do Papa Francisco\",\"Roma\",\"Sa\u00fade Papa Francisco\"],\"articleSection\":[\"Mundo\"],\"inLanguage\":\"pt-BR\",\"potentialAction\":[{\"@type\":\"CommentAction\",\"name\":\"Comment\",\"target\":[\"https:\\\/\\\/aconteceunovale.com.br\\\/portal\\\/?p=179942#respond\"]}]},{\"@type\":\"WebPage\",\"@id\":\"https:\\\/\\\/aconteceunovale.com.br\\\/portal\\\/?p=179942\",\"url\":\"https:\\\/\\\/aconteceunovale.com.br\\\/portal\\\/?p=179942\",\"name\":\"Papa Francisco agradece ora\u00e7\u00f5es de fi\u00e9is por sua sa\u00fade - Aconteceu no Vale\",\"isPartOf\":{\"@id\":\"https:\\\/\\\/aconteceunovale.com.br\\\/portal\\\/#website\"},\"primaryImageOfPage\":{\"@id\":\"https:\\\/\\\/aconteceunovale.com.br\\\/portal\\\/?p=179942#primaryimage\"},\"image\":{\"@id\":\"https:\\\/\\\/aconteceunovale.com.br\\\/portal\\\/?p=179942#primaryimage\"},\"thumbnailUrl\":\"https:\\\/\\\/aconteceunovale.com.br\\\/portal\\\/wp-content\\\/uploads\\\/2021\\\/07\\\/papa_recuperacao.png\",\"datePublished\":\"2021-07-11T13:43:51+00:00\",\"dateModified\":\"2021-07-11T13:44:23+00:00\",\"author\":{\"@id\":\"https:\\\/\\\/aconteceunovale.com.br\\\/portal\\\/#\\\/schema\\\/person\\\/7d2f26d1483f8a63de73da1ee0754d35\"},\"breadcrumb\":{\"@id\":\"https:\\\/\\\/aconteceunovale.com.br\\\/portal\\\/?p=179942#breadcrumb\"},\"inLanguage\":\"pt-BR\",\"potentialAction\":[{\"@type\":\"ReadAction\",\"target\":[\"https:\\\/\\\/aconteceunovale.com.br\\\/portal\\\/?p=179942\"]}]},{\"@type\":\"ImageObject\",\"inLanguage\":\"pt-BR\",\"@id\":\"https:\\\/\\\/aconteceunovale.com.br\\\/portal\\\/?p=179942#primaryimage\",\"url\":\"https:\\\/\\\/aconteceunovale.com.br\\\/portal\\\/wp-content\\\/uploads\\\/2021\\\/07\\\/papa_recuperacao.png\",\"contentUrl\":\"https:\\\/\\\/aconteceunovale.com.br\\\/portal\\\/wp-content\\\/uploads\\\/2021\\\/07\\\/papa_recuperacao.png\",\"width\":678,\"height\":390},{\"@type\":\"BreadcrumbList\",\"@id\":\"https:\\\/\\\/aconteceunovale.com.br\\\/portal\\\/?p=179942#breadcrumb\",\"itemListElement\":[{\"@type\":\"ListItem\",\"position\":1,\"name\":\"In\u00edcio\",\"item\":\"https:\\\/\\\/aconteceunovale.com.br\\\/portal\\\/\"},{\"@type\":\"ListItem\",\"position\":2,\"name\":\"Papa Francisco agradece ora\u00e7\u00f5es de fi\u00e9is por sua sa\u00fade\"}]},{\"@type\":\"WebSite\",\"@id\":\"https:\\\/\\\/aconteceunovale.com.br\\\/portal\\\/#website\",\"url\":\"https:\\\/\\\/aconteceunovale.com.br\\\/portal\\\/\",\"name\":\"Aconteceu no Vale\",\"description\":\"Portal de Not\u00edcias\",\"potentialAction\":[{\"@type\":\"SearchAction\",\"target\":{\"@type\":\"EntryPoint\",\"urlTemplate\":\"https:\\\/\\\/aconteceunovale.com.br\\\/portal\\\/?s={search_term_string}\"},\"query-input\":{\"@type\":\"PropertyValueSpecification\",\"valueRequired\":true,\"valueName\":\"search_term_string\"}}],\"inLanguage\":\"pt-BR\"},{\"@type\":\"Person\",\"@id\":\"https:\\\/\\\/aconteceunovale.com.br\\\/portal\\\/#\\\/schema\\\/person\\\/7d2f26d1483f8a63de73da1ee0754d35\",\"name\":\"Reda\u00e7\u00e3o Aconteceu no Vale\",\"description\":\"Equipe de reportagem do Aconteceu no Vale, portal de not\u00edcias do Vale do Jequitinhonha, em Minas Gerais. Cobrimos as 51 cidades do Vale desde 2013. Sugest\u00f5es de pauta e pedidos de corre\u00e7\u00e3o: contato@aconteceunovale.com.br\",\"url\":\"https:\\\/\\\/aconteceunovale.com.br\\\/portal\\\/?author=4\"}]}<\/script>\n<!-- \/ Yoast SEO plugin. -->","yoast_head_json":{"title":"Papa Francisco agradece ora\u00e7\u00f5es de fi\u00e9is por sua sa\u00fade - Aconteceu no Vale","robots":{"index":"index","follow":"follow","max-snippet":"max-snippet:-1","max-image-preview":"max-image-preview:large","max-video-preview":"max-video-preview:-1"},"canonical":"https:\/\/aconteceunovale.com.br\/portal\/?p=179942","og_locale":"pt_BR","og_type":"article","og_title":"Papa Francisco agradece ora\u00e7\u00f5es de fi\u00e9is por sua sa\u00fade - Aconteceu no Vale","og_description":"Do Hospital Agostino Gemelli, em Roma, onde se recupera de uma cirurgia, o Papa Francisco rezou neste domingo (11\/7\/2021) de modo especial por todos os enfermos e fez um apelo por um sistema de sa\u00fade acess\u00edvel a todos. Da janela do d\u00e9cimo andar, recebeu o carinho dos fi\u00e9is, uma imagem que n\u00e3o se via desde [&hellip;]","og_url":"https:\/\/aconteceunovale.com.br\/portal\/?p=179942","og_site_name":"Aconteceu no Vale","article_publisher":"https:\/\/www.facebook.com\/aconteceunovale\/","article_published_time":"2021-07-11T13:43:51+00:00","article_modified_time":"2021-07-11T13:44:23+00:00","og_image":[{"width":678,"height":390,"url":"https:\/\/aconteceunovale.com.br\/portal\/wp-content\/uploads\/2021\/07\/papa_recuperacao.png","type":"image\/png"}],"author":"Reda\u00e7\u00e3o Aconteceu no Vale","twitter_card":"summary_large_image","twitter_creator":"@noticiadosvales","twitter_site":"@noticiadosvales","twitter_misc":{"Escrito por":"Reda\u00e7\u00e3o Aconteceu no Vale","Est. tempo de leitura":"2 minutos"},"schema":{"@context":"https:\/\/schema.org","@graph":[{"@type":"Article","@id":"https:\/\/aconteceunovale.com.br\/portal\/?p=179942#article","isPartOf":{"@id":"https:\/\/aconteceunovale.com.br\/portal\/?p=179942"},"author":{"name":"Reda\u00e7\u00e3o Aconteceu no Vale","@id":"https:\/\/aconteceunovale.com.br\/portal\/#\/schema\/person\/7d2f26d1483f8a63de73da1ee0754d35"},"headline":"Papa Francisco agradece ora\u00e7\u00f5es de fi\u00e9is por sua sa\u00fade","datePublished":"2021-07-11T13:43:51+00:00","dateModified":"2021-07-11T13:44:23+00:00","mainEntityOfPage":{"@id":"https:\/\/aconteceunovale.com.br\/portal\/?p=179942"},"wordCount":335,"commentCount":0,"image":{"@id":"https:\/\/aconteceunovale.com.br\/portal\/?p=179942#primaryimage"},"thumbnailUrl":"https:\/\/aconteceunovale.com.br\/portal\/wp-content\/uploads\/2021\/07\/papa_recuperacao.png","keywords":["Cirurgia Papa Francisco","destaque","Matteo Bruni","papa francisco","Papa Francisco passa por cirurgia","Papa Francisco passa por procedimento cir\u00fargico","Papa Francisco reage bem a cirurgia","Procedimento cir\u00fargico Papa Francisco","Recupera\u00e7\u00e3o do Papa Francisco","Roma","Sa\u00fade Papa Francisco"],"articleSection":["Mundo"],"inLanguage":"pt-BR","potentialAction":[{"@type":"CommentAction","name":"Comment","target":["https:\/\/aconteceunovale.com.br\/portal\/?p=179942#respond"]}]},{"@type":"WebPage","@id":"https:\/\/aconteceunovale.com.br\/portal\/?p=179942","url":"https:\/\/aconteceunovale.com.br\/portal\/?p=179942","name":"Papa Francisco agradece ora\u00e7\u00f5es de fi\u00e9is por sua sa\u00fade - Aconteceu no Vale","isPartOf":{"@id":"https:\/\/aconteceunovale.com.br\/portal\/#website"},"primaryImageOfPage":{"@id":"https:\/\/aconteceunovale.com.br\/portal\/?p=179942#primaryimage"},"image":{"@id":"https:\/\/aconteceunovale.com.br\/portal\/?p=179942#primaryimage"},"thumbnailUrl":"https:\/\/aconteceunovale.com.br\/portal\/wp-content\/uploads\/2021\/07\/papa_recuperacao.png","datePublished":"2021-07-11T13:43:51+00:00","dateModified":"2021-07-11T13:44:23+00:00","author":{"@id":"https:\/\/aconteceunovale.com.br\/portal\/#\/schema\/person\/7d2f26d1483f8a63de73da1ee0754d35"},"breadcrumb":{"@id":"https:\/\/aconteceunovale.com.br\/portal\/?p=179942#breadcrumb"},"inLanguage":"pt-BR","potentialAction":[{"@type":"ReadAction","target":["https:\/\/aconteceunovale.com.br\/portal\/?p=179942"]}]},{"@type":"ImageObject","inLanguage":"pt-BR","@id":"https:\/\/aconteceunovale.com.br\/portal\/?p=179942#primaryimage","url":"https:\/\/aconteceunovale.com.br\/portal\/wp-content\/uploads\/2021\/07\/papa_recuperacao.png","contentUrl":"https:\/\/aconteceunovale.com.br\/portal\/wp-content\/uploads\/2021\/07\/papa_recuperacao.png","width":678,"height":390},{"@type":"BreadcrumbList","@id":"https:\/\/aconteceunovale.com.br\/portal\/?p=179942#breadcrumb","itemListElement":[{"@type":"ListItem","position":1,"name":"In\u00edcio","item":"https:\/\/aconteceunovale.com.br\/portal\/"},{"@type":"ListItem","position":2,"name":"Papa Francisco agradece ora\u00e7\u00f5es de fi\u00e9is por sua sa\u00fade"}]},{"@type":"WebSite","@id":"https:\/\/aconteceunovale.com.br\/portal\/#website","url":"https:\/\/aconteceunovale.com.br\/portal\/","name":"Aconteceu no Vale","description":"Portal de Not\u00edcias","potentialAction":[{"@type":"SearchAction","target":{"@type":"EntryPoint","urlTemplate":"https:\/\/aconteceunovale.com.br\/portal\/?s={search_term_string}"},"query-input":{"@type":"PropertyValueSpecification","valueRequired":true,"valueName":"search_term_string"}}],"inLanguage":"pt-BR"},{"@type":"Person","@id":"https:\/\/aconteceunovale.com.br\/portal\/#\/schema\/person\/7d2f26d1483f8a63de73da1ee0754d35","name":"Reda\u00e7\u00e3o Aconteceu no Vale","description":"Equipe de reportagem do Aconteceu no Vale, portal de not\u00edcias do Vale do Jequitinhonha, em Minas Gerais. Cobrimos as 51 cidades do Vale desde 2013. Sugest\u00f5es de pauta e pedidos de corre\u00e7\u00e3o: contato@aconteceunovale.com.br","url":"https:\/\/aconteceunovale.com.br\/portal\/?author=4"}]}},"_links":{"self":[{"href":"https:\/\/aconteceunovale.com.br\/portal\/index.php?rest_route=\/wp\/v2\/posts\/179942","targetHints":{"allow":["GET"]}}],"collection":[{"href":"https:\/\/aconteceunovale.com.br\/portal\/index.php?rest_route=\/wp\/v2\/posts"}],"about":[{"href":"https:\/\/aconteceunovale.com.br\/portal\/index.php?rest_route=\/wp\/v2\/types\/post"}],"author":[{"embeddable":true,"href":"https:\/\/aconteceunovale.com.br\/portal\/index.php?rest_route=\/wp\/v2\/users\/4"}],"replies":[{"embeddable":true,"href":"https:\/\/aconteceunovale.com.br\/portal\/index.php?rest_route=%2Fwp%2Fv2%2Fcomments&post=179942"}],"version-history":[{"count":1,"href":"https:\/\/aconteceunovale.com.br\/portal\/index.php?rest_route=\/wp\/v2\/posts\/179942\/revisions"}],"predecessor-version":[{"id":179944,"href":"https:\/\/aconteceunovale.com.br\/portal\/index.php?rest_route=\/wp\/v2\/posts\/179942\/revisions\/179944"}],"wp:featuredmedia":[{"embeddable":true,"href":"https:\/\/aconteceunovale.com.br\/portal\/index.php?rest_route=\/wp\/v2\/media\/179943"}],"wp:attachment":[{"href":"https:\/\/aconteceunovale.com.br\/portal\/index.php?rest_route=%2Fwp%2Fv2%2Fmedia&parent=179942"}],"wp:term":[{"taxonomy":"category","embeddable":true,"href":"https:\/\/aconteceunovale.com.br\/portal\/index.php?rest_route=%2Fwp%2Fv2%2Fcategories&post=179942"},{"taxonomy":"post_tag","embeddable":true,"href":"https:\/\/aconteceunovale.com.br\/portal\/index.php?rest_route=%2Fwp%2Fv2%2Ftags&post=179942"}],"curies":[{"name":"wp","href":"https:\/\/api.w.org\/{rel}","templated":true}]}}