{"id":179939,"date":"2021-07-11T10:18:47","date_gmt":"2021-07-11T13:18:47","guid":{"rendered":"https:\/\/aconteceunovale.com.br\/portal\/?p=179939"},"modified":"2026-08-31T23:11:18","modified_gmt":"2026-09-01T02:11:18","slug":"homem-e-morto-a-tiros-em-capelinha-no-vale-do-jequitinhonha","status":"publish","type":"post","link":"https:\/\/aconteceunovale.com.br\/portal\/?p=179939","title":{"rendered":"Homem \u00e9 morto a tiros em Capelinha, no Vale do Jequitinhonha"},"content":{"rendered":"\n<p class=\"wp-block-paragraph\">Um homem de 38 anos foi assassinado em Capelinha, no Vale do Jequitinhonha, na noite desse s\u00e1bado (10\/7\/2021). Segundo informa\u00e7\u00f5es da Pol\u00edcia Militar (PM), Sidinei Jardim Gon\u00e7alves estava na rua Jo\u00e3o Ant\u00f4nio Gomes de Melo, no bairro Vila Oper\u00e1ria, quando foi surpreendido por disparos de arma de fogo.<\/p>\n\n\n\n<figure class=\"wp-block-gallery columns-1 is-cropped wp-block-gallery-1 is-layout-flex wp-block-gallery-is-layout-flex\"><ul class=\"blocks-gallery-grid\"><li class=\"blocks-gallery-item\"><figure><img loading=\"lazy\" decoding=\"async\" width=\"678\" height=\"427\" src=\"https:\/\/aconteceunovale.com.br\/portal\/wp-content\/uploads\/2021\/07\/local_do_crime.png\" alt=\"\" data-id=\"179940\" data-full-url=\"https:\/\/aconteceunovale.com.br\/portal\/wp-content\/uploads\/2021\/07\/local_do_crime.png\" data-link=\"https:\/\/aconteceunovale.com.br\/portal\/?attachment_id=179940\" class=\"wp-image-179940\" srcset=\"https:\/\/aconteceunovale.com.br\/portal\/wp-content\/uploads\/2021\/07\/local_do_crime.png 678w, https:\/\/aconteceunovale.com.br\/portal\/wp-content\/uploads\/2021\/07\/local_do_crime-300x189.png 300w, https:\/\/aconteceunovale.com.br\/portal\/wp-content\/uploads\/2021\/07\/local_do_crime-667x420.png 667w\" sizes=\"auto, (max-width: 678px) 100vw, 678px\" \/><figcaption class=\"blocks-gallery-item__caption\"><em>Cr\u00e9ditos: Reprodu\u00e7\u00e3o \/ V\u00eddeo TVC<\/em><\/figcaption><\/figure><\/li><\/ul><\/figure>\n\n\n\n<p class=\"wp-block-paragraph\">Testemunhas acionaram os militares ap\u00f3s ouvirem os tiros. Sidinei Jardim foi socorrido ao Hospital S\u00e3o Vicente de Paulo, onde deu entrada sem sinais vitais.<\/p>\n\n\n\n<p class=\"wp-block-paragraph\">Pelo menos nove perfura\u00e7\u00f5es, de entrada e sa\u00edda, foram encontradas no corpo da v\u00edtima. A pol\u00edcia recolheu dois projeteis de arma de fogo, localizados na cena do crime, e uma faca que estava na cintura de Sidinei.<\/p>\n\n\n\n<p class=\"wp-block-paragraph\">De acordo com a Pol\u00edcia Militar, a v\u00edtima possu\u00eda v\u00e1rias passagens pelos meios policiais, inclusive por homic\u00eddio. O corpo foi encaminhado ao Instituto M\u00e9dico Legal (IML) de Capelinha.<\/p>\n\n\n\n<p class=\"wp-block-paragraph\">Os suspeitos fugiram do local em um carro e ainda n\u00e3o foram localizados. O caso ser\u00e1 investigado.<\/p>\n\n\n\n<p class=\"wp-block-paragraph\">&#8212;&#8212;&#8212;&#8212;&#8212;&#8212;<br><em>Quer receber as not\u00edcias do <strong>Aconteceu no Vale<\/strong> em primeira m\u00e3o? Siga-nos no Facebook <a rel=\"noreferrer noopener\" href=\"http:\/\/facebook.com\/aconteceunovale\" target=\"_blank\">@aconteceunovale<\/a>, Twitter <a rel=\"noreferrer noopener\" href=\"https:\/\/twitter.com\/noticiadosvales\" target=\"_blank\">@noticiadosvales<\/a> e Instagram <a rel=\"noreferrer noopener\" href=\"https:\/\/www.instagram.com\/aconteceunovale\" target=\"_blank\">@aconteceunovale<\/a>.<\/em><\/p>\n","protected":false},"excerpt":{"rendered":"<p>Um homem de 38 anos foi assassinado em Capelinha, no Vale do Jequitinhonha, na noite desse s\u00e1bado (10\/7\/2021). Segundo informa\u00e7\u00f5es da Pol\u00edcia Militar (PM), Sidinei Jardim Gon\u00e7alves estava na rua Jo\u00e3o Ant\u00f4nio Gomes de Melo, no bairro Vila Oper\u00e1ria, quando foi surpreendido por disparos de arma de fogo. Testemunhas acionaram os militares ap\u00f3s ouvirem os [&hellip;]<\/p>\n","protected":false},"author":4,"featured_media":179940,"comment_status":"open","ping_status":"closed","sticky":false,"template":"","format":"standard","meta":{"amp_status":"","footnotes":""},"categories":[272535,120],"tags":[42918,132,1018,247811,247812,247807,247805,247806,26843,247810,247808,247809],"class_list":["post-179939","post","type-post","status-publish","format-standard","has-post-thumbnail","hentry","category-capelinha","category-jequi","tag-assassinato-em-capelinha","tag-capelinha","tag-destaque","tag-filho-do-salatiel-assassinado-em-capelinha","tag-filho-do-salatiel-morto-em-capelinha","tag-homem-assassinado-em-capelinha","tag-homem-e-morto-a-tiros-em-capelinha","tag-homem-executado-em-capelinha","tag-homicidio-em-capelinha","tag-homicidio-no-bairro-vila-operaria-em-capelinha","tag-sidinei-jardim-goncalves","tag-sidnei-jardim-goncalves"],"yoast_head":"<!-- This site is optimized with the Yoast SEO plugin v28.3 - https:\/\/yoast.com\/product\/yoast-seo-wordpress\/ -->\n<title>Homem \u00e9 morto a tiros em Capelinha, no Vale do Jequitinhonha - Aconteceu no Vale<\/title>\n<meta name=\"robots\" content=\"index, follow, max-snippet:-1, max-image-preview:large, max-video-preview:-1\" \/>\n<link rel=\"canonical\" href=\"https:\/\/aconteceunovale.com.br\/portal\/?p=179939\" \/>\n<meta property=\"og:locale\" content=\"pt_BR\" \/>\n<meta property=\"og:type\" content=\"article\" \/>\n<meta property=\"og:title\" content=\"Homem \u00e9 morto a tiros em Capelinha, no Vale do Jequitinhonha - Aconteceu no Vale\" \/>\n<meta property=\"og:description\" content=\"Um homem de 38 anos foi assassinado em Capelinha, no Vale do Jequitinhonha, na noite desse s\u00e1bado (10\/7\/2021). Segundo informa\u00e7\u00f5es da Pol\u00edcia Militar (PM), Sidinei Jardim Gon\u00e7alves estava na rua Jo\u00e3o Ant\u00f4nio Gomes de Melo, no bairro Vila Oper\u00e1ria, quando foi surpreendido por disparos de arma de fogo. Testemunhas acionaram os militares ap\u00f3s ouvirem os [&hellip;]\" \/>\n<meta property=\"og:url\" content=\"https:\/\/aconteceunovale.com.br\/portal\/?p=179939\" \/>\n<meta property=\"og:site_name\" content=\"Aconteceu no Vale\" \/>\n<meta property=\"article:publisher\" content=\"https:\/\/www.facebook.com\/aconteceunovale\/\" \/>\n<meta property=\"article:published_time\" content=\"2021-07-11T13:18:47+00:00\" \/>\n<meta property=\"article:modified_time\" content=\"2026-09-01T02:11:18+00:00\" \/>\n<meta property=\"og:image\" content=\"https:\/\/aconteceunovale.com.br\/portal\/wp-content\/uploads\/2021\/07\/local_do_crime.png\" \/>\n\t<meta property=\"og:image:width\" content=\"678\" \/>\n\t<meta property=\"og:image:height\" content=\"427\" \/>\n\t<meta property=\"og:image:type\" content=\"image\/png\" \/>\n<meta name=\"author\" content=\"Reda\u00e7\u00e3o Aconteceu no Vale\" \/>\n<meta name=\"twitter:card\" content=\"summary_large_image\" \/>\n<meta name=\"twitter:creator\" content=\"@noticiadosvales\" \/>\n<meta name=\"twitter:site\" content=\"@noticiadosvales\" \/>\n<meta name=\"twitter:label1\" content=\"Escrito por\" \/>\n\t<meta name=\"twitter:data1\" content=\"Reda\u00e7\u00e3o Aconteceu no Vale\" \/>\n\t<meta name=\"twitter:label2\" content=\"Est. tempo de leitura\" \/>\n\t<meta name=\"twitter:data2\" content=\"1 minuto\" \/>\n<script type=\"application\/ld+json\" class=\"yoast-schema-graph\">{\"@context\":\"https:\\\/\\\/schema.org\",\"@graph\":[{\"@type\":\"Article\",\"@id\":\"https:\\\/\\\/aconteceunovale.com.br\\\/portal\\\/?p=179939#article\",\"isPartOf\":{\"@id\":\"https:\\\/\\\/aconteceunovale.com.br\\\/portal\\\/?p=179939\"},\"author\":{\"name\":\"Reda\u00e7\u00e3o Aconteceu no Vale\",\"@id\":\"https:\\\/\\\/aconteceunovale.com.br\\\/portal\\\/#\\\/schema\\\/person\\\/7d2f26d1483f8a63de73da1ee0754d35\"},\"headline\":\"Homem \u00e9 morto a tiros em Capelinha, no Vale do Jequitinhonha\",\"datePublished\":\"2021-07-11T13:18:47+00:00\",\"dateModified\":\"2026-09-01T02:11:18+00:00\",\"mainEntityOfPage\":{\"@id\":\"https:\\\/\\\/aconteceunovale.com.br\\\/portal\\\/?p=179939\"},\"wordCount\":212,\"commentCount\":0,\"image\":{\"@id\":\"https:\\\/\\\/aconteceunovale.com.br\\\/portal\\\/?p=179939#primaryimage\"},\"thumbnailUrl\":\"https:\\\/\\\/aconteceunovale.com.br\\\/portal\\\/wp-content\\\/uploads\\\/2021\\\/07\\\/local_do_crime.png\",\"keywords\":[\"assassinato em Capelinha\",\"Capelinha\",\"destaque\",\"Filho do Salatiel assassinado em Capelinha\",\"Filho do Salatiel morto em Capelinha\",\"Homem assassinado em Capelinha\",\"Homem \u00e9 morto a tiros em Capelinha\",\"Homem executado em Capelinha\",\"homic\u00eddio em capelinha\",\"Homic\u00eddio no bairro Vila Oper\u00e1ria em Capelinha\",\"Sidinei Jardim Gon\u00e7alves\",\"Sidnei Jardim Gon\u00e7alves\"],\"articleSection\":[\"Capelinha\",\"Vale do Jequitinhonha\"],\"inLanguage\":\"pt-BR\",\"potentialAction\":[{\"@type\":\"CommentAction\",\"name\":\"Comment\",\"target\":[\"https:\\\/\\\/aconteceunovale.com.br\\\/portal\\\/?p=179939#respond\"]}]},{\"@type\":\"WebPage\",\"@id\":\"https:\\\/\\\/aconteceunovale.com.br\\\/portal\\\/?p=179939\",\"url\":\"https:\\\/\\\/aconteceunovale.com.br\\\/portal\\\/?p=179939\",\"name\":\"Homem \u00e9 morto a tiros em Capelinha, no Vale do Jequitinhonha - Aconteceu no Vale\",\"isPartOf\":{\"@id\":\"https:\\\/\\\/aconteceunovale.com.br\\\/portal\\\/#website\"},\"primaryImageOfPage\":{\"@id\":\"https:\\\/\\\/aconteceunovale.com.br\\\/portal\\\/?p=179939#primaryimage\"},\"image\":{\"@id\":\"https:\\\/\\\/aconteceunovale.com.br\\\/portal\\\/?p=179939#primaryimage\"},\"thumbnailUrl\":\"https:\\\/\\\/aconteceunovale.com.br\\\/portal\\\/wp-content\\\/uploads\\\/2021\\\/07\\\/local_do_crime.png\",\"datePublished\":\"2021-07-11T13:18:47+00:00\",\"dateModified\":\"2026-09-01T02:11:18+00:00\",\"author\":{\"@id\":\"https:\\\/\\\/aconteceunovale.com.br\\\/portal\\\/#\\\/schema\\\/person\\\/7d2f26d1483f8a63de73da1ee0754d35\"},\"breadcrumb\":{\"@id\":\"https:\\\/\\\/aconteceunovale.com.br\\\/portal\\\/?p=179939#breadcrumb\"},\"inLanguage\":\"pt-BR\",\"potentialAction\":[{\"@type\":\"ReadAction\",\"target\":[\"https:\\\/\\\/aconteceunovale.com.br\\\/portal\\\/?p=179939\"]}]},{\"@type\":\"ImageObject\",\"inLanguage\":\"pt-BR\",\"@id\":\"https:\\\/\\\/aconteceunovale.com.br\\\/portal\\\/?p=179939#primaryimage\",\"url\":\"https:\\\/\\\/aconteceunovale.com.br\\\/portal\\\/wp-content\\\/uploads\\\/2021\\\/07\\\/local_do_crime.png\",\"contentUrl\":\"https:\\\/\\\/aconteceunovale.com.br\\\/portal\\\/wp-content\\\/uploads\\\/2021\\\/07\\\/local_do_crime.png\",\"width\":678,\"height\":427},{\"@type\":\"BreadcrumbList\",\"@id\":\"https:\\\/\\\/aconteceunovale.com.br\\\/portal\\\/?p=179939#breadcrumb\",\"itemListElement\":[{\"@type\":\"ListItem\",\"position\":1,\"name\":\"In\u00edcio\",\"item\":\"https:\\\/\\\/aconteceunovale.com.br\\\/portal\\\/\"},{\"@type\":\"ListItem\",\"position\":2,\"name\":\"Homem \u00e9 morto a tiros em Capelinha, no Vale do Jequitinhonha\"}]},{\"@type\":\"WebSite\",\"@id\":\"https:\\\/\\\/aconteceunovale.com.br\\\/portal\\\/#website\",\"url\":\"https:\\\/\\\/aconteceunovale.com.br\\\/portal\\\/\",\"name\":\"Aconteceu no Vale\",\"description\":\"Portal de Not\u00edcias\",\"potentialAction\":[{\"@type\":\"SearchAction\",\"target\":{\"@type\":\"EntryPoint\",\"urlTemplate\":\"https:\\\/\\\/aconteceunovale.com.br\\\/portal\\\/?s={search_term_string}\"},\"query-input\":{\"@type\":\"PropertyValueSpecification\",\"valueRequired\":true,\"valueName\":\"search_term_string\"}}],\"inLanguage\":\"pt-BR\"},{\"@type\":\"Person\",\"@id\":\"https:\\\/\\\/aconteceunovale.com.br\\\/portal\\\/#\\\/schema\\\/person\\\/7d2f26d1483f8a63de73da1ee0754d35\",\"name\":\"Reda\u00e7\u00e3o Aconteceu no Vale\",\"description\":\"Equipe de reportagem do Aconteceu no Vale, portal de not\u00edcias do Vale do Jequitinhonha, em Minas Gerais. Cobrimos as 51 cidades do Vale desde 2013. Sugest\u00f5es de pauta e pedidos de corre\u00e7\u00e3o: contato@aconteceunovale.com.br\",\"url\":\"https:\\\/\\\/aconteceunovale.com.br\\\/portal\\\/?author=4\"}]}<\/script>\n<!-- \/ Yoast SEO plugin. -->","yoast_head_json":{"title":"Homem \u00e9 morto a tiros em Capelinha, no Vale do Jequitinhonha - Aconteceu no Vale","robots":{"index":"index","follow":"follow","max-snippet":"max-snippet:-1","max-image-preview":"max-image-preview:large","max-video-preview":"max-video-preview:-1"},"canonical":"https:\/\/aconteceunovale.com.br\/portal\/?p=179939","og_locale":"pt_BR","og_type":"article","og_title":"Homem \u00e9 morto a tiros em Capelinha, no Vale do Jequitinhonha - Aconteceu no Vale","og_description":"Um homem de 38 anos foi assassinado em Capelinha, no Vale do Jequitinhonha, na noite desse s\u00e1bado (10\/7\/2021). Segundo informa\u00e7\u00f5es da Pol\u00edcia Militar (PM), Sidinei Jardim Gon\u00e7alves estava na rua Jo\u00e3o Ant\u00f4nio Gomes de Melo, no bairro Vila Oper\u00e1ria, quando foi surpreendido por disparos de arma de fogo. Testemunhas acionaram os militares ap\u00f3s ouvirem os [&hellip;]","og_url":"https:\/\/aconteceunovale.com.br\/portal\/?p=179939","og_site_name":"Aconteceu no Vale","article_publisher":"https:\/\/www.facebook.com\/aconteceunovale\/","article_published_time":"2021-07-11T13:18:47+00:00","article_modified_time":"2026-09-01T02:11:18+00:00","og_image":[{"width":678,"height":427,"url":"https:\/\/aconteceunovale.com.br\/portal\/wp-content\/uploads\/2021\/07\/local_do_crime.png","type":"image\/png"}],"author":"Reda\u00e7\u00e3o Aconteceu no Vale","twitter_card":"summary_large_image","twitter_creator":"@noticiadosvales","twitter_site":"@noticiadosvales","twitter_misc":{"Escrito por":"Reda\u00e7\u00e3o Aconteceu no Vale","Est. tempo de leitura":"1 minuto"},"schema":{"@context":"https:\/\/schema.org","@graph":[{"@type":"Article","@id":"https:\/\/aconteceunovale.com.br\/portal\/?p=179939#article","isPartOf":{"@id":"https:\/\/aconteceunovale.com.br\/portal\/?p=179939"},"author":{"name":"Reda\u00e7\u00e3o Aconteceu no Vale","@id":"https:\/\/aconteceunovale.com.br\/portal\/#\/schema\/person\/7d2f26d1483f8a63de73da1ee0754d35"},"headline":"Homem \u00e9 morto a tiros em Capelinha, no Vale do Jequitinhonha","datePublished":"2021-07-11T13:18:47+00:00","dateModified":"2026-09-01T02:11:18+00:00","mainEntityOfPage":{"@id":"https:\/\/aconteceunovale.com.br\/portal\/?p=179939"},"wordCount":212,"commentCount":0,"image":{"@id":"https:\/\/aconteceunovale.com.br\/portal\/?p=179939#primaryimage"},"thumbnailUrl":"https:\/\/aconteceunovale.com.br\/portal\/wp-content\/uploads\/2021\/07\/local_do_crime.png","keywords":["assassinato em Capelinha","Capelinha","destaque","Filho do Salatiel assassinado em Capelinha","Filho do Salatiel morto em Capelinha","Homem assassinado em Capelinha","Homem \u00e9 morto a tiros em Capelinha","Homem executado em Capelinha","homic\u00eddio em capelinha","Homic\u00eddio no bairro Vila Oper\u00e1ria em Capelinha","Sidinei Jardim Gon\u00e7alves","Sidnei Jardim Gon\u00e7alves"],"articleSection":["Capelinha","Vale do Jequitinhonha"],"inLanguage":"pt-BR","potentialAction":[{"@type":"CommentAction","name":"Comment","target":["https:\/\/aconteceunovale.com.br\/portal\/?p=179939#respond"]}]},{"@type":"WebPage","@id":"https:\/\/aconteceunovale.com.br\/portal\/?p=179939","url":"https:\/\/aconteceunovale.com.br\/portal\/?p=179939","name":"Homem \u00e9 morto a tiros em Capelinha, no Vale do Jequitinhonha - Aconteceu no Vale","isPartOf":{"@id":"https:\/\/aconteceunovale.com.br\/portal\/#website"},"primaryImageOfPage":{"@id":"https:\/\/aconteceunovale.com.br\/portal\/?p=179939#primaryimage"},"image":{"@id":"https:\/\/aconteceunovale.com.br\/portal\/?p=179939#primaryimage"},"thumbnailUrl":"https:\/\/aconteceunovale.com.br\/portal\/wp-content\/uploads\/2021\/07\/local_do_crime.png","datePublished":"2021-07-11T13:18:47+00:00","dateModified":"2026-09-01T02:11:18+00:00","author":{"@id":"https:\/\/aconteceunovale.com.br\/portal\/#\/schema\/person\/7d2f26d1483f8a63de73da1ee0754d35"},"breadcrumb":{"@id":"https:\/\/aconteceunovale.com.br\/portal\/?p=179939#breadcrumb"},"inLanguage":"pt-BR","potentialAction":[{"@type":"ReadAction","target":["https:\/\/aconteceunovale.com.br\/portal\/?p=179939"]}]},{"@type":"ImageObject","inLanguage":"pt-BR","@id":"https:\/\/aconteceunovale.com.br\/portal\/?p=179939#primaryimage","url":"https:\/\/aconteceunovale.com.br\/portal\/wp-content\/uploads\/2021\/07\/local_do_crime.png","contentUrl":"https:\/\/aconteceunovale.com.br\/portal\/wp-content\/uploads\/2021\/07\/local_do_crime.png","width":678,"height":427},{"@type":"BreadcrumbList","@id":"https:\/\/aconteceunovale.com.br\/portal\/?p=179939#breadcrumb","itemListElement":[{"@type":"ListItem","position":1,"name":"In\u00edcio","item":"https:\/\/aconteceunovale.com.br\/portal\/"},{"@type":"ListItem","position":2,"name":"Homem \u00e9 morto a tiros em Capelinha, no Vale do Jequitinhonha"}]},{"@type":"WebSite","@id":"https:\/\/aconteceunovale.com.br\/portal\/#website","url":"https:\/\/aconteceunovale.com.br\/portal\/","name":"Aconteceu no Vale","description":"Portal de Not\u00edcias","potentialAction":[{"@type":"SearchAction","target":{"@type":"EntryPoint","urlTemplate":"https:\/\/aconteceunovale.com.br\/portal\/?s={search_term_string}"},"query-input":{"@type":"PropertyValueSpecification","valueRequired":true,"valueName":"search_term_string"}}],"inLanguage":"pt-BR"},{"@type":"Person","@id":"https:\/\/aconteceunovale.com.br\/portal\/#\/schema\/person\/7d2f26d1483f8a63de73da1ee0754d35","name":"Reda\u00e7\u00e3o Aconteceu no Vale","description":"Equipe de reportagem do Aconteceu no Vale, portal de not\u00edcias do Vale do Jequitinhonha, em Minas Gerais. Cobrimos as 51 cidades do Vale desde 2013. Sugest\u00f5es de pauta e pedidos de corre\u00e7\u00e3o: contato@aconteceunovale.com.br","url":"https:\/\/aconteceunovale.com.br\/portal\/?author=4"}]}},"_links":{"self":[{"href":"https:\/\/aconteceunovale.com.br\/portal\/index.php?rest_route=\/wp\/v2\/posts\/179939","targetHints":{"allow":["GET"]}}],"collection":[{"href":"https:\/\/aconteceunovale.com.br\/portal\/index.php?rest_route=\/wp\/v2\/posts"}],"about":[{"href":"https:\/\/aconteceunovale.com.br\/portal\/index.php?rest_route=\/wp\/v2\/types\/post"}],"author":[{"embeddable":true,"href":"https:\/\/aconteceunovale.com.br\/portal\/index.php?rest_route=\/wp\/v2\/users\/4"}],"replies":[{"embeddable":true,"href":"https:\/\/aconteceunovale.com.br\/portal\/index.php?rest_route=%2Fwp%2Fv2%2Fcomments&post=179939"}],"version-history":[{"count":1,"href":"https:\/\/aconteceunovale.com.br\/portal\/index.php?rest_route=\/wp\/v2\/posts\/179939\/revisions"}],"predecessor-version":[{"id":179941,"href":"https:\/\/aconteceunovale.com.br\/portal\/index.php?rest_route=\/wp\/v2\/posts\/179939\/revisions\/179941"}],"wp:featuredmedia":[{"embeddable":true,"href":"https:\/\/aconteceunovale.com.br\/portal\/index.php?rest_route=\/wp\/v2\/media\/179940"}],"wp:attachment":[{"href":"https:\/\/aconteceunovale.com.br\/portal\/index.php?rest_route=%2Fwp%2Fv2%2Fmedia&parent=179939"}],"wp:term":[{"taxonomy":"category","embeddable":true,"href":"https:\/\/aconteceunovale.com.br\/portal\/index.php?rest_route=%2Fwp%2Fv2%2Fcategories&post=179939"},{"taxonomy":"post_tag","embeddable":true,"href":"https:\/\/aconteceunovale.com.br\/portal\/index.php?rest_route=%2Fwp%2Fv2%2Ftags&post=179939"}],"curies":[{"name":"wp","href":"https:\/\/api.w.org\/{rel}","templated":true}]}}