{"id":179832,"date":"2021-07-07T13:40:44","date_gmt":"2021-07-07T16:40:44","guid":{"rendered":"https:\/\/aconteceunovale.com.br\/portal\/?p=179832"},"modified":"2021-07-07T13:42:01","modified_gmt":"2021-07-07T16:42:01","slug":"operacao-interdita-patio-de-veiculos-em-porteirinha","status":"publish","type":"post","link":"https:\/\/aconteceunovale.com.br\/portal\/?p=179832","title":{"rendered":"Opera\u00e7\u00e3o interdita p\u00e1tio de ve\u00edculos em Porteirinha"},"content":{"rendered":"\n<p>As pol\u00edcias Civil e Militar realizaram, nessa ter\u00e7a-feira (6\/7\/2021), a primeira fase da opera\u00e7\u00e3o Dictum, na cidade de Porteirinha, na regi\u00e3o Norte de Minas. Ao todo, foram cumpridos nove mandados de busca e apreens\u00e3o. Um dos alvos foi um p\u00e1tio de remo\u00e7\u00e3o e guarda de ve\u00edculos do munic\u00edpio, local que foi interditado durante a a\u00e7\u00e3o policial.<\/p>\n\n\n\n<p>No decorrer das buscas, foram apreendidos Certificados de Registro de Ve\u00edculos (CRV\u2019s), t\u00edtulos de cr\u00e9dito, anota\u00e7\u00f5es possivelmente atreladas ao tr\u00e1fico de drogas, aparelhos celulares e cerca de R$ 10 mil em dinheiro, sendo que todo o material passar\u00e1 por per\u00edcia.<\/p>\n\n\n\n<figure class=\"wp-block-gallery columns-1 is-cropped wp-block-gallery-1 is-layout-flex wp-block-gallery-is-layout-flex\"><ul class=\"blocks-gallery-grid\"><li class=\"blocks-gallery-item\"><figure><img loading=\"lazy\" decoding=\"async\" width=\"625\" height=\"450\" src=\"https:\/\/aconteceunovale.com.br\/portal\/wp-content\/uploads\/2021\/07\/operacao_porteirinha.jpg\" alt=\"\" data-id=\"179833\" data-full-url=\"https:\/\/aconteceunovale.com.br\/portal\/wp-content\/uploads\/2021\/07\/operacao_porteirinha.jpg\" data-link=\"https:\/\/aconteceunovale.com.br\/portal\/?attachment_id=179833\" class=\"wp-image-179833\" srcset=\"https:\/\/aconteceunovale.com.br\/portal\/wp-content\/uploads\/2021\/07\/operacao_porteirinha.jpg 625w, https:\/\/aconteceunovale.com.br\/portal\/wp-content\/uploads\/2021\/07\/operacao_porteirinha-300x216.jpg 300w, https:\/\/aconteceunovale.com.br\/portal\/wp-content\/uploads\/2021\/07\/operacao_porteirinha-583x420.jpg 583w\" sizes=\"auto, (max-width: 625px) 100vw, 625px\" \/><figcaption class=\"blocks-gallery-item__caption\"><em>Foto: Divulga\u00e7\u00e3o\/PCMG<\/em><\/figcaption><\/figure><\/li><\/ul><\/figure>\n\n\n\n<h2 class=\"wp-block-heading\"><strong>Investiga\u00e7\u00e3o<\/strong><\/h2>\n\n\n\n<p>Os trabalhos investigativos foram iniciados no segundo semestre do ano passado, quando uma equipe da 19\u00aa Delegacia de Pol\u00edcia Civil tomou conhecimento de um poss\u00edvel esquema criado para a pr\u00e1tica dos crimes de peculato, recepta\u00e7\u00e3o, apropria\u00e7\u00e3o ind\u00e9bita e lavagem de dinheiro.<\/p>\n\n\n\n<p>No curso das investiga\u00e7\u00f5es, policiais civis identificaram um p\u00e1tio de remo\u00e7\u00e3o e guarda de ve\u00edculos, onde os automotores eram dilapidados, ou seja, entravam no local em condi\u00e7\u00f5es perfeitas de circula\u00e7\u00e3o e, posteriormente, tinham as pe\u00e7as automotivas retiradas.<\/p>\n\n\n\n<p>A PCMG acredita que os materiais retirados dos ve\u00edculos eram comercializados no mercado paralelo, em lojas de revenda de pe\u00e7as usadas no munic\u00edpio de Porteirinha. Um desses com\u00e9rcios pertence a um dos suspeitos de integrar o esquema criminoso.<\/p>\n\n\n\n<p>Segundo a delegada Wendy Martins Moreira, as apura\u00e7\u00f5es prosseguem e as provas colhidas v\u00e3o compor o procedimento iniciado na delegacia. \u201cEssa \u00e9 apenas a ponta de um iceberg. As investiga\u00e7\u00f5es continuam e por isso n\u00e3o descartamos a deflagra\u00e7\u00e3o de outras opera\u00e7\u00f5es policiais\u201d, destaca.<\/p>\n\n\n\n<p>A delegada regional M\u00e1rcia Miguel Meira e Santos aproveita para ressaltar que a Dictum consubstancia uma resposta pontual da Pol\u00edcia Civil \u00e0 popula\u00e7\u00e3o local, que foi lesada pelas a\u00e7\u00f5es criminosas ocorridas no p\u00e1tio da cidade.<\/p>\n\n\n\n<p>Participaram, ao todo, 25 policiais civis e 18 militares.<\/p>\n\n\n\n<h2 class=\"wp-block-heading\"><strong>Dictum<\/strong><\/h2>\n\n\n\n<p>O nome da opera\u00e7\u00e3o \u00e9 um termo em latim, que significa limpeza, representando a retirada das impurezas removidas com a a\u00e7\u00e3o.<\/p>\n\n\n\n<p>A equipe da PCMG foi coordenada pelo chefe do 11\u00ba Departamento, Jurandir Rodrigues Cesar Filho; pela delegada regional M\u00e1rcia Miguel Meira e Santos; e pela delegada em Porteirinha, Wendy Martins Moreira.<\/p>\n\n\n\n<p>&#8212;&#8212;&#8212;&#8212;&#8212;&#8212;<br><em>Quer receber as not\u00edcias do <strong>Aconteceu no Vale<\/strong> em primeira m\u00e3o? Siga-nos no Facebook <a rel=\"noreferrer noopener\" href=\"http:\/\/facebook.com\/aconteceunovale\" target=\"_blank\">@aconteceunovale<\/a>, Twitter <a rel=\"noreferrer noopener\" href=\"https:\/\/twitter.com\/noticiadosvales\" target=\"_blank\">@noticiadosvales<\/a> e Instagram <a rel=\"noreferrer noopener\" href=\"https:\/\/www.instagram.com\/aconteceunovale\" target=\"_blank\">@aconteceunovale<\/a>.<\/em><\/p>\n","protected":false},"excerpt":{"rendered":"<p>As pol\u00edcias Civil e Militar realizaram, nessa ter\u00e7a-feira (6\/7\/2021), a primeira fase da opera\u00e7\u00e3o Dictum, na cidade de Porteirinha, na regi\u00e3o Norte de Minas. Ao todo, foram cumpridos nove mandados de busca e apreens\u00e3o. Um dos alvos foi um p\u00e1tio de remo\u00e7\u00e3o e guarda de ve\u00edculos do munic\u00edpio, local que foi interditado durante a a\u00e7\u00e3o [&hellip;]<\/p>\n","protected":false},"author":4,"featured_media":179833,"comment_status":"open","ping_status":"closed","sticky":false,"template":"","format":"standard","meta":{"amp_status":"","footnotes":""},"categories":[1236],"tags":[247646,216117,226211,121924,247643,247642,247641,247640,247645,247644,1194],"class_list":["post-179832","post","type-post","status-publish","format-standard","has-post-thumbnail","hentry","category-norte_de_minas","tag-delegada-em-porteirinha","tag-delegada-marcia-miguel-meira-e-santos","tag-delegada-wendy-martins-moreira","tag-delegado-jurandir-rodrigues-cesar-filho","tag-interdicao-de-patio-em-porteirinha","tag-operacao-dictum-em-porteirinha","tag-operacao-em-porteirinha","tag-operacao-interdita-patio-de-veiculos-em-porteirinha","tag-patio-de-veiculos-interditado-em-porteirinha","tag-patio-interditado-em-porteirinha","tag-porteirinha"],"_links":{"self":[{"href":"https:\/\/aconteceunovale.com.br\/portal\/index.php?rest_route=\/wp\/v2\/posts\/179832","targetHints":{"allow":["GET"]}}],"collection":[{"href":"https:\/\/aconteceunovale.com.br\/portal\/index.php?rest_route=\/wp\/v2\/posts"}],"about":[{"href":"https:\/\/aconteceunovale.com.br\/portal\/index.php?rest_route=\/wp\/v2\/types\/post"}],"author":[{"embeddable":true,"href":"https:\/\/aconteceunovale.com.br\/portal\/index.php?rest_route=\/wp\/v2\/users\/4"}],"replies":[{"embeddable":true,"href":"https:\/\/aconteceunovale.com.br\/portal\/index.php?rest_route=%2Fwp%2Fv2%2Fcomments&post=179832"}],"version-history":[{"count":1,"href":"https:\/\/aconteceunovale.com.br\/portal\/index.php?rest_route=\/wp\/v2\/posts\/179832\/revisions"}],"predecessor-version":[{"id":179834,"href":"https:\/\/aconteceunovale.com.br\/portal\/index.php?rest_route=\/wp\/v2\/posts\/179832\/revisions\/179834"}],"wp:featuredmedia":[{"embeddable":true,"href":"https:\/\/aconteceunovale.com.br\/portal\/index.php?rest_route=\/wp\/v2\/media\/179833"}],"wp:attachment":[{"href":"https:\/\/aconteceunovale.com.br\/portal\/index.php?rest_route=%2Fwp%2Fv2%2Fmedia&parent=179832"}],"wp:term":[{"taxonomy":"category","embeddable":true,"href":"https:\/\/aconteceunovale.com.br\/portal\/index.php?rest_route=%2Fwp%2Fv2%2Fcategories&post=179832"},{"taxonomy":"post_tag","embeddable":true,"href":"https:\/\/aconteceunovale.com.br\/portal\/index.php?rest_route=%2Fwp%2Fv2%2Ftags&post=179832"}],"curies":[{"name":"wp","href":"https:\/\/api.w.org\/{rel}","templated":true}]}}