{"id":179829,"date":"2021-07-07T13:36:14","date_gmt":"2021-07-07T16:36:14","guid":{"rendered":"https:\/\/aconteceunovale.com.br\/portal\/?p=179829"},"modified":"2021-07-07T13:36:48","modified_gmt":"2021-07-07T16:36:48","slug":"adolescente-suspeito-de-atos-infracionais-e-apreendido-em-pedra-azul","status":"publish","type":"post","link":"https:\/\/aconteceunovale.com.br\/portal\/?p=179829","title":{"rendered":"Adolescente suspeito de atos infracionais \u00e9 apreendido em Pedra Azul"},"content":{"rendered":"\n<p>Em uma a\u00e7\u00e3o conjunta entre a Pol\u00edcia Civil de Minas Gerais (PCMG) e a Pol\u00edcia Militar, com apoio da Promotoria de Justi\u00e7a, foi cumprido, na segunda-feira (5\/7\/2021), em Pedra Azul, mandado de apreens\u00e3o de um adolescente suspeito da pr\u00e1tica de diversos atos infracionais, como an\u00e1logos aos crimes de tr\u00e1fico de drogas, porte de arma de fogo e tentativa de homic\u00eddio.<\/p>\n\n\n\n<p>O menor j\u00e1 havia sido apreendido anteriormente e, na mesma semana em que retornou do n\u00facleo socioeducativo, se envolveu em outros casos, incluindo um homic\u00eddio tentado, que est\u00e3o em apura\u00e7\u00e3o. Em decorr\u00eancia das investiga\u00e7\u00f5es, a PCMG atuou com celeridade e enviou \u00e0 Justi\u00e7a novo pedido de apreens\u00e3o do adolescente.<\/p>\n\n\n\n<p>Cumprida a medida judicial expedida, o jovem foi encaminhado ao Sistema Socioeducativo.<\/p>\n\n\n\n<figure class=\"wp-block-gallery columns-1 is-cropped wp-block-gallery-1 is-layout-flex wp-block-gallery-is-layout-flex\"><ul class=\"blocks-gallery-grid\"><li class=\"blocks-gallery-item\"><figure><img loading=\"lazy\" decoding=\"async\" width=\"678\" height=\"420\" src=\"https:\/\/aconteceunovale.com.br\/portal\/wp-content\/uploads\/2021\/07\/depol_pedra_azul_mg.jpg\" alt=\"\" data-id=\"179830\" data-full-url=\"https:\/\/aconteceunovale.com.br\/portal\/wp-content\/uploads\/2021\/07\/depol_pedra_azul_mg.jpg\" data-link=\"https:\/\/aconteceunovale.com.br\/portal\/?attachment_id=179830\" class=\"wp-image-179830\" srcset=\"https:\/\/aconteceunovale.com.br\/portal\/wp-content\/uploads\/2021\/07\/depol_pedra_azul_mg.jpg 678w, https:\/\/aconteceunovale.com.br\/portal\/wp-content\/uploads\/2021\/07\/depol_pedra_azul_mg-300x186.jpg 300w, https:\/\/aconteceunovale.com.br\/portal\/wp-content\/uploads\/2021\/07\/depol_pedra_azul_mg-356x220.jpg 356w\" sizes=\"auto, (max-width: 678px) 100vw, 678px\" \/><figcaption class=\"blocks-gallery-item__caption\"><em>Foto: Divulga\u00e7\u00e3o\/PCMG<\/em><\/figcaption><\/figure><\/li><\/ul><\/figure>\n\n\n\n<p>&#8212;&#8212;&#8212;&#8212;&#8212;&#8212;<br><em>Quer receber as not\u00edcias do <strong>Aconteceu no Vale<\/strong> em primeira m\u00e3o? Siga-nos no Facebook <a rel=\"noreferrer noopener\" href=\"http:\/\/facebook.com\/aconteceunovale\" target=\"_blank\">@aconteceunovale<\/a>, Twitter <a rel=\"noreferrer noopener\" href=\"https:\/\/twitter.com\/noticiadosvales\" target=\"_blank\">@noticiadosvales<\/a> e Instagram <a rel=\"noreferrer noopener\" href=\"https:\/\/www.instagram.com\/aconteceunovale\" target=\"_blank\">@aconteceunovale<\/a>.<\/em><\/p>\n","protected":false},"excerpt":{"rendered":"<p>Em uma a\u00e7\u00e3o conjunta entre a Pol\u00edcia Civil de Minas Gerais (PCMG) e a Pol\u00edcia Militar, com apoio da Promotoria de Justi\u00e7a, foi cumprido, na segunda-feira (5\/7\/2021), em Pedra Azul, mandado de apreens\u00e3o de um adolescente suspeito da pr\u00e1tica de diversos atos infracionais, como an\u00e1logos aos crimes de tr\u00e1fico de drogas, porte de arma de [&hellip;]<\/p>\n","protected":false},"author":4,"featured_media":179830,"comment_status":"open","ping_status":"closed","sticky":false,"template":"","format":"standard","meta":{"amp_status":"","footnotes":""},"categories":[120],"tags":[247637,247635,247636,247638,242692,455,247639],"class_list":["post-179829","post","type-post","status-publish","format-standard","has-post-thumbnail","hentry","category-jequi","tag-adolescente-apreendido-em-pedra-azul","tag-adolescente-suspeito-de-atos-infracionais-e-apreendido-em-pedra-azul","tag-apreendido-em-pedra-azul","tag-menor-apreendido-em-pedra-azul","tag-pcmg-pedra-azul","tag-pedra-azul","tag-pmmg-pedra-azul"],"_links":{"self":[{"href":"https:\/\/aconteceunovale.com.br\/portal\/index.php?rest_route=\/wp\/v2\/posts\/179829","targetHints":{"allow":["GET"]}}],"collection":[{"href":"https:\/\/aconteceunovale.com.br\/portal\/index.php?rest_route=\/wp\/v2\/posts"}],"about":[{"href":"https:\/\/aconteceunovale.com.br\/portal\/index.php?rest_route=\/wp\/v2\/types\/post"}],"author":[{"embeddable":true,"href":"https:\/\/aconteceunovale.com.br\/portal\/index.php?rest_route=\/wp\/v2\/users\/4"}],"replies":[{"embeddable":true,"href":"https:\/\/aconteceunovale.com.br\/portal\/index.php?rest_route=%2Fwp%2Fv2%2Fcomments&post=179829"}],"version-history":[{"count":1,"href":"https:\/\/aconteceunovale.com.br\/portal\/index.php?rest_route=\/wp\/v2\/posts\/179829\/revisions"}],"predecessor-version":[{"id":179831,"href":"https:\/\/aconteceunovale.com.br\/portal\/index.php?rest_route=\/wp\/v2\/posts\/179829\/revisions\/179831"}],"wp:featuredmedia":[{"embeddable":true,"href":"https:\/\/aconteceunovale.com.br\/portal\/index.php?rest_route=\/wp\/v2\/media\/179830"}],"wp:attachment":[{"href":"https:\/\/aconteceunovale.com.br\/portal\/index.php?rest_route=%2Fwp%2Fv2%2Fmedia&parent=179829"}],"wp:term":[{"taxonomy":"category","embeddable":true,"href":"https:\/\/aconteceunovale.com.br\/portal\/index.php?rest_route=%2Fwp%2Fv2%2Fcategories&post=179829"},{"taxonomy":"post_tag","embeddable":true,"href":"https:\/\/aconteceunovale.com.br\/portal\/index.php?rest_route=%2Fwp%2Fv2%2Ftags&post=179829"}],"curies":[{"name":"wp","href":"https:\/\/api.w.org\/{rel}","templated":true}]}}