{"id":179816,"date":"2021-07-07T12:47:07","date_gmt":"2021-07-07T15:47:07","guid":{"rendered":"https:\/\/aconteceunovale.com.br\/portal\/?p=179816"},"modified":"2021-07-07T12:48:37","modified_gmt":"2021-07-07T15:48:37","slug":"novo-sistema-da-pf-armazenara-dados-biometricos","status":"publish","type":"post","link":"https:\/\/aconteceunovale.com.br\/portal\/?p=179816","title":{"rendered":"Novo sistema da PF armazenar\u00e1 dados biom\u00e9tricos"},"content":{"rendered":"\n<p>O diretor geral da Pol\u00edcia Federal (PF), Paulo Maiurino, assinou na segunda-feira (5\/7\/2021) um contrato para aquisi\u00e7\u00e3o de novas ferramentas de tecnologia e de identifica\u00e7\u00e3o biom\u00e9trica. Chamado de Abis (Solu\u00e7\u00e3o Automatizada de Identifica\u00e7\u00e3o Biom\u00e9trica), o projeto permitir\u00e1 realizar a identifica\u00e7\u00e3o de pessoas, bem como o armazenamento biom\u00e9trico de cidad\u00e3os.\u00a0<\/p>\n\n\n\n<figure class=\"wp-block-gallery columns-1 is-cropped wp-block-gallery-1 is-layout-flex wp-block-gallery-is-layout-flex\"><ul class=\"blocks-gallery-grid\"><li class=\"blocks-gallery-item\"><figure><img loading=\"lazy\" decoding=\"async\" width=\"678\" height=\"406\" src=\"https:\/\/aconteceunovale.com.br\/portal\/wp-content\/uploads\/2021\/07\/reconhecimento_pf.jpg\" alt=\"\" data-id=\"179817\" data-full-url=\"https:\/\/aconteceunovale.com.br\/portal\/wp-content\/uploads\/2021\/07\/reconhecimento_pf.jpg\" data-link=\"https:\/\/aconteceunovale.com.br\/portal\/?attachment_id=179817\" class=\"wp-image-179817\" srcset=\"https:\/\/aconteceunovale.com.br\/portal\/wp-content\/uploads\/2021\/07\/reconhecimento_pf.jpg 678w, https:\/\/aconteceunovale.com.br\/portal\/wp-content\/uploads\/2021\/07\/reconhecimento_pf-300x180.jpg 300w\" sizes=\"auto, (max-width: 678px) 100vw, 678px\" \/><figcaption class=\"blocks-gallery-item__caption\"><em>Demonstra\u00e7\u00e3o de software &#8211; Foto: Fernando Fraz\u00e3o\/Ag\u00eancia Brasil<\/em><\/figcaption><\/figure><\/li><\/ul><\/figure>\n\n\n\n<p>O novo sistema entra em funcionamento j\u00e1 com um banco de dados com cerca de 22 milh\u00f5es de cadastros. Essas informa\u00e7\u00f5es constam no antigo sistema que ser\u00e1 descomissionado, o Afis (Sistema Automatizado de Identifica\u00e7\u00e3o de Impress\u00f5es Digitais) &#8211; utilizado pela corpora\u00e7\u00e3o h\u00e1 mais de 16 anos \u00e9 refer\u00eancia internacional na identifica\u00e7\u00e3o de digitais, sejam elas em cenas de crime ou na procura de pessoas desaparecidas.&nbsp;<\/p>\n\n\n\n<p>O sistema Abis oferece, com exatid\u00e3o, cruzamento de dados, consultas de impress\u00f5es digitais e at\u00e9 mesmo reconhecimento facial. A capacidade inicial \u00e9 de 50,2 milh\u00f5es de cadastros \u00fanicos, mas pode ser expandida para identificar os dados de at\u00e9 200 milh\u00f5es de brasileiros.<\/p>\n\n\n\n<p>O processo de atualiza\u00e7\u00e3o digital tem por objetivo criar um banco de impress\u00f5es digitais totalmente unificado, que compartilhe os dados j\u00e1 existentes entre as secretarias de Seguran\u00e7a P\u00fablica em parceria com a Pol\u00edcia Federal, com o Minist\u00e9rio da Justi\u00e7a e Seguran\u00e7a P\u00fablica.<\/p>\n\n\n\n<p>\u201cA pretens\u00e3o de contar com a ferramenta [Abis] era um projeto antigo do \u00f3rg\u00e3o, que tivera pedidos anteriores negados por pend\u00eancias junto ao Tribunal de Contas da Uni\u00e3o\u201d, informou, em comunicado, a PF.<\/p>\n\n\n\n<p>A nota informa, ainda, que a aquisi\u00e7\u00e3o do novo sistema vem acompanhada da chegada de novos equipamentos que ser\u00e3o usados por agentes policiais para realizar o cadastro, fazer an\u00e1lises forenses e colher dados biom\u00e9tricos relevantes para investiga\u00e7\u00f5es. Entre os novos dispositivos, uma esta\u00e7\u00e3o port\u00e1til de cadastro e consulta de dados biom\u00e9tricos que ser\u00e1 usada por papiloscopistas.<\/p>\n\n\n\n<p>&#8212;&#8212;&#8212;&#8212;&#8212;&#8212;<br><em>Quer receber as not\u00edcias do <strong>Aconteceu no Vale<\/strong> em primeira m\u00e3o? Siga-nos no Facebook <a rel=\"noreferrer noopener\" href=\"http:\/\/facebook.com\/aconteceunovale\" target=\"_blank\">@aconteceunovale<\/a>, Twitter <a rel=\"noreferrer noopener\" href=\"https:\/\/twitter.com\/noticiadosvales\" target=\"_blank\">@noticiadosvales<\/a> e Instagram <a rel=\"noreferrer noopener\" href=\"https:\/\/www.instagram.com\/aconteceunovale\" target=\"_blank\">@aconteceunovale<\/a>.<\/em><\/p>\n","protected":false},"excerpt":{"rendered":"<p>O diretor geral da Pol\u00edcia Federal (PF), Paulo Maiurino, assinou na segunda-feira (5\/7\/2021) um contrato para aquisi\u00e7\u00e3o de novas ferramentas de tecnologia e de identifica\u00e7\u00e3o biom\u00e9trica. Chamado de Abis (Solu\u00e7\u00e3o Automatizada de Identifica\u00e7\u00e3o Biom\u00e9trica), o projeto permitir\u00e1 realizar a identifica\u00e7\u00e3o de pessoas, bem como o armazenamento biom\u00e9trico de cidad\u00e3os.\u00a0 O novo sistema entra em funcionamento [&hellip;]<\/p>\n","protected":false},"author":4,"featured_media":179817,"comment_status":"open","ping_status":"closed","sticky":false,"template":"","format":"standard","meta":{"amp_status":"","footnotes":""},"categories":[6],"tags":[247618,247620,150851,242054,20966,772,247616,247617,247621,247619],"class_list":["post-179816","post","type-post","status-publish","format-standard","has-post-thumbnail","hentry","category-br","tag-abis","tag-afis","tag-ministerio-da-justica-e-seguranca-publica","tag-paulo-maiurino","tag-pf","tag-policia-federal","tag-reconhecimento-biometrico-da-pf","tag-reconhecimento-biometrico-da-policia-federal","tag-sistema-automatizado-de-identificacao-de-impressoes-digitais","tag-solucao-automatizada-de-identificacao-biometrica"],"_links":{"self":[{"href":"https:\/\/aconteceunovale.com.br\/portal\/index.php?rest_route=\/wp\/v2\/posts\/179816","targetHints":{"allow":["GET"]}}],"collection":[{"href":"https:\/\/aconteceunovale.com.br\/portal\/index.php?rest_route=\/wp\/v2\/posts"}],"about":[{"href":"https:\/\/aconteceunovale.com.br\/portal\/index.php?rest_route=\/wp\/v2\/types\/post"}],"author":[{"embeddable":true,"href":"https:\/\/aconteceunovale.com.br\/portal\/index.php?rest_route=\/wp\/v2\/users\/4"}],"replies":[{"embeddable":true,"href":"https:\/\/aconteceunovale.com.br\/portal\/index.php?rest_route=%2Fwp%2Fv2%2Fcomments&post=179816"}],"version-history":[{"count":1,"href":"https:\/\/aconteceunovale.com.br\/portal\/index.php?rest_route=\/wp\/v2\/posts\/179816\/revisions"}],"predecessor-version":[{"id":179818,"href":"https:\/\/aconteceunovale.com.br\/portal\/index.php?rest_route=\/wp\/v2\/posts\/179816\/revisions\/179818"}],"wp:featuredmedia":[{"embeddable":true,"href":"https:\/\/aconteceunovale.com.br\/portal\/index.php?rest_route=\/wp\/v2\/media\/179817"}],"wp:attachment":[{"href":"https:\/\/aconteceunovale.com.br\/portal\/index.php?rest_route=%2Fwp%2Fv2%2Fmedia&parent=179816"}],"wp:term":[{"taxonomy":"category","embeddable":true,"href":"https:\/\/aconteceunovale.com.br\/portal\/index.php?rest_route=%2Fwp%2Fv2%2Fcategories&post=179816"},{"taxonomy":"post_tag","embeddable":true,"href":"https:\/\/aconteceunovale.com.br\/portal\/index.php?rest_route=%2Fwp%2Fv2%2Ftags&post=179816"}],"curies":[{"name":"wp","href":"https:\/\/api.w.org\/{rel}","templated":true}]}}