{"id":179811,"date":"2021-07-07T11:08:55","date_gmt":"2021-07-07T14:08:55","guid":{"rendered":"https:\/\/aconteceunovale.com.br\/portal\/?p=179811"},"modified":"2021-07-07T11:11:37","modified_gmt":"2021-07-07T14:11:37","slug":"petrobras-anuncia-reajuste-de-7-no-preco-do-gas-natural","status":"publish","type":"post","link":"https:\/\/aconteceunovale.com.br\/portal\/?p=179811","title":{"rendered":"Pre\u00e7o do g\u00e1s natural ficar\u00e1 7% mais caro a partir de agosto"},"content":{"rendered":"\n<p>A Petrobras anunciou, nessa ter\u00e7a-feira (6\/7\/2021), que far\u00e1 um reajuste de 7% no pre\u00e7o do g\u00e1s natural vendido \u00e0s distribuidoras. Segundo a estatal, os novos valores estar\u00e3o em vigor a partir do dia 1\u00ba de agosto.<\/p>\n\n\n\n<p>\u201cA varia\u00e7\u00e3o decorre da aplica\u00e7\u00e3o das f\u00f3rmulas negociadas nos contratos de fornecimento, que vinculam o pre\u00e7o \u00e0 cota\u00e7\u00e3o do petr\u00f3leo e \u00e0 taxa de c\u00e2mbio. As atualiza\u00e7\u00f5es dos pre\u00e7os dos contratos s\u00e3o trimestrais. A refer\u00eancia para esses ajustes \u00e9 a cota\u00e7\u00e3o dos meses de abril, maio e junho. Durante esse per\u00edodo, o petr\u00f3leo teve alta de 13%, seguindo a tend\u00eancia de alta das&nbsp;<em>commodities<\/em>&nbsp;globais; e o Real teve valoriza\u00e7\u00e3o de cerca de 4% em rela\u00e7\u00e3o ao d\u00f3lar, em consequ\u00eancia, o ajuste ser\u00e1 de 7% em R$\/m\u00b3\u201d, informou a companhia.<\/p>\n\n\n\n<p>O pre\u00e7o final ao consumidor, de acordo com a Petrobras, n\u00e3o \u00e9 determinado apenas pelo pre\u00e7o de venda da companhia, mas tamb\u00e9m pelas margens das distribuidoras. No caso do GNV, o valor final ser\u00e1 dado pelos postos de revenda e pelos tributos federais e estaduais. Al\u00e9m disso, o processo de aprova\u00e7\u00e3o das tarifas \u00e9 realizado pelas ag\u00eancias reguladoras estaduais, conforme legisla\u00e7\u00e3o e regula\u00e7\u00e3o espec\u00edficas.<\/p>\n\n\n\n<p>&#8212;&#8212;&#8212;&#8212;&#8212;&#8212;<br><em>Quer receber as not\u00edcias do <strong>Aconteceu no Vale<\/strong> em primeira m\u00e3o? Siga-nos no Facebook <a rel=\"noreferrer noopener\" href=\"http:\/\/facebook.com\/aconteceunovale\" target=\"_blank\">@aconteceunovale<\/a>, Twitter <a rel=\"noreferrer noopener\" href=\"https:\/\/twitter.com\/noticiadosvales\" target=\"_blank\">@noticiadosvales<\/a> e Instagram <a rel=\"noreferrer noopener\" href=\"https:\/\/www.instagram.com\/aconteceunovale\" target=\"_blank\">@aconteceunovale<\/a>.<\/em><\/p>\n","protected":false},"excerpt":{"rendered":"<p>A Petrobras anunciou, nessa ter\u00e7a-feira (6\/7\/2021), que far\u00e1 um reajuste de 7% no pre\u00e7o do g\u00e1s natural vendido \u00e0s distribuidoras. Segundo a estatal, os novos valores estar\u00e3o em vigor a partir do dia 1\u00ba de agosto. \u201cA varia\u00e7\u00e3o decorre da aplica\u00e7\u00e3o das f\u00f3rmulas negociadas nos contratos de fornecimento, que vinculam o pre\u00e7o \u00e0 cota\u00e7\u00e3o do [&hellip;]<\/p>\n","protected":false},"author":4,"featured_media":176496,"comment_status":"open","ping_status":"closed","sticky":false,"template":"","format":"standard","meta":{"amp_status":"","footnotes":""},"categories":[6],"tags":[33296,241839,241838,1018,226743,76051,5499,247605,241836,241835,241840,241837],"class_list":["post-179811","post","type-post","status-publish","format-standard","has-post-thumbnail","hentry","category-br","tag-anp","tag-aumento-do-preco-do-gas-natural-da-petrobras","tag-aumento-do-preco-do-gas-natural-para-distribuidoras","tag-destaque","tag-gas-natural-petrobras","tag-gnv","tag-petrobras","tag-preco-do-gas-natural-ficara-7-mais-caro-a-partir-de-agosto","tag-preco-do-gas-natural-para-distribuidoras","tag-preco-do-gas-natural-para-distribuidoras-ficara-39-mais-caro-a-partir-de-maio","tag-reajuste-do-preco-do-gas-natural-da-petrobras","tag-reajuste-do-preco-do-gas-natural-para-distribuidoras"],"_links":{"self":[{"href":"https:\/\/aconteceunovale.com.br\/portal\/index.php?rest_route=\/wp\/v2\/posts\/179811","targetHints":{"allow":["GET"]}}],"collection":[{"href":"https:\/\/aconteceunovale.com.br\/portal\/index.php?rest_route=\/wp\/v2\/posts"}],"about":[{"href":"https:\/\/aconteceunovale.com.br\/portal\/index.php?rest_route=\/wp\/v2\/types\/post"}],"author":[{"embeddable":true,"href":"https:\/\/aconteceunovale.com.br\/portal\/index.php?rest_route=\/wp\/v2\/users\/4"}],"replies":[{"embeddable":true,"href":"https:\/\/aconteceunovale.com.br\/portal\/index.php?rest_route=%2Fwp%2Fv2%2Fcomments&post=179811"}],"version-history":[{"count":2,"href":"https:\/\/aconteceunovale.com.br\/portal\/index.php?rest_route=\/wp\/v2\/posts\/179811\/revisions"}],"predecessor-version":[{"id":179813,"href":"https:\/\/aconteceunovale.com.br\/portal\/index.php?rest_route=\/wp\/v2\/posts\/179811\/revisions\/179813"}],"wp:featuredmedia":[{"embeddable":true,"href":"https:\/\/aconteceunovale.com.br\/portal\/index.php?rest_route=\/wp\/v2\/media\/176496"}],"wp:attachment":[{"href":"https:\/\/aconteceunovale.com.br\/portal\/index.php?rest_route=%2Fwp%2Fv2%2Fmedia&parent=179811"}],"wp:term":[{"taxonomy":"category","embeddable":true,"href":"https:\/\/aconteceunovale.com.br\/portal\/index.php?rest_route=%2Fwp%2Fv2%2Fcategories&post=179811"},{"taxonomy":"post_tag","embeddable":true,"href":"https:\/\/aconteceunovale.com.br\/portal\/index.php?rest_route=%2Fwp%2Fv2%2Ftags&post=179811"}],"curies":[{"name":"wp","href":"https:\/\/api.w.org\/{rel}","templated":true}]}}