{"id":179750,"date":"2021-07-04T21:18:42","date_gmt":"2021-07-05T00:18:42","guid":{"rendered":"https:\/\/aconteceunovale.com.br\/portal\/?p=179750"},"modified":"2021-07-04T21:20:32","modified_gmt":"2021-07-05T00:20:32","slug":"novo-coronavirus-infecta-e-se-replica-em-glandulas-salivares","status":"publish","type":"post","link":"https:\/\/aconteceunovale.com.br\/portal\/?p=179750","title":{"rendered":"Novo coronav\u00edrus infecta e se replica em gl\u00e2ndulas salivares"},"content":{"rendered":"\n<p>Estudo desenvolvido por pesquisadores da Universidade de S\u00e3o Paulo (USP) mostra que o novo coronav\u00edrus (SARS-CoV-2), causador da Covid-19, infecta e se replica em c\u00e9lulas das gl\u00e2ndulas salivares. Os resultados da pesquisa foram publicados no Journal of Pathology. As informa\u00e7\u00f5es s\u00e3o da Ag\u00eancia Funda\u00e7\u00e3o de Amparo \u00e0 Pesquisa do Estado de S\u00e3o Paulo (Fapesp).\u00a0<\/p>\n\n\n\n<figure class=\"wp-block-gallery columns-1 is-cropped wp-block-gallery-1 is-layout-flex wp-block-gallery-is-layout-flex\"><ul class=\"blocks-gallery-grid\"><li class=\"blocks-gallery-item\"><figure><img loading=\"lazy\" decoding=\"async\" width=\"678\" height=\"404\" src=\"https:\/\/aconteceunovale.com.br\/portal\/wp-content\/uploads\/2021\/07\/novo_coronavirus.png\" alt=\"\" data-id=\"179751\" data-full-url=\"https:\/\/aconteceunovale.com.br\/portal\/wp-content\/uploads\/2021\/07\/novo_coronavirus.png\" data-link=\"https:\/\/aconteceunovale.com.br\/portal\/?attachment_id=179751\" class=\"wp-image-179751\" srcset=\"https:\/\/aconteceunovale.com.br\/portal\/wp-content\/uploads\/2021\/07\/novo_coronavirus.png 678w, https:\/\/aconteceunovale.com.br\/portal\/wp-content\/uploads\/2021\/07\/novo_coronavirus-300x179.png 300w\" sizes=\"auto, (max-width: 678px) 100vw, 678px\" \/><figcaption class=\"blocks-gallery-item__caption\"><em>Foto: D\u00e9bora Barretos \/ Fiocruz<\/em><\/figcaption><\/figure><\/li><\/ul><\/figure>\n\n\n\n<p>O estudo constatou, por meio de an\u00e1lises de amostras de gl\u00e2ndulas salivares, obtidas na aut\u00f3psia de pacientes que morreram em decorr\u00eancia de complica\u00e7\u00f5es da covid-19, que os tecidos especializados na produ\u00e7\u00e3o e secre\u00e7\u00e3o de saliva funcionam como \u201creservat\u00f3rios\u201d do novo coronav\u00edrus.&nbsp;<\/p>\n\n\n\n<p>\u201c\u00c9 o primeiro relato de v\u00edrus respirat\u00f3rio capaz de infectar e se replicar nas gl\u00e2ndulas salivares. At\u00e9 ent\u00e3o, acreditava-se que apenas v\u00edrus causadores de doen\u00e7as com preval\u00eancia muito alta, como o da Herpes, usavam as gl\u00e2ndulas salivares como reservat\u00f3rio. Isso pode ajudar a explicar por que o SARS-CoV-2 \u00e9 t\u00e3o infeccioso\u201d, disse \u00e0 Ag\u00eancia Fapesp o primeiro autor do estudo, Bruno Fernandes Matuck, doutorando na Faculdade de Odontologia da USP.<\/p>\n\n\n\n<p>As bi\u00f3psias foram guiadas por ultrassom em 24 pacientes que morreram em decorr\u00eancia da covid-19, com idade m\u00e9dia de 53 anos, para extra\u00e7\u00e3o de amostras de tecidos das gl\u00e2ndulas par\u00f3tida, submandibular e menores. O material ent\u00e3o foi submetido a an\u00e1lises moleculares para identifica\u00e7\u00e3o da presen\u00e7a do v\u00edrus. De acordo com a pesquisa, os resultados indicaram a presen\u00e7a do v\u00edrus em mais de dois ter\u00e7os das amostras.<\/p>\n\n\n\n<p>\u201cObservamos v\u00e1rios v\u00edrus aglomerados nas c\u00e9lulas das gl\u00e2ndulas salivares, um indicativo de que est\u00e3o se replicando em seu interior. N\u00e3o estavam presentes nessas c\u00e9lulas passivamente\u201d, disse Matuck.<\/p>\n\n\n\n<p>A partir dos resultados do estudo, os pesquisadores pretendem avaliar, agora, se a boca pode ser uma porta de entrada direta do novo coronav\u00edrus nos humanos.<\/p>\n\n\n\n<p>A \u00edntegra da pesquisa pode ser<a rel=\"noreferrer noopener\" href=\"https:\/\/onlinelibrary.wiley.com\/doi\/10.1002\/path.5679\" target=\"_blank\"><strong>\u00a0lida aqui<\/strong><\/a>.<\/p>\n\n\n\n<p>&#8212;&#8212;&#8212;&#8212;&#8212;&#8212;<br><em>Quer receber as not\u00edcias do <strong>Aconteceu no Vale<\/strong> em primeira m\u00e3o? Siga-nos no Facebook <a rel=\"noreferrer noopener\" href=\"http:\/\/facebook.com\/aconteceunovale\" target=\"_blank\">@aconteceunovale<\/a>, Twitter <a rel=\"noreferrer noopener\" href=\"https:\/\/twitter.com\/noticiadosvales\" target=\"_blank\">@noticiadosvales<\/a> e Instagram <a rel=\"noreferrer noopener\" href=\"https:\/\/www.instagram.com\/aconteceunovale\" target=\"_blank\">@aconteceunovale<\/a>.<\/em><\/p>\n","protected":false},"excerpt":{"rendered":"<p>Estudo desenvolvido por pesquisadores da Universidade de S\u00e3o Paulo (USP) mostra que o novo coronav\u00edrus (SARS-CoV-2), causador da Covid-19, infecta e se replica em c\u00e9lulas das gl\u00e2ndulas salivares. Os resultados da pesquisa foram publicados no Journal of Pathology. As informa\u00e7\u00f5es s\u00e3o da Ag\u00eancia Funda\u00e7\u00e3o de Amparo \u00e0 Pesquisa do Estado de S\u00e3o Paulo (Fapesp).\u00a0 O [&hellip;]<\/p>\n","protected":false},"author":4,"featured_media":179751,"comment_status":"open","ping_status":"closed","sticky":false,"template":"","format":"standard","meta":{"amp_status":"","footnotes":""},"categories":[6,28848,40242],"tags":[247487,216498,1018,61959,215653,247483,247484,247489,247488,219312,247485,247486,79937,46670],"class_list":["post-179750","post","type-post","status-publish","format-standard","has-post-thumbnail","hentry","category-br","category-mundo","category-saude-2","tag-bruno-fernandes-matuck","tag-covid-19","tag-destaque","tag-fapesp","tag-novo-coronavirus","tag-novo-coronavirus-infecta-glandulas-salivares","tag-novo-coronavirus-se-replica-em-glandulas-salivares","tag-pesquisa-sobre-replicacao-do-novo-coronavirus","tag-pesquisa-sobre-replicacao-do-sars-cov-2","tag-sars-cov-2","tag-sars-cov-2-infecta-glandulas-salivares","tag-sars-cov-2-se-replica-em-glandulas-salivares","tag-universidade-de-sao-paulo","tag-usp"],"_links":{"self":[{"href":"https:\/\/aconteceunovale.com.br\/portal\/index.php?rest_route=\/wp\/v2\/posts\/179750","targetHints":{"allow":["GET"]}}],"collection":[{"href":"https:\/\/aconteceunovale.com.br\/portal\/index.php?rest_route=\/wp\/v2\/posts"}],"about":[{"href":"https:\/\/aconteceunovale.com.br\/portal\/index.php?rest_route=\/wp\/v2\/types\/post"}],"author":[{"embeddable":true,"href":"https:\/\/aconteceunovale.com.br\/portal\/index.php?rest_route=\/wp\/v2\/users\/4"}],"replies":[{"embeddable":true,"href":"https:\/\/aconteceunovale.com.br\/portal\/index.php?rest_route=%2Fwp%2Fv2%2Fcomments&post=179750"}],"version-history":[{"count":1,"href":"https:\/\/aconteceunovale.com.br\/portal\/index.php?rest_route=\/wp\/v2\/posts\/179750\/revisions"}],"predecessor-version":[{"id":179752,"href":"https:\/\/aconteceunovale.com.br\/portal\/index.php?rest_route=\/wp\/v2\/posts\/179750\/revisions\/179752"}],"wp:featuredmedia":[{"embeddable":true,"href":"https:\/\/aconteceunovale.com.br\/portal\/index.php?rest_route=\/wp\/v2\/media\/179751"}],"wp:attachment":[{"href":"https:\/\/aconteceunovale.com.br\/portal\/index.php?rest_route=%2Fwp%2Fv2%2Fmedia&parent=179750"}],"wp:term":[{"taxonomy":"category","embeddable":true,"href":"https:\/\/aconteceunovale.com.br\/portal\/index.php?rest_route=%2Fwp%2Fv2%2Fcategories&post=179750"},{"taxonomy":"post_tag","embeddable":true,"href":"https:\/\/aconteceunovale.com.br\/portal\/index.php?rest_route=%2Fwp%2Fv2%2Ftags&post=179750"}],"curies":[{"name":"wp","href":"https:\/\/api.w.org\/{rel}","templated":true}]}}