{"id":179532,"date":"2021-06-24T10:09:56","date_gmt":"2021-06-24T13:09:56","guid":{"rendered":"https:\/\/aconteceunovale.com.br\/portal\/?p=179532"},"modified":"2021-06-24T10:12:00","modified_gmt":"2021-06-24T13:12:00","slug":"aquecimento-global-ameaca-cidades-costeiras-alertam-peritos-da-onu","status":"publish","type":"post","link":"https:\/\/aconteceunovale.com.br\/portal\/?p=179532","title":{"rendered":"Aquecimento global amea\u00e7a cidades costeiras, alertam peritos da ONU"},"content":{"rendered":"\n<p class=\"wp-block-paragraph\">A subida do n\u00edvel do mar, as inunda\u00e7\u00f5es e a intensifica\u00e7\u00e3o das ondas de calor amea\u00e7am\u00a0as cidades costeiras em\u00a0todo o mundo, diz relat\u00f3rio provis\u00f3rio do Painel Intergovernamental de Especialistas sobre a Evolu\u00e7\u00e3o do Clima (IPCC, na sigla em ingl\u00eas).<\/p>\n\n\n\n<figure class=\"wp-block-gallery columns-1 is-cropped wp-block-gallery-1 is-layout-flex wp-block-gallery-is-layout-flex\"><ul class=\"blocks-gallery-grid\"><li class=\"blocks-gallery-item\"><figure><img loading=\"lazy\" decoding=\"async\" width=\"678\" height=\"406\" src=\"https:\/\/aconteceunovale.com.br\/portal\/wp-content\/uploads\/2021\/06\/aquecimento_global.jpg\" alt=\"\" data-id=\"179533\" data-full-url=\"https:\/\/aconteceunovale.com.br\/portal\/wp-content\/uploads\/2021\/06\/aquecimento_global.jpg\" data-link=\"https:\/\/aconteceunovale.com.br\/portal\/?attachment_id=179533\" class=\"wp-image-179533\" srcset=\"https:\/\/aconteceunovale.com.br\/portal\/wp-content\/uploads\/2021\/06\/aquecimento_global.jpg 678w, https:\/\/aconteceunovale.com.br\/portal\/wp-content\/uploads\/2021\/06\/aquecimento_global-300x180.jpg 300w\" sizes=\"auto, (max-width: 678px) 100vw, 678px\" \/><figcaption class=\"blocks-gallery-item__caption\"><em>Ressaca em praia do Rio de Janeiro &#8211; Foto: Fernando Fraz\u00e3o\/Ag\u00eancia Brasil<\/em><\/figcaption><\/figure><\/li><\/ul><\/figure>\n\n\n\n<p class=\"wp-block-paragraph\">De Bombaim a Miami, Daca ou Veneza, essas cidades e os seus milh\u00f5es de habitantes que vivem na foz dos estu\u00e1rios ou nas linhas sinuosas da costa est\u00e3o &#8220;na linha da frente&#8221; da crise clim\u00e1tica, que corre o risco de redesenhar os mapas dos continentes, afirma\u00a0o documento.<\/p>\n\n\n\n<p class=\"wp-block-paragraph\">&#8220;O n\u00edvel do mar continua a subir, as inunda\u00e7\u00f5es e as ondas de calor s\u00e3o cada vez mais frequentes e intensas e o aquecimento aumenta a acidez do oceano&#8221;, observam&nbsp;os cientistas no&nbsp;relat\u00f3rio de 4 mil p\u00e1ginas sobre os impactos das mudan\u00e7as clim\u00e1ticas.<\/p>\n\n\n\n<p class=\"wp-block-paragraph\">De acordo com os peritos clim\u00e1ticos, \u00e9 preciso &#8220;fazer escolhas dif\u00edceis&#8221;.<\/p>\n\n\n\n<p class=\"wp-block-paragraph\">Sob o efeito combinado da expans\u00e3o dos oceanos e do degelo causado pelo aquecimento, a subida do n\u00edvel do mar tamb\u00e9m amea\u00e7a contaminar os solos agr\u00edcolas com \u00e1gua salgada e engolir infraestruturas estrat\u00e9gicas, como portos ou aeroportos.<\/p>\n\n\n\n<p class=\"wp-block-paragraph\">Um &#8220;perigo para as sociedades e para a economia mundial em geral&#8221;, alerta o IPCC, lembrando&nbsp;que cerca de 10% da popula\u00e7\u00e3o mundial e dos trabalhadores est\u00e3o a menos de dez&nbsp;metros acima do n\u00edvel do mar.<\/p>\n\n\n\n<p class=\"wp-block-paragraph\">&#8220;Para algumas megal\u00f3poles, deltas, pequenas ilhas e comunidades \u00e1rticas, as consequ\u00eancias podem ser sentidas muito rapidamente, durante a vida da maioria das popula\u00e7\u00f5es atuais&#8221;.<\/p>\n\n\n\n<p class=\"wp-block-paragraph\">De acordo com os peritos, o n\u00edvel do oceano pode subir 60 cent\u00edmetros at\u00e9 ao final do s\u00e9culo.<\/p>\n\n\n\n<p class=\"wp-block-paragraph\">&#8220;O destino de muitas cidades costeiras \u00e9 sombrio sem uma queda dr\u00e1stica nas emiss\u00f5es de CO2&#8221;, dizem os pesquisadores,&nbsp;acrescentando que &#8220;qualquer que seja a taxa dessas emiss\u00f5es, o aumento do n\u00edvel dos oceanos acelera e continuar\u00e1 a ocorrer durante mil\u00e9nios&#8221;.<\/p>\n\n\n\n<p class=\"wp-block-paragraph\">&#8220;A maioria das cidades costeiras pode morrer. Muitas delas ser\u00e3o dizimadas por inunda\u00e7\u00f5es de longo prazo. Em 2050, teremos uma imagem mais clara&#8221;, disse Ben Strauss, da organiza\u00e7\u00e3o Climate Central.<\/p>\n\n\n\n<p class=\"wp-block-paragraph\">Mas, apesar dessas previs\u00f5es sombrias, as cidades costeiras continuam a crescer, multiplicando as v\u00edtimas em potencial, especialmente na \u00c1sia e na \u00c1frica.<\/p>\n\n\n\n<p class=\"wp-block-paragraph\">Segundo o documento, um aquecimento global acima do limiar de 1,5 \u00baC (grau&nbsp;cent\u00edgrado), fixado pelo acordo de Paris, teria &#8220;impactos irrevers\u00edveis para os sistemas humanos e ecol\u00f3gicos&#8221;.&nbsp;Os peritos afirmam que a sobreviv\u00eancia da humanidade pode estar amea\u00e7ada.<\/p>\n\n\n\n<p class=\"wp-block-paragraph\">Com as temperaturas m\u00e9dias subindo&nbsp;1,1\u00b0C desde meados do s\u00e9culo 19, os efeitos no planeta j\u00e1 s\u00e3o graves e podem se tornar cada&nbsp;vez mais violentos, ainda que as emiss\u00f5es de di\u00f3xido de carbono (CO2) venham a ser reduzidas.&nbsp;<\/p>\n\n\n\n<p class=\"wp-block-paragraph\">Falta de \u00e1gua, fome, inc\u00eandios e \u00eaxodo em massa s\u00e3o alguns dos perigos destacados pelos peritos da ONU.<\/p>\n\n\n\n<p class=\"wp-block-paragraph\">O relat\u00f3rio de avalia\u00e7\u00e3o global dos impactos do aquecimento, criado para apoiar decis\u00f5es pol\u00edticas, \u00e9 muito mais alarmante que o antecessor, divulgado em 2018.<\/p>\n\n\n\n<p class=\"wp-block-paragraph\">O documento dever\u00e1 ser publicado em fevereiro de 2022, ap\u00f3s a aprova\u00e7\u00e3o pelos 195 Estados-membros da ONU e depois da confer\u00eancia clim\u00e1tica COP26, marcada para novembro&nbsp;em Glasgow, na Esc\u00f3cia.<\/p>\n\n\n\n<p class=\"wp-block-paragraph\">Prevista originalmente para novembro de 2020, a 26\u00aa Confer\u00eancia das Na\u00e7\u00f5es Unidas sobre Altera\u00e7\u00f5es Clim\u00e1ticas (COP26), com l\u00edderes de 196 pa\u00edses, empresas e especialistas, foi adiada devido \u00e0 pandemia de covid-19.<\/p>\n\n\n\n<p class=\"wp-block-paragraph\">&#8212;&#8212;&#8212;&#8212;&#8212;&#8212;<br><em>Quer receber as not\u00edcias do <strong>Aconteceu no Vale<\/strong> em primeira m\u00e3o? Siga-nos no Facebook <a rel=\"noreferrer noopener\" href=\"http:\/\/facebook.com\/aconteceunovale\" target=\"_blank\">@aconteceunovale<\/a>, Twitter <a rel=\"noreferrer noopener\" href=\"https:\/\/twitter.com\/noticiadosvales\" target=\"_blank\">@noticiadosvales<\/a> e Instagram <a rel=\"noreferrer noopener\" href=\"https:\/\/www.instagram.com\/aconteceunovale\" target=\"_blank\">@aconteceunovale<\/a>.<\/em><\/p>\n","protected":false},"excerpt":{"rendered":"<p>A subida do n\u00edvel do mar, as inunda\u00e7\u00f5es e a intensifica\u00e7\u00e3o das ondas de calor amea\u00e7am\u00a0as cidades costeiras em\u00a0todo o mundo, diz relat\u00f3rio provis\u00f3rio do Painel Intergovernamental de Especialistas sobre a Evolu\u00e7\u00e3o do Clima (IPCC, na sigla em ingl\u00eas). De Bombaim a Miami, Daca ou Veneza, essas cidades e os seus milh\u00f5es de habitantes que [&hellip;]<\/p>\n","protected":false},"author":4,"featured_media":179533,"comment_status":"open","ping_status":"closed","sticky":false,"template":"","format":"standard","meta":{"amp_status":"","footnotes":""},"categories":[28848],"tags":[247088,247087,33884,247094,247092,209419,247096,246318,159442,61967,20806,247095,82147,22181,15468,56840,247089,24300,247091,247090,56843,247093],"class_list":["post-179532","post","type-post","status-publish","format-standard","has-post-thumbnail","hentry","category-mundo","tag-alerta-sobre-cidades-costeiras","tag-ameaca-a-cidades-costeiras","tag-aquecimento-global","tag-ben-strauss","tag-bombaim","tag-climate-central","tag-conferencia-das-nacoes-unidas-sobre-alteracoes-climaticas","tag-cop26","tag-daca","tag-elevacao-do-nivel-do-mar","tag-escocia","tag-glasgow","tag-inundacoes","tag-ipcc","tag-miami","tag-nivel-do-mar","tag-ondas-de-calor","tag-onu","tag-painel-intergovernamental-de-especialistas-sobre-a-evolucao-do-clima","tag-ressacas","tag-subida-do-nivel-do-mar","tag-veneza"],"yoast_head":"<!-- This site is optimized with the Yoast SEO plugin v28.3 - https:\/\/yoast.com\/product\/yoast-seo-wordpress\/ -->\n<title>Aquecimento global amea\u00e7a cidades costeiras, alertam peritos da ONU - Aconteceu no Vale<\/title>\n<meta name=\"robots\" content=\"index, follow, max-snippet:-1, max-image-preview:large, max-video-preview:-1\" \/>\n<link rel=\"canonical\" href=\"https:\/\/aconteceunovale.com.br\/portal\/?p=179532\" \/>\n<meta property=\"og:locale\" content=\"pt_BR\" \/>\n<meta property=\"og:type\" content=\"article\" \/>\n<meta property=\"og:title\" content=\"Aquecimento global amea\u00e7a cidades costeiras, alertam peritos da ONU - Aconteceu no Vale\" \/>\n<meta property=\"og:description\" content=\"A subida do n\u00edvel do mar, as inunda\u00e7\u00f5es e a intensifica\u00e7\u00e3o das ondas de calor amea\u00e7am\u00a0as cidades costeiras em\u00a0todo o mundo, diz relat\u00f3rio provis\u00f3rio do Painel Intergovernamental de Especialistas sobre a Evolu\u00e7\u00e3o do Clima (IPCC, na sigla em ingl\u00eas). De Bombaim a Miami, Daca ou Veneza, essas cidades e os seus milh\u00f5es de habitantes que [&hellip;]\" \/>\n<meta property=\"og:url\" content=\"https:\/\/aconteceunovale.com.br\/portal\/?p=179532\" \/>\n<meta property=\"og:site_name\" content=\"Aconteceu no Vale\" \/>\n<meta property=\"article:publisher\" content=\"https:\/\/www.facebook.com\/aconteceunovale\/\" \/>\n<meta property=\"article:published_time\" content=\"2021-06-24T13:09:56+00:00\" \/>\n<meta property=\"article:modified_time\" content=\"2021-06-24T13:12:00+00:00\" \/>\n<meta property=\"og:image\" content=\"https:\/\/aconteceunovale.com.br\/portal\/wp-content\/uploads\/2021\/06\/aquecimento_global.jpg\" \/>\n\t<meta property=\"og:image:width\" content=\"678\" \/>\n\t<meta property=\"og:image:height\" content=\"406\" \/>\n\t<meta property=\"og:image:type\" content=\"image\/jpeg\" \/>\n<meta name=\"author\" content=\"Reda\u00e7\u00e3o Aconteceu no Vale\" \/>\n<meta name=\"twitter:card\" content=\"summary_large_image\" \/>\n<meta name=\"twitter:creator\" content=\"@noticiadosvales\" \/>\n<meta name=\"twitter:site\" content=\"@noticiadosvales\" \/>\n<meta name=\"twitter:label1\" content=\"Escrito por\" \/>\n\t<meta name=\"twitter:data1\" content=\"Reda\u00e7\u00e3o Aconteceu no Vale\" \/>\n\t<meta name=\"twitter:label2\" content=\"Est. tempo de leitura\" \/>\n\t<meta name=\"twitter:data2\" content=\"3 minutos\" \/>\n<script type=\"application\/ld+json\" class=\"yoast-schema-graph\">{\"@context\":\"https:\\\/\\\/schema.org\",\"@graph\":[{\"@type\":\"Article\",\"@id\":\"https:\\\/\\\/aconteceunovale.com.br\\\/portal\\\/?p=179532#article\",\"isPartOf\":{\"@id\":\"https:\\\/\\\/aconteceunovale.com.br\\\/portal\\\/?p=179532\"},\"author\":{\"name\":\"Reda\u00e7\u00e3o Aconteceu no Vale\",\"@id\":\"https:\\\/\\\/aconteceunovale.com.br\\\/portal\\\/#\\\/schema\\\/person\\\/7d2f26d1483f8a63de73da1ee0754d35\"},\"headline\":\"Aquecimento global amea\u00e7a cidades costeiras, alertam peritos da ONU\",\"datePublished\":\"2021-06-24T13:09:56+00:00\",\"dateModified\":\"2021-06-24T13:12:00+00:00\",\"mainEntityOfPage\":{\"@id\":\"https:\\\/\\\/aconteceunovale.com.br\\\/portal\\\/?p=179532\"},\"wordCount\":650,\"commentCount\":0,\"image\":{\"@id\":\"https:\\\/\\\/aconteceunovale.com.br\\\/portal\\\/?p=179532#primaryimage\"},\"thumbnailUrl\":\"https:\\\/\\\/aconteceunovale.com.br\\\/portal\\\/wp-content\\\/uploads\\\/2021\\\/06\\\/aquecimento_global.jpg\",\"keywords\":[\"Alerta sobre cidades costeiras\",\"Amea\u00e7a a cidades costeiras\",\"aquecimento global\",\"Ben Strauss\",\"Bombaim\",\"Climate Central\",\"Confer\u00eancia das Na\u00e7\u00f5es Unidas sobre Altera\u00e7\u00f5es Clim\u00e1ticas\",\"COP26\",\"Daca\",\"eleva\u00e7\u00e3o do n\u00edvel do mar\",\"Esc\u00f3cia\",\"Glasgow\",\"inunda\u00e7\u00f5es\",\"IPCC\",\"Miami\",\"N\u00edvel do mar\",\"Ondas de calor\",\"ONU\",\"Painel Intergovernamental de Especialistas sobre a Evolu\u00e7\u00e3o do Clima\",\"Ressacas\",\"subida do N\u00edvel do mar\",\"Veneza\"],\"articleSection\":[\"Mundo\"],\"inLanguage\":\"pt-BR\",\"potentialAction\":[{\"@type\":\"CommentAction\",\"name\":\"Comment\",\"target\":[\"https:\\\/\\\/aconteceunovale.com.br\\\/portal\\\/?p=179532#respond\"]}]},{\"@type\":\"WebPage\",\"@id\":\"https:\\\/\\\/aconteceunovale.com.br\\\/portal\\\/?p=179532\",\"url\":\"https:\\\/\\\/aconteceunovale.com.br\\\/portal\\\/?p=179532\",\"name\":\"Aquecimento global amea\u00e7a cidades costeiras, alertam peritos da ONU - Aconteceu no Vale\",\"isPartOf\":{\"@id\":\"https:\\\/\\\/aconteceunovale.com.br\\\/portal\\\/#website\"},\"primaryImageOfPage\":{\"@id\":\"https:\\\/\\\/aconteceunovale.com.br\\\/portal\\\/?p=179532#primaryimage\"},\"image\":{\"@id\":\"https:\\\/\\\/aconteceunovale.com.br\\\/portal\\\/?p=179532#primaryimage\"},\"thumbnailUrl\":\"https:\\\/\\\/aconteceunovale.com.br\\\/portal\\\/wp-content\\\/uploads\\\/2021\\\/06\\\/aquecimento_global.jpg\",\"datePublished\":\"2021-06-24T13:09:56+00:00\",\"dateModified\":\"2021-06-24T13:12:00+00:00\",\"author\":{\"@id\":\"https:\\\/\\\/aconteceunovale.com.br\\\/portal\\\/#\\\/schema\\\/person\\\/7d2f26d1483f8a63de73da1ee0754d35\"},\"breadcrumb\":{\"@id\":\"https:\\\/\\\/aconteceunovale.com.br\\\/portal\\\/?p=179532#breadcrumb\"},\"inLanguage\":\"pt-BR\",\"potentialAction\":[{\"@type\":\"ReadAction\",\"target\":[\"https:\\\/\\\/aconteceunovale.com.br\\\/portal\\\/?p=179532\"]}]},{\"@type\":\"ImageObject\",\"inLanguage\":\"pt-BR\",\"@id\":\"https:\\\/\\\/aconteceunovale.com.br\\\/portal\\\/?p=179532#primaryimage\",\"url\":\"https:\\\/\\\/aconteceunovale.com.br\\\/portal\\\/wp-content\\\/uploads\\\/2021\\\/06\\\/aquecimento_global.jpg\",\"contentUrl\":\"https:\\\/\\\/aconteceunovale.com.br\\\/portal\\\/wp-content\\\/uploads\\\/2021\\\/06\\\/aquecimento_global.jpg\",\"width\":678,\"height\":406,\"caption\":\"Frete fria traz tempestadee e ressaca nas praias do Rio de Janeiro\"},{\"@type\":\"BreadcrumbList\",\"@id\":\"https:\\\/\\\/aconteceunovale.com.br\\\/portal\\\/?p=179532#breadcrumb\",\"itemListElement\":[{\"@type\":\"ListItem\",\"position\":1,\"name\":\"In\u00edcio\",\"item\":\"https:\\\/\\\/aconteceunovale.com.br\\\/portal\\\/\"},{\"@type\":\"ListItem\",\"position\":2,\"name\":\"Aquecimento global amea\u00e7a cidades costeiras, alertam peritos da ONU\"}]},{\"@type\":\"WebSite\",\"@id\":\"https:\\\/\\\/aconteceunovale.com.br\\\/portal\\\/#website\",\"url\":\"https:\\\/\\\/aconteceunovale.com.br\\\/portal\\\/\",\"name\":\"Aconteceu no Vale\",\"description\":\"Portal de Not\u00edcias\",\"potentialAction\":[{\"@type\":\"SearchAction\",\"target\":{\"@type\":\"EntryPoint\",\"urlTemplate\":\"https:\\\/\\\/aconteceunovale.com.br\\\/portal\\\/?s={search_term_string}\"},\"query-input\":{\"@type\":\"PropertyValueSpecification\",\"valueRequired\":true,\"valueName\":\"search_term_string\"}}],\"inLanguage\":\"pt-BR\"},{\"@type\":\"Person\",\"@id\":\"https:\\\/\\\/aconteceunovale.com.br\\\/portal\\\/#\\\/schema\\\/person\\\/7d2f26d1483f8a63de73da1ee0754d35\",\"name\":\"Reda\u00e7\u00e3o Aconteceu no Vale\",\"description\":\"Equipe de reportagem do Aconteceu no Vale, portal de not\u00edcias do Vale do Jequitinhonha, em Minas Gerais. Cobrimos as 51 cidades do Vale desde 2013. Sugest\u00f5es de pauta e pedidos de corre\u00e7\u00e3o: contato@aconteceunovale.com.br\",\"url\":\"https:\\\/\\\/aconteceunovale.com.br\\\/portal\\\/?author=4\"}]}<\/script>\n<!-- \/ Yoast SEO plugin. -->","yoast_head_json":{"title":"Aquecimento global amea\u00e7a cidades costeiras, alertam peritos da ONU - Aconteceu no Vale","robots":{"index":"index","follow":"follow","max-snippet":"max-snippet:-1","max-image-preview":"max-image-preview:large","max-video-preview":"max-video-preview:-1"},"canonical":"https:\/\/aconteceunovale.com.br\/portal\/?p=179532","og_locale":"pt_BR","og_type":"article","og_title":"Aquecimento global amea\u00e7a cidades costeiras, alertam peritos da ONU - Aconteceu no Vale","og_description":"A subida do n\u00edvel do mar, as inunda\u00e7\u00f5es e a intensifica\u00e7\u00e3o das ondas de calor amea\u00e7am\u00a0as cidades costeiras em\u00a0todo o mundo, diz relat\u00f3rio provis\u00f3rio do Painel Intergovernamental de Especialistas sobre a Evolu\u00e7\u00e3o do Clima (IPCC, na sigla em ingl\u00eas). De Bombaim a Miami, Daca ou Veneza, essas cidades e os seus milh\u00f5es de habitantes que [&hellip;]","og_url":"https:\/\/aconteceunovale.com.br\/portal\/?p=179532","og_site_name":"Aconteceu no Vale","article_publisher":"https:\/\/www.facebook.com\/aconteceunovale\/","article_published_time":"2021-06-24T13:09:56+00:00","article_modified_time":"2021-06-24T13:12:00+00:00","og_image":[{"width":678,"height":406,"url":"https:\/\/aconteceunovale.com.br\/portal\/wp-content\/uploads\/2021\/06\/aquecimento_global.jpg","type":"image\/jpeg"}],"author":"Reda\u00e7\u00e3o Aconteceu no Vale","twitter_card":"summary_large_image","twitter_creator":"@noticiadosvales","twitter_site":"@noticiadosvales","twitter_misc":{"Escrito por":"Reda\u00e7\u00e3o Aconteceu no Vale","Est. tempo de leitura":"3 minutos"},"schema":{"@context":"https:\/\/schema.org","@graph":[{"@type":"Article","@id":"https:\/\/aconteceunovale.com.br\/portal\/?p=179532#article","isPartOf":{"@id":"https:\/\/aconteceunovale.com.br\/portal\/?p=179532"},"author":{"name":"Reda\u00e7\u00e3o Aconteceu no Vale","@id":"https:\/\/aconteceunovale.com.br\/portal\/#\/schema\/person\/7d2f26d1483f8a63de73da1ee0754d35"},"headline":"Aquecimento global amea\u00e7a cidades costeiras, alertam peritos da ONU","datePublished":"2021-06-24T13:09:56+00:00","dateModified":"2021-06-24T13:12:00+00:00","mainEntityOfPage":{"@id":"https:\/\/aconteceunovale.com.br\/portal\/?p=179532"},"wordCount":650,"commentCount":0,"image":{"@id":"https:\/\/aconteceunovale.com.br\/portal\/?p=179532#primaryimage"},"thumbnailUrl":"https:\/\/aconteceunovale.com.br\/portal\/wp-content\/uploads\/2021\/06\/aquecimento_global.jpg","keywords":["Alerta sobre cidades costeiras","Amea\u00e7a a cidades costeiras","aquecimento global","Ben Strauss","Bombaim","Climate Central","Confer\u00eancia das Na\u00e7\u00f5es Unidas sobre Altera\u00e7\u00f5es Clim\u00e1ticas","COP26","Daca","eleva\u00e7\u00e3o do n\u00edvel do mar","Esc\u00f3cia","Glasgow","inunda\u00e7\u00f5es","IPCC","Miami","N\u00edvel do mar","Ondas de calor","ONU","Painel Intergovernamental de Especialistas sobre a Evolu\u00e7\u00e3o do Clima","Ressacas","subida do N\u00edvel do mar","Veneza"],"articleSection":["Mundo"],"inLanguage":"pt-BR","potentialAction":[{"@type":"CommentAction","name":"Comment","target":["https:\/\/aconteceunovale.com.br\/portal\/?p=179532#respond"]}]},{"@type":"WebPage","@id":"https:\/\/aconteceunovale.com.br\/portal\/?p=179532","url":"https:\/\/aconteceunovale.com.br\/portal\/?p=179532","name":"Aquecimento global amea\u00e7a cidades costeiras, alertam peritos da ONU - Aconteceu no Vale","isPartOf":{"@id":"https:\/\/aconteceunovale.com.br\/portal\/#website"},"primaryImageOfPage":{"@id":"https:\/\/aconteceunovale.com.br\/portal\/?p=179532#primaryimage"},"image":{"@id":"https:\/\/aconteceunovale.com.br\/portal\/?p=179532#primaryimage"},"thumbnailUrl":"https:\/\/aconteceunovale.com.br\/portal\/wp-content\/uploads\/2021\/06\/aquecimento_global.jpg","datePublished":"2021-06-24T13:09:56+00:00","dateModified":"2021-06-24T13:12:00+00:00","author":{"@id":"https:\/\/aconteceunovale.com.br\/portal\/#\/schema\/person\/7d2f26d1483f8a63de73da1ee0754d35"},"breadcrumb":{"@id":"https:\/\/aconteceunovale.com.br\/portal\/?p=179532#breadcrumb"},"inLanguage":"pt-BR","potentialAction":[{"@type":"ReadAction","target":["https:\/\/aconteceunovale.com.br\/portal\/?p=179532"]}]},{"@type":"ImageObject","inLanguage":"pt-BR","@id":"https:\/\/aconteceunovale.com.br\/portal\/?p=179532#primaryimage","url":"https:\/\/aconteceunovale.com.br\/portal\/wp-content\/uploads\/2021\/06\/aquecimento_global.jpg","contentUrl":"https:\/\/aconteceunovale.com.br\/portal\/wp-content\/uploads\/2021\/06\/aquecimento_global.jpg","width":678,"height":406,"caption":"Frete fria traz tempestadee e ressaca nas praias do Rio de Janeiro"},{"@type":"BreadcrumbList","@id":"https:\/\/aconteceunovale.com.br\/portal\/?p=179532#breadcrumb","itemListElement":[{"@type":"ListItem","position":1,"name":"In\u00edcio","item":"https:\/\/aconteceunovale.com.br\/portal\/"},{"@type":"ListItem","position":2,"name":"Aquecimento global amea\u00e7a cidades costeiras, alertam peritos da ONU"}]},{"@type":"WebSite","@id":"https:\/\/aconteceunovale.com.br\/portal\/#website","url":"https:\/\/aconteceunovale.com.br\/portal\/","name":"Aconteceu no Vale","description":"Portal de Not\u00edcias","potentialAction":[{"@type":"SearchAction","target":{"@type":"EntryPoint","urlTemplate":"https:\/\/aconteceunovale.com.br\/portal\/?s={search_term_string}"},"query-input":{"@type":"PropertyValueSpecification","valueRequired":true,"valueName":"search_term_string"}}],"inLanguage":"pt-BR"},{"@type":"Person","@id":"https:\/\/aconteceunovale.com.br\/portal\/#\/schema\/person\/7d2f26d1483f8a63de73da1ee0754d35","name":"Reda\u00e7\u00e3o Aconteceu no Vale","description":"Equipe de reportagem do Aconteceu no Vale, portal de not\u00edcias do Vale do Jequitinhonha, em Minas Gerais. Cobrimos as 51 cidades do Vale desde 2013. Sugest\u00f5es de pauta e pedidos de corre\u00e7\u00e3o: contato@aconteceunovale.com.br","url":"https:\/\/aconteceunovale.com.br\/portal\/?author=4"}]}},"_links":{"self":[{"href":"https:\/\/aconteceunovale.com.br\/portal\/index.php?rest_route=\/wp\/v2\/posts\/179532","targetHints":{"allow":["GET"]}}],"collection":[{"href":"https:\/\/aconteceunovale.com.br\/portal\/index.php?rest_route=\/wp\/v2\/posts"}],"about":[{"href":"https:\/\/aconteceunovale.com.br\/portal\/index.php?rest_route=\/wp\/v2\/types\/post"}],"author":[{"embeddable":true,"href":"https:\/\/aconteceunovale.com.br\/portal\/index.php?rest_route=\/wp\/v2\/users\/4"}],"replies":[{"embeddable":true,"href":"https:\/\/aconteceunovale.com.br\/portal\/index.php?rest_route=%2Fwp%2Fv2%2Fcomments&post=179532"}],"version-history":[{"count":1,"href":"https:\/\/aconteceunovale.com.br\/portal\/index.php?rest_route=\/wp\/v2\/posts\/179532\/revisions"}],"predecessor-version":[{"id":179534,"href":"https:\/\/aconteceunovale.com.br\/portal\/index.php?rest_route=\/wp\/v2\/posts\/179532\/revisions\/179534"}],"wp:featuredmedia":[{"embeddable":true,"href":"https:\/\/aconteceunovale.com.br\/portal\/index.php?rest_route=\/wp\/v2\/media\/179533"}],"wp:attachment":[{"href":"https:\/\/aconteceunovale.com.br\/portal\/index.php?rest_route=%2Fwp%2Fv2%2Fmedia&parent=179532"}],"wp:term":[{"taxonomy":"category","embeddable":true,"href":"https:\/\/aconteceunovale.com.br\/portal\/index.php?rest_route=%2Fwp%2Fv2%2Fcategories&post=179532"},{"taxonomy":"post_tag","embeddable":true,"href":"https:\/\/aconteceunovale.com.br\/portal\/index.php?rest_route=%2Fwp%2Fv2%2Ftags&post=179532"}],"curies":[{"name":"wp","href":"https:\/\/api.w.org\/{rel}","templated":true}]}}