{"id":179527,"date":"2021-06-23T21:18:39","date_gmt":"2021-06-24T00:18:39","guid":{"rendered":"https:\/\/aconteceunovale.com.br\/portal\/?p=179527"},"modified":"2021-06-23T21:19:39","modified_gmt":"2021-06-24T00:19:39","slug":"supremo-tribunal-federal-confirma-decisao-que-considera-sergio-moro-parcial-no-caso-do-triplex","status":"publish","type":"post","link":"https:\/\/aconteceunovale.com.br\/portal\/?p=179527","title":{"rendered":"Supremo Tribunal Federal confirma decis\u00e3o que considera Sergio Moro parcial no caso do tr\u00edplex"},"content":{"rendered":"\n<p class=\"wp-block-paragraph\">Por 7 votos a 4, o Supremo Tribunal Federal (STF) decidiu hoje (23) manter a decis\u00e3o que reconheceu a parcialidade do ex-juiz Sergio Moro na condu\u00e7\u00e3o do processo do triplex envolvendo o ex-presidente Luiz In\u00e1cio Lula da Silva na Opera\u00e7\u00e3o Lava Jato.&nbsp;<\/p>\n\n\n\n<p class=\"wp-block-paragraph\">Em abril, quando o placar da vota\u00e7\u00e3o estava em 7 votos a 2 pela parcialidade, o julgamento foi interrompido ap\u00f3s um pedido de vista do ministro Marco Aur\u00e9lio.&nbsp;<\/p>\n\n\n\n<p class=\"wp-block-paragraph\">Em votos proferidos hoje, Marco Aur\u00e9lio e o presidente do tribunal, Luiz Fux, votaram contra o reconhecimento da parcialidade do ex-juiz. Para os ministros, os di\u00e1logos entre procuradores da Opera\u00e7\u00e3o Lava Jato, que foram alvo de hackers, s\u00e3o ilegais e n\u00e3o podem ser considerados no processo.&nbsp;<\/p>\n\n\n\n<p class=\"wp-block-paragraph\">\u201cEstes autores que obtiveram prova il\u00edcita, roubada e lavada, foram denunciados e presos por isso, ent\u00e3o n\u00e3o h\u00e1 como n\u00e3o se considerar il\u00edcita esta prova\u201d, afirmou Fux.&nbsp;<\/p>\n\n\n\n<p class=\"wp-block-paragraph\">A Corte finalizou o julgamento do recurso da defesa de Lula para manter decis\u00e3o da Segunda Turma da Corte, que decidiu, em mar\u00e7o, pela parcialidade de Moro. A Procuradoria-Geral da Rep\u00fablica (PGR) tamb\u00e9m recorreu da decis\u00e3o.&nbsp;<\/p>\n\n\n\n<p class=\"wp-block-paragraph\">Com a confirma\u00e7\u00e3o da decis\u00e3o do colegiado, o processo sobre o triplex dever\u00e1 ser retomado do in\u00edcio e ser remetido para a Justi\u00e7a Federal em Bras\u00edlia. Antes da decis\u00e3o sobre a parcialidade de Moro, a pena do ex-presidente era de 8 anos e 10 meses de pris\u00e3o.<\/p>\n\n\n\n<p class=\"wp-block-paragraph\">&#8212;&#8212;&#8212;&#8212;&#8212;&#8212;<br><em>Quer receber as not\u00edcias do <strong>Aconteceu no Vale<\/strong> em primeira m\u00e3o? Siga-nos no Facebook <a rel=\"noreferrer noopener\" href=\"http:\/\/facebook.com\/aconteceunovale\" target=\"_blank\">@aconteceunovale<\/a>, Twitter <a rel=\"noreferrer noopener\" href=\"https:\/\/twitter.com\/noticiadosvales\" target=\"_blank\">@noticiadosvales<\/a> e Instagram <a rel=\"noreferrer noopener\" href=\"https:\/\/www.instagram.com\/aconteceunovale\" target=\"_blank\">@aconteceunovale<\/a>.<\/em><\/p>\n","protected":false},"excerpt":{"rendered":"<p>Por 7 votos a 4, o Supremo Tribunal Federal (STF) decidiu hoje (23) manter a decis\u00e3o que reconheceu a parcialidade do ex-juiz Sergio Moro na condu\u00e7\u00e3o do processo do triplex envolvendo o ex-presidente Luiz In\u00e1cio Lula da Silva na Opera\u00e7\u00e3o Lava Jato.&nbsp; Em abril, quando o placar da vota\u00e7\u00e3o estava em 7 votos a 2 [&hellip;]<\/p>\n","protected":false},"author":4,"featured_media":79185,"comment_status":"open","ping_status":"closed","sticky":false,"template":"","format":"standard","meta":{"amp_status":"","footnotes":""},"categories":[6,40240],"tags":[77984,168078,1018,77983,240446,82255,47612,240450,240445,14124,7147,240449,210972,240443,240448,35052,28511,240442,28510,240444,240447,82258],"class_list":["post-179527","post","type-post","status-publish","format-standard","has-post-thumbnail","hentry","category-br","category-politica","tag-carmen-lucia","tag-caso-do-triplex-do-guaruja","tag-destaque","tag-edson-fachin","tag-ex-juiz-sergio-moro","tag-ex-presidente-lula","tag-gilmar-mendes","tag-imparcialidade-no-julgamento-do-caso-do-triplex-do-guaruja","tag-julgamento-de-suspeicao-de-moro","tag-luiz-inacio-lula-da-silva","tag-lula","tag-nunes-marques","tag-operacao-lava-jato-2","tag-parcialidade-de-moro","tag-ricardo","tag-sergio-moro","tag-stf","tag-supremo-considera-que-sergio-moro-foi-parcial-nos-processos-de-lula","tag-supremo-tribunal-federal","tag-suspeicao-de-moro","tag-suspeicao-de-moro-no-caso-do-triplex-do-guaruja","tag-triplex-do-guaruja"],"yoast_head":"<!-- This site is optimized with the Yoast SEO plugin v28.3 - https:\/\/yoast.com\/product\/yoast-seo-wordpress\/ -->\n<title>Supremo Tribunal Federal confirma decis\u00e3o que considera Sergio Moro parcial no caso do tr\u00edplex - Aconteceu no Vale<\/title>\n<meta name=\"robots\" content=\"index, follow, max-snippet:-1, max-image-preview:large, max-video-preview:-1\" \/>\n<link rel=\"canonical\" href=\"https:\/\/aconteceunovale.com.br\/portal\/?p=179527\" \/>\n<meta property=\"og:locale\" content=\"pt_BR\" \/>\n<meta property=\"og:type\" content=\"article\" \/>\n<meta property=\"og:title\" content=\"Supremo Tribunal Federal confirma decis\u00e3o que considera Sergio Moro parcial no caso do tr\u00edplex - Aconteceu no Vale\" \/>\n<meta property=\"og:description\" content=\"Por 7 votos a 4, o Supremo Tribunal Federal (STF) decidiu hoje (23) manter a decis\u00e3o que reconheceu a parcialidade do ex-juiz Sergio Moro na condu\u00e7\u00e3o do processo do triplex envolvendo o ex-presidente Luiz In\u00e1cio Lula da Silva na Opera\u00e7\u00e3o Lava Jato.&nbsp; Em abril, quando o placar da vota\u00e7\u00e3o estava em 7 votos a 2 [&hellip;]\" \/>\n<meta property=\"og:url\" content=\"https:\/\/aconteceunovale.com.br\/portal\/?p=179527\" \/>\n<meta property=\"og:site_name\" content=\"Aconteceu no Vale\" \/>\n<meta property=\"article:publisher\" content=\"https:\/\/www.facebook.com\/aconteceunovale\/\" \/>\n<meta property=\"article:published_time\" content=\"2021-06-24T00:18:39+00:00\" \/>\n<meta property=\"article:modified_time\" content=\"2021-06-24T00:19:39+00:00\" \/>\n<meta property=\"og:image\" content=\"https:\/\/aconteceunovale.com.br\/portal\/wp-content\/uploads\/2016\/02\/stf.jpg\" \/>\n\t<meta property=\"og:image:width\" content=\"646\" \/>\n\t<meta property=\"og:image:height\" content=\"426\" \/>\n\t<meta property=\"og:image:type\" content=\"image\/jpeg\" \/>\n<meta name=\"author\" content=\"Reda\u00e7\u00e3o Aconteceu no Vale\" \/>\n<meta name=\"twitter:card\" content=\"summary_large_image\" \/>\n<meta name=\"twitter:creator\" content=\"@noticiadosvales\" \/>\n<meta name=\"twitter:site\" content=\"@noticiadosvales\" \/>\n<meta name=\"twitter:label1\" content=\"Escrito por\" \/>\n\t<meta name=\"twitter:data1\" content=\"Reda\u00e7\u00e3o Aconteceu no Vale\" \/>\n\t<meta name=\"twitter:label2\" content=\"Est. tempo de leitura\" \/>\n\t<meta name=\"twitter:data2\" content=\"1 minuto\" \/>\n<script type=\"application\/ld+json\" class=\"yoast-schema-graph\">{\"@context\":\"https:\\\/\\\/schema.org\",\"@graph\":[{\"@type\":\"Article\",\"@id\":\"https:\\\/\\\/aconteceunovale.com.br\\\/portal\\\/?p=179527#article\",\"isPartOf\":{\"@id\":\"https:\\\/\\\/aconteceunovale.com.br\\\/portal\\\/?p=179527\"},\"author\":{\"name\":\"Reda\u00e7\u00e3o Aconteceu no Vale\",\"@id\":\"https:\\\/\\\/aconteceunovale.com.br\\\/portal\\\/#\\\/schema\\\/person\\\/7d2f26d1483f8a63de73da1ee0754d35\"},\"headline\":\"Supremo Tribunal Federal confirma decis\u00e3o que considera Sergio Moro parcial no caso do tr\u00edplex\",\"datePublished\":\"2021-06-24T00:18:39+00:00\",\"dateModified\":\"2021-06-24T00:19:39+00:00\",\"mainEntityOfPage\":{\"@id\":\"https:\\\/\\\/aconteceunovale.com.br\\\/portal\\\/?p=179527\"},\"wordCount\":292,\"commentCount\":0,\"image\":{\"@id\":\"https:\\\/\\\/aconteceunovale.com.br\\\/portal\\\/?p=179527#primaryimage\"},\"thumbnailUrl\":\"https:\\\/\\\/aconteceunovale.com.br\\\/portal\\\/wp-content\\\/uploads\\\/2016\\\/02\\\/stf.jpg\",\"keywords\":[\"C\u00e1rmen L\u00facia\",\"Caso do triplex do Guaruj\u00e1\",\"destaque\",\"Edson Fachin\",\"Ex-juiz Sergio Moro\",\"ex-presidente Lula\",\"Gilmar Mendes\",\"Imparcialidade no julgamento do caso do triplex do Guaruj\u00e1\",\"Julgamento de suspei\u00e7\u00e3o de Moro\",\"Luiz In\u00e1cio Lula da Silva\",\"Lula\",\"Nunes Marques\",\"Opera\u00e7\u00e3o Lava Jato\",\"Parcialidade de Moro\",\"Ricardo\",\"Sergio Moro\",\"STF\",\"Supremo considera que Sergio Moro foi parcial nos processos de Lula\",\"Supremo Tribunal Federal\",\"Suspei\u00e7\u00e3o de Moro\",\"Suspei\u00e7\u00e3o de Moro no caso do triplex do Guaruj\u00e1\",\"tr\u00edplex do Guaruj\u00e1\"],\"articleSection\":[\"Brasil\",\"Pol\u00edtica\"],\"inLanguage\":\"pt-BR\",\"potentialAction\":[{\"@type\":\"CommentAction\",\"name\":\"Comment\",\"target\":[\"https:\\\/\\\/aconteceunovale.com.br\\\/portal\\\/?p=179527#respond\"]}]},{\"@type\":\"WebPage\",\"@id\":\"https:\\\/\\\/aconteceunovale.com.br\\\/portal\\\/?p=179527\",\"url\":\"https:\\\/\\\/aconteceunovale.com.br\\\/portal\\\/?p=179527\",\"name\":\"Supremo Tribunal Federal confirma decis\u00e3o que considera Sergio Moro parcial no caso do tr\u00edplex - Aconteceu no Vale\",\"isPartOf\":{\"@id\":\"https:\\\/\\\/aconteceunovale.com.br\\\/portal\\\/#website\"},\"primaryImageOfPage\":{\"@id\":\"https:\\\/\\\/aconteceunovale.com.br\\\/portal\\\/?p=179527#primaryimage\"},\"image\":{\"@id\":\"https:\\\/\\\/aconteceunovale.com.br\\\/portal\\\/?p=179527#primaryimage\"},\"thumbnailUrl\":\"https:\\\/\\\/aconteceunovale.com.br\\\/portal\\\/wp-content\\\/uploads\\\/2016\\\/02\\\/stf.jpg\",\"datePublished\":\"2021-06-24T00:18:39+00:00\",\"dateModified\":\"2021-06-24T00:19:39+00:00\",\"author\":{\"@id\":\"https:\\\/\\\/aconteceunovale.com.br\\\/portal\\\/#\\\/schema\\\/person\\\/7d2f26d1483f8a63de73da1ee0754d35\"},\"breadcrumb\":{\"@id\":\"https:\\\/\\\/aconteceunovale.com.br\\\/portal\\\/?p=179527#breadcrumb\"},\"inLanguage\":\"pt-BR\",\"potentialAction\":[{\"@type\":\"ReadAction\",\"target\":[\"https:\\\/\\\/aconteceunovale.com.br\\\/portal\\\/?p=179527\"]}]},{\"@type\":\"ImageObject\",\"inLanguage\":\"pt-BR\",\"@id\":\"https:\\\/\\\/aconteceunovale.com.br\\\/portal\\\/?p=179527#primaryimage\",\"url\":\"https:\\\/\\\/aconteceunovale.com.br\\\/portal\\\/wp-content\\\/uploads\\\/2016\\\/02\\\/stf.jpg\",\"contentUrl\":\"https:\\\/\\\/aconteceunovale.com.br\\\/portal\\\/wp-content\\\/uploads\\\/2016\\\/02\\\/stf.jpg\",\"width\":646,\"height\":426},{\"@type\":\"BreadcrumbList\",\"@id\":\"https:\\\/\\\/aconteceunovale.com.br\\\/portal\\\/?p=179527#breadcrumb\",\"itemListElement\":[{\"@type\":\"ListItem\",\"position\":1,\"name\":\"In\u00edcio\",\"item\":\"https:\\\/\\\/aconteceunovale.com.br\\\/portal\\\/\"},{\"@type\":\"ListItem\",\"position\":2,\"name\":\"Supremo Tribunal Federal confirma decis\u00e3o que considera Sergio Moro parcial no caso do tr\u00edplex\"}]},{\"@type\":\"WebSite\",\"@id\":\"https:\\\/\\\/aconteceunovale.com.br\\\/portal\\\/#website\",\"url\":\"https:\\\/\\\/aconteceunovale.com.br\\\/portal\\\/\",\"name\":\"Aconteceu no Vale\",\"description\":\"Portal de Not\u00edcias\",\"potentialAction\":[{\"@type\":\"SearchAction\",\"target\":{\"@type\":\"EntryPoint\",\"urlTemplate\":\"https:\\\/\\\/aconteceunovale.com.br\\\/portal\\\/?s={search_term_string}\"},\"query-input\":{\"@type\":\"PropertyValueSpecification\",\"valueRequired\":true,\"valueName\":\"search_term_string\"}}],\"inLanguage\":\"pt-BR\"},{\"@type\":\"Person\",\"@id\":\"https:\\\/\\\/aconteceunovale.com.br\\\/portal\\\/#\\\/schema\\\/person\\\/7d2f26d1483f8a63de73da1ee0754d35\",\"name\":\"Reda\u00e7\u00e3o Aconteceu no Vale\",\"description\":\"Equipe de reportagem do Aconteceu no Vale, portal de not\u00edcias do Vale do Jequitinhonha, em Minas Gerais. Cobrimos as 51 cidades do Vale desde 2013. Sugest\u00f5es de pauta e pedidos de corre\u00e7\u00e3o: contato@aconteceunovale.com.br\",\"url\":\"https:\\\/\\\/aconteceunovale.com.br\\\/portal\\\/?author=4\"}]}<\/script>\n<!-- \/ Yoast SEO plugin. -->","yoast_head_json":{"title":"Supremo Tribunal Federal confirma decis\u00e3o que considera Sergio Moro parcial no caso do tr\u00edplex - Aconteceu no Vale","robots":{"index":"index","follow":"follow","max-snippet":"max-snippet:-1","max-image-preview":"max-image-preview:large","max-video-preview":"max-video-preview:-1"},"canonical":"https:\/\/aconteceunovale.com.br\/portal\/?p=179527","og_locale":"pt_BR","og_type":"article","og_title":"Supremo Tribunal Federal confirma decis\u00e3o que considera Sergio Moro parcial no caso do tr\u00edplex - Aconteceu no Vale","og_description":"Por 7 votos a 4, o Supremo Tribunal Federal (STF) decidiu hoje (23) manter a decis\u00e3o que reconheceu a parcialidade do ex-juiz Sergio Moro na condu\u00e7\u00e3o do processo do triplex envolvendo o ex-presidente Luiz In\u00e1cio Lula da Silva na Opera\u00e7\u00e3o Lava Jato.&nbsp; Em abril, quando o placar da vota\u00e7\u00e3o estava em 7 votos a 2 [&hellip;]","og_url":"https:\/\/aconteceunovale.com.br\/portal\/?p=179527","og_site_name":"Aconteceu no Vale","article_publisher":"https:\/\/www.facebook.com\/aconteceunovale\/","article_published_time":"2021-06-24T00:18:39+00:00","article_modified_time":"2021-06-24T00:19:39+00:00","og_image":[{"width":646,"height":426,"url":"https:\/\/aconteceunovale.com.br\/portal\/wp-content\/uploads\/2016\/02\/stf.jpg","type":"image\/jpeg"}],"author":"Reda\u00e7\u00e3o Aconteceu no Vale","twitter_card":"summary_large_image","twitter_creator":"@noticiadosvales","twitter_site":"@noticiadosvales","twitter_misc":{"Escrito por":"Reda\u00e7\u00e3o Aconteceu no Vale","Est. tempo de leitura":"1 minuto"},"schema":{"@context":"https:\/\/schema.org","@graph":[{"@type":"Article","@id":"https:\/\/aconteceunovale.com.br\/portal\/?p=179527#article","isPartOf":{"@id":"https:\/\/aconteceunovale.com.br\/portal\/?p=179527"},"author":{"name":"Reda\u00e7\u00e3o Aconteceu no Vale","@id":"https:\/\/aconteceunovale.com.br\/portal\/#\/schema\/person\/7d2f26d1483f8a63de73da1ee0754d35"},"headline":"Supremo Tribunal Federal confirma decis\u00e3o que considera Sergio Moro parcial no caso do tr\u00edplex","datePublished":"2021-06-24T00:18:39+00:00","dateModified":"2021-06-24T00:19:39+00:00","mainEntityOfPage":{"@id":"https:\/\/aconteceunovale.com.br\/portal\/?p=179527"},"wordCount":292,"commentCount":0,"image":{"@id":"https:\/\/aconteceunovale.com.br\/portal\/?p=179527#primaryimage"},"thumbnailUrl":"https:\/\/aconteceunovale.com.br\/portal\/wp-content\/uploads\/2016\/02\/stf.jpg","keywords":["C\u00e1rmen L\u00facia","Caso do triplex do Guaruj\u00e1","destaque","Edson Fachin","Ex-juiz Sergio Moro","ex-presidente Lula","Gilmar Mendes","Imparcialidade no julgamento do caso do triplex do Guaruj\u00e1","Julgamento de suspei\u00e7\u00e3o de Moro","Luiz In\u00e1cio Lula da Silva","Lula","Nunes Marques","Opera\u00e7\u00e3o Lava Jato","Parcialidade de Moro","Ricardo","Sergio Moro","STF","Supremo considera que Sergio Moro foi parcial nos processos de Lula","Supremo Tribunal Federal","Suspei\u00e7\u00e3o de Moro","Suspei\u00e7\u00e3o de Moro no caso do triplex do Guaruj\u00e1","tr\u00edplex do Guaruj\u00e1"],"articleSection":["Brasil","Pol\u00edtica"],"inLanguage":"pt-BR","potentialAction":[{"@type":"CommentAction","name":"Comment","target":["https:\/\/aconteceunovale.com.br\/portal\/?p=179527#respond"]}]},{"@type":"WebPage","@id":"https:\/\/aconteceunovale.com.br\/portal\/?p=179527","url":"https:\/\/aconteceunovale.com.br\/portal\/?p=179527","name":"Supremo Tribunal Federal confirma decis\u00e3o que considera Sergio Moro parcial no caso do tr\u00edplex - Aconteceu no Vale","isPartOf":{"@id":"https:\/\/aconteceunovale.com.br\/portal\/#website"},"primaryImageOfPage":{"@id":"https:\/\/aconteceunovale.com.br\/portal\/?p=179527#primaryimage"},"image":{"@id":"https:\/\/aconteceunovale.com.br\/portal\/?p=179527#primaryimage"},"thumbnailUrl":"https:\/\/aconteceunovale.com.br\/portal\/wp-content\/uploads\/2016\/02\/stf.jpg","datePublished":"2021-06-24T00:18:39+00:00","dateModified":"2021-06-24T00:19:39+00:00","author":{"@id":"https:\/\/aconteceunovale.com.br\/portal\/#\/schema\/person\/7d2f26d1483f8a63de73da1ee0754d35"},"breadcrumb":{"@id":"https:\/\/aconteceunovale.com.br\/portal\/?p=179527#breadcrumb"},"inLanguage":"pt-BR","potentialAction":[{"@type":"ReadAction","target":["https:\/\/aconteceunovale.com.br\/portal\/?p=179527"]}]},{"@type":"ImageObject","inLanguage":"pt-BR","@id":"https:\/\/aconteceunovale.com.br\/portal\/?p=179527#primaryimage","url":"https:\/\/aconteceunovale.com.br\/portal\/wp-content\/uploads\/2016\/02\/stf.jpg","contentUrl":"https:\/\/aconteceunovale.com.br\/portal\/wp-content\/uploads\/2016\/02\/stf.jpg","width":646,"height":426},{"@type":"BreadcrumbList","@id":"https:\/\/aconteceunovale.com.br\/portal\/?p=179527#breadcrumb","itemListElement":[{"@type":"ListItem","position":1,"name":"In\u00edcio","item":"https:\/\/aconteceunovale.com.br\/portal\/"},{"@type":"ListItem","position":2,"name":"Supremo Tribunal Federal confirma decis\u00e3o que considera Sergio Moro parcial no caso do tr\u00edplex"}]},{"@type":"WebSite","@id":"https:\/\/aconteceunovale.com.br\/portal\/#website","url":"https:\/\/aconteceunovale.com.br\/portal\/","name":"Aconteceu no Vale","description":"Portal de Not\u00edcias","potentialAction":[{"@type":"SearchAction","target":{"@type":"EntryPoint","urlTemplate":"https:\/\/aconteceunovale.com.br\/portal\/?s={search_term_string}"},"query-input":{"@type":"PropertyValueSpecification","valueRequired":true,"valueName":"search_term_string"}}],"inLanguage":"pt-BR"},{"@type":"Person","@id":"https:\/\/aconteceunovale.com.br\/portal\/#\/schema\/person\/7d2f26d1483f8a63de73da1ee0754d35","name":"Reda\u00e7\u00e3o Aconteceu no Vale","description":"Equipe de reportagem do Aconteceu no Vale, portal de not\u00edcias do Vale do Jequitinhonha, em Minas Gerais. Cobrimos as 51 cidades do Vale desde 2013. Sugest\u00f5es de pauta e pedidos de corre\u00e7\u00e3o: contato@aconteceunovale.com.br","url":"https:\/\/aconteceunovale.com.br\/portal\/?author=4"}]}},"_links":{"self":[{"href":"https:\/\/aconteceunovale.com.br\/portal\/index.php?rest_route=\/wp\/v2\/posts\/179527","targetHints":{"allow":["GET"]}}],"collection":[{"href":"https:\/\/aconteceunovale.com.br\/portal\/index.php?rest_route=\/wp\/v2\/posts"}],"about":[{"href":"https:\/\/aconteceunovale.com.br\/portal\/index.php?rest_route=\/wp\/v2\/types\/post"}],"author":[{"embeddable":true,"href":"https:\/\/aconteceunovale.com.br\/portal\/index.php?rest_route=\/wp\/v2\/users\/4"}],"replies":[{"embeddable":true,"href":"https:\/\/aconteceunovale.com.br\/portal\/index.php?rest_route=%2Fwp%2Fv2%2Fcomments&post=179527"}],"version-history":[{"count":1,"href":"https:\/\/aconteceunovale.com.br\/portal\/index.php?rest_route=\/wp\/v2\/posts\/179527\/revisions"}],"predecessor-version":[{"id":179528,"href":"https:\/\/aconteceunovale.com.br\/portal\/index.php?rest_route=\/wp\/v2\/posts\/179527\/revisions\/179528"}],"wp:featuredmedia":[{"embeddable":true,"href":"https:\/\/aconteceunovale.com.br\/portal\/index.php?rest_route=\/wp\/v2\/media\/79185"}],"wp:attachment":[{"href":"https:\/\/aconteceunovale.com.br\/portal\/index.php?rest_route=%2Fwp%2Fv2%2Fmedia&parent=179527"}],"wp:term":[{"taxonomy":"category","embeddable":true,"href":"https:\/\/aconteceunovale.com.br\/portal\/index.php?rest_route=%2Fwp%2Fv2%2Fcategories&post=179527"},{"taxonomy":"post_tag","embeddable":true,"href":"https:\/\/aconteceunovale.com.br\/portal\/index.php?rest_route=%2Fwp%2Fv2%2Ftags&post=179527"}],"curies":[{"name":"wp","href":"https:\/\/api.w.org\/{rel}","templated":true}]}}