{"id":179521,"date":"2021-06-23T21:07:56","date_gmt":"2021-06-24T00:07:56","guid":{"rendered":"https:\/\/aconteceunovale.com.br\/portal\/?p=179521"},"modified":"2021-06-23T21:10:30","modified_gmt":"2021-06-24T00:10:30","slug":"ricardo-salles-e-exonerado-do-ministerio-do-meio-ambiente","status":"publish","type":"post","link":"https:\/\/aconteceunovale.com.br\/portal\/?p=179521","title":{"rendered":"Ricardo Salles \u00e9 exonerado do Minist\u00e9rio do Meio Ambiente"},"content":{"rendered":"\n<p class=\"wp-block-paragraph\">O ministro do Meio Ambiente, Ricardo Salles, pediu demiss\u00e3o do cargo nesta quarta-feira (23\/6\/2021). A exonera\u00e7\u00e3o, assinada pelo presidente Jair Bolsonaro, foi publicada em edi\u00e7\u00e3o extra do\u00a0<a rel=\"noreferrer noopener\" href=\"https:\/\/www.in.gov.br\/en\/web\/dou\/-\/decretos-de-23-de-junho-de-2021-327568042\" target=\"_blank\"><strong>Di\u00e1rio Oficial da Uni\u00e3o<\/strong><\/a>.<\/p>\n\n\n\n<figure class=\"wp-block-gallery columns-1 is-cropped wp-block-gallery-1 is-layout-flex wp-block-gallery-is-layout-flex\"><ul class=\"blocks-gallery-grid\"><li class=\"blocks-gallery-item\"><figure><img loading=\"lazy\" decoding=\"async\" width=\"678\" height=\"406\" src=\"https:\/\/aconteceunovale.com.br\/portal\/wp-content\/uploads\/2021\/06\/ricardo_salles.jpg\" alt=\"\" data-id=\"179523\" data-full-url=\"https:\/\/aconteceunovale.com.br\/portal\/wp-content\/uploads\/2021\/06\/ricardo_salles.jpg\" data-link=\"https:\/\/aconteceunovale.com.br\/portal\/?attachment_id=179523\" class=\"wp-image-179523\" srcset=\"https:\/\/aconteceunovale.com.br\/portal\/wp-content\/uploads\/2021\/06\/ricardo_salles.jpg 678w, https:\/\/aconteceunovale.com.br\/portal\/wp-content\/uploads\/2021\/06\/ricardo_salles-300x180.jpg 300w\" sizes=\"auto, (max-width: 678px) 100vw, 678px\" \/><figcaption class=\"blocks-gallery-item__caption\"><em>Foto: Jos\u00e9 Cruz\/Ag\u00eancia Brasil<\/em><\/figcaption><\/figure><\/li><\/ul><\/figure>\n\n\n\n<p class=\"wp-block-paragraph\">No lugar de Salles, o presidente nomeou Joaquim \u00c1lvaro Pereira Leite, que at\u00e9 ent\u00e3o ocupava o cargo de secret\u00e1rio da Amaz\u00f4nia e Servi\u00e7os Ambientais do minist\u00e9rio.<\/p>\n\n\n\n<p class=\"wp-block-paragraph\">Ap\u00f3s a publica\u00e7\u00e3o de sua exonera\u00e7\u00e3o, Ricardo Salles fez um pronunciamento \u00e0 imprensa, no Pal\u00e1cio do Planalto, para explicar os motivos de sua sa\u00edda. Segundo ele, est\u00e1 ocorrendo no pa\u00eds um processo de &#8220;criminaliza\u00e7\u00e3o&#8221; de opini\u00f5es divergentes sobre a quest\u00e3o ambiental e, por isso, ele estava abrindo espa\u00e7o para maior di\u00e1logo.<\/p>\n\n\n\n<h2 class=\"wp-block-heading\">Assista ao pronunciamento de Salles:<\/h2>\n\n\n\n<figure class=\"wp-block-embed is-type-rich is-provider-incorporar-manipulador wp-block-embed-incorporar-manipulador wp-embed-aspect-16-9 wp-has-aspect-ratio\"><div class=\"wp-block-embed__wrapper\">\n<iframe loading=\"lazy\" title=\"#AoVivo: Acompanhe transmiss\u00e3o do Pal\u00e1cio do Planalto\" width=\"696\" height=\"392\" src=\"https:\/\/www.youtube.com\/embed\/wDqnY8SqP0M?feature=oembed\" frameborder=\"0\" allow=\"accelerometer; autoplay; clipboard-write; encrypted-media; gyroscope; picture-in-picture\" allowfullscreen><\/iframe>\n<\/div><\/figure>\n\n\n\n<p class=\"wp-block-paragraph\">&#8220;Eu entendo que o Brasil, ao longo desse ano e no ano que vem, na inser\u00e7\u00e3o internacional e tamb\u00e9m na agenda nacional, precisa&nbsp;ter&nbsp;uma uni\u00e3o muito forte de interesses, de anseios e de esfor\u00e7os. E para que isso se fa\u00e7a da maneira mais serena poss\u00edvel, eu apresentei ao senhor presidente o meu pedido de exonera\u00e7\u00e3o, que foi atendido e eu serei substitu\u00eddo pelo secret\u00e1rio Joaquim \u00c1lvaro Pereira Leite, que tamb\u00e9m tem muita experi\u00eancia e conhece todos esses assuntos&#8221;, afirmou.<\/p>\n\n\n\n<p class=\"wp-block-paragraph\">Salles tamb\u00e9m fez um balan\u00e7o de seus dois anos e meio de gest\u00e3o, destacando que buscou cumprir a orienta\u00e7\u00e3o do presidente em equilibrar o desenvolvimento econ\u00f4mico com o meio ambiente, com respeito ao setor privado, ao agroneg\u00f3cio e aos empres\u00e1rios.<\/p>\n\n\n\n<p class=\"wp-block-paragraph\">Entre as medidas citadas pelo ex-ministro, est\u00e3o a aprova\u00e7\u00e3o do\u00a0Marco Legal do Saneamento B\u00e1sico, o programa\u00a0Lix\u00e3o Zero, o programa de\u00a0concess\u00f5es de parques nacionais\u00a0e a abertura de concurso para o Ibama e o Instituto Chico Mendes de Conserva\u00e7\u00e3o da Biodiversidade (ICMBio). Ele tamb\u00e9m mencionou o programa\u00a0Adote um Parque, que prev\u00ea a obten\u00e7\u00e3o de recursos de empresas para a preserva\u00e7\u00e3o de florestas.<\/p>\n\n\n\n<h2 class=\"wp-block-heading\">Investiga\u00e7\u00e3o<\/h2>\n\n\n\n<p class=\"wp-block-paragraph\">Ricardo Salles, que ocupava o cargo desde o in\u00edcio do mandato de Bolsonaro, em 2019, \u00e9 investigado em dois inqu\u00e9ritos no Supremo Tribunal Federal (STF).<\/p>\n\n\n\n<p class=\"wp-block-paragraph\">No m\u00eas passado, por decis\u00e3o do ministro Alexandre de Moraes, do STF, Salles foi alvo de mandados de busca e apreens\u00e3o e teve seus sigilos banc\u00e1rio e fiscal quebrados, no \u00e2mbito da\u00a0Opera\u00e7\u00e3o Akuanduba, deflagrada pela Pol\u00edcia Federal (PF). O \u00f3rg\u00e3o apura crimes de corrup\u00e7\u00e3o, advocacia administrativa, prevarica\u00e7\u00e3o e facilita\u00e7\u00e3o de contrabando, praticados por agentes p\u00fablicos e empres\u00e1rios. <\/p>\n\n\n\n<p class=\"wp-block-paragraph\">A suspeita \u00e9 da exist\u00eancia de um esquema internacional de exporta\u00e7\u00e3o ilegal de madeira. Al\u00e9m do agora ex-ministro, outras 17 pessoas s\u00e3o investigadas. Na \u00e9poca, o STF tamb\u00e9m determinou o afastamento de Eduardo Bim do cargo de presidente do Instituto Brasileiro do Meio Ambiente e dos Recursos Naturais Renov\u00e1veis (Ibama).<\/p>\n\n\n\n<p class=\"wp-block-paragraph\">&#8212;&#8212;&#8212;&#8212;&#8212;&#8212;<br><em>Quer receber as not\u00edcias do <strong>Aconteceu no Vale<\/strong> em primeira m\u00e3o? Siga-nos no Facebook <a rel=\"noreferrer noopener\" href=\"http:\/\/facebook.com\/aconteceunovale\" target=\"_blank\">@aconteceunovale<\/a>, Twitter <a rel=\"noreferrer noopener\" href=\"https:\/\/twitter.com\/noticiadosvales\" target=\"_blank\">@noticiadosvales<\/a> e Instagram <a rel=\"noreferrer noopener\" href=\"https:\/\/www.instagram.com\/aconteceunovale\" target=\"_blank\">@aconteceunovale<\/a>.<\/em><\/p>\n","protected":false},"excerpt":{"rendered":"<p>O ministro do Meio Ambiente, Ricardo Salles, pediu demiss\u00e3o do cargo nesta quarta-feira (23\/6\/2021). A exonera\u00e7\u00e3o, assinada pelo presidente Jair Bolsonaro, foi publicada em edi\u00e7\u00e3o extra do\u00a0Di\u00e1rio Oficial da Uni\u00e3o. No lugar de Salles, o presidente nomeou Joaquim \u00c1lvaro Pereira Leite, que at\u00e9 ent\u00e3o ocupava o cargo de secret\u00e1rio da Amaz\u00f4nia e Servi\u00e7os Ambientais do [&hellip;]<\/p>\n","protected":false},"author":4,"featured_media":179523,"comment_status":"open","ping_status":"closed","sticky":false,"template":"","format":"standard","meta":{"amp_status":"","footnotes":""},"categories":[6,40240],"tags":[247073,100375,247066,247068,1018,247067,247069,54148,19517,97655,26436,247070,214860,1829,181281,94968,247074,247072,224935,247071,193084,28511],"class_list":["post-179521","post","type-post","status-publish","format-standard","has-post-thumbnail","hentry","category-br","category-politica","tag-adote-um-parque","tag-bolsonaro","tag-demissao-de-ricardo-salles","tag-demissao-do-ministro-de-meio-ambiente","tag-destaque","tag-exoneracao-de-ricardo-salles","tag-exoneracao-do-ministro-de-meio-ambiente","tag-ibama","tag-icmbio","tag-instituto-chico-mendes-de-conservacao-da-biodiversidade","tag-jair-bolsonaro","tag-joaquim-alvaro-pereira-leite","tag-marco-legal-do-saneamento-basico","tag-meio-ambiente","tag-ministerio-do-meio-ambiente","tag-novo-ministro-do-meio-ambiente","tag-operacao-akuanduba","tag-programa-de-concessoes-de-parques-nacionais","tag-programa-lixao-zero","tag-pronunciamento-de-ricardo-salles","tag-ricardo-salles","tag-stf"],"yoast_head":"<!-- This site is optimized with the Yoast SEO plugin v28.3 - https:\/\/yoast.com\/product\/yoast-seo-wordpress\/ -->\n<title>Ricardo Salles \u00e9 exonerado do Minist\u00e9rio do Meio Ambiente - Aconteceu no Vale<\/title>\n<meta name=\"robots\" content=\"index, follow, max-snippet:-1, max-image-preview:large, max-video-preview:-1\" \/>\n<link rel=\"canonical\" href=\"https:\/\/aconteceunovale.com.br\/portal\/?p=179521\" \/>\n<meta property=\"og:locale\" content=\"pt_BR\" \/>\n<meta property=\"og:type\" content=\"article\" \/>\n<meta property=\"og:title\" content=\"Ricardo Salles \u00e9 exonerado do Minist\u00e9rio do Meio Ambiente - Aconteceu no Vale\" \/>\n<meta property=\"og:description\" content=\"O ministro do Meio Ambiente, Ricardo Salles, pediu demiss\u00e3o do cargo nesta quarta-feira (23\/6\/2021). A exonera\u00e7\u00e3o, assinada pelo presidente Jair Bolsonaro, foi publicada em edi\u00e7\u00e3o extra do\u00a0Di\u00e1rio Oficial da Uni\u00e3o. No lugar de Salles, o presidente nomeou Joaquim \u00c1lvaro Pereira Leite, que at\u00e9 ent\u00e3o ocupava o cargo de secret\u00e1rio da Amaz\u00f4nia e Servi\u00e7os Ambientais do [&hellip;]\" \/>\n<meta property=\"og:url\" content=\"https:\/\/aconteceunovale.com.br\/portal\/?p=179521\" \/>\n<meta property=\"og:site_name\" content=\"Aconteceu no Vale\" \/>\n<meta property=\"article:publisher\" content=\"https:\/\/www.facebook.com\/aconteceunovale\/\" \/>\n<meta property=\"article:published_time\" content=\"2021-06-24T00:07:56+00:00\" \/>\n<meta property=\"article:modified_time\" content=\"2021-06-24T00:10:30+00:00\" \/>\n<meta property=\"og:image\" content=\"https:\/\/aconteceunovale.com.br\/portal\/wp-content\/uploads\/2021\/06\/ricardo_salles.jpg\" \/>\n\t<meta property=\"og:image:width\" content=\"678\" \/>\n\t<meta property=\"og:image:height\" content=\"406\" \/>\n\t<meta property=\"og:image:type\" content=\"image\/jpeg\" \/>\n<meta name=\"author\" content=\"Reda\u00e7\u00e3o Aconteceu no Vale\" \/>\n<meta name=\"twitter:card\" content=\"summary_large_image\" \/>\n<meta name=\"twitter:creator\" content=\"@noticiadosvales\" \/>\n<meta name=\"twitter:site\" content=\"@noticiadosvales\" \/>\n<meta name=\"twitter:label1\" content=\"Escrito por\" \/>\n\t<meta name=\"twitter:data1\" content=\"Reda\u00e7\u00e3o Aconteceu no Vale\" \/>\n\t<meta name=\"twitter:label2\" content=\"Est. tempo de leitura\" \/>\n\t<meta name=\"twitter:data2\" content=\"3 minutos\" \/>\n<script type=\"application\/ld+json\" class=\"yoast-schema-graph\">{\"@context\":\"https:\\\/\\\/schema.org\",\"@graph\":[{\"@type\":\"Article\",\"@id\":\"https:\\\/\\\/aconteceunovale.com.br\\\/portal\\\/?p=179521#article\",\"isPartOf\":{\"@id\":\"https:\\\/\\\/aconteceunovale.com.br\\\/portal\\\/?p=179521\"},\"author\":{\"name\":\"Reda\u00e7\u00e3o Aconteceu no Vale\",\"@id\":\"https:\\\/\\\/aconteceunovale.com.br\\\/portal\\\/#\\\/schema\\\/person\\\/7d2f26d1483f8a63de73da1ee0754d35\"},\"headline\":\"Ricardo Salles \u00e9 exonerado do Minist\u00e9rio do Meio Ambiente\",\"datePublished\":\"2021-06-24T00:07:56+00:00\",\"dateModified\":\"2021-06-24T00:10:30+00:00\",\"mainEntityOfPage\":{\"@id\":\"https:\\\/\\\/aconteceunovale.com.br\\\/portal\\\/?p=179521\"},\"wordCount\":543,\"commentCount\":1,\"image\":{\"@id\":\"https:\\\/\\\/aconteceunovale.com.br\\\/portal\\\/?p=179521#primaryimage\"},\"thumbnailUrl\":\"https:\\\/\\\/aconteceunovale.com.br\\\/portal\\\/wp-content\\\/uploads\\\/2021\\\/06\\\/ricardo_salles.jpg\",\"keywords\":[\"Adote um Parque\",\"Bolsonaro\",\"Demiss\u00e3o de Ricardo Salles\",\"Demiss\u00e3o do ministro de Meio Ambiente\",\"destaque\",\"Exonera\u00e7\u00e3o de Ricardo Salles\",\"Exonera\u00e7\u00e3o do ministro de Meio Ambiente\",\"Ibama\",\"ICmbio\",\"Instituto Chico Mendes de Conserva\u00e7\u00e3o da Biodiversidade\",\"Jair Bolsonaro\",\"Joaquim \u00c1lvaro Pereira Leite\",\"Marco Legal do Saneamento B\u00e1sico\",\"Meio Ambiente\",\"Minist\u00e9rio do Meio Ambiente\",\"novo ministro do Meio Ambiente\",\"Opera\u00e7\u00e3o Akuanduba\",\"Programa de concess\u00f5es de parques nacionais\",\"Programa Lix\u00e3o Zero\",\"Pronunciamento de Ricardo Salles\",\"Ricardo Salles\",\"STF\"],\"articleSection\":[\"Brasil\",\"Pol\u00edtica\"],\"inLanguage\":\"pt-BR\",\"potentialAction\":[{\"@type\":\"CommentAction\",\"name\":\"Comment\",\"target\":[\"https:\\\/\\\/aconteceunovale.com.br\\\/portal\\\/?p=179521#respond\"]}]},{\"@type\":\"WebPage\",\"@id\":\"https:\\\/\\\/aconteceunovale.com.br\\\/portal\\\/?p=179521\",\"url\":\"https:\\\/\\\/aconteceunovale.com.br\\\/portal\\\/?p=179521\",\"name\":\"Ricardo Salles \u00e9 exonerado do Minist\u00e9rio do Meio Ambiente - Aconteceu no Vale\",\"isPartOf\":{\"@id\":\"https:\\\/\\\/aconteceunovale.com.br\\\/portal\\\/#website\"},\"primaryImageOfPage\":{\"@id\":\"https:\\\/\\\/aconteceunovale.com.br\\\/portal\\\/?p=179521#primaryimage\"},\"image\":{\"@id\":\"https:\\\/\\\/aconteceunovale.com.br\\\/portal\\\/?p=179521#primaryimage\"},\"thumbnailUrl\":\"https:\\\/\\\/aconteceunovale.com.br\\\/portal\\\/wp-content\\\/uploads\\\/2021\\\/06\\\/ricardo_salles.jpg\",\"datePublished\":\"2021-06-24T00:07:56+00:00\",\"dateModified\":\"2021-06-24T00:10:30+00:00\",\"author\":{\"@id\":\"https:\\\/\\\/aconteceunovale.com.br\\\/portal\\\/#\\\/schema\\\/person\\\/7d2f26d1483f8a63de73da1ee0754d35\"},\"breadcrumb\":{\"@id\":\"https:\\\/\\\/aconteceunovale.com.br\\\/portal\\\/?p=179521#breadcrumb\"},\"inLanguage\":\"pt-BR\",\"potentialAction\":[{\"@type\":\"ReadAction\",\"target\":[\"https:\\\/\\\/aconteceunovale.com.br\\\/portal\\\/?p=179521\"]}]},{\"@type\":\"ImageObject\",\"inLanguage\":\"pt-BR\",\"@id\":\"https:\\\/\\\/aconteceunovale.com.br\\\/portal\\\/?p=179521#primaryimage\",\"url\":\"https:\\\/\\\/aconteceunovale.com.br\\\/portal\\\/wp-content\\\/uploads\\\/2021\\\/06\\\/ricardo_salles.jpg\",\"contentUrl\":\"https:\\\/\\\/aconteceunovale.com.br\\\/portal\\\/wp-content\\\/uploads\\\/2021\\\/06\\\/ricardo_salles.jpg\",\"width\":678,\"height\":406,\"caption\":\"O ministro do Meio Ambiente, Ricardo Salles, participa de audi\u00eancia p\u00fablica, na Comiss\u00e3o de Agricultura. Pecu\u00e1ria, Abastecimento e Desenvolvimento Rural da C\u00e2mara dos Deputados\"},{\"@type\":\"BreadcrumbList\",\"@id\":\"https:\\\/\\\/aconteceunovale.com.br\\\/portal\\\/?p=179521#breadcrumb\",\"itemListElement\":[{\"@type\":\"ListItem\",\"position\":1,\"name\":\"In\u00edcio\",\"item\":\"https:\\\/\\\/aconteceunovale.com.br\\\/portal\\\/\"},{\"@type\":\"ListItem\",\"position\":2,\"name\":\"Ricardo Salles \u00e9 exonerado do Minist\u00e9rio do Meio Ambiente\"}]},{\"@type\":\"WebSite\",\"@id\":\"https:\\\/\\\/aconteceunovale.com.br\\\/portal\\\/#website\",\"url\":\"https:\\\/\\\/aconteceunovale.com.br\\\/portal\\\/\",\"name\":\"Aconteceu no Vale\",\"description\":\"Portal de Not\u00edcias\",\"potentialAction\":[{\"@type\":\"SearchAction\",\"target\":{\"@type\":\"EntryPoint\",\"urlTemplate\":\"https:\\\/\\\/aconteceunovale.com.br\\\/portal\\\/?s={search_term_string}\"},\"query-input\":{\"@type\":\"PropertyValueSpecification\",\"valueRequired\":true,\"valueName\":\"search_term_string\"}}],\"inLanguage\":\"pt-BR\"},{\"@type\":\"Person\",\"@id\":\"https:\\\/\\\/aconteceunovale.com.br\\\/portal\\\/#\\\/schema\\\/person\\\/7d2f26d1483f8a63de73da1ee0754d35\",\"name\":\"Reda\u00e7\u00e3o Aconteceu no Vale\",\"description\":\"Equipe de reportagem do Aconteceu no Vale, portal de not\u00edcias do Vale do Jequitinhonha, em Minas Gerais. Cobrimos as 51 cidades do Vale desde 2013. Sugest\u00f5es de pauta e pedidos de corre\u00e7\u00e3o: contato@aconteceunovale.com.br\",\"url\":\"https:\\\/\\\/aconteceunovale.com.br\\\/portal\\\/?author=4\"}]}<\/script>\n<!-- \/ Yoast SEO plugin. -->","yoast_head_json":{"title":"Ricardo Salles \u00e9 exonerado do Minist\u00e9rio do Meio Ambiente - Aconteceu no Vale","robots":{"index":"index","follow":"follow","max-snippet":"max-snippet:-1","max-image-preview":"max-image-preview:large","max-video-preview":"max-video-preview:-1"},"canonical":"https:\/\/aconteceunovale.com.br\/portal\/?p=179521","og_locale":"pt_BR","og_type":"article","og_title":"Ricardo Salles \u00e9 exonerado do Minist\u00e9rio do Meio Ambiente - Aconteceu no Vale","og_description":"O ministro do Meio Ambiente, Ricardo Salles, pediu demiss\u00e3o do cargo nesta quarta-feira (23\/6\/2021). A exonera\u00e7\u00e3o, assinada pelo presidente Jair Bolsonaro, foi publicada em edi\u00e7\u00e3o extra do\u00a0Di\u00e1rio Oficial da Uni\u00e3o. No lugar de Salles, o presidente nomeou Joaquim \u00c1lvaro Pereira Leite, que at\u00e9 ent\u00e3o ocupava o cargo de secret\u00e1rio da Amaz\u00f4nia e Servi\u00e7os Ambientais do [&hellip;]","og_url":"https:\/\/aconteceunovale.com.br\/portal\/?p=179521","og_site_name":"Aconteceu no Vale","article_publisher":"https:\/\/www.facebook.com\/aconteceunovale\/","article_published_time":"2021-06-24T00:07:56+00:00","article_modified_time":"2021-06-24T00:10:30+00:00","og_image":[{"width":678,"height":406,"url":"https:\/\/aconteceunovale.com.br\/portal\/wp-content\/uploads\/2021\/06\/ricardo_salles.jpg","type":"image\/jpeg"}],"author":"Reda\u00e7\u00e3o Aconteceu no Vale","twitter_card":"summary_large_image","twitter_creator":"@noticiadosvales","twitter_site":"@noticiadosvales","twitter_misc":{"Escrito por":"Reda\u00e7\u00e3o Aconteceu no Vale","Est. tempo de leitura":"3 minutos"},"schema":{"@context":"https:\/\/schema.org","@graph":[{"@type":"Article","@id":"https:\/\/aconteceunovale.com.br\/portal\/?p=179521#article","isPartOf":{"@id":"https:\/\/aconteceunovale.com.br\/portal\/?p=179521"},"author":{"name":"Reda\u00e7\u00e3o Aconteceu no Vale","@id":"https:\/\/aconteceunovale.com.br\/portal\/#\/schema\/person\/7d2f26d1483f8a63de73da1ee0754d35"},"headline":"Ricardo Salles \u00e9 exonerado do Minist\u00e9rio do Meio Ambiente","datePublished":"2021-06-24T00:07:56+00:00","dateModified":"2021-06-24T00:10:30+00:00","mainEntityOfPage":{"@id":"https:\/\/aconteceunovale.com.br\/portal\/?p=179521"},"wordCount":543,"commentCount":1,"image":{"@id":"https:\/\/aconteceunovale.com.br\/portal\/?p=179521#primaryimage"},"thumbnailUrl":"https:\/\/aconteceunovale.com.br\/portal\/wp-content\/uploads\/2021\/06\/ricardo_salles.jpg","keywords":["Adote um Parque","Bolsonaro","Demiss\u00e3o de Ricardo Salles","Demiss\u00e3o do ministro de Meio Ambiente","destaque","Exonera\u00e7\u00e3o de Ricardo Salles","Exonera\u00e7\u00e3o do ministro de Meio Ambiente","Ibama","ICmbio","Instituto Chico Mendes de Conserva\u00e7\u00e3o da Biodiversidade","Jair Bolsonaro","Joaquim \u00c1lvaro Pereira Leite","Marco Legal do Saneamento B\u00e1sico","Meio Ambiente","Minist\u00e9rio do Meio Ambiente","novo ministro do Meio Ambiente","Opera\u00e7\u00e3o Akuanduba","Programa de concess\u00f5es de parques nacionais","Programa Lix\u00e3o Zero","Pronunciamento de Ricardo Salles","Ricardo Salles","STF"],"articleSection":["Brasil","Pol\u00edtica"],"inLanguage":"pt-BR","potentialAction":[{"@type":"CommentAction","name":"Comment","target":["https:\/\/aconteceunovale.com.br\/portal\/?p=179521#respond"]}]},{"@type":"WebPage","@id":"https:\/\/aconteceunovale.com.br\/portal\/?p=179521","url":"https:\/\/aconteceunovale.com.br\/portal\/?p=179521","name":"Ricardo Salles \u00e9 exonerado do Minist\u00e9rio do Meio Ambiente - Aconteceu no Vale","isPartOf":{"@id":"https:\/\/aconteceunovale.com.br\/portal\/#website"},"primaryImageOfPage":{"@id":"https:\/\/aconteceunovale.com.br\/portal\/?p=179521#primaryimage"},"image":{"@id":"https:\/\/aconteceunovale.com.br\/portal\/?p=179521#primaryimage"},"thumbnailUrl":"https:\/\/aconteceunovale.com.br\/portal\/wp-content\/uploads\/2021\/06\/ricardo_salles.jpg","datePublished":"2021-06-24T00:07:56+00:00","dateModified":"2021-06-24T00:10:30+00:00","author":{"@id":"https:\/\/aconteceunovale.com.br\/portal\/#\/schema\/person\/7d2f26d1483f8a63de73da1ee0754d35"},"breadcrumb":{"@id":"https:\/\/aconteceunovale.com.br\/portal\/?p=179521#breadcrumb"},"inLanguage":"pt-BR","potentialAction":[{"@type":"ReadAction","target":["https:\/\/aconteceunovale.com.br\/portal\/?p=179521"]}]},{"@type":"ImageObject","inLanguage":"pt-BR","@id":"https:\/\/aconteceunovale.com.br\/portal\/?p=179521#primaryimage","url":"https:\/\/aconteceunovale.com.br\/portal\/wp-content\/uploads\/2021\/06\/ricardo_salles.jpg","contentUrl":"https:\/\/aconteceunovale.com.br\/portal\/wp-content\/uploads\/2021\/06\/ricardo_salles.jpg","width":678,"height":406,"caption":"O ministro do Meio Ambiente, Ricardo Salles, participa de audi\u00eancia p\u00fablica, na Comiss\u00e3o de Agricultura. Pecu\u00e1ria, Abastecimento e Desenvolvimento Rural da C\u00e2mara dos Deputados"},{"@type":"BreadcrumbList","@id":"https:\/\/aconteceunovale.com.br\/portal\/?p=179521#breadcrumb","itemListElement":[{"@type":"ListItem","position":1,"name":"In\u00edcio","item":"https:\/\/aconteceunovale.com.br\/portal\/"},{"@type":"ListItem","position":2,"name":"Ricardo Salles \u00e9 exonerado do Minist\u00e9rio do Meio Ambiente"}]},{"@type":"WebSite","@id":"https:\/\/aconteceunovale.com.br\/portal\/#website","url":"https:\/\/aconteceunovale.com.br\/portal\/","name":"Aconteceu no Vale","description":"Portal de Not\u00edcias","potentialAction":[{"@type":"SearchAction","target":{"@type":"EntryPoint","urlTemplate":"https:\/\/aconteceunovale.com.br\/portal\/?s={search_term_string}"},"query-input":{"@type":"PropertyValueSpecification","valueRequired":true,"valueName":"search_term_string"}}],"inLanguage":"pt-BR"},{"@type":"Person","@id":"https:\/\/aconteceunovale.com.br\/portal\/#\/schema\/person\/7d2f26d1483f8a63de73da1ee0754d35","name":"Reda\u00e7\u00e3o Aconteceu no Vale","description":"Equipe de reportagem do Aconteceu no Vale, portal de not\u00edcias do Vale do Jequitinhonha, em Minas Gerais. Cobrimos as 51 cidades do Vale desde 2013. Sugest\u00f5es de pauta e pedidos de corre\u00e7\u00e3o: contato@aconteceunovale.com.br","url":"https:\/\/aconteceunovale.com.br\/portal\/?author=4"}]}},"_links":{"self":[{"href":"https:\/\/aconteceunovale.com.br\/portal\/index.php?rest_route=\/wp\/v2\/posts\/179521","targetHints":{"allow":["GET"]}}],"collection":[{"href":"https:\/\/aconteceunovale.com.br\/portal\/index.php?rest_route=\/wp\/v2\/posts"}],"about":[{"href":"https:\/\/aconteceunovale.com.br\/portal\/index.php?rest_route=\/wp\/v2\/types\/post"}],"author":[{"embeddable":true,"href":"https:\/\/aconteceunovale.com.br\/portal\/index.php?rest_route=\/wp\/v2\/users\/4"}],"replies":[{"embeddable":true,"href":"https:\/\/aconteceunovale.com.br\/portal\/index.php?rest_route=%2Fwp%2Fv2%2Fcomments&post=179521"}],"version-history":[{"count":1,"href":"https:\/\/aconteceunovale.com.br\/portal\/index.php?rest_route=\/wp\/v2\/posts\/179521\/revisions"}],"predecessor-version":[{"id":179524,"href":"https:\/\/aconteceunovale.com.br\/portal\/index.php?rest_route=\/wp\/v2\/posts\/179521\/revisions\/179524"}],"wp:featuredmedia":[{"embeddable":true,"href":"https:\/\/aconteceunovale.com.br\/portal\/index.php?rest_route=\/wp\/v2\/media\/179523"}],"wp:attachment":[{"href":"https:\/\/aconteceunovale.com.br\/portal\/index.php?rest_route=%2Fwp%2Fv2%2Fmedia&parent=179521"}],"wp:term":[{"taxonomy":"category","embeddable":true,"href":"https:\/\/aconteceunovale.com.br\/portal\/index.php?rest_route=%2Fwp%2Fv2%2Fcategories&post=179521"},{"taxonomy":"post_tag","embeddable":true,"href":"https:\/\/aconteceunovale.com.br\/portal\/index.php?rest_route=%2Fwp%2Fv2%2Ftags&post=179521"}],"curies":[{"name":"wp","href":"https:\/\/api.w.org\/{rel}","templated":true}]}}