{"id":179492,"date":"2021-06-22T11:36:07","date_gmt":"2021-06-22T14:36:07","guid":{"rendered":"https:\/\/aconteceunovale.com.br\/portal\/?p=179492"},"modified":"2021-07-06T09:15:48","modified_gmt":"2021-07-06T12:15:48","slug":"micareta-mais-esperada-do-brasil-ja-tem-data-marcada-para-2022","status":"publish","type":"post","link":"https:\/\/aconteceunovale.com.br\/portal\/?p=179492","title":{"rendered":"Micareta mais esperada do Brasil j\u00e1 tem data marcada para 2022"},"content":{"rendered":"\n<h3 class=\"has-text-align-center wp-block-heading\"><strong><em>Carnaporto Ax\u00e9 Moi ocorrer\u00e1 nos dias 2, 3 e 4 de mar\u00e7o; a produ\u00e7\u00e3o j\u00e1 confirmou 5 atra\u00e7\u00f5es de peso para o evento.<\/em><\/strong><\/h3>\n\n\n\n<p class=\"wp-block-paragraph\">A micareta mais esperada do Brasil j\u00e1 tem data marcada para 2022! Nos dias 2, 3 e 4 de mar\u00e7o de 2022 ocorrer\u00e1 a 25\u00aa edi\u00e7\u00e3o do <a rel=\"noreferrer noopener\" href=\"https:\/\/www.carnaporto-axemoi.com.br\/2022\/?cod=2275\" target=\"_blank\"><strong>Carnaporto Ax\u00e9 Moi<\/strong><\/a>. Mantendo a tradi\u00e7\u00e3o, o evento come\u00e7ar\u00e1 na Quarta-Feira de Cinzas, a partir das 22 horas, na Arena Ax\u00e9 Moi. Ser\u00e3o tr\u00eas noites de festa com alguns dos maiores nomes da m\u00fasica brasileira. J\u00e1 est\u00e3o confirmados: Bell Marques, Dennis DJ, Harmonia do Samba, Leo Santana e Parangol\u00e9. Outras quatro atra\u00e7\u00f5es ainda ser\u00e3o confirmadas pela produ\u00e7\u00e3o.<\/p>\n\n\n\n<p class=\"wp-block-paragraph\">O foli\u00e3o poder\u00e1 curtir com seguran\u00e7a e conforto na pista ou camarote open bar de \u00e1gua, refrigerante, cerveja Bohemia e vodka Absolut.&nbsp;<\/p>\n\n\n\n<p class=\"wp-block-paragraph\">Aproveite para comprar seu passaporte com pre\u00e7o promocional de lan\u00e7amento atrav\u00e9s do site <strong><a href=\"https:\/\/www.carnaporto-axemoi.com.br\/2022\/?cod=2275\" target=\"_blank\" rel=\"noreferrer noopener\">www.carnaporto-axemoi.com.br<\/a><\/strong>.<\/p>\n\n\n\n<p class=\"wp-block-paragraph\">Para d\u00favidas, entre em contato com o setor respons\u00e1vel atrav\u00e9s do e-mail contato@axemoi.com.br ou telefone (73) 3288-8921 (fixo).<\/p>\n\n\n\n<figure class=\"wp-block-gallery columns-3 is-cropped wp-block-gallery-1 is-layout-flex wp-block-gallery-is-layout-flex\"><ul class=\"blocks-gallery-grid\"><li class=\"blocks-gallery-item\"><figure><img loading=\"lazy\" decoding=\"async\" width=\"450\" height=\"450\" src=\"https:\/\/aconteceunovale.com.br\/portal\/wp-content\/uploads\/2021\/07\/carnaporto_3.jpg\" alt=\"\" data-id=\"179785\" data-full-url=\"https:\/\/aconteceunovale.com.br\/portal\/wp-content\/uploads\/2021\/07\/carnaporto_3.jpg\" data-link=\"https:\/\/aconteceunovale.com.br\/portal\/?attachment_id=179785\" class=\"wp-image-179785\" srcset=\"https:\/\/aconteceunovale.com.br\/portal\/wp-content\/uploads\/2021\/07\/carnaporto_3.jpg 450w, https:\/\/aconteceunovale.com.br\/portal\/wp-content\/uploads\/2021\/07\/carnaporto_3-300x300.jpg 300w, https:\/\/aconteceunovale.com.br\/portal\/wp-content\/uploads\/2021\/07\/carnaporto_3-150x150.jpg 150w, https:\/\/aconteceunovale.com.br\/portal\/wp-content\/uploads\/2021\/07\/carnaporto_3-420x420.jpg 420w\" sizes=\"auto, (max-width: 450px) 100vw, 450px\" \/><\/figure><\/li><li class=\"blocks-gallery-item\"><figure><img loading=\"lazy\" decoding=\"async\" width=\"450\" height=\"450\" src=\"https:\/\/aconteceunovale.com.br\/portal\/wp-content\/uploads\/2021\/07\/carnaporto_2.jpg\" alt=\"\" data-id=\"179786\" data-full-url=\"https:\/\/aconteceunovale.com.br\/portal\/wp-content\/uploads\/2021\/07\/carnaporto_2.jpg\" data-link=\"https:\/\/aconteceunovale.com.br\/portal\/?attachment_id=179786\" class=\"wp-image-179786\" srcset=\"https:\/\/aconteceunovale.com.br\/portal\/wp-content\/uploads\/2021\/07\/carnaporto_2.jpg 450w, https:\/\/aconteceunovale.com.br\/portal\/wp-content\/uploads\/2021\/07\/carnaporto_2-300x300.jpg 300w, https:\/\/aconteceunovale.com.br\/portal\/wp-content\/uploads\/2021\/07\/carnaporto_2-150x150.jpg 150w, https:\/\/aconteceunovale.com.br\/portal\/wp-content\/uploads\/2021\/07\/carnaporto_2-420x420.jpg 420w\" sizes=\"auto, (max-width: 450px) 100vw, 450px\" \/><\/figure><\/li><li class=\"blocks-gallery-item\"><figure><img loading=\"lazy\" decoding=\"async\" width=\"450\" height=\"450\" src=\"https:\/\/aconteceunovale.com.br\/portal\/wp-content\/uploads\/2021\/07\/carnaporto_1.jpg\" alt=\"\" data-id=\"179787\" data-full-url=\"https:\/\/aconteceunovale.com.br\/portal\/wp-content\/uploads\/2021\/07\/carnaporto_1.jpg\" data-link=\"https:\/\/aconteceunovale.com.br\/portal\/?attachment_id=179787\" class=\"wp-image-179787\" srcset=\"https:\/\/aconteceunovale.com.br\/portal\/wp-content\/uploads\/2021\/07\/carnaporto_1.jpg 450w, https:\/\/aconteceunovale.com.br\/portal\/wp-content\/uploads\/2021\/07\/carnaporto_1-300x300.jpg 300w, https:\/\/aconteceunovale.com.br\/portal\/wp-content\/uploads\/2021\/07\/carnaporto_1-150x150.jpg 150w, https:\/\/aconteceunovale.com.br\/portal\/wp-content\/uploads\/2021\/07\/carnaporto_1-420x420.jpg 420w\" sizes=\"auto, (max-width: 450px) 100vw, 450px\" \/><\/figure><\/li><\/ul><\/figure>\n\n\n\n<p class=\"wp-block-paragraph\">&#8212;&#8212;&#8212;&#8212;&#8212;&#8212;<br><em>Quer receber as not\u00edcias do <strong>Aconteceu no Vale<\/strong> em primeira m\u00e3o? Siga-nos no Facebook <a rel=\"noreferrer noopener\" href=\"http:\/\/facebook.com\/aconteceunovale\" target=\"_blank\">@aconteceunovale<\/a>, Twitter <a rel=\"noreferrer noopener\" href=\"https:\/\/twitter.com\/noticiadosvales\" target=\"_blank\">@noticiadosvales<\/a> e Instagram <a rel=\"noreferrer noopener\" href=\"https:\/\/www.instagram.com\/aconteceunovale\" target=\"_blank\">@aconteceunovale<\/a>.<\/em><\/p>\n","protected":false},"excerpt":{"rendered":"<p>Carnaporto Ax\u00e9 Moi ocorrer\u00e1 nos dias 2, 3 e 4 de mar\u00e7o; a produ\u00e7\u00e3o j\u00e1 confirmou 5 atra\u00e7\u00f5es de peso para o evento. A micareta mais esperada do Brasil j\u00e1 tem data marcada para 2022! Nos dias 2, 3 e 4 de mar\u00e7o de 2022 ocorrer\u00e1 a 25\u00aa edi\u00e7\u00e3o do Carnaporto Ax\u00e9 Moi. Mantendo a [&hellip;]<\/p>\n","protected":false},"author":4,"featured_media":179788,"comment_status":"open","ping_status":"closed","sticky":false,"template":"","format":"standard","meta":{"amp_status":"","footnotes":""},"categories":[6,125],"tags":[72791,247020,247021,134616,247022,247046,247023,134615,247024,247025,247007,29639,247026,30904,247027,247045,134628,247028,43048,247029,247030,134612,247031,247032,134613,247033,247034,247008,1018,247018,247019,247016,247017,247010,72792,247035,247036,247051,247011,247044,247012,134611,247037,247038,423,247039,247042,247043,134614,247040,247047,247041,247013,247048,247049,247050,247015,247014,247009],"class_list":["post-179492","post","type-post","status-publish","format-standard","has-post-thumbnail","hentry","category-br","category-noticias","tag-abada-carnaporto","tag-abada-carnaporto-2022","tag-abada-carnaporto-axe-moi-2022","tag-atracoes-carnaporto","tag-atracoes-carnaporto-2022","tag-atracoes-confirmadas-no-carnaporto-2022","tag-atracoes-do-carnaporto-axe-moi-2022","tag-bandas-carnaporto","tag-bandas-carnaporto-2022","tag-bandas-do-carnaporto-axe-moi-2022","tag-bell-marques-carnaporto-2022","tag-carnaporto","tag-carnaporto-2022","tag-carnaporto-axe-moi","tag-carnaporto-axe-moi-2022","tag-carnaporto-axe-moi-ocorrera-em-marco-de-2022","tag-carnaval-de-porto-seguro","tag-carnaval-de-porto-seguro-2022","tag-comprar-abada-carnaporto","tag-comprar-abada-carnaporto-2022","tag-comprar-abada-carnaporto-axe-moi-2022","tag-comprar-ingresso-carnaporto","tag-comprar-ingresso-carnaporto-2022","tag-comprar-ingresso-carnaporto-axe-moi-2022","tag-comprar-passaporte-carnaporto","tag-comprar-passaporte-carnaporto-2022","tag-comprar-passaporte-carnaporto-axe-moi-2022","tag-dennis-dj-carnaporto-2022","tag-destaque","tag-duvidas-carnaporto","tag-duvidas-carnaporto-axe-moi","tag-e-mail-axe-moi","tag-e-mail-carnaporto-axe-moi","tag-harmonia-do-samba-carnaporto-2022","tag-ingresso-carnaporto","tag-ingresso-carnaporto-2022","tag-ingresso-carnaporto-axe-moi-2022","tag-lancamento-do-carnaporto-2022","tag-leo-santana-carnaporto-2022","tag-micareta-mais-esperada-do-brasil-ja-tem-data-marcada-para-2022","tag-parangole-carnaporto-2022","tag-passaporte-carnaporto","tag-passaporte-carnaporto-2022","tag-passaporte-carnaporto-axe-moi-2022","tag-porto-seguro","tag-porto-seguro-2022","tag-primeiro-lote-do-carnaporto","tag-primeiro-lote-do-carnaporto-2022","tag-shows-carnaporto","tag-shows-carnaporto-2022","tag-shows-confirmados-no-carnaporto-2022","tag-shows-do-carnaporto-axe-moi-2022","tag-site-axe-moi","tag-site-para-compra-de-abadas-do-carnaporto","tag-site-para-compra-de-camarote-do-carnaporto","tag-site-para-compra-de-ingressos-do-carnaporto","tag-telefone-axe-moi","tag-telefone-carnaporto-axe-moi","tag-tomate-carnaporto-2022"],"yoast_head":"<!-- This site is optimized with the Yoast SEO plugin v28.3 - https:\/\/yoast.com\/product\/yoast-seo-wordpress\/ -->\n<title>Micareta mais esperada do Brasil j\u00e1 tem data marcada para 2022 - Aconteceu no Vale<\/title>\n<meta name=\"robots\" content=\"index, follow, max-snippet:-1, max-image-preview:large, max-video-preview:-1\" \/>\n<link rel=\"canonical\" href=\"https:\/\/aconteceunovale.com.br\/portal\/?p=179492\" \/>\n<meta property=\"og:locale\" content=\"pt_BR\" \/>\n<meta property=\"og:type\" content=\"article\" \/>\n<meta property=\"og:title\" content=\"Micareta mais esperada do Brasil j\u00e1 tem data marcada para 2022 - Aconteceu no Vale\" \/>\n<meta property=\"og:description\" content=\"Carnaporto Ax\u00e9 Moi ocorrer\u00e1 nos dias 2, 3 e 4 de mar\u00e7o; a produ\u00e7\u00e3o j\u00e1 confirmou 5 atra\u00e7\u00f5es de peso para o evento. A micareta mais esperada do Brasil j\u00e1 tem data marcada para 2022! Nos dias 2, 3 e 4 de mar\u00e7o de 2022 ocorrer\u00e1 a 25\u00aa edi\u00e7\u00e3o do Carnaporto Ax\u00e9 Moi. Mantendo a [&hellip;]\" \/>\n<meta property=\"og:url\" content=\"https:\/\/aconteceunovale.com.br\/portal\/?p=179492\" \/>\n<meta property=\"og:site_name\" content=\"Aconteceu no Vale\" \/>\n<meta property=\"article:publisher\" content=\"https:\/\/www.facebook.com\/aconteceunovale\/\" \/>\n<meta property=\"article:published_time\" content=\"2021-06-22T14:36:07+00:00\" \/>\n<meta property=\"article:modified_time\" content=\"2021-07-06T12:15:48+00:00\" \/>\n<meta property=\"og:image\" content=\"https:\/\/aconteceunovale.com.br\/portal\/wp-content\/uploads\/2021\/06\/carnaporto_4.jpg\" \/>\n\t<meta property=\"og:image:width\" content=\"678\" \/>\n\t<meta property=\"og:image:height\" content=\"417\" \/>\n\t<meta property=\"og:image:type\" content=\"image\/jpeg\" \/>\n<meta name=\"author\" content=\"Reda\u00e7\u00e3o Aconteceu no Vale\" \/>\n<meta name=\"twitter:card\" content=\"summary_large_image\" \/>\n<meta name=\"twitter:creator\" content=\"@noticiadosvales\" \/>\n<meta name=\"twitter:site\" content=\"@noticiadosvales\" \/>\n<meta name=\"twitter:label1\" content=\"Escrito por\" \/>\n\t<meta name=\"twitter:data1\" content=\"Reda\u00e7\u00e3o Aconteceu no Vale\" \/>\n\t<meta name=\"twitter:label2\" content=\"Est. tempo de leitura\" \/>\n\t<meta name=\"twitter:data2\" content=\"1 minuto\" \/>\n<script type=\"application\/ld+json\" class=\"yoast-schema-graph\">{\"@context\":\"https:\\\/\\\/schema.org\",\"@graph\":[{\"@type\":\"Article\",\"@id\":\"https:\\\/\\\/aconteceunovale.com.br\\\/portal\\\/?p=179492#article\",\"isPartOf\":{\"@id\":\"https:\\\/\\\/aconteceunovale.com.br\\\/portal\\\/?p=179492\"},\"author\":{\"name\":\"Reda\u00e7\u00e3o Aconteceu no Vale\",\"@id\":\"https:\\\/\\\/aconteceunovale.com.br\\\/portal\\\/#\\\/schema\\\/person\\\/7d2f26d1483f8a63de73da1ee0754d35\"},\"headline\":\"Micareta mais esperada do Brasil j\u00e1 tem data marcada para 2022\",\"datePublished\":\"2021-06-22T14:36:07+00:00\",\"dateModified\":\"2021-07-06T12:15:48+00:00\",\"mainEntityOfPage\":{\"@id\":\"https:\\\/\\\/aconteceunovale.com.br\\\/portal\\\/?p=179492\"},\"wordCount\":211,\"commentCount\":0,\"image\":{\"@id\":\"https:\\\/\\\/aconteceunovale.com.br\\\/portal\\\/?p=179492#primaryimage\"},\"thumbnailUrl\":\"https:\\\/\\\/aconteceunovale.com.br\\\/portal\\\/wp-content\\\/uploads\\\/2021\\\/06\\\/carnaporto_4.jpg\",\"keywords\":[\"abad\u00e1 Carnaporto\",\"Abad\u00e1 Carnaporto 2022\",\"Abad\u00e1 Carnaporto Ax\u00e9 Moi 2022\",\"Atra\u00e7\u00f5es Carnaporto\",\"Atra\u00e7\u00f5es Carnaporto 2022\",\"Atra\u00e7\u00f5es confirmadas no Carnaporto 2022\",\"Atra\u00e7\u00f5es do Carnaporto Ax\u00e9 Moi 2022\",\"Bandas Carnaporto\",\"Bandas Carnaporto 2022\",\"Bandas do Carnaporto Ax\u00e9 Moi 2022\",\"Bell Marques Carnaporto 2022\",\"Carnaporto\",\"Carnaporto 2022\",\"Carnaporto Ax\u00e9 Moi\",\"Carnaporto Ax\u00e9 Moi 2022\",\"Carnaporto Ax\u00e9 Moi ocorrer\u00e1 em mar\u00e7o de 2022\",\"Carnaval de Porto Seguro\",\"Carnaval de Porto Seguro 2022\",\"comprar abad\u00e1 carnaporto\",\"Comprar abad\u00e1 Carnaporto 2022\",\"Comprar abad\u00e1 Carnaporto Ax\u00e9 Moi 2022\",\"Comprar ingresso Carnaporto\",\"Comprar ingresso Carnaporto 2022\",\"Comprar ingresso Carnaporto Ax\u00e9 Moi 2022\",\"Comprar passaporte Carnaporto\",\"Comprar passaporte Carnaporto 2022\",\"Comprar passaporte Carnaporto Ax\u00e9 Moi 2022\",\"Dennis DJ Carnaporto 2022\",\"destaque\",\"D\u00favidas Carnaporto\",\"D\u00favidas Carnaporto Ax\u00e9 Moi\",\"E-mail Ax\u00e9 Moi\",\"E-mail Carnaporto Ax\u00e9 Moi\",\"Harmonia do Samba Carnaporto 2022\",\"ingresso Carnaporto\",\"Ingresso Carnaporto 2022\",\"Ingresso Carnaporto Ax\u00e9 Moi 2022\",\"Lan\u00e7amento do Carnaporto 2022\",\"Leo Santana Carnaporto 2022\",\"Micareta mais esperada do Brasil j\u00e1 tem data marcada para 2022\",\"Parangol\u00e9 Carnaporto 2022\",\"Passaporte Carnaporto\",\"Passaporte Carnaporto 2022\",\"Passaporte Carnaporto Ax\u00e9 Moi 2022\",\"Porto Seguro\",\"Porto Seguro 2022\",\"Primeiro lote do Carnaporto\",\"Primeiro lote do Carnaporto 2022\",\"Shows Carnaporto\",\"Shows Carnaporto 2022\",\"Shows confirmados no Carnaporto 2022\",\"Shows do Carnaporto Ax\u00e9 Moi 2022\",\"Site Ax\u00e9 Moi\",\"Site para compra de abad\u00e1s do Carnaporto\",\"Site para compra de camarote do Carnaporto\",\"Site para compra de ingressos do Carnaporto\",\"Telefone Ax\u00e9 Moi\",\"Telefone Carnaporto Ax\u00e9 Moi\",\"Tomate Carnaporto 2022\"],\"articleSection\":[\"Brasil\",\"Eventos\"],\"inLanguage\":\"pt-BR\",\"potentialAction\":[{\"@type\":\"CommentAction\",\"name\":\"Comment\",\"target\":[\"https:\\\/\\\/aconteceunovale.com.br\\\/portal\\\/?p=179492#respond\"]}]},{\"@type\":\"WebPage\",\"@id\":\"https:\\\/\\\/aconteceunovale.com.br\\\/portal\\\/?p=179492\",\"url\":\"https:\\\/\\\/aconteceunovale.com.br\\\/portal\\\/?p=179492\",\"name\":\"Micareta mais esperada do Brasil j\u00e1 tem data marcada para 2022 - Aconteceu no Vale\",\"isPartOf\":{\"@id\":\"https:\\\/\\\/aconteceunovale.com.br\\\/portal\\\/#website\"},\"primaryImageOfPage\":{\"@id\":\"https:\\\/\\\/aconteceunovale.com.br\\\/portal\\\/?p=179492#primaryimage\"},\"image\":{\"@id\":\"https:\\\/\\\/aconteceunovale.com.br\\\/portal\\\/?p=179492#primaryimage\"},\"thumbnailUrl\":\"https:\\\/\\\/aconteceunovale.com.br\\\/portal\\\/wp-content\\\/uploads\\\/2021\\\/06\\\/carnaporto_4.jpg\",\"datePublished\":\"2021-06-22T14:36:07+00:00\",\"dateModified\":\"2021-07-06T12:15:48+00:00\",\"author\":{\"@id\":\"https:\\\/\\\/aconteceunovale.com.br\\\/portal\\\/#\\\/schema\\\/person\\\/7d2f26d1483f8a63de73da1ee0754d35\"},\"breadcrumb\":{\"@id\":\"https:\\\/\\\/aconteceunovale.com.br\\\/portal\\\/?p=179492#breadcrumb\"},\"inLanguage\":\"pt-BR\",\"potentialAction\":[{\"@type\":\"ReadAction\",\"target\":[\"https:\\\/\\\/aconteceunovale.com.br\\\/portal\\\/?p=179492\"]}]},{\"@type\":\"ImageObject\",\"inLanguage\":\"pt-BR\",\"@id\":\"https:\\\/\\\/aconteceunovale.com.br\\\/portal\\\/?p=179492#primaryimage\",\"url\":\"https:\\\/\\\/aconteceunovale.com.br\\\/portal\\\/wp-content\\\/uploads\\\/2021\\\/06\\\/carnaporto_4.jpg\",\"contentUrl\":\"https:\\\/\\\/aconteceunovale.com.br\\\/portal\\\/wp-content\\\/uploads\\\/2021\\\/06\\\/carnaporto_4.jpg\",\"width\":678,\"height\":417},{\"@type\":\"BreadcrumbList\",\"@id\":\"https:\\\/\\\/aconteceunovale.com.br\\\/portal\\\/?p=179492#breadcrumb\",\"itemListElement\":[{\"@type\":\"ListItem\",\"position\":1,\"name\":\"In\u00edcio\",\"item\":\"https:\\\/\\\/aconteceunovale.com.br\\\/portal\\\/\"},{\"@type\":\"ListItem\",\"position\":2,\"name\":\"Micareta mais esperada do Brasil j\u00e1 tem data marcada para 2022\"}]},{\"@type\":\"WebSite\",\"@id\":\"https:\\\/\\\/aconteceunovale.com.br\\\/portal\\\/#website\",\"url\":\"https:\\\/\\\/aconteceunovale.com.br\\\/portal\\\/\",\"name\":\"Aconteceu no Vale\",\"description\":\"Portal de Not\u00edcias\",\"potentialAction\":[{\"@type\":\"SearchAction\",\"target\":{\"@type\":\"EntryPoint\",\"urlTemplate\":\"https:\\\/\\\/aconteceunovale.com.br\\\/portal\\\/?s={search_term_string}\"},\"query-input\":{\"@type\":\"PropertyValueSpecification\",\"valueRequired\":true,\"valueName\":\"search_term_string\"}}],\"inLanguage\":\"pt-BR\"},{\"@type\":\"Person\",\"@id\":\"https:\\\/\\\/aconteceunovale.com.br\\\/portal\\\/#\\\/schema\\\/person\\\/7d2f26d1483f8a63de73da1ee0754d35\",\"name\":\"Reda\u00e7\u00e3o Aconteceu no Vale\",\"description\":\"Equipe de reportagem do Aconteceu no Vale, portal de not\u00edcias do Vale do Jequitinhonha, em Minas Gerais. Cobrimos as 51 cidades do Vale desde 2013. Sugest\u00f5es de pauta e pedidos de corre\u00e7\u00e3o: contato@aconteceunovale.com.br\",\"url\":\"https:\\\/\\\/aconteceunovale.com.br\\\/portal\\\/?author=4\"}]}<\/script>\n<!-- \/ Yoast SEO plugin. -->","yoast_head_json":{"title":"Micareta mais esperada do Brasil j\u00e1 tem data marcada para 2022 - Aconteceu no Vale","robots":{"index":"index","follow":"follow","max-snippet":"max-snippet:-1","max-image-preview":"max-image-preview:large","max-video-preview":"max-video-preview:-1"},"canonical":"https:\/\/aconteceunovale.com.br\/portal\/?p=179492","og_locale":"pt_BR","og_type":"article","og_title":"Micareta mais esperada do Brasil j\u00e1 tem data marcada para 2022 - Aconteceu no Vale","og_description":"Carnaporto Ax\u00e9 Moi ocorrer\u00e1 nos dias 2, 3 e 4 de mar\u00e7o; a produ\u00e7\u00e3o j\u00e1 confirmou 5 atra\u00e7\u00f5es de peso para o evento. A micareta mais esperada do Brasil j\u00e1 tem data marcada para 2022! Nos dias 2, 3 e 4 de mar\u00e7o de 2022 ocorrer\u00e1 a 25\u00aa edi\u00e7\u00e3o do Carnaporto Ax\u00e9 Moi. Mantendo a [&hellip;]","og_url":"https:\/\/aconteceunovale.com.br\/portal\/?p=179492","og_site_name":"Aconteceu no Vale","article_publisher":"https:\/\/www.facebook.com\/aconteceunovale\/","article_published_time":"2021-06-22T14:36:07+00:00","article_modified_time":"2021-07-06T12:15:48+00:00","og_image":[{"width":678,"height":417,"url":"https:\/\/aconteceunovale.com.br\/portal\/wp-content\/uploads\/2021\/06\/carnaporto_4.jpg","type":"image\/jpeg"}],"author":"Reda\u00e7\u00e3o Aconteceu no Vale","twitter_card":"summary_large_image","twitter_creator":"@noticiadosvales","twitter_site":"@noticiadosvales","twitter_misc":{"Escrito por":"Reda\u00e7\u00e3o Aconteceu no Vale","Est. tempo de leitura":"1 minuto"},"schema":{"@context":"https:\/\/schema.org","@graph":[{"@type":"Article","@id":"https:\/\/aconteceunovale.com.br\/portal\/?p=179492#article","isPartOf":{"@id":"https:\/\/aconteceunovale.com.br\/portal\/?p=179492"},"author":{"name":"Reda\u00e7\u00e3o Aconteceu no Vale","@id":"https:\/\/aconteceunovale.com.br\/portal\/#\/schema\/person\/7d2f26d1483f8a63de73da1ee0754d35"},"headline":"Micareta mais esperada do Brasil j\u00e1 tem data marcada para 2022","datePublished":"2021-06-22T14:36:07+00:00","dateModified":"2021-07-06T12:15:48+00:00","mainEntityOfPage":{"@id":"https:\/\/aconteceunovale.com.br\/portal\/?p=179492"},"wordCount":211,"commentCount":0,"image":{"@id":"https:\/\/aconteceunovale.com.br\/portal\/?p=179492#primaryimage"},"thumbnailUrl":"https:\/\/aconteceunovale.com.br\/portal\/wp-content\/uploads\/2021\/06\/carnaporto_4.jpg","keywords":["abad\u00e1 Carnaporto","Abad\u00e1 Carnaporto 2022","Abad\u00e1 Carnaporto Ax\u00e9 Moi 2022","Atra\u00e7\u00f5es Carnaporto","Atra\u00e7\u00f5es Carnaporto 2022","Atra\u00e7\u00f5es confirmadas no Carnaporto 2022","Atra\u00e7\u00f5es do Carnaporto Ax\u00e9 Moi 2022","Bandas Carnaporto","Bandas Carnaporto 2022","Bandas do Carnaporto Ax\u00e9 Moi 2022","Bell Marques Carnaporto 2022","Carnaporto","Carnaporto 2022","Carnaporto Ax\u00e9 Moi","Carnaporto Ax\u00e9 Moi 2022","Carnaporto Ax\u00e9 Moi ocorrer\u00e1 em mar\u00e7o de 2022","Carnaval de Porto Seguro","Carnaval de Porto Seguro 2022","comprar abad\u00e1 carnaporto","Comprar abad\u00e1 Carnaporto 2022","Comprar abad\u00e1 Carnaporto Ax\u00e9 Moi 2022","Comprar ingresso Carnaporto","Comprar ingresso Carnaporto 2022","Comprar ingresso Carnaporto Ax\u00e9 Moi 2022","Comprar passaporte Carnaporto","Comprar passaporte Carnaporto 2022","Comprar passaporte Carnaporto Ax\u00e9 Moi 2022","Dennis DJ Carnaporto 2022","destaque","D\u00favidas Carnaporto","D\u00favidas Carnaporto Ax\u00e9 Moi","E-mail Ax\u00e9 Moi","E-mail Carnaporto Ax\u00e9 Moi","Harmonia do Samba Carnaporto 2022","ingresso Carnaporto","Ingresso Carnaporto 2022","Ingresso Carnaporto Ax\u00e9 Moi 2022","Lan\u00e7amento do Carnaporto 2022","Leo Santana Carnaporto 2022","Micareta mais esperada do Brasil j\u00e1 tem data marcada para 2022","Parangol\u00e9 Carnaporto 2022","Passaporte Carnaporto","Passaporte Carnaporto 2022","Passaporte Carnaporto Ax\u00e9 Moi 2022","Porto Seguro","Porto Seguro 2022","Primeiro lote do Carnaporto","Primeiro lote do Carnaporto 2022","Shows Carnaporto","Shows Carnaporto 2022","Shows confirmados no Carnaporto 2022","Shows do Carnaporto Ax\u00e9 Moi 2022","Site Ax\u00e9 Moi","Site para compra de abad\u00e1s do Carnaporto","Site para compra de camarote do Carnaporto","Site para compra de ingressos do Carnaporto","Telefone Ax\u00e9 Moi","Telefone Carnaporto Ax\u00e9 Moi","Tomate Carnaporto 2022"],"articleSection":["Brasil","Eventos"],"inLanguage":"pt-BR","potentialAction":[{"@type":"CommentAction","name":"Comment","target":["https:\/\/aconteceunovale.com.br\/portal\/?p=179492#respond"]}]},{"@type":"WebPage","@id":"https:\/\/aconteceunovale.com.br\/portal\/?p=179492","url":"https:\/\/aconteceunovale.com.br\/portal\/?p=179492","name":"Micareta mais esperada do Brasil j\u00e1 tem data marcada para 2022 - Aconteceu no Vale","isPartOf":{"@id":"https:\/\/aconteceunovale.com.br\/portal\/#website"},"primaryImageOfPage":{"@id":"https:\/\/aconteceunovale.com.br\/portal\/?p=179492#primaryimage"},"image":{"@id":"https:\/\/aconteceunovale.com.br\/portal\/?p=179492#primaryimage"},"thumbnailUrl":"https:\/\/aconteceunovale.com.br\/portal\/wp-content\/uploads\/2021\/06\/carnaporto_4.jpg","datePublished":"2021-06-22T14:36:07+00:00","dateModified":"2021-07-06T12:15:48+00:00","author":{"@id":"https:\/\/aconteceunovale.com.br\/portal\/#\/schema\/person\/7d2f26d1483f8a63de73da1ee0754d35"},"breadcrumb":{"@id":"https:\/\/aconteceunovale.com.br\/portal\/?p=179492#breadcrumb"},"inLanguage":"pt-BR","potentialAction":[{"@type":"ReadAction","target":["https:\/\/aconteceunovale.com.br\/portal\/?p=179492"]}]},{"@type":"ImageObject","inLanguage":"pt-BR","@id":"https:\/\/aconteceunovale.com.br\/portal\/?p=179492#primaryimage","url":"https:\/\/aconteceunovale.com.br\/portal\/wp-content\/uploads\/2021\/06\/carnaporto_4.jpg","contentUrl":"https:\/\/aconteceunovale.com.br\/portal\/wp-content\/uploads\/2021\/06\/carnaporto_4.jpg","width":678,"height":417},{"@type":"BreadcrumbList","@id":"https:\/\/aconteceunovale.com.br\/portal\/?p=179492#breadcrumb","itemListElement":[{"@type":"ListItem","position":1,"name":"In\u00edcio","item":"https:\/\/aconteceunovale.com.br\/portal\/"},{"@type":"ListItem","position":2,"name":"Micareta mais esperada do Brasil j\u00e1 tem data marcada para 2022"}]},{"@type":"WebSite","@id":"https:\/\/aconteceunovale.com.br\/portal\/#website","url":"https:\/\/aconteceunovale.com.br\/portal\/","name":"Aconteceu no Vale","description":"Portal de Not\u00edcias","potentialAction":[{"@type":"SearchAction","target":{"@type":"EntryPoint","urlTemplate":"https:\/\/aconteceunovale.com.br\/portal\/?s={search_term_string}"},"query-input":{"@type":"PropertyValueSpecification","valueRequired":true,"valueName":"search_term_string"}}],"inLanguage":"pt-BR"},{"@type":"Person","@id":"https:\/\/aconteceunovale.com.br\/portal\/#\/schema\/person\/7d2f26d1483f8a63de73da1ee0754d35","name":"Reda\u00e7\u00e3o Aconteceu no Vale","description":"Equipe de reportagem do Aconteceu no Vale, portal de not\u00edcias do Vale do Jequitinhonha, em Minas Gerais. Cobrimos as 51 cidades do Vale desde 2013. Sugest\u00f5es de pauta e pedidos de corre\u00e7\u00e3o: contato@aconteceunovale.com.br","url":"https:\/\/aconteceunovale.com.br\/portal\/?author=4"}]}},"_links":{"self":[{"href":"https:\/\/aconteceunovale.com.br\/portal\/index.php?rest_route=\/wp\/v2\/posts\/179492","targetHints":{"allow":["GET"]}}],"collection":[{"href":"https:\/\/aconteceunovale.com.br\/portal\/index.php?rest_route=\/wp\/v2\/posts"}],"about":[{"href":"https:\/\/aconteceunovale.com.br\/portal\/index.php?rest_route=\/wp\/v2\/types\/post"}],"author":[{"embeddable":true,"href":"https:\/\/aconteceunovale.com.br\/portal\/index.php?rest_route=\/wp\/v2\/users\/4"}],"replies":[{"embeddable":true,"href":"https:\/\/aconteceunovale.com.br\/portal\/index.php?rest_route=%2Fwp%2Fv2%2Fcomments&post=179492"}],"version-history":[{"count":3,"href":"https:\/\/aconteceunovale.com.br\/portal\/index.php?rest_route=\/wp\/v2\/posts\/179492\/revisions"}],"predecessor-version":[{"id":179790,"href":"https:\/\/aconteceunovale.com.br\/portal\/index.php?rest_route=\/wp\/v2\/posts\/179492\/revisions\/179790"}],"wp:featuredmedia":[{"embeddable":true,"href":"https:\/\/aconteceunovale.com.br\/portal\/index.php?rest_route=\/wp\/v2\/media\/179788"}],"wp:attachment":[{"href":"https:\/\/aconteceunovale.com.br\/portal\/index.php?rest_route=%2Fwp%2Fv2%2Fmedia&parent=179492"}],"wp:term":[{"taxonomy":"category","embeddable":true,"href":"https:\/\/aconteceunovale.com.br\/portal\/index.php?rest_route=%2Fwp%2Fv2%2Fcategories&post=179492"},{"taxonomy":"post_tag","embeddable":true,"href":"https:\/\/aconteceunovale.com.br\/portal\/index.php?rest_route=%2Fwp%2Fv2%2Ftags&post=179492"}],"curies":[{"name":"wp","href":"https:\/\/api.w.org\/{rel}","templated":true}]}}